{"id":605,"date":"2014-10-17T08:45:07","date_gmt":"2014-10-17T06:45:07","guid":{"rendered":"http:\/\/www.naturparkmagazin.de\/sternberger-seenland\/?p=605"},"modified":"2014-10-28T18:48:07","modified_gmt":"2014-10-28T17:48:07","slug":"vortrag-zu-pfarrgaerten-in-mecklenburg","status":"publish","type":"post","link":"https:\/\/www.naturparkmagazin.de\/sternberger-seenland\/vortrag-zu-pfarrgaerten-in-mecklenburg\/","title":{"rendered":"Vortrag zu Pfarrg\u00e4rten in Mecklenburg"},"content":{"rendered":"<div id=\"attachment_631\" style=\"width: 510px\" class=\"wp-caption alignnone\"><a href=\"https:\/\/www.naturparkmagazin.de\/sternberger-seenland\/wp-content\/uploads\/sites\/30\/PfarrgartenQualitz2.jpg\"><img aria-describedby=\"caption-attachment-631\" decoding=\"async\" loading=\"lazy\" class=\"size-full wp-image-631\" alt=\"Pfarrgarten Qualitz           Copyright: Naturpark Sternberger Seenland\" src=\"https:\/\/www.naturparkmagazin.de\/sternberger-seenland\/wp-content\/uploads\/sites\/30\/PfarrgartenQualitz2.jpg\" width=\"500\" height=\"300\" srcset=\"https:\/\/www.naturparkmagazin.de\/sternberger-seenland\/wp-content\/uploads\/sites\/30\/PfarrgartenQualitz2.jpg 500w, https:\/\/www.naturparkmagazin.de\/sternberger-seenland\/wp-content\/uploads\/sites\/30\/PfarrgartenQualitz2-300x180.jpg 300w, https:\/\/www.naturparkmagazin.de\/sternberger-seenland\/wp-content\/uploads\/sites\/30\/PfarrgartenQualitz2-200x120.jpg 200w\" sizes=\"(max-width: 500px) 100vw, 500px\" \/><\/a><p id=\"caption-attachment-631\" class=\"wp-caption-text\">Pfarrgarten Qualitz\u00a0\u00a0\u00a0\u00a0\u00a0\u00a0\u00a0\u00a0\u00a0\u00a0\u00a0\u00a0\u00a0\u00a0\u00a0\u00a0\u00a0\u00a0\u00a0\u00a0\u00a0\u00a0\u00a0\u00a0\u00a0\u00a0\u00a0\u00a0\u00a0\u00a0\u00a0\u00a0\u00a0\u00a0\u00a0\u00a0\u00a0\u00a0\u00a0\u00a0\u00a0\u00a0\u00a0\u00a0\u00a0\u00a0\u00a0\u00a0\u00a0\u00a0\u00a0\u00a0\u00a0\u00a0\u00a0\u00a0\u00a0\u00a0\u00a0\u00a0\u00a0\u00a0\u00a0\u00a0\u00a0\u00a0\u00a0\u00a0\u00a0 \u00a0Copyright: Naturpark Sternberger Seenland<\/p><\/div>\n<p>Am 20. November wird Gudrun Sch\u00fctzler um 19 Uhr im Naturparkzentrum in Warin einen Vortrag \u00fcber Pfarrg\u00e4rten in Mecklenburg halten. Angefangen von der geschichtlichen Entwicklung bis hin zu einzelnen Pflanzen und deren Verwendung wird dieser Vortrag\u00a0verschiedene Pfarrg\u00e4rten in Mecklenburg n\u00e4her &#8222;beleuchten&#8220;.<\/p>\n<p>Der Eintritt ist wie immer kostenfrei, der F\u00f6rderverein des Naturparks stellt Getr\u00e4nke zum Selbstkostenpreis bereit.<\/p>\n<p>Ort: Naturparkzentrum in 19417 Warin, Am Markt 1, Beginn 19 Uhr<\/p>\n","protected":false},"excerpt":{"rendered":"<p>Am 20. November wird Gudrun Sch\u00fctzler um 19 Uhr im Naturparkzentrum in Warin einen Vortrag \u00fcber Pfarrg\u00e4rten in Mecklenburg halten. Angefangen von der geschichtlichen Entwicklung bis hin zu einzelnen Pflanzen und deren Verwendung wird dieser Vortrag verschiedene Pfarrg\u00e4rten in Mecklenburg n\u00e4her &#8222;beleuchten&#8220;.<\/p>\n","protected":false},"author":27,"featured_media":609,"comment_status":"open","ping_status":"open","sticky":false,"template":"","format":"standard","meta":[],"categories":[11],"tags":[],"yoast_head":"<!-- This site is optimized with the Yoast SEO plugin v19.10 - https:\/\/yoast.com\/wordpress\/plugins\/seo\/ -->\n<title>Vortrag zu Pfarrg\u00e4rten in Mecklenburg - Naturpark Sternberger Seenland<\/title>\n<meta name=\"robots\" content=\"index, follow, max-snippet:-1, max-image-preview:large, max-video-preview:-1\" \/>\n<link rel=\"canonical\" href=\"https:\/\/www.naturparkmagazin.de\/sternberger-seenland\/vortrag-zu-pfarrgaerten-in-mecklenburg\/\" \/>\n<meta property=\"og:locale\" content=\"de_DE\" \/>\n<meta property=\"og:type\" content=\"article\" \/>\n<meta property=\"og:title\" content=\"Vortrag zu Pfarrg\u00e4rten in Mecklenburg - Naturpark Sternberger Seenland\" \/>\n<meta property=\"og:description\" content=\"Am 20. November wird Gudrun Sch\u00fctzler um 19 Uhr im Naturparkzentrum in Warin einen Vortrag \u00fcber Pfarrg\u00e4rten in Mecklenburg halten. Angefangen von der geschichtlichen Entwicklung bis hin zu einzelnen Pflanzen und deren Verwendung wird dieser Vortrag verschiedene Pfarrg\u00e4rten in Mecklenburg n\u00e4her &quot;beleuchten&quot;.\" \/>\n<meta property=\"og:url\" content=\"https:\/\/www.naturparkmagazin.de\/sternberger-seenland\/vortrag-zu-pfarrgaerten-in-mecklenburg\/\" \/>\n<meta property=\"og:site_name\" content=\"Naturpark Sternberger Seenland\" \/>\n<meta property=\"article:published_time\" content=\"2014-10-17T06:45:07+00:00\" \/>\n<meta property=\"article:modified_time\" content=\"2014-10-28T17:48:07+00:00\" \/>\n<meta property=\"og:image\" content=\"https:\/\/www.naturparkmagazin.de\/sternberger-seenland\/wp-content\/uploads\/sites\/30\/Pfarrgarten-Qualitz-3a.jpg\" \/>\n\t<meta property=\"og:image:width\" content=\"500\" \/>\n\t<meta property=\"og:image:height\" content=\"301\" \/>\n\t<meta property=\"og:image:type\" content=\"image\/jpeg\" \/>\n<meta name=\"author\" content=\"janlippke\" \/>\n<meta name=\"twitter:label1\" content=\"Verfasst von\" \/>\n\t<meta name=\"twitter:data1\" content=\"janlippke\" \/>\n<script type=\"application\/ld+json\" class=\"yoast-schema-graph\">{\"@context\":\"https:\/\/schema.org\",\"@graph\":[{\"@type\":\"WebPage\",\"@id\":\"https:\/\/www.naturparkmagazin.de\/sternberger-seenland\/vortrag-zu-pfarrgaerten-in-mecklenburg\/\",\"url\":\"https:\/\/www.naturparkmagazin.de\/sternberger-seenland\/vortrag-zu-pfarrgaerten-in-mecklenburg\/\",\"name\":\"Vortrag zu Pfarrg\u00e4rten in Mecklenburg - Naturpark Sternberger Seenland\",\"isPartOf\":{\"@id\":\"https:\/\/www.naturparkmagazin.de\/sternberger-seenland\/#website\"},\"datePublished\":\"2014-10-17T06:45:07+00:00\",\"dateModified\":\"2014-10-28T17:48:07+00:00\",\"author\":{\"@id\":\"https:\/\/www.naturparkmagazin.de\/sternberger-seenland\/#\/schema\/person\/712a5f470a8c286777fddf77babba74a\"},\"breadcrumb\":{\"@id\":\"https:\/\/www.naturparkmagazin.de\/sternberger-seenland\/vortrag-zu-pfarrgaerten-in-mecklenburg\/#breadcrumb\"},\"inLanguage\":\"de\",\"potentialAction\":[{\"@type\":\"ReadAction\",\"target\":[\"https:\/\/www.naturparkmagazin.de\/sternberger-seenland\/vortrag-zu-pfarrgaerten-in-mecklenburg\/\"]}]},{\"@type\":\"BreadcrumbList\",\"@id\":\"https:\/\/www.naturparkmagazin.de\/sternberger-seenland\/vortrag-zu-pfarrgaerten-in-mecklenburg\/#breadcrumb\",\"itemListElement\":[{\"@type\":\"ListItem\",\"position\":1,\"name\":\"Home\",\"item\":\"https:\/\/www.naturparkmagazin.de\/sternberger-seenland\/\"},{\"@type\":\"ListItem\",\"position\":2,\"name\":\"Vortrag zu Pfarrg\u00e4rten in Mecklenburg\"}]},{\"@type\":\"WebSite\",\"@id\":\"https:\/\/www.naturparkmagazin.de\/sternberger-seenland\/#website\",\"url\":\"https:\/\/www.naturparkmagazin.de\/sternberger-seenland\/\",\"name\":\"Naturpark Sternberger Seenland\",\"description\":\"\",\"potentialAction\":[{\"@type\":\"SearchAction\",\"target\":{\"@type\":\"EntryPoint\",\"urlTemplate\":\"https:\/\/www.naturparkmagazin.de\/sternberger-seenland\/?s={search_term_string}\"},\"query-input\":\"required name=search_term_string\"}],\"inLanguage\":\"de\"},{\"@type\":\"Person\",\"@id\":\"https:\/\/www.naturparkmagazin.de\/sternberger-seenland\/#\/schema\/person\/712a5f470a8c286777fddf77babba74a\",\"name\":\"janlippke\",\"sameAs\":[\"http:\/\/www.naturpark-sternberger-seenland.de\"],\"url\":\"https:\/\/www.naturparkmagazin.de\/sternberger-seenland\/author\/janlippke\/\"}]}<\/script>\n<!-- \/ Yoast SEO plugin. -->","yoast_head_json":{"title":"Vortrag zu Pfarrg\u00e4rten in Mecklenburg - Naturpark Sternberger Seenland","robots":{"index":"index","follow":"follow","max-snippet":"max-snippet:-1","max-image-preview":"max-image-preview:large","max-video-preview":"max-video-preview:-1"},"canonical":"https:\/\/www.naturparkmagazin.de\/sternberger-seenland\/vortrag-zu-pfarrgaerten-in-mecklenburg\/","og_locale":"de_DE","og_type":"article","og_title":"Vortrag zu Pfarrg\u00e4rten in Mecklenburg - Naturpark Sternberger Seenland","og_description":"Am 20. November wird Gudrun Sch\u00fctzler um 19 Uhr im Naturparkzentrum in Warin einen Vortrag \u00fcber Pfarrg\u00e4rten in Mecklenburg halten. Angefangen von der geschichtlichen Entwicklung bis hin zu einzelnen Pflanzen und deren Verwendung wird dieser Vortrag verschiedene Pfarrg\u00e4rten in Mecklenburg n\u00e4her \"beleuchten\".","og_url":"https:\/\/www.naturparkmagazin.de\/sternberger-seenland\/vortrag-zu-pfarrgaerten-in-mecklenburg\/","og_site_name":"Naturpark Sternberger Seenland","article_published_time":"2014-10-17T06:45:07+00:00","article_modified_time":"2014-10-28T17:48:07+00:00","og_image":[{"width":500,"height":301,"url":"https:\/\/www.naturparkmagazin.de\/sternberger-seenland\/wp-content\/uploads\/sites\/30\/Pfarrgarten-Qualitz-3a.jpg","type":"image\/jpeg"}],"author":"janlippke","twitter_misc":{"Verfasst von":"janlippke"},"schema":{"@context":"https:\/\/schema.org","@graph":[{"@type":"WebPage","@id":"https:\/\/www.naturparkmagazin.de\/sternberger-seenland\/vortrag-zu-pfarrgaerten-in-mecklenburg\/","url":"https:\/\/www.naturparkmagazin.de\/sternberger-seenland\/vortrag-zu-pfarrgaerten-in-mecklenburg\/","name":"Vortrag zu Pfarrg\u00e4rten in Mecklenburg - Naturpark Sternberger Seenland","isPartOf":{"@id":"https:\/\/www.naturparkmagazin.de\/sternberger-seenland\/#website"},"datePublished":"2014-10-17T06:45:07+00:00","dateModified":"2014-10-28T17:48:07+00:00","author":{"@id":"https:\/\/www.naturparkmagazin.de\/sternberger-seenland\/#\/schema\/person\/712a5f470a8c286777fddf77babba74a"},"breadcrumb":{"@id":"https:\/\/www.naturparkmagazin.de\/sternberger-seenland\/vortrag-zu-pfarrgaerten-in-mecklenburg\/#breadcrumb"},"inLanguage":"de","potentialAction":[{"@type":"ReadAction","target":["https:\/\/www.naturparkmagazin.de\/sternberger-seenland\/vortrag-zu-pfarrgaerten-in-mecklenburg\/"]}]},{"@type":"BreadcrumbList","@id":"https:\/\/www.naturparkmagazin.de\/sternberger-seenland\/vortrag-zu-pfarrgaerten-in-mecklenburg\/#breadcrumb","itemListElement":[{"@type":"ListItem","position":1,"name":"Home","item":"https:\/\/www.naturparkmagazin.de\/sternberger-seenland\/"},{"@type":"ListItem","position":2,"name":"Vortrag zu Pfarrg\u00e4rten in Mecklenburg"}]},{"@type":"WebSite","@id":"https:\/\/www.naturparkmagazin.de\/sternberger-seenland\/#website","url":"https:\/\/www.naturparkmagazin.de\/sternberger-seenland\/","name":"Naturpark Sternberger Seenland","description":"","potentialAction":[{"@type":"SearchAction","target":{"@type":"EntryPoint","urlTemplate":"https:\/\/www.naturparkmagazin.de\/sternberger-seenland\/?s={search_term_string}"},"query-input":"required name=search_term_string"}],"inLanguage":"de"},{"@type":"Person","@id":"https:\/\/www.naturparkmagazin.de\/sternberger-seenland\/#\/schema\/person\/712a5f470a8c286777fddf77babba74a","name":"janlippke","sameAs":["http:\/\/www.naturpark-sternberger-seenland.de"],"url":"https:\/\/www.naturparkmagazin.de\/sternberger-seenland\/author\/janlippke\/"}]}},"_links":{"self":[{"href":"https:\/\/www.naturparkmagazin.de\/sternberger-seenland\/wp-json\/wp\/v2\/posts\/605"}],"collection":[{"href":"https:\/\/www.naturparkmagazin.de\/sternberger-seenland\/wp-json\/wp\/v2\/posts"}],"about":[{"href":"https:\/\/www.naturparkmagazin.de\/sternberger-seenland\/wp-json\/wp\/v2\/types\/post"}],"author":[{"embeddable":true,"href":"https:\/\/www.naturparkmagazin.de\/sternberger-seenland\/wp-json\/wp\/v2\/users\/27"}],"replies":[{"embeddable":true,"href":"https:\/\/www.naturparkmagazin.de\/sternberger-seenland\/wp-json\/wp\/v2\/comments?post=605"}],"version-history":[{"count":5,"href":"https:\/\/www.naturparkmagazin.de\/sternberger-seenland\/wp-json\/wp\/v2\/posts\/605\/revisions"}],"predecessor-version":[{"id":638,"href":"https:\/\/www.naturparkmagazin.de\/sternberger-seenland\/wp-json\/wp\/v2\/posts\/605\/revisions\/638"}],"wp:featuredmedia":[{"embeddable":true,"href":"https:\/\/www.naturparkmagazin.de\/sternberger-seenland\/wp-json\/wp\/v2\/media\/609"}],"wp:attachment":[{"href":"https:\/\/www.naturparkmagazin.de\/sternberger-seenland\/wp-json\/wp\/v2\/media?parent=605"}],"wp:term":[{"taxonomy":"category","embeddable":true,"href":"https:\/\/www.naturparkmagazin.de\/sternberger-seenland\/wp-json\/wp\/v2\/categories?post=605"},{"taxonomy":"post_tag","embeddable":true,"href":"https:\/\/www.naturparkmagazin.de\/sternberger-seenland\/wp-json\/wp\/v2\/tags?post=605"}],"curies":[{"name":"wp","href":"https:\/\/api.w.org\/{rel}","templated":true}]}}