{"id":619,"date":"2014-10-17T08:22:59","date_gmt":"2014-10-17T06:22:59","guid":{"rendered":"http:\/\/www.naturparkmagazin.de\/sternberger-seenland\/?p=619"},"modified":"2014-10-28T18:49:29","modified_gmt":"2014-10-28T17:49:29","slug":"mitgliederversammlung-des-foerdervereins-2","status":"publish","type":"post","link":"https:\/\/www.naturparkmagazin.de\/sternberger-seenland\/mitgliederversammlung-des-foerdervereins-2\/","title":{"rendered":"Mitgliederversammlung des F\u00f6rdervereins"},"content":{"rendered":"<p>Am Donnerstag, dem 27. November findet die diesj\u00e4hrige Mitgliederversammlung des F\u00f6rdervereins Naturpark Sternberger Seenland e.V. statt. Beginn ist um 17 Uhr im Naturparkzentrum in Warin, Am Markt 1, im Beratungsraum. Der Vorstand wird Rechenschaft \u00fcber das abgelaufene Jahr geben und ggf. auch neue Projekte vorstellen. Der Finanzbericht wird ebenso dazugeh\u00f6ren wie die \u00dcbersicht \u00fcber den aktuellen Mitgliederstand.<\/p>\n<p>Eingeladen sind nicht nur die Vereinsmitglieder und die Presse, sondern auch interessierte B\u00fcrger, die vielleicht den F\u00f6rderverein aktiv oder passiv unterst\u00fctzen m\u00f6chten.<\/p>\n<div id=\"attachment_620\" style=\"width: 510px\" class=\"wp-caption alignnone\"><a href=\"https:\/\/www.naturparkmagazin.de\/sternberger-seenland\/wp-content\/uploads\/sites\/30\/F\u00f6rderverein.jpg\"><img aria-describedby=\"caption-attachment-620\" decoding=\"async\" loading=\"lazy\" class=\"size-full wp-image-620\" alt=\"F\u00f6rderverein des Naturparks     Copyright: Naturpark Sternberger Seenland\" src=\"https:\/\/www.naturparkmagazin.de\/sternberger-seenland\/wp-content\/uploads\/sites\/30\/F\u00f6rderverein.jpg\" width=\"500\" height=\"301\" srcset=\"https:\/\/www.naturparkmagazin.de\/sternberger-seenland\/wp-content\/uploads\/sites\/30\/F\u00f6rderverein.jpg 500w, https:\/\/www.naturparkmagazin.de\/sternberger-seenland\/wp-content\/uploads\/sites\/30\/F\u00f6rderverein-300x181.jpg 300w, https:\/\/www.naturparkmagazin.de\/sternberger-seenland\/wp-content\/uploads\/sites\/30\/F\u00f6rderverein-200x120.jpg 200w\" sizes=\"(max-width: 500px) 100vw, 500px\" \/><\/a><p id=\"caption-attachment-620\" class=\"wp-caption-text\">F\u00f6rderverein des Naturparks\u00a0\u00a0\u00a0\u00a0\u00a0\u00a0\u00a0\u00a0\u00a0\u00a0\u00a0\u00a0\u00a0\u00a0\u00a0\u00a0\u00a0\u00a0\u00a0\u00a0\u00a0\u00a0\u00a0\u00a0\u00a0\u00a0\u00a0\u00a0\u00a0\u00a0\u00a0\u00a0\u00a0\u00a0\u00a0\u00a0\u00a0\u00a0\u00a0\u00a0\u00a0\u00a0\u00a0\u00a0\u00a0\u00a0\u00a0\u00a0\u00a0\u00a0 Copyright: Naturpark Sternberger Seenland<\/p><\/div>\n","protected":false},"excerpt":{"rendered":"<p>Am Donnerstag, dem 27. November findet die diesj\u00e4hrige Mitgliederversammlung des F\u00f6rdervereins Naturpark Sternberger Seenland e.V. statt. Beginn ist um 17 Uhr im Naturparkzentrum in Warin, Am Markt 1, im Beratungsraum.<\/p>\n","protected":false},"author":27,"featured_media":622,"comment_status":"open","ping_status":"open","sticky":false,"template":"","format":"standard","meta":[],"categories":[11],"tags":[],"yoast_head":"<!-- This site is optimized with the Yoast SEO plugin v19.10 - https:\/\/yoast.com\/wordpress\/plugins\/seo\/ -->\n<title>Mitgliederversammlung des F\u00f6rdervereins - Naturpark Sternberger Seenland<\/title>\n<meta name=\"robots\" content=\"index, follow, max-snippet:-1, max-image-preview:large, max-video-preview:-1\" \/>\n<link rel=\"canonical\" href=\"https:\/\/www.naturparkmagazin.de\/sternberger-seenland\/mitgliederversammlung-des-foerdervereins-2\/\" \/>\n<meta property=\"og:locale\" content=\"de_DE\" \/>\n<meta property=\"og:type\" content=\"article\" \/>\n<meta property=\"og:title\" content=\"Mitgliederversammlung des F\u00f6rdervereins - Naturpark Sternberger Seenland\" \/>\n<meta property=\"og:description\" content=\"Am Donnerstag, dem 27. November findet die diesj\u00e4hrige Mitgliederversammlung des F\u00f6rdervereins Naturpark Sternberger Seenland e.V. statt. Beginn ist um 17 Uhr im Naturparkzentrum in Warin, Am Markt 1, im Beratungsraum.\" \/>\n<meta property=\"og:url\" content=\"https:\/\/www.naturparkmagazin.de\/sternberger-seenland\/mitgliederversammlung-des-foerdervereins-2\/\" \/>\n<meta property=\"og:site_name\" content=\"Naturpark Sternberger Seenland\" \/>\n<meta property=\"article:published_time\" content=\"2014-10-17T06:22:59+00:00\" \/>\n<meta property=\"article:modified_time\" content=\"2014-10-28T17:49:29+00:00\" \/>\n<meta property=\"og:image\" content=\"https:\/\/www.naturparkmagazin.de\/sternberger-seenland\/wp-content\/uploads\/sites\/30\/Sitzung-F\u00f6rderverein.jpg\" \/>\n\t<meta property=\"og:image:width\" content=\"500\" \/>\n\t<meta property=\"og:image:height\" content=\"300\" \/>\n\t<meta property=\"og:image:type\" content=\"image\/jpeg\" \/>\n<meta name=\"author\" content=\"janlippke\" \/>\n<meta name=\"twitter:label1\" content=\"Verfasst von\" \/>\n\t<meta name=\"twitter:data1\" content=\"janlippke\" \/>\n<script type=\"application\/ld+json\" class=\"yoast-schema-graph\">{\"@context\":\"https:\/\/schema.org\",\"@graph\":[{\"@type\":\"WebPage\",\"@id\":\"https:\/\/www.naturparkmagazin.de\/sternberger-seenland\/mitgliederversammlung-des-foerdervereins-2\/\",\"url\":\"https:\/\/www.naturparkmagazin.de\/sternberger-seenland\/mitgliederversammlung-des-foerdervereins-2\/\",\"name\":\"Mitgliederversammlung des F\u00f6rdervereins - Naturpark Sternberger Seenland\",\"isPartOf\":{\"@id\":\"https:\/\/www.naturparkmagazin.de\/sternberger-seenland\/#website\"},\"datePublished\":\"2014-10-17T06:22:59+00:00\",\"dateModified\":\"2014-10-28T17:49:29+00:00\",\"author\":{\"@id\":\"https:\/\/www.naturparkmagazin.de\/sternberger-seenland\/#\/schema\/person\/712a5f470a8c286777fddf77babba74a\"},\"breadcrumb\":{\"@id\":\"https:\/\/www.naturparkmagazin.de\/sternberger-seenland\/mitgliederversammlung-des-foerdervereins-2\/#breadcrumb\"},\"inLanguage\":\"de\",\"potentialAction\":[{\"@type\":\"ReadAction\",\"target\":[\"https:\/\/www.naturparkmagazin.de\/sternberger-seenland\/mitgliederversammlung-des-foerdervereins-2\/\"]}]},{\"@type\":\"BreadcrumbList\",\"@id\":\"https:\/\/www.naturparkmagazin.de\/sternberger-seenland\/mitgliederversammlung-des-foerdervereins-2\/#breadcrumb\",\"itemListElement\":[{\"@type\":\"ListItem\",\"position\":1,\"name\":\"Home\",\"item\":\"https:\/\/www.naturparkmagazin.de\/sternberger-seenland\/\"},{\"@type\":\"ListItem\",\"position\":2,\"name\":\"Mitgliederversammlung des F\u00f6rdervereins\"}]},{\"@type\":\"WebSite\",\"@id\":\"https:\/\/www.naturparkmagazin.de\/sternberger-seenland\/#website\",\"url\":\"https:\/\/www.naturparkmagazin.de\/sternberger-seenland\/\",\"name\":\"Naturpark Sternberger Seenland\",\"description\":\"\",\"potentialAction\":[{\"@type\":\"SearchAction\",\"target\":{\"@type\":\"EntryPoint\",\"urlTemplate\":\"https:\/\/www.naturparkmagazin.de\/sternberger-seenland\/?s={search_term_string}\"},\"query-input\":\"required name=search_term_string\"}],\"inLanguage\":\"de\"},{\"@type\":\"Person\",\"@id\":\"https:\/\/www.naturparkmagazin.de\/sternberger-seenland\/#\/schema\/person\/712a5f470a8c286777fddf77babba74a\",\"name\":\"janlippke\",\"sameAs\":[\"http:\/\/www.naturpark-sternberger-seenland.de\"],\"url\":\"https:\/\/www.naturparkmagazin.de\/sternberger-seenland\/author\/janlippke\/\"}]}<\/script>\n<!-- \/ Yoast SEO plugin. -->","yoast_head_json":{"title":"Mitgliederversammlung des F\u00f6rdervereins - Naturpark Sternberger Seenland","robots":{"index":"index","follow":"follow","max-snippet":"max-snippet:-1","max-image-preview":"max-image-preview:large","max-video-preview":"max-video-preview:-1"},"canonical":"https:\/\/www.naturparkmagazin.de\/sternberger-seenland\/mitgliederversammlung-des-foerdervereins-2\/","og_locale":"de_DE","og_type":"article","og_title":"Mitgliederversammlung des F\u00f6rdervereins - Naturpark Sternberger Seenland","og_description":"Am Donnerstag, dem 27. November findet die diesj\u00e4hrige Mitgliederversammlung des F\u00f6rdervereins Naturpark Sternberger Seenland e.V. statt. Beginn ist um 17 Uhr im Naturparkzentrum in Warin, Am Markt 1, im Beratungsraum.","og_url":"https:\/\/www.naturparkmagazin.de\/sternberger-seenland\/mitgliederversammlung-des-foerdervereins-2\/","og_site_name":"Naturpark Sternberger Seenland","article_published_time":"2014-10-17T06:22:59+00:00","article_modified_time":"2014-10-28T17:49:29+00:00","og_image":[{"width":500,"height":300,"url":"https:\/\/www.naturparkmagazin.de\/sternberger-seenland\/wp-content\/uploads\/sites\/30\/Sitzung-F\u00f6rderverein.jpg","type":"image\/jpeg"}],"author":"janlippke","twitter_misc":{"Verfasst von":"janlippke"},"schema":{"@context":"https:\/\/schema.org","@graph":[{"@type":"WebPage","@id":"https:\/\/www.naturparkmagazin.de\/sternberger-seenland\/mitgliederversammlung-des-foerdervereins-2\/","url":"https:\/\/www.naturparkmagazin.de\/sternberger-seenland\/mitgliederversammlung-des-foerdervereins-2\/","name":"Mitgliederversammlung des F\u00f6rdervereins - Naturpark Sternberger Seenland","isPartOf":{"@id":"https:\/\/www.naturparkmagazin.de\/sternberger-seenland\/#website"},"datePublished":"2014-10-17T06:22:59+00:00","dateModified":"2014-10-28T17:49:29+00:00","author":{"@id":"https:\/\/www.naturparkmagazin.de\/sternberger-seenland\/#\/schema\/person\/712a5f470a8c286777fddf77babba74a"},"breadcrumb":{"@id":"https:\/\/www.naturparkmagazin.de\/sternberger-seenland\/mitgliederversammlung-des-foerdervereins-2\/#breadcrumb"},"inLanguage":"de","potentialAction":[{"@type":"ReadAction","target":["https:\/\/www.naturparkmagazin.de\/sternberger-seenland\/mitgliederversammlung-des-foerdervereins-2\/"]}]},{"@type":"BreadcrumbList","@id":"https:\/\/www.naturparkmagazin.de\/sternberger-seenland\/mitgliederversammlung-des-foerdervereins-2\/#breadcrumb","itemListElement":[{"@type":"ListItem","position":1,"name":"Home","item":"https:\/\/www.naturparkmagazin.de\/sternberger-seenland\/"},{"@type":"ListItem","position":2,"name":"Mitgliederversammlung des F\u00f6rdervereins"}]},{"@type":"WebSite","@id":"https:\/\/www.naturparkmagazin.de\/sternberger-seenland\/#website","url":"https:\/\/www.naturparkmagazin.de\/sternberger-seenland\/","name":"Naturpark Sternberger Seenland","description":"","potentialAction":[{"@type":"SearchAction","target":{"@type":"EntryPoint","urlTemplate":"https:\/\/www.naturparkmagazin.de\/sternberger-seenland\/?s={search_term_string}"},"query-input":"required name=search_term_string"}],"inLanguage":"de"},{"@type":"Person","@id":"https:\/\/www.naturparkmagazin.de\/sternberger-seenland\/#\/schema\/person\/712a5f470a8c286777fddf77babba74a","name":"janlippke","sameAs":["http:\/\/www.naturpark-sternberger-seenland.de"],"url":"https:\/\/www.naturparkmagazin.de\/sternberger-seenland\/author\/janlippke\/"}]}},"_links":{"self":[{"href":"https:\/\/www.naturparkmagazin.de\/sternberger-seenland\/wp-json\/wp\/v2\/posts\/619"}],"collection":[{"href":"https:\/\/www.naturparkmagazin.de\/sternberger-seenland\/wp-json\/wp\/v2\/posts"}],"about":[{"href":"https:\/\/www.naturparkmagazin.de\/sternberger-seenland\/wp-json\/wp\/v2\/types\/post"}],"author":[{"embeddable":true,"href":"https:\/\/www.naturparkmagazin.de\/sternberger-seenland\/wp-json\/wp\/v2\/users\/27"}],"replies":[{"embeddable":true,"href":"https:\/\/www.naturparkmagazin.de\/sternberger-seenland\/wp-json\/wp\/v2\/comments?post=619"}],"version-history":[{"count":3,"href":"https:\/\/www.naturparkmagazin.de\/sternberger-seenland\/wp-json\/wp\/v2\/posts\/619\/revisions"}],"predecessor-version":[{"id":639,"href":"https:\/\/www.naturparkmagazin.de\/sternberger-seenland\/wp-json\/wp\/v2\/posts\/619\/revisions\/639"}],"wp:featuredmedia":[{"embeddable":true,"href":"https:\/\/www.naturparkmagazin.de\/sternberger-seenland\/wp-json\/wp\/v2\/media\/622"}],"wp:attachment":[{"href":"https:\/\/www.naturparkmagazin.de\/sternberger-seenland\/wp-json\/wp\/v2\/media?parent=619"}],"wp:term":[{"taxonomy":"category","embeddable":true,"href":"https:\/\/www.naturparkmagazin.de\/sternberger-seenland\/wp-json\/wp\/v2\/categories?post=619"},{"taxonomy":"post_tag","embeddable":true,"href":"https:\/\/www.naturparkmagazin.de\/sternberger-seenland\/wp-json\/wp\/v2\/tags?post=619"}],"curies":[{"name":"wp","href":"https:\/\/api.w.org\/{rel}","templated":true}]}}