{"id":666,"date":"2014-12-15T10:43:13","date_gmt":"2014-12-15T09:43:13","guid":{"rendered":"http:\/\/www.naturparkmagazin.de\/sternberger-seenland\/?p=666"},"modified":"2014-12-18T14:51:55","modified_gmt":"2014-12-18T13:51:55","slug":"vortrag-peru-ein-reisebericht","status":"publish","type":"post","link":"https:\/\/www.naturparkmagazin.de\/sternberger-seenland\/vortrag-peru-ein-reisebericht\/","title":{"rendered":"Vortrag: Peru &#8211; ein Reisebericht"},"content":{"rendered":"<p>Am 29. Januar 2015 findet um 19 Uhr der erste Vortrag aus unserer Vortragsreihe statt. Dr. Ralf Gehler wird einen Reisebericht \u00fcber seine Reise nach Peru abgeben und die Zuh\u00f6rer in eine fremde Kultur entf\u00fchren.<\/p>\n<p>Eine Reise nach Peru \u2013 ein Vortrag im Naturparkzentrum Warin<\/p>\n<p>\u201eWenn einer eine Reise tut, so kann er was erz\u00e4hlen.\u201c Das galt f\u00fcr Matthias Claudius im 18. Jahrhundert ebenso\u00a0 wie f\u00fcr uns heute. Christina Ritter und Ralf Gehler fuhren in das Land Peru und erz\u00e4hlen von ihrer Fahrt von Lima zum Titikakasee \u2013 von Puno nach Macchu Picchu. Sie berichten von Gegenwart und Vergangenheit\u00a0 dieses interessanten Landes, erlebten Volksfeste\u00a0 und eindrucksvolle Landschaften, flogen \u00fcber die Nazca-Ebene und machten einen Abstecher nach Tiahuanaku in Bolivien. Zum Verkosten werden w\u00e4hrend des Vortrages auch einige kleine peruanische Leckereien gereicht.<\/p>\n<div id=\"attachment_669\" style=\"width: 511px\" class=\"wp-caption alignnone\"><a href=\"https:\/\/www.naturparkmagazin.de\/sternberger-seenland\/wp-content\/uploads\/sites\/30\/peru.jpg\"><img aria-describedby=\"caption-attachment-669\" decoding=\"async\" loading=\"lazy\" class=\"size-full wp-image-669\" alt=\"Ruinen von Macchu Picchu       Copyright: Dr. R. Gehler\" src=\"https:\/\/www.naturparkmagazin.de\/sternberger-seenland\/wp-content\/uploads\/sites\/30\/peru.jpg\" width=\"501\" height=\"300\" \/><\/a><p id=\"caption-attachment-669\" class=\"wp-caption-text\">Ruinen von Macchu Picchu\u00a0\u00a0\u00a0\u00a0\u00a0\u00a0\u00a0\u00a0\u00a0\u00a0\u00a0\u00a0\u00a0\u00a0\u00a0\u00a0\u00a0\u00a0\u00a0\u00a0\u00a0\u00a0\u00a0\u00a0\u00a0\u00a0\u00a0\u00a0\u00a0\u00a0\u00a0\u00a0\u00a0\u00a0\u00a0\u00a0\u00a0\u00a0 \u00a0Copyright: Dr. R. Gehler<\/p><\/div>\n<p>Der F\u00f6rderverein des Naturparks bietet zum Selbstkostenpreis eine kleine Auswahl an Getr\u00e4nken an.<\/p>\n<p>&nbsp;<\/p>\n","protected":false},"excerpt":{"rendered":"<p>Am 29. Januar 2015 findet um 19 Uhr der erste Vortrag aus unserer Vortragsreihe statt. Dr. Ralf Gehler wird einen Reisebericht \u00fcber seine Reise nach Peru abgeben und die Zuh\u00f6rer in eine fremde Kultur entf\u00fchren. Eine Reise nach Peru \u2013 ein Vortrag im Naturparkzentrum Warin \u201eWenn einer eine Reise tut, so kann er was erz\u00e4hlen.\u201c<\/p>\n","protected":false},"author":27,"featured_media":0,"comment_status":"open","ping_status":"open","sticky":false,"template":"","format":"standard","meta":[],"categories":[11],"tags":[],"yoast_head":"<!-- This site is optimized with the Yoast SEO plugin v19.10 - https:\/\/yoast.com\/wordpress\/plugins\/seo\/ -->\n<title>Vortrag: Peru - ein Reisebericht - Naturpark Sternberger Seenland<\/title>\n<meta name=\"robots\" content=\"index, follow, max-snippet:-1, max-image-preview:large, max-video-preview:-1\" \/>\n<link rel=\"canonical\" href=\"https:\/\/www.naturparkmagazin.de\/sternberger-seenland\/vortrag-peru-ein-reisebericht\/\" \/>\n<meta property=\"og:locale\" content=\"de_DE\" \/>\n<meta property=\"og:type\" content=\"article\" \/>\n<meta property=\"og:title\" content=\"Vortrag: Peru - ein Reisebericht - Naturpark Sternberger Seenland\" \/>\n<meta property=\"og:description\" content=\"Am 29. Januar 2015 findet um 19 Uhr der erste Vortrag aus unserer Vortragsreihe statt. Dr. Ralf Gehler wird einen Reisebericht \u00fcber seine Reise nach Peru abgeben und die Zuh\u00f6rer in eine fremde Kultur entf\u00fchren. Eine Reise nach Peru \u2013 ein Vortrag im Naturparkzentrum Warin \u201eWenn einer eine Reise tut, so kann er was erz\u00e4hlen.\u201c\" \/>\n<meta property=\"og:url\" content=\"https:\/\/www.naturparkmagazin.de\/sternberger-seenland\/vortrag-peru-ein-reisebericht\/\" \/>\n<meta property=\"og:site_name\" content=\"Naturpark Sternberger Seenland\" \/>\n<meta property=\"article:published_time\" content=\"2014-12-15T09:43:13+00:00\" \/>\n<meta property=\"article:modified_time\" content=\"2014-12-18T13:51:55+00:00\" \/>\n<meta property=\"og:image\" content=\"https:\/\/www.naturparkmagazin.de\/sternberger-seenland\/wp-content\/uploads\/sites\/30\/peru.jpg\" \/>\n<meta name=\"author\" content=\"janlippke\" \/>\n<meta name=\"twitter:label1\" content=\"Verfasst von\" \/>\n\t<meta name=\"twitter:data1\" content=\"janlippke\" \/>\n\t<meta name=\"twitter:label2\" content=\"Gesch\u00e4tzte Lesezeit\" \/>\n\t<meta name=\"twitter:data2\" content=\"1\u00a0Minute\" \/>\n<script type=\"application\/ld+json\" class=\"yoast-schema-graph\">{\"@context\":\"https:\/\/schema.org\",\"@graph\":[{\"@type\":\"WebPage\",\"@id\":\"https:\/\/www.naturparkmagazin.de\/sternberger-seenland\/vortrag-peru-ein-reisebericht\/\",\"url\":\"https:\/\/www.naturparkmagazin.de\/sternberger-seenland\/vortrag-peru-ein-reisebericht\/\",\"name\":\"Vortrag: Peru - ein Reisebericht - Naturpark Sternberger Seenland\",\"isPartOf\":{\"@id\":\"https:\/\/www.naturparkmagazin.de\/sternberger-seenland\/#website\"},\"datePublished\":\"2014-12-15T09:43:13+00:00\",\"dateModified\":\"2014-12-18T13:51:55+00:00\",\"author\":{\"@id\":\"https:\/\/www.naturparkmagazin.de\/sternberger-seenland\/#\/schema\/person\/712a5f470a8c286777fddf77babba74a\"},\"breadcrumb\":{\"@id\":\"https:\/\/www.naturparkmagazin.de\/sternberger-seenland\/vortrag-peru-ein-reisebericht\/#breadcrumb\"},\"inLanguage\":\"de\",\"potentialAction\":[{\"@type\":\"ReadAction\",\"target\":[\"https:\/\/www.naturparkmagazin.de\/sternberger-seenland\/vortrag-peru-ein-reisebericht\/\"]}]},{\"@type\":\"BreadcrumbList\",\"@id\":\"https:\/\/www.naturparkmagazin.de\/sternberger-seenland\/vortrag-peru-ein-reisebericht\/#breadcrumb\",\"itemListElement\":[{\"@type\":\"ListItem\",\"position\":1,\"name\":\"Home\",\"item\":\"https:\/\/www.naturparkmagazin.de\/sternberger-seenland\/\"},{\"@type\":\"ListItem\",\"position\":2,\"name\":\"Vortrag: Peru &#8211; ein Reisebericht\"}]},{\"@type\":\"WebSite\",\"@id\":\"https:\/\/www.naturparkmagazin.de\/sternberger-seenland\/#website\",\"url\":\"https:\/\/www.naturparkmagazin.de\/sternberger-seenland\/\",\"name\":\"Naturpark Sternberger Seenland\",\"description\":\"\",\"potentialAction\":[{\"@type\":\"SearchAction\",\"target\":{\"@type\":\"EntryPoint\",\"urlTemplate\":\"https:\/\/www.naturparkmagazin.de\/sternberger-seenland\/?s={search_term_string}\"},\"query-input\":\"required name=search_term_string\"}],\"inLanguage\":\"de\"},{\"@type\":\"Person\",\"@id\":\"https:\/\/www.naturparkmagazin.de\/sternberger-seenland\/#\/schema\/person\/712a5f470a8c286777fddf77babba74a\",\"name\":\"janlippke\",\"sameAs\":[\"http:\/\/www.naturpark-sternberger-seenland.de\"],\"url\":\"https:\/\/www.naturparkmagazin.de\/sternberger-seenland\/author\/janlippke\/\"}]}<\/script>\n<!-- \/ Yoast SEO plugin. -->","yoast_head_json":{"title":"Vortrag: Peru - ein Reisebericht - Naturpark Sternberger Seenland","robots":{"index":"index","follow":"follow","max-snippet":"max-snippet:-1","max-image-preview":"max-image-preview:large","max-video-preview":"max-video-preview:-1"},"canonical":"https:\/\/www.naturparkmagazin.de\/sternberger-seenland\/vortrag-peru-ein-reisebericht\/","og_locale":"de_DE","og_type":"article","og_title":"Vortrag: Peru - ein Reisebericht - Naturpark Sternberger Seenland","og_description":"Am 29. Januar 2015 findet um 19 Uhr der erste Vortrag aus unserer Vortragsreihe statt. Dr. Ralf Gehler wird einen Reisebericht \u00fcber seine Reise nach Peru abgeben und die Zuh\u00f6rer in eine fremde Kultur entf\u00fchren. Eine Reise nach Peru \u2013 ein Vortrag im Naturparkzentrum Warin \u201eWenn einer eine Reise tut, so kann er was erz\u00e4hlen.\u201c","og_url":"https:\/\/www.naturparkmagazin.de\/sternberger-seenland\/vortrag-peru-ein-reisebericht\/","og_site_name":"Naturpark Sternberger Seenland","article_published_time":"2014-12-15T09:43:13+00:00","article_modified_time":"2014-12-18T13:51:55+00:00","og_image":[{"url":"https:\/\/www.naturparkmagazin.de\/sternberger-seenland\/wp-content\/uploads\/sites\/30\/peru.jpg"}],"author":"janlippke","twitter_misc":{"Verfasst von":"janlippke","Gesch\u00e4tzte Lesezeit":"1\u00a0Minute"},"schema":{"@context":"https:\/\/schema.org","@graph":[{"@type":"WebPage","@id":"https:\/\/www.naturparkmagazin.de\/sternberger-seenland\/vortrag-peru-ein-reisebericht\/","url":"https:\/\/www.naturparkmagazin.de\/sternberger-seenland\/vortrag-peru-ein-reisebericht\/","name":"Vortrag: Peru - ein Reisebericht - Naturpark Sternberger Seenland","isPartOf":{"@id":"https:\/\/www.naturparkmagazin.de\/sternberger-seenland\/#website"},"datePublished":"2014-12-15T09:43:13+00:00","dateModified":"2014-12-18T13:51:55+00:00","author":{"@id":"https:\/\/www.naturparkmagazin.de\/sternberger-seenland\/#\/schema\/person\/712a5f470a8c286777fddf77babba74a"},"breadcrumb":{"@id":"https:\/\/www.naturparkmagazin.de\/sternberger-seenland\/vortrag-peru-ein-reisebericht\/#breadcrumb"},"inLanguage":"de","potentialAction":[{"@type":"ReadAction","target":["https:\/\/www.naturparkmagazin.de\/sternberger-seenland\/vortrag-peru-ein-reisebericht\/"]}]},{"@type":"BreadcrumbList","@id":"https:\/\/www.naturparkmagazin.de\/sternberger-seenland\/vortrag-peru-ein-reisebericht\/#breadcrumb","itemListElement":[{"@type":"ListItem","position":1,"name":"Home","item":"https:\/\/www.naturparkmagazin.de\/sternberger-seenland\/"},{"@type":"ListItem","position":2,"name":"Vortrag: Peru &#8211; ein Reisebericht"}]},{"@type":"WebSite","@id":"https:\/\/www.naturparkmagazin.de\/sternberger-seenland\/#website","url":"https:\/\/www.naturparkmagazin.de\/sternberger-seenland\/","name":"Naturpark Sternberger Seenland","description":"","potentialAction":[{"@type":"SearchAction","target":{"@type":"EntryPoint","urlTemplate":"https:\/\/www.naturparkmagazin.de\/sternberger-seenland\/?s={search_term_string}"},"query-input":"required name=search_term_string"}],"inLanguage":"de"},{"@type":"Person","@id":"https:\/\/www.naturparkmagazin.de\/sternberger-seenland\/#\/schema\/person\/712a5f470a8c286777fddf77babba74a","name":"janlippke","sameAs":["http:\/\/www.naturpark-sternberger-seenland.de"],"url":"https:\/\/www.naturparkmagazin.de\/sternberger-seenland\/author\/janlippke\/"}]}},"_links":{"self":[{"href":"https:\/\/www.naturparkmagazin.de\/sternberger-seenland\/wp-json\/wp\/v2\/posts\/666"}],"collection":[{"href":"https:\/\/www.naturparkmagazin.de\/sternberger-seenland\/wp-json\/wp\/v2\/posts"}],"about":[{"href":"https:\/\/www.naturparkmagazin.de\/sternberger-seenland\/wp-json\/wp\/v2\/types\/post"}],"author":[{"embeddable":true,"href":"https:\/\/www.naturparkmagazin.de\/sternberger-seenland\/wp-json\/wp\/v2\/users\/27"}],"replies":[{"embeddable":true,"href":"https:\/\/www.naturparkmagazin.de\/sternberger-seenland\/wp-json\/wp\/v2\/comments?post=666"}],"version-history":[{"count":2,"href":"https:\/\/www.naturparkmagazin.de\/sternberger-seenland\/wp-json\/wp\/v2\/posts\/666\/revisions"}],"predecessor-version":[{"id":670,"href":"https:\/\/www.naturparkmagazin.de\/sternberger-seenland\/wp-json\/wp\/v2\/posts\/666\/revisions\/670"}],"wp:attachment":[{"href":"https:\/\/www.naturparkmagazin.de\/sternberger-seenland\/wp-json\/wp\/v2\/media?parent=666"}],"wp:term":[{"taxonomy":"category","embeddable":true,"href":"https:\/\/www.naturparkmagazin.de\/sternberger-seenland\/wp-json\/wp\/v2\/categories?post=666"},{"taxonomy":"post_tag","embeddable":true,"href":"https:\/\/www.naturparkmagazin.de\/sternberger-seenland\/wp-json\/wp\/v2\/tags?post=666"}],"curies":[{"name":"wp","href":"https:\/\/api.w.org\/{rel}","templated":true}]}}