{"id":693,"date":"2015-01-19T09:02:49","date_gmt":"2015-01-19T08:02:49","guid":{"rendered":"http:\/\/www.naturparkmagazin.de\/sternberger-seenland\/?p=693"},"modified":"2015-01-28T09:27:37","modified_gmt":"2015-01-28T08:27:37","slug":"vortrag-zu-apfelweinen-aus-dem-sternberger-seenland","status":"publish","type":"post","link":"https:\/\/www.naturparkmagazin.de\/sternberger-seenland\/vortrag-zu-apfelweinen-aus-dem-sternberger-seenland\/","title":{"rendered":"Vortrag zu Apfelweinen aus dem Sternberger Seenland"},"content":{"rendered":"<p>Am 26. Februar\u00a0beginnt um 19 Uhr im Naturparkzentrum ein Vortrag von Dieter Wismann zu Apfelweinen aus dem Sternberger Seenland. Dieter Wismann besch\u00e4ftigt sich seit vielen Jahren mit der &#8222;Veredlung&#8220; des Apfelsaftes und hat seine Technik dabei immer mehr verfeinert. In seinem Vortrag stellt er dar, wie er aus dem Apfelsaft solche Kreationen wie z.B. MaSher (Apfelwein, der beim Sherry in die Lehre gegangen ist), oder CidraMa (Apfelwein, der beim Madeira in die Lehre gegangen ist) oder auch eine Sch\u00f6pfung die er &#8222;Appel de sl\u00f6pt&#8220; nennt, herstellt. Es wird neben den Ausf\u00fchrungen zur Herstellung dieser edlen Getr\u00e4nke auch etwas zum Verkosten angeboten. Vielleicht findet sich ja auch noch der eine oder andere Mitstreiter, an den Dieter Wismann seine &#8222;Geheimnisse&#8220; bei der Herstellung weiter geben kann.<\/p>\n<p>Der F\u00f6rderverein unseres Naturparks sorgt w\u00e4hrend der Veranstaltung f\u00fcr die Versorgung mit Getr\u00e4nken zum Selbstkostenpreis. Der Eintritt zur Veranstaltung ist kostenfrei<\/p>\n<p>&nbsp;<\/p>\n<div id=\"attachment_631\" style=\"width: 510px\" class=\"wp-caption alignnone\"><a href=\"https:\/\/www.naturparkmagazin.de\/sternberger-seenland\/wp-content\/uploads\/sites\/30\/PfarrgartenQualitz2.jpg\"><img aria-describedby=\"caption-attachment-631\" decoding=\"async\" loading=\"lazy\" class=\"size-full wp-image-631\" alt=\"Pfarrgarten Qualitz           Copyright: Naturpark Sternberger Seenland\" src=\"https:\/\/www.naturparkmagazin.de\/sternberger-seenland\/wp-content\/uploads\/sites\/30\/PfarrgartenQualitz2.jpg\" width=\"500\" height=\"300\" srcset=\"https:\/\/www.naturparkmagazin.de\/sternberger-seenland\/wp-content\/uploads\/sites\/30\/PfarrgartenQualitz2.jpg 500w, https:\/\/www.naturparkmagazin.de\/sternberger-seenland\/wp-content\/uploads\/sites\/30\/PfarrgartenQualitz2-300x180.jpg 300w, https:\/\/www.naturparkmagazin.de\/sternberger-seenland\/wp-content\/uploads\/sites\/30\/PfarrgartenQualitz2-200x120.jpg 200w\" sizes=\"(max-width: 500px) 100vw, 500px\" \/><\/a><p id=\"caption-attachment-631\" class=\"wp-caption-text\">Pfarrgarten Qualitz\u00a0\u00a0\u00a0\u00a0\u00a0\u00a0\u00a0\u00a0\u00a0\u00a0\u00a0\u00a0\u00a0\u00a0\u00a0\u00a0\u00a0\u00a0\u00a0\u00a0\u00a0\u00a0\u00a0\u00a0 \u00a0Copyright: Naturpark Sternberger Seenland<\/p><\/div>\n","protected":false},"excerpt":{"rendered":"<p>Am 26. Februar\u00a0beginnt um 19 Uhr im Naturparkzentrum ein Vortrag von Dieter Wismann zu Apfelweinen aus dem Sternberger Seenland. Dieter Wismann besch\u00e4ftigt sich seit vielen Jahren mit der &#8222;Veredlung&#8220; des Apfelsaftes und hat seine Technik dabei immer mehr verfeinert. In seinem Vortrag stellt er dar, wie er aus dem Apfelsaft solche Kreationen wie z.B. MaSher<\/p>\n","protected":false},"author":27,"featured_media":694,"comment_status":"open","ping_status":"open","sticky":false,"template":"","format":"standard","meta":[],"categories":[11],"tags":[],"yoast_head":"<!-- This site is optimized with the Yoast SEO plugin v19.10 - https:\/\/yoast.com\/wordpress\/plugins\/seo\/ -->\n<title>Vortrag zu Apfelweinen aus dem Sternberger Seenland - Naturpark Sternberger Seenland<\/title>\n<meta name=\"robots\" content=\"index, follow, max-snippet:-1, max-image-preview:large, max-video-preview:-1\" \/>\n<link rel=\"canonical\" href=\"https:\/\/www.naturparkmagazin.de\/sternberger-seenland\/vortrag-zu-apfelweinen-aus-dem-sternberger-seenland\/\" \/>\n<meta property=\"og:locale\" content=\"de_DE\" \/>\n<meta property=\"og:type\" content=\"article\" \/>\n<meta property=\"og:title\" content=\"Vortrag zu Apfelweinen aus dem Sternberger Seenland - Naturpark Sternberger Seenland\" \/>\n<meta property=\"og:description\" content=\"Am 26. Februar\u00a0beginnt um 19 Uhr im Naturparkzentrum ein Vortrag von Dieter Wismann zu Apfelweinen aus dem Sternberger Seenland. Dieter Wismann besch\u00e4ftigt sich seit vielen Jahren mit der &#8222;Veredlung&#8220; des Apfelsaftes und hat seine Technik dabei immer mehr verfeinert. In seinem Vortrag stellt er dar, wie er aus dem Apfelsaft solche Kreationen wie z.B. MaSher\" \/>\n<meta property=\"og:url\" content=\"https:\/\/www.naturparkmagazin.de\/sternberger-seenland\/vortrag-zu-apfelweinen-aus-dem-sternberger-seenland\/\" \/>\n<meta property=\"og:site_name\" content=\"Naturpark Sternberger Seenland\" \/>\n<meta property=\"article:published_time\" content=\"2015-01-19T08:02:49+00:00\" \/>\n<meta property=\"article:modified_time\" content=\"2015-01-28T08:27:37+00:00\" \/>\n<meta property=\"og:image\" content=\"https:\/\/www.naturparkmagazin.de\/sternberger-seenland\/wp-content\/uploads\/sites\/30\/Karnin-M\u00fchlenmoor023.jpg\" \/>\n\t<meta property=\"og:image:width\" content=\"300\" \/>\n\t<meta property=\"og:image:height\" content=\"500\" \/>\n\t<meta property=\"og:image:type\" content=\"image\/jpeg\" \/>\n<meta name=\"author\" content=\"janlippke\" \/>\n<meta name=\"twitter:label1\" content=\"Verfasst von\" \/>\n\t<meta name=\"twitter:data1\" content=\"janlippke\" \/>\n\t<meta name=\"twitter:label2\" content=\"Gesch\u00e4tzte Lesezeit\" \/>\n\t<meta name=\"twitter:data2\" content=\"1\u00a0Minute\" \/>\n<script type=\"application\/ld+json\" class=\"yoast-schema-graph\">{\"@context\":\"https:\/\/schema.org\",\"@graph\":[{\"@type\":\"WebPage\",\"@id\":\"https:\/\/www.naturparkmagazin.de\/sternberger-seenland\/vortrag-zu-apfelweinen-aus-dem-sternberger-seenland\/\",\"url\":\"https:\/\/www.naturparkmagazin.de\/sternberger-seenland\/vortrag-zu-apfelweinen-aus-dem-sternberger-seenland\/\",\"name\":\"Vortrag zu Apfelweinen aus dem Sternberger Seenland - Naturpark Sternberger Seenland\",\"isPartOf\":{\"@id\":\"https:\/\/www.naturparkmagazin.de\/sternberger-seenland\/#website\"},\"datePublished\":\"2015-01-19T08:02:49+00:00\",\"dateModified\":\"2015-01-28T08:27:37+00:00\",\"author\":{\"@id\":\"https:\/\/www.naturparkmagazin.de\/sternberger-seenland\/#\/schema\/person\/712a5f470a8c286777fddf77babba74a\"},\"breadcrumb\":{\"@id\":\"https:\/\/www.naturparkmagazin.de\/sternberger-seenland\/vortrag-zu-apfelweinen-aus-dem-sternberger-seenland\/#breadcrumb\"},\"inLanguage\":\"de\",\"potentialAction\":[{\"@type\":\"ReadAction\",\"target\":[\"https:\/\/www.naturparkmagazin.de\/sternberger-seenland\/vortrag-zu-apfelweinen-aus-dem-sternberger-seenland\/\"]}]},{\"@type\":\"BreadcrumbList\",\"@id\":\"https:\/\/www.naturparkmagazin.de\/sternberger-seenland\/vortrag-zu-apfelweinen-aus-dem-sternberger-seenland\/#breadcrumb\",\"itemListElement\":[{\"@type\":\"ListItem\",\"position\":1,\"name\":\"Home\",\"item\":\"https:\/\/www.naturparkmagazin.de\/sternberger-seenland\/\"},{\"@type\":\"ListItem\",\"position\":2,\"name\":\"Vortrag zu Apfelweinen aus dem Sternberger Seenland\"}]},{\"@type\":\"WebSite\",\"@id\":\"https:\/\/www.naturparkmagazin.de\/sternberger-seenland\/#website\",\"url\":\"https:\/\/www.naturparkmagazin.de\/sternberger-seenland\/\",\"name\":\"Naturpark Sternberger Seenland\",\"description\":\"\",\"potentialAction\":[{\"@type\":\"SearchAction\",\"target\":{\"@type\":\"EntryPoint\",\"urlTemplate\":\"https:\/\/www.naturparkmagazin.de\/sternberger-seenland\/?s={search_term_string}\"},\"query-input\":\"required name=search_term_string\"}],\"inLanguage\":\"de\"},{\"@type\":\"Person\",\"@id\":\"https:\/\/www.naturparkmagazin.de\/sternberger-seenland\/#\/schema\/person\/712a5f470a8c286777fddf77babba74a\",\"name\":\"janlippke\",\"sameAs\":[\"http:\/\/www.naturpark-sternberger-seenland.de\"],\"url\":\"https:\/\/www.naturparkmagazin.de\/sternberger-seenland\/author\/janlippke\/\"}]}<\/script>\n<!-- \/ Yoast SEO plugin. -->","yoast_head_json":{"title":"Vortrag zu Apfelweinen aus dem Sternberger Seenland - Naturpark Sternberger Seenland","robots":{"index":"index","follow":"follow","max-snippet":"max-snippet:-1","max-image-preview":"max-image-preview:large","max-video-preview":"max-video-preview:-1"},"canonical":"https:\/\/www.naturparkmagazin.de\/sternberger-seenland\/vortrag-zu-apfelweinen-aus-dem-sternberger-seenland\/","og_locale":"de_DE","og_type":"article","og_title":"Vortrag zu Apfelweinen aus dem Sternberger Seenland - Naturpark Sternberger Seenland","og_description":"Am 26. Februar\u00a0beginnt um 19 Uhr im Naturparkzentrum ein Vortrag von Dieter Wismann zu Apfelweinen aus dem Sternberger Seenland. Dieter Wismann besch\u00e4ftigt sich seit vielen Jahren mit der &#8222;Veredlung&#8220; des Apfelsaftes und hat seine Technik dabei immer mehr verfeinert. In seinem Vortrag stellt er dar, wie er aus dem Apfelsaft solche Kreationen wie z.B. MaSher","og_url":"https:\/\/www.naturparkmagazin.de\/sternberger-seenland\/vortrag-zu-apfelweinen-aus-dem-sternberger-seenland\/","og_site_name":"Naturpark Sternberger Seenland","article_published_time":"2015-01-19T08:02:49+00:00","article_modified_time":"2015-01-28T08:27:37+00:00","og_image":[{"width":300,"height":500,"url":"https:\/\/www.naturparkmagazin.de\/sternberger-seenland\/wp-content\/uploads\/sites\/30\/Karnin-M\u00fchlenmoor023.jpg","type":"image\/jpeg"}],"author":"janlippke","twitter_misc":{"Verfasst von":"janlippke","Gesch\u00e4tzte Lesezeit":"1\u00a0Minute"},"schema":{"@context":"https:\/\/schema.org","@graph":[{"@type":"WebPage","@id":"https:\/\/www.naturparkmagazin.de\/sternberger-seenland\/vortrag-zu-apfelweinen-aus-dem-sternberger-seenland\/","url":"https:\/\/www.naturparkmagazin.de\/sternberger-seenland\/vortrag-zu-apfelweinen-aus-dem-sternberger-seenland\/","name":"Vortrag zu Apfelweinen aus dem Sternberger Seenland - Naturpark Sternberger Seenland","isPartOf":{"@id":"https:\/\/www.naturparkmagazin.de\/sternberger-seenland\/#website"},"datePublished":"2015-01-19T08:02:49+00:00","dateModified":"2015-01-28T08:27:37+00:00","author":{"@id":"https:\/\/www.naturparkmagazin.de\/sternberger-seenland\/#\/schema\/person\/712a5f470a8c286777fddf77babba74a"},"breadcrumb":{"@id":"https:\/\/www.naturparkmagazin.de\/sternberger-seenland\/vortrag-zu-apfelweinen-aus-dem-sternberger-seenland\/#breadcrumb"},"inLanguage":"de","potentialAction":[{"@type":"ReadAction","target":["https:\/\/www.naturparkmagazin.de\/sternberger-seenland\/vortrag-zu-apfelweinen-aus-dem-sternberger-seenland\/"]}]},{"@type":"BreadcrumbList","@id":"https:\/\/www.naturparkmagazin.de\/sternberger-seenland\/vortrag-zu-apfelweinen-aus-dem-sternberger-seenland\/#breadcrumb","itemListElement":[{"@type":"ListItem","position":1,"name":"Home","item":"https:\/\/www.naturparkmagazin.de\/sternberger-seenland\/"},{"@type":"ListItem","position":2,"name":"Vortrag zu Apfelweinen aus dem Sternberger Seenland"}]},{"@type":"WebSite","@id":"https:\/\/www.naturparkmagazin.de\/sternberger-seenland\/#website","url":"https:\/\/www.naturparkmagazin.de\/sternberger-seenland\/","name":"Naturpark Sternberger Seenland","description":"","potentialAction":[{"@type":"SearchAction","target":{"@type":"EntryPoint","urlTemplate":"https:\/\/www.naturparkmagazin.de\/sternberger-seenland\/?s={search_term_string}"},"query-input":"required name=search_term_string"}],"inLanguage":"de"},{"@type":"Person","@id":"https:\/\/www.naturparkmagazin.de\/sternberger-seenland\/#\/schema\/person\/712a5f470a8c286777fddf77babba74a","name":"janlippke","sameAs":["http:\/\/www.naturpark-sternberger-seenland.de"],"url":"https:\/\/www.naturparkmagazin.de\/sternberger-seenland\/author\/janlippke\/"}]}},"_links":{"self":[{"href":"https:\/\/www.naturparkmagazin.de\/sternberger-seenland\/wp-json\/wp\/v2\/posts\/693"}],"collection":[{"href":"https:\/\/www.naturparkmagazin.de\/sternberger-seenland\/wp-json\/wp\/v2\/posts"}],"about":[{"href":"https:\/\/www.naturparkmagazin.de\/sternberger-seenland\/wp-json\/wp\/v2\/types\/post"}],"author":[{"embeddable":true,"href":"https:\/\/www.naturparkmagazin.de\/sternberger-seenland\/wp-json\/wp\/v2\/users\/27"}],"replies":[{"embeddable":true,"href":"https:\/\/www.naturparkmagazin.de\/sternberger-seenland\/wp-json\/wp\/v2\/comments?post=693"}],"version-history":[{"count":3,"href":"https:\/\/www.naturparkmagazin.de\/sternberger-seenland\/wp-json\/wp\/v2\/posts\/693\/revisions"}],"predecessor-version":[{"id":702,"href":"https:\/\/www.naturparkmagazin.de\/sternberger-seenland\/wp-json\/wp\/v2\/posts\/693\/revisions\/702"}],"wp:featuredmedia":[{"embeddable":true,"href":"https:\/\/www.naturparkmagazin.de\/sternberger-seenland\/wp-json\/wp\/v2\/media\/694"}],"wp:attachment":[{"href":"https:\/\/www.naturparkmagazin.de\/sternberger-seenland\/wp-json\/wp\/v2\/media?parent=693"}],"wp:term":[{"taxonomy":"category","embeddable":true,"href":"https:\/\/www.naturparkmagazin.de\/sternberger-seenland\/wp-json\/wp\/v2\/categories?post=693"},{"taxonomy":"post_tag","embeddable":true,"href":"https:\/\/www.naturparkmagazin.de\/sternberger-seenland\/wp-json\/wp\/v2\/tags?post=693"}],"curies":[{"name":"wp","href":"https:\/\/api.w.org\/{rel}","templated":true}]}}