{"id":714,"date":"2015-02-17T11:07:29","date_gmt":"2015-02-17T10:07:29","guid":{"rendered":"http:\/\/www.naturparkmagazin.de\/sternberger-seenland\/?p=714"},"modified":"2015-02-23T15:12:04","modified_gmt":"2015-02-23T14:12:04","slug":"offizielle-vorstellung-der-bienenstrassenkonzeption","status":"publish","type":"post","link":"https:\/\/www.naturparkmagazin.de\/sternberger-seenland\/offizielle-vorstellung-der-bienenstrassenkonzeption\/","title":{"rendered":"Offizielle Vorstellung der \u201eBienenstra\u00dfenkonzeption\u201c"},"content":{"rendered":"<p align=\"left\">Offizielle Vorstellung der \u201eBienenstra\u00dfenkonzeption\u201c f\u00fcr eine naturpark\u00fcbergreifende thematische Naturpark-Radrundroute in den Naturparkregionen Sternberger Seenland und Nossentiner\/Schwinzer Heide<\/p>\n<p>Am <b>04.03.2015 um 10:00 Uhr<\/b> wird im <b>Naturparkzentrum in Warin<\/b> die vom Amt Sternberger Seenlandschaft in Kooperation mit dem Naturpark Sternberger Seenland in Auftrag gegebene Feinkonzeption f\u00fcr eine thematische Radrundroute von dem Auftragnehmer, dem Institut biota aus B\u00fctzow, der \u00d6ffentlichkeit vorgestellt.<\/p>\n<p>&nbsp;<\/p>\n<p>Besucher und Interessierte k\u00f6nnen auf einer Radrundroute von Schwerin\/Mue\u00df \u00fcber Warin nach Plau am See mehr \u00fcber die Biene erfahren. Der Wert der Honigbiene liegt nicht allein in der Honigproduktion, sondern als Best\u00e4uberinsekt der Nutz- und Wildpflanzen tr\u00e4gt diese auch ma\u00dfgeblich zum Fortbestand der heimischen Flora bei. Diese Radtour wird die beiden Naturparke Sternberger Seenland und Nossentiner\/Schwinzer Heide miteinander verbinden und den Nutzern der Tour viel Wissenswertes \u00fcber die Honigbiene aber auch Wildbienenarten und andere Best\u00e4uberinsekten vermitteln.<\/p>\n<p>Hintergrund f\u00fcr dieses Projekt sind die sich h\u00e4ufenden Berichte \u00fcber den schlechter werdenden Zustand der Bienen auf Grund sich \u00e4ndernder Umwelt- und Landschaftsbedingungen. Imker haben sich der aktiven Pflege der Biene verschrieben, brauchen dabei aber die Unterst\u00fctzung von Menschen, die im Beruf oder in der Freizeit Landschaften mitgestalten. Ausgehend von den Aktivit\u00e4ten des Imkervereins Sternberg und Umgebung e.V. sind in den letzten zwei Jahren neue &#8222;Bienenprojekte&#8220; entstanden, wie &#8222;Bienenwanderwege in und um Br\u00fcel&#8220;, \u201cImkern in L\u00fctt Acker&#8220; in Sternberg. Hier wird gezeigt, wie man gemeinsam mit Landwirten, Verantwortlichen f\u00fcr private und \u00f6ffentliche Gr\u00fcnfl\u00e4chen, Forstwirten, J\u00e4gern und Waldbesitzern, Bewirtschaftern von Streuobstwiesen und Hobbyg\u00e4rtnern mit \u00fcberschaubaren Ma\u00dfnahmen daf\u00fcr Sorge kann, dass die Bienen ihre Bestimmung in der Natur wieder erf\u00fcllen k\u00f6nnen.<\/p>\n<p>Es ist wichtig, diese und weitere Aktivit\u00e4ten und das Thema &#8222;Biene&#8220; den Besuchern und Bewohnern der Region anhand einer attraktiven Themenradroute n\u00e4her zu bringen. Umweltbildung, Landschaftsgeschichte und Regionalvermarktung sollen so miteinander verkn\u00fcpft werden, dass f\u00fcr die \u00f6rtlichen Anbieter gleichzeitig ein positiver wirtschaftlicher Nutzen entsteht.<\/p>\n<p>&nbsp;<\/p>\n<div id=\"attachment_715\" style=\"width: 310px\" class=\"wp-caption alignnone\"><a href=\"https:\/\/www.naturparkmagazin.de\/sternberger-seenland\/wp-content\/uploads\/sites\/30\/Honigbiene-9.jpg\"><img aria-describedby=\"caption-attachment-715\" decoding=\"async\" loading=\"lazy\" class=\"size-full wp-image-715\" alt=\"Honigbiene im Anflug auf Bl\u00fcte\" src=\"https:\/\/www.naturparkmagazin.de\/sternberger-seenland\/wp-content\/uploads\/sites\/30\/Honigbiene-9.jpg\" width=\"300\" height=\"500\" srcset=\"https:\/\/www.naturparkmagazin.de\/sternberger-seenland\/wp-content\/uploads\/sites\/30\/Honigbiene-9.jpg 300w, https:\/\/www.naturparkmagazin.de\/sternberger-seenland\/wp-content\/uploads\/sites\/30\/Honigbiene-9-200x333.jpg 200w\" sizes=\"(max-width: 300px) 100vw, 300px\" \/><\/a><p id=\"caption-attachment-715\" class=\"wp-caption-text\">Honigbiene im Anflug auf Bl\u00fcte<\/p><\/div>\n<p>&nbsp;<\/p>\n","protected":false},"excerpt":{"rendered":"<p>Am 4. M\u00e4rz wird im Naturparkzentrum in Warin die Feinkonzeption f\u00fcr eine thematische Radrundroute im Naturpark Sternberger Seenland der \u00d6ffentlichkeit vorgestellt.<\/p>\n","protected":false},"author":27,"featured_media":716,"comment_status":"open","ping_status":"open","sticky":false,"template":"","format":"standard","meta":[],"categories":[7],"tags":[],"yoast_head":"<!-- This site is optimized with the Yoast SEO plugin v19.10 - https:\/\/yoast.com\/wordpress\/plugins\/seo\/ -->\n<title>Offizielle Vorstellung der \u201eBienenstra\u00dfenkonzeption\u201c  - Naturpark Sternberger Seenland<\/title>\n<meta name=\"robots\" content=\"index, follow, max-snippet:-1, max-image-preview:large, max-video-preview:-1\" \/>\n<link rel=\"canonical\" href=\"https:\/\/www.naturparkmagazin.de\/sternberger-seenland\/offizielle-vorstellung-der-bienenstrassenkonzeption\/\" \/>\n<meta property=\"og:locale\" content=\"de_DE\" \/>\n<meta property=\"og:type\" content=\"article\" \/>\n<meta property=\"og:title\" content=\"Offizielle Vorstellung der \u201eBienenstra\u00dfenkonzeption\u201c  - Naturpark Sternberger Seenland\" \/>\n<meta property=\"og:description\" content=\"Am 4. M\u00e4rz wird im Naturparkzentrum in Warin die Feinkonzeption f\u00fcr eine thematische Radrundroute im Naturpark Sternberger Seenland der \u00d6ffentlichkeit vorgestellt.\" \/>\n<meta property=\"og:url\" content=\"https:\/\/www.naturparkmagazin.de\/sternberger-seenland\/offizielle-vorstellung-der-bienenstrassenkonzeption\/\" \/>\n<meta property=\"og:site_name\" content=\"Naturpark Sternberger Seenland\" \/>\n<meta property=\"article:published_time\" content=\"2015-02-17T10:07:29+00:00\" \/>\n<meta property=\"article:modified_time\" content=\"2015-02-23T14:12:04+00:00\" \/>\n<meta property=\"og:image\" content=\"https:\/\/www.naturparkmagazin.de\/sternberger-seenland\/wp-content\/uploads\/sites\/30\/Honigbiene-17.jpg\" \/>\n\t<meta property=\"og:image:width\" content=\"300\" \/>\n\t<meta property=\"og:image:height\" content=\"500\" \/>\n\t<meta property=\"og:image:type\" content=\"image\/jpeg\" \/>\n<meta name=\"author\" content=\"janlippke\" \/>\n<meta name=\"twitter:label1\" content=\"Verfasst von\" \/>\n\t<meta name=\"twitter:data1\" content=\"janlippke\" \/>\n\t<meta name=\"twitter:label2\" content=\"Gesch\u00e4tzte Lesezeit\" \/>\n\t<meta name=\"twitter:data2\" content=\"2\u00a0Minuten\" \/>\n<script type=\"application\/ld+json\" class=\"yoast-schema-graph\">{\"@context\":\"https:\/\/schema.org\",\"@graph\":[{\"@type\":\"WebPage\",\"@id\":\"https:\/\/www.naturparkmagazin.de\/sternberger-seenland\/offizielle-vorstellung-der-bienenstrassenkonzeption\/\",\"url\":\"https:\/\/www.naturparkmagazin.de\/sternberger-seenland\/offizielle-vorstellung-der-bienenstrassenkonzeption\/\",\"name\":\"Offizielle Vorstellung der \u201eBienenstra\u00dfenkonzeption\u201c - Naturpark Sternberger Seenland\",\"isPartOf\":{\"@id\":\"https:\/\/www.naturparkmagazin.de\/sternberger-seenland\/#website\"},\"datePublished\":\"2015-02-17T10:07:29+00:00\",\"dateModified\":\"2015-02-23T14:12:04+00:00\",\"author\":{\"@id\":\"https:\/\/www.naturparkmagazin.de\/sternberger-seenland\/#\/schema\/person\/712a5f470a8c286777fddf77babba74a\"},\"breadcrumb\":{\"@id\":\"https:\/\/www.naturparkmagazin.de\/sternberger-seenland\/offizielle-vorstellung-der-bienenstrassenkonzeption\/#breadcrumb\"},\"inLanguage\":\"de\",\"potentialAction\":[{\"@type\":\"ReadAction\",\"target\":[\"https:\/\/www.naturparkmagazin.de\/sternberger-seenland\/offizielle-vorstellung-der-bienenstrassenkonzeption\/\"]}]},{\"@type\":\"BreadcrumbList\",\"@id\":\"https:\/\/www.naturparkmagazin.de\/sternberger-seenland\/offizielle-vorstellung-der-bienenstrassenkonzeption\/#breadcrumb\",\"itemListElement\":[{\"@type\":\"ListItem\",\"position\":1,\"name\":\"Home\",\"item\":\"https:\/\/www.naturparkmagazin.de\/sternberger-seenland\/\"},{\"@type\":\"ListItem\",\"position\":2,\"name\":\"Offizielle Vorstellung der \u201eBienenstra\u00dfenkonzeption\u201c\"}]},{\"@type\":\"WebSite\",\"@id\":\"https:\/\/www.naturparkmagazin.de\/sternberger-seenland\/#website\",\"url\":\"https:\/\/www.naturparkmagazin.de\/sternberger-seenland\/\",\"name\":\"Naturpark Sternberger Seenland\",\"description\":\"\",\"potentialAction\":[{\"@type\":\"SearchAction\",\"target\":{\"@type\":\"EntryPoint\",\"urlTemplate\":\"https:\/\/www.naturparkmagazin.de\/sternberger-seenland\/?s={search_term_string}\"},\"query-input\":\"required name=search_term_string\"}],\"inLanguage\":\"de\"},{\"@type\":\"Person\",\"@id\":\"https:\/\/www.naturparkmagazin.de\/sternberger-seenland\/#\/schema\/person\/712a5f470a8c286777fddf77babba74a\",\"name\":\"janlippke\",\"sameAs\":[\"http:\/\/www.naturpark-sternberger-seenland.de\"],\"url\":\"https:\/\/www.naturparkmagazin.de\/sternberger-seenland\/author\/janlippke\/\"}]}<\/script>\n<!-- \/ Yoast SEO plugin. -->","yoast_head_json":{"title":"Offizielle Vorstellung der \u201eBienenstra\u00dfenkonzeption\u201c  - Naturpark Sternberger Seenland","robots":{"index":"index","follow":"follow","max-snippet":"max-snippet:-1","max-image-preview":"max-image-preview:large","max-video-preview":"max-video-preview:-1"},"canonical":"https:\/\/www.naturparkmagazin.de\/sternberger-seenland\/offizielle-vorstellung-der-bienenstrassenkonzeption\/","og_locale":"de_DE","og_type":"article","og_title":"Offizielle Vorstellung der \u201eBienenstra\u00dfenkonzeption\u201c  - Naturpark Sternberger Seenland","og_description":"Am 4. M\u00e4rz wird im Naturparkzentrum in Warin die Feinkonzeption f\u00fcr eine thematische Radrundroute im Naturpark Sternberger Seenland der \u00d6ffentlichkeit vorgestellt.","og_url":"https:\/\/www.naturparkmagazin.de\/sternberger-seenland\/offizielle-vorstellung-der-bienenstrassenkonzeption\/","og_site_name":"Naturpark Sternberger Seenland","article_published_time":"2015-02-17T10:07:29+00:00","article_modified_time":"2015-02-23T14:12:04+00:00","og_image":[{"width":300,"height":500,"url":"https:\/\/www.naturparkmagazin.de\/sternberger-seenland\/wp-content\/uploads\/sites\/30\/Honigbiene-17.jpg","type":"image\/jpeg"}],"author":"janlippke","twitter_misc":{"Verfasst von":"janlippke","Gesch\u00e4tzte Lesezeit":"2\u00a0Minuten"},"schema":{"@context":"https:\/\/schema.org","@graph":[{"@type":"WebPage","@id":"https:\/\/www.naturparkmagazin.de\/sternberger-seenland\/offizielle-vorstellung-der-bienenstrassenkonzeption\/","url":"https:\/\/www.naturparkmagazin.de\/sternberger-seenland\/offizielle-vorstellung-der-bienenstrassenkonzeption\/","name":"Offizielle Vorstellung der \u201eBienenstra\u00dfenkonzeption\u201c - Naturpark Sternberger Seenland","isPartOf":{"@id":"https:\/\/www.naturparkmagazin.de\/sternberger-seenland\/#website"},"datePublished":"2015-02-17T10:07:29+00:00","dateModified":"2015-02-23T14:12:04+00:00","author":{"@id":"https:\/\/www.naturparkmagazin.de\/sternberger-seenland\/#\/schema\/person\/712a5f470a8c286777fddf77babba74a"},"breadcrumb":{"@id":"https:\/\/www.naturparkmagazin.de\/sternberger-seenland\/offizielle-vorstellung-der-bienenstrassenkonzeption\/#breadcrumb"},"inLanguage":"de","potentialAction":[{"@type":"ReadAction","target":["https:\/\/www.naturparkmagazin.de\/sternberger-seenland\/offizielle-vorstellung-der-bienenstrassenkonzeption\/"]}]},{"@type":"BreadcrumbList","@id":"https:\/\/www.naturparkmagazin.de\/sternberger-seenland\/offizielle-vorstellung-der-bienenstrassenkonzeption\/#breadcrumb","itemListElement":[{"@type":"ListItem","position":1,"name":"Home","item":"https:\/\/www.naturparkmagazin.de\/sternberger-seenland\/"},{"@type":"ListItem","position":2,"name":"Offizielle Vorstellung der \u201eBienenstra\u00dfenkonzeption\u201c"}]},{"@type":"WebSite","@id":"https:\/\/www.naturparkmagazin.de\/sternberger-seenland\/#website","url":"https:\/\/www.naturparkmagazin.de\/sternberger-seenland\/","name":"Naturpark Sternberger Seenland","description":"","potentialAction":[{"@type":"SearchAction","target":{"@type":"EntryPoint","urlTemplate":"https:\/\/www.naturparkmagazin.de\/sternberger-seenland\/?s={search_term_string}"},"query-input":"required name=search_term_string"}],"inLanguage":"de"},{"@type":"Person","@id":"https:\/\/www.naturparkmagazin.de\/sternberger-seenland\/#\/schema\/person\/712a5f470a8c286777fddf77babba74a","name":"janlippke","sameAs":["http:\/\/www.naturpark-sternberger-seenland.de"],"url":"https:\/\/www.naturparkmagazin.de\/sternberger-seenland\/author\/janlippke\/"}]}},"_links":{"self":[{"href":"https:\/\/www.naturparkmagazin.de\/sternberger-seenland\/wp-json\/wp\/v2\/posts\/714"}],"collection":[{"href":"https:\/\/www.naturparkmagazin.de\/sternberger-seenland\/wp-json\/wp\/v2\/posts"}],"about":[{"href":"https:\/\/www.naturparkmagazin.de\/sternberger-seenland\/wp-json\/wp\/v2\/types\/post"}],"author":[{"embeddable":true,"href":"https:\/\/www.naturparkmagazin.de\/sternberger-seenland\/wp-json\/wp\/v2\/users\/27"}],"replies":[{"embeddable":true,"href":"https:\/\/www.naturparkmagazin.de\/sternberger-seenland\/wp-json\/wp\/v2\/comments?post=714"}],"version-history":[{"count":4,"href":"https:\/\/www.naturparkmagazin.de\/sternberger-seenland\/wp-json\/wp\/v2\/posts\/714\/revisions"}],"predecessor-version":[{"id":725,"href":"https:\/\/www.naturparkmagazin.de\/sternberger-seenland\/wp-json\/wp\/v2\/posts\/714\/revisions\/725"}],"wp:featuredmedia":[{"embeddable":true,"href":"https:\/\/www.naturparkmagazin.de\/sternberger-seenland\/wp-json\/wp\/v2\/media\/716"}],"wp:attachment":[{"href":"https:\/\/www.naturparkmagazin.de\/sternberger-seenland\/wp-json\/wp\/v2\/media?parent=714"}],"wp:term":[{"taxonomy":"category","embeddable":true,"href":"https:\/\/www.naturparkmagazin.de\/sternberger-seenland\/wp-json\/wp\/v2\/categories?post=714"},{"taxonomy":"post_tag","embeddable":true,"href":"https:\/\/www.naturparkmagazin.de\/sternberger-seenland\/wp-json\/wp\/v2\/tags?post=714"}],"curies":[{"name":"wp","href":"https:\/\/api.w.org\/{rel}","templated":true}]}}