{"id":718,"date":"2015-02-17T13:07:45","date_gmt":"2015-02-17T12:07:45","guid":{"rendered":"http:\/\/www.naturparkmagazin.de\/sternberger-seenland\/?p=718"},"modified":"2015-02-23T15:16:56","modified_gmt":"2015-02-23T14:16:56","slug":"vortrag-ueber-den-ornithologen-otto-held","status":"publish","type":"post","link":"https:\/\/www.naturparkmagazin.de\/sternberger-seenland\/vortrag-ueber-den-ornithologen-otto-held\/","title":{"rendered":"Vortrag \u00fcber den Ornithologen Otto Held"},"content":{"rendered":"<div id=\"attachment_719\" style=\"width: 310px\" class=\"wp-caption alignnone\"><a href=\"https:\/\/www.naturparkmagazin.de\/sternberger-seenland\/wp-content\/uploads\/sites\/30\/Apotheke.jpg\"><img aria-describedby=\"caption-attachment-719\" decoding=\"async\" loading=\"lazy\" class=\"size-full wp-image-719\" alt=\"Otto Held in der Apotheke\" src=\"https:\/\/www.naturparkmagazin.de\/sternberger-seenland\/wp-content\/uploads\/sites\/30\/Apotheke.jpg\" width=\"300\" height=\"500\" \/><\/a><p id=\"caption-attachment-719\" class=\"wp-caption-text\">Otto Held in der Apotheke<\/p><\/div>\n<p><b>Vortrag\u00a0<\/b><\/p>\n<p>Mit einem Vortrag im Naturpark Sternberger Seenland wird erstmals ein umfassender biografischer Abriss \u00fcber den aus Mecklenburg stammenden Apotheker und Ornithologen Otto Held\u00a0 (1875-1945) gegeben.<\/p>\n<p>Gegenstand sind die wichtigsten Stationen seines Lebens, von der Geburt in L\u00fcbtheen bis hin zum Apotheker in Neukloster. Neben der geradlinig verlaufenden beruflichen Ausbildung\u00a0 wird auch die naturwissenschaftliche Ausbildung zum anerkannten Ornithologen und die Verbindungen zu den bekannten Ornithologen aus seiner Zeit in einem Vortrag dargestellt.<\/p>\n<p>Der Vortrag wird von Wilfried Krempien am <b>19. M\u00e4rz um 19:00 Uhr im Naturparkzentrum in Warin<\/b> gehalten. Der Eintritt ist frei.<b><\/b><\/p>\n<p>Der F\u00f6rderverein des Naturparks bietet vor und w\u00e4hrend dieser Veranstaltung Getr\u00e4nke zum Selbstkostenpreis an.<\/p>\n<p>&nbsp;<\/p>\n<p>&nbsp;<\/p>\n","protected":false},"excerpt":{"rendered":"<p>Am 19. M\u00e4rz h\u00e4lt  Wilfried Krempien um 19:00 Uhr im Naturparkzentrum in Warin einen Vortrag \u00fcber den Ornithologen Otto Held.<\/p>\n","protected":false},"author":27,"featured_media":720,"comment_status":"open","ping_status":"open","sticky":false,"template":"","format":"standard","meta":[],"categories":[11],"tags":[],"yoast_head":"<!-- This site is optimized with the Yoast SEO plugin v19.10 - https:\/\/yoast.com\/wordpress\/plugins\/seo\/ -->\n<title>Vortrag \u00fcber den Ornithologen Otto Held - Naturpark Sternberger Seenland<\/title>\n<meta name=\"robots\" content=\"index, follow, max-snippet:-1, max-image-preview:large, max-video-preview:-1\" \/>\n<link rel=\"canonical\" href=\"https:\/\/www.naturparkmagazin.de\/sternberger-seenland\/vortrag-ueber-den-ornithologen-otto-held\/\" \/>\n<meta property=\"og:locale\" content=\"de_DE\" \/>\n<meta property=\"og:type\" content=\"article\" \/>\n<meta property=\"og:title\" content=\"Vortrag \u00fcber den Ornithologen Otto Held - Naturpark Sternberger Seenland\" \/>\n<meta property=\"og:description\" content=\"Am 19. M\u00e4rz h\u00e4lt Wilfried Krempien um 19:00 Uhr im Naturparkzentrum in Warin einen Vortrag \u00fcber den Ornithologen Otto Held.\" \/>\n<meta property=\"og:url\" content=\"https:\/\/www.naturparkmagazin.de\/sternberger-seenland\/vortrag-ueber-den-ornithologen-otto-held\/\" \/>\n<meta property=\"og:site_name\" content=\"Naturpark Sternberger Seenland\" \/>\n<meta property=\"article:published_time\" content=\"2015-02-17T12:07:45+00:00\" \/>\n<meta property=\"article:modified_time\" content=\"2015-02-23T14:16:56+00:00\" \/>\n<meta property=\"og:image\" content=\"https:\/\/www.naturparkmagazin.de\/sternberger-seenland\/wp-content\/uploads\/sites\/30\/Halbinsel-Nkl.-3.jpg\" \/>\n\t<meta property=\"og:image:width\" content=\"300\" \/>\n\t<meta property=\"og:image:height\" content=\"500\" \/>\n\t<meta property=\"og:image:type\" content=\"image\/jpeg\" \/>\n<meta name=\"author\" content=\"janlippke\" \/>\n<meta name=\"twitter:label1\" content=\"Verfasst von\" \/>\n\t<meta name=\"twitter:data1\" content=\"janlippke\" \/>\n\t<meta name=\"twitter:label2\" content=\"Gesch\u00e4tzte Lesezeit\" \/>\n\t<meta name=\"twitter:data2\" content=\"1\u00a0Minute\" \/>\n<script type=\"application\/ld+json\" class=\"yoast-schema-graph\">{\"@context\":\"https:\/\/schema.org\",\"@graph\":[{\"@type\":\"WebPage\",\"@id\":\"https:\/\/www.naturparkmagazin.de\/sternberger-seenland\/vortrag-ueber-den-ornithologen-otto-held\/\",\"url\":\"https:\/\/www.naturparkmagazin.de\/sternberger-seenland\/vortrag-ueber-den-ornithologen-otto-held\/\",\"name\":\"Vortrag \u00fcber den Ornithologen Otto Held - Naturpark Sternberger Seenland\",\"isPartOf\":{\"@id\":\"https:\/\/www.naturparkmagazin.de\/sternberger-seenland\/#website\"},\"datePublished\":\"2015-02-17T12:07:45+00:00\",\"dateModified\":\"2015-02-23T14:16:56+00:00\",\"author\":{\"@id\":\"https:\/\/www.naturparkmagazin.de\/sternberger-seenland\/#\/schema\/person\/712a5f470a8c286777fddf77babba74a\"},\"breadcrumb\":{\"@id\":\"https:\/\/www.naturparkmagazin.de\/sternberger-seenland\/vortrag-ueber-den-ornithologen-otto-held\/#breadcrumb\"},\"inLanguage\":\"de\",\"potentialAction\":[{\"@type\":\"ReadAction\",\"target\":[\"https:\/\/www.naturparkmagazin.de\/sternberger-seenland\/vortrag-ueber-den-ornithologen-otto-held\/\"]}]},{\"@type\":\"BreadcrumbList\",\"@id\":\"https:\/\/www.naturparkmagazin.de\/sternberger-seenland\/vortrag-ueber-den-ornithologen-otto-held\/#breadcrumb\",\"itemListElement\":[{\"@type\":\"ListItem\",\"position\":1,\"name\":\"Home\",\"item\":\"https:\/\/www.naturparkmagazin.de\/sternberger-seenland\/\"},{\"@type\":\"ListItem\",\"position\":2,\"name\":\"Vortrag \u00fcber den Ornithologen Otto Held\"}]},{\"@type\":\"WebSite\",\"@id\":\"https:\/\/www.naturparkmagazin.de\/sternberger-seenland\/#website\",\"url\":\"https:\/\/www.naturparkmagazin.de\/sternberger-seenland\/\",\"name\":\"Naturpark Sternberger Seenland\",\"description\":\"\",\"potentialAction\":[{\"@type\":\"SearchAction\",\"target\":{\"@type\":\"EntryPoint\",\"urlTemplate\":\"https:\/\/www.naturparkmagazin.de\/sternberger-seenland\/?s={search_term_string}\"},\"query-input\":\"required name=search_term_string\"}],\"inLanguage\":\"de\"},{\"@type\":\"Person\",\"@id\":\"https:\/\/www.naturparkmagazin.de\/sternberger-seenland\/#\/schema\/person\/712a5f470a8c286777fddf77babba74a\",\"name\":\"janlippke\",\"sameAs\":[\"http:\/\/www.naturpark-sternberger-seenland.de\"],\"url\":\"https:\/\/www.naturparkmagazin.de\/sternberger-seenland\/author\/janlippke\/\"}]}<\/script>\n<!-- \/ Yoast SEO plugin. -->","yoast_head_json":{"title":"Vortrag \u00fcber den Ornithologen Otto Held - Naturpark Sternberger Seenland","robots":{"index":"index","follow":"follow","max-snippet":"max-snippet:-1","max-image-preview":"max-image-preview:large","max-video-preview":"max-video-preview:-1"},"canonical":"https:\/\/www.naturparkmagazin.de\/sternberger-seenland\/vortrag-ueber-den-ornithologen-otto-held\/","og_locale":"de_DE","og_type":"article","og_title":"Vortrag \u00fcber den Ornithologen Otto Held - Naturpark Sternberger Seenland","og_description":"Am 19. M\u00e4rz h\u00e4lt Wilfried Krempien um 19:00 Uhr im Naturparkzentrum in Warin einen Vortrag \u00fcber den Ornithologen Otto Held.","og_url":"https:\/\/www.naturparkmagazin.de\/sternberger-seenland\/vortrag-ueber-den-ornithologen-otto-held\/","og_site_name":"Naturpark Sternberger Seenland","article_published_time":"2015-02-17T12:07:45+00:00","article_modified_time":"2015-02-23T14:16:56+00:00","og_image":[{"width":300,"height":500,"url":"https:\/\/www.naturparkmagazin.de\/sternberger-seenland\/wp-content\/uploads\/sites\/30\/Halbinsel-Nkl.-3.jpg","type":"image\/jpeg"}],"author":"janlippke","twitter_misc":{"Verfasst von":"janlippke","Gesch\u00e4tzte Lesezeit":"1\u00a0Minute"},"schema":{"@context":"https:\/\/schema.org","@graph":[{"@type":"WebPage","@id":"https:\/\/www.naturparkmagazin.de\/sternberger-seenland\/vortrag-ueber-den-ornithologen-otto-held\/","url":"https:\/\/www.naturparkmagazin.de\/sternberger-seenland\/vortrag-ueber-den-ornithologen-otto-held\/","name":"Vortrag \u00fcber den Ornithologen Otto Held - Naturpark Sternberger Seenland","isPartOf":{"@id":"https:\/\/www.naturparkmagazin.de\/sternberger-seenland\/#website"},"datePublished":"2015-02-17T12:07:45+00:00","dateModified":"2015-02-23T14:16:56+00:00","author":{"@id":"https:\/\/www.naturparkmagazin.de\/sternberger-seenland\/#\/schema\/person\/712a5f470a8c286777fddf77babba74a"},"breadcrumb":{"@id":"https:\/\/www.naturparkmagazin.de\/sternberger-seenland\/vortrag-ueber-den-ornithologen-otto-held\/#breadcrumb"},"inLanguage":"de","potentialAction":[{"@type":"ReadAction","target":["https:\/\/www.naturparkmagazin.de\/sternberger-seenland\/vortrag-ueber-den-ornithologen-otto-held\/"]}]},{"@type":"BreadcrumbList","@id":"https:\/\/www.naturparkmagazin.de\/sternberger-seenland\/vortrag-ueber-den-ornithologen-otto-held\/#breadcrumb","itemListElement":[{"@type":"ListItem","position":1,"name":"Home","item":"https:\/\/www.naturparkmagazin.de\/sternberger-seenland\/"},{"@type":"ListItem","position":2,"name":"Vortrag \u00fcber den Ornithologen Otto Held"}]},{"@type":"WebSite","@id":"https:\/\/www.naturparkmagazin.de\/sternberger-seenland\/#website","url":"https:\/\/www.naturparkmagazin.de\/sternberger-seenland\/","name":"Naturpark Sternberger Seenland","description":"","potentialAction":[{"@type":"SearchAction","target":{"@type":"EntryPoint","urlTemplate":"https:\/\/www.naturparkmagazin.de\/sternberger-seenland\/?s={search_term_string}"},"query-input":"required name=search_term_string"}],"inLanguage":"de"},{"@type":"Person","@id":"https:\/\/www.naturparkmagazin.de\/sternberger-seenland\/#\/schema\/person\/712a5f470a8c286777fddf77babba74a","name":"janlippke","sameAs":["http:\/\/www.naturpark-sternberger-seenland.de"],"url":"https:\/\/www.naturparkmagazin.de\/sternberger-seenland\/author\/janlippke\/"}]}},"_links":{"self":[{"href":"https:\/\/www.naturparkmagazin.de\/sternberger-seenland\/wp-json\/wp\/v2\/posts\/718"}],"collection":[{"href":"https:\/\/www.naturparkmagazin.de\/sternberger-seenland\/wp-json\/wp\/v2\/posts"}],"about":[{"href":"https:\/\/www.naturparkmagazin.de\/sternberger-seenland\/wp-json\/wp\/v2\/types\/post"}],"author":[{"embeddable":true,"href":"https:\/\/www.naturparkmagazin.de\/sternberger-seenland\/wp-json\/wp\/v2\/users\/27"}],"replies":[{"embeddable":true,"href":"https:\/\/www.naturparkmagazin.de\/sternberger-seenland\/wp-json\/wp\/v2\/comments?post=718"}],"version-history":[{"count":3,"href":"https:\/\/www.naturparkmagazin.de\/sternberger-seenland\/wp-json\/wp\/v2\/posts\/718\/revisions"}],"predecessor-version":[{"id":728,"href":"https:\/\/www.naturparkmagazin.de\/sternberger-seenland\/wp-json\/wp\/v2\/posts\/718\/revisions\/728"}],"wp:featuredmedia":[{"embeddable":true,"href":"https:\/\/www.naturparkmagazin.de\/sternberger-seenland\/wp-json\/wp\/v2\/media\/720"}],"wp:attachment":[{"href":"https:\/\/www.naturparkmagazin.de\/sternberger-seenland\/wp-json\/wp\/v2\/media?parent=718"}],"wp:term":[{"taxonomy":"category","embeddable":true,"href":"https:\/\/www.naturparkmagazin.de\/sternberger-seenland\/wp-json\/wp\/v2\/categories?post=718"},{"taxonomy":"post_tag","embeddable":true,"href":"https:\/\/www.naturparkmagazin.de\/sternberger-seenland\/wp-json\/wp\/v2\/tags?post=718"}],"curies":[{"name":"wp","href":"https:\/\/api.w.org\/{rel}","templated":true}]}}