{"id":731,"date":"2015-03-17T09:20:08","date_gmt":"2015-03-17T08:20:08","guid":{"rendered":"http:\/\/www.naturparkmagazin.de\/sternberger-seenland\/?p=731"},"modified":"2015-03-17T09:20:08","modified_gmt":"2015-03-17T08:20:08","slug":"16-bibertag-in-alt-necheln","status":"publish","type":"post","link":"https:\/\/www.naturparkmagazin.de\/sternberger-seenland\/16-bibertag-in-alt-necheln\/","title":{"rendered":"16. Bibertag in Alt Necheln"},"content":{"rendered":"<p>Am 18. April 2015 findet der 16. Bibertag in Alt Necheln statt. Es wird ab 9:30 Uhr wieder verschiedene interessante Fachvortr\u00e4ge von Experten \u00a0zum Leben und Wirken der Biber geben. Der Naturparkranger Mario Kr\u00fcger aus dem Naturpark Sternberger Seenland wird einen kurzen Bericht zum Stand des Monitorings im Jahr 2014\/2015 geben, daraus aktuelle Bestandszahlen ableiten und dabei sicher auch auf einige aktuelle Probleme eingehen.\u00a0 Gegen 12 Uhr wird es dann Mittag \u00a0geben und ab 13 Uhr beginnen die von Naturpark-Rangern gef\u00fchrten Exkursionen in die Biberreviere.<\/p>\n<p>Anschlie\u00dfend kann man seinen Kaffeedurst im Gutshaus Alt Necheln l\u00f6schen und bei der Auswertung der Exkursion vielleicht auch noch ein leckeres St\u00fcck Kuchen zur St\u00e4rkung genie\u00dfen.<\/p>\n<p><a href=\"https:\/\/www.naturparkmagazin.de\/sternberger-seenland\/wp-content\/uploads\/sites\/30\/Biber-August.jpg\"><img decoding=\"async\" loading=\"lazy\" class=\"alignnone size-medium wp-image-71\" alt=\"Biber August\" src=\"https:\/\/www.naturparkmagazin.de\/sternberger-seenland\/wp-content\/uploads\/sites\/30\/Biber-August-620x412.jpg\" width=\"620\" height=\"412\" srcset=\"https:\/\/www.naturparkmagazin.de\/sternberger-seenland\/wp-content\/uploads\/sites\/30\/Biber-August-620x412.jpg 620w, https:\/\/www.naturparkmagazin.de\/sternberger-seenland\/wp-content\/uploads\/sites\/30\/Biber-August-300x199.jpg 300w, https:\/\/www.naturparkmagazin.de\/sternberger-seenland\/wp-content\/uploads\/sites\/30\/Biber-August-670x445.jpg 670w, https:\/\/www.naturparkmagazin.de\/sternberger-seenland\/wp-content\/uploads\/sites\/30\/Biber-August-200x133.jpg 200w, https:\/\/www.naturparkmagazin.de\/sternberger-seenland\/wp-content\/uploads\/sites\/30\/Biber-August.jpg 886w\" sizes=\"(max-width: 620px) 100vw, 620px\" \/><\/a><\/p>\n","protected":false},"excerpt":{"rendered":"<p>Am 18. April 2015 findet der 16. Bibertag in Alt Necheln statt. Es wird ab 9:30 Uhr wieder verschiedene interessante Fachvortr\u00e4ge von Experten \u00a0zum Leben und Wirken der Biber geben. Der Naturparkranger Mario Kr\u00fcger aus dem Naturpark Sternberger Seenland wird einen kurzen Bericht zum Stand des Monitorings im Jahr 2014\/2015 geben, daraus aktuelle Bestandszahlen ableiten<\/p>\n","protected":false},"author":27,"featured_media":733,"comment_status":"open","ping_status":"open","sticky":false,"template":"","format":"standard","meta":[],"categories":[11],"tags":[],"yoast_head":"<!-- This site is optimized with the Yoast SEO plugin v19.10 - https:\/\/yoast.com\/wordpress\/plugins\/seo\/ -->\n<title>16. Bibertag in Alt Necheln - Naturpark Sternberger Seenland<\/title>\n<meta name=\"robots\" content=\"index, follow, max-snippet:-1, max-image-preview:large, max-video-preview:-1\" \/>\n<link rel=\"canonical\" href=\"https:\/\/www.naturparkmagazin.de\/sternberger-seenland\/16-bibertag-in-alt-necheln\/\" \/>\n<meta property=\"og:locale\" content=\"de_DE\" \/>\n<meta property=\"og:type\" content=\"article\" \/>\n<meta property=\"og:title\" content=\"16. Bibertag in Alt Necheln - Naturpark Sternberger Seenland\" \/>\n<meta property=\"og:description\" content=\"Am 18. April 2015 findet der 16. Bibertag in Alt Necheln statt. Es wird ab 9:30 Uhr wieder verschiedene interessante Fachvortr\u00e4ge von Experten \u00a0zum Leben und Wirken der Biber geben. Der Naturparkranger Mario Kr\u00fcger aus dem Naturpark Sternberger Seenland wird einen kurzen Bericht zum Stand des Monitorings im Jahr 2014\/2015 geben, daraus aktuelle Bestandszahlen ableiten\" \/>\n<meta property=\"og:url\" content=\"https:\/\/www.naturparkmagazin.de\/sternberger-seenland\/16-bibertag-in-alt-necheln\/\" \/>\n<meta property=\"og:site_name\" content=\"Naturpark Sternberger Seenland\" \/>\n<meta property=\"article:published_time\" content=\"2015-03-17T08:20:08+00:00\" \/>\n<meta property=\"og:image\" content=\"https:\/\/www.naturparkmagazin.de\/sternberger-seenland\/wp-content\/uploads\/sites\/30\/Bibertag_2014.jpg\" \/>\n\t<meta property=\"og:image:width\" content=\"500\" \/>\n\t<meta property=\"og:image:height\" content=\"300\" \/>\n\t<meta property=\"og:image:type\" content=\"image\/jpeg\" \/>\n<meta name=\"author\" content=\"janlippke\" \/>\n<meta name=\"twitter:label1\" content=\"Verfasst von\" \/>\n\t<meta name=\"twitter:data1\" content=\"janlippke\" \/>\n\t<meta name=\"twitter:label2\" content=\"Gesch\u00e4tzte Lesezeit\" \/>\n\t<meta name=\"twitter:data2\" content=\"1\u00a0Minute\" \/>\n<script type=\"application\/ld+json\" class=\"yoast-schema-graph\">{\"@context\":\"https:\/\/schema.org\",\"@graph\":[{\"@type\":\"WebPage\",\"@id\":\"https:\/\/www.naturparkmagazin.de\/sternberger-seenland\/16-bibertag-in-alt-necheln\/\",\"url\":\"https:\/\/www.naturparkmagazin.de\/sternberger-seenland\/16-bibertag-in-alt-necheln\/\",\"name\":\"16. Bibertag in Alt Necheln - Naturpark Sternberger Seenland\",\"isPartOf\":{\"@id\":\"https:\/\/www.naturparkmagazin.de\/sternberger-seenland\/#website\"},\"datePublished\":\"2015-03-17T08:20:08+00:00\",\"dateModified\":\"2015-03-17T08:20:08+00:00\",\"author\":{\"@id\":\"https:\/\/www.naturparkmagazin.de\/sternberger-seenland\/#\/schema\/person\/712a5f470a8c286777fddf77babba74a\"},\"breadcrumb\":{\"@id\":\"https:\/\/www.naturparkmagazin.de\/sternberger-seenland\/16-bibertag-in-alt-necheln\/#breadcrumb\"},\"inLanguage\":\"de\",\"potentialAction\":[{\"@type\":\"ReadAction\",\"target\":[\"https:\/\/www.naturparkmagazin.de\/sternberger-seenland\/16-bibertag-in-alt-necheln\/\"]}]},{\"@type\":\"BreadcrumbList\",\"@id\":\"https:\/\/www.naturparkmagazin.de\/sternberger-seenland\/16-bibertag-in-alt-necheln\/#breadcrumb\",\"itemListElement\":[{\"@type\":\"ListItem\",\"position\":1,\"name\":\"Home\",\"item\":\"https:\/\/www.naturparkmagazin.de\/sternberger-seenland\/\"},{\"@type\":\"ListItem\",\"position\":2,\"name\":\"16. Bibertag in Alt Necheln\"}]},{\"@type\":\"WebSite\",\"@id\":\"https:\/\/www.naturparkmagazin.de\/sternberger-seenland\/#website\",\"url\":\"https:\/\/www.naturparkmagazin.de\/sternberger-seenland\/\",\"name\":\"Naturpark Sternberger Seenland\",\"description\":\"\",\"potentialAction\":[{\"@type\":\"SearchAction\",\"target\":{\"@type\":\"EntryPoint\",\"urlTemplate\":\"https:\/\/www.naturparkmagazin.de\/sternberger-seenland\/?s={search_term_string}\"},\"query-input\":\"required name=search_term_string\"}],\"inLanguage\":\"de\"},{\"@type\":\"Person\",\"@id\":\"https:\/\/www.naturparkmagazin.de\/sternberger-seenland\/#\/schema\/person\/712a5f470a8c286777fddf77babba74a\",\"name\":\"janlippke\",\"sameAs\":[\"http:\/\/www.naturpark-sternberger-seenland.de\"],\"url\":\"https:\/\/www.naturparkmagazin.de\/sternberger-seenland\/author\/janlippke\/\"}]}<\/script>\n<!-- \/ Yoast SEO plugin. -->","yoast_head_json":{"title":"16. Bibertag in Alt Necheln - Naturpark Sternberger Seenland","robots":{"index":"index","follow":"follow","max-snippet":"max-snippet:-1","max-image-preview":"max-image-preview:large","max-video-preview":"max-video-preview:-1"},"canonical":"https:\/\/www.naturparkmagazin.de\/sternberger-seenland\/16-bibertag-in-alt-necheln\/","og_locale":"de_DE","og_type":"article","og_title":"16. Bibertag in Alt Necheln - Naturpark Sternberger Seenland","og_description":"Am 18. April 2015 findet der 16. Bibertag in Alt Necheln statt. Es wird ab 9:30 Uhr wieder verschiedene interessante Fachvortr\u00e4ge von Experten \u00a0zum Leben und Wirken der Biber geben. Der Naturparkranger Mario Kr\u00fcger aus dem Naturpark Sternberger Seenland wird einen kurzen Bericht zum Stand des Monitorings im Jahr 2014\/2015 geben, daraus aktuelle Bestandszahlen ableiten","og_url":"https:\/\/www.naturparkmagazin.de\/sternberger-seenland\/16-bibertag-in-alt-necheln\/","og_site_name":"Naturpark Sternberger Seenland","article_published_time":"2015-03-17T08:20:08+00:00","og_image":[{"width":500,"height":300,"url":"https:\/\/www.naturparkmagazin.de\/sternberger-seenland\/wp-content\/uploads\/sites\/30\/Bibertag_2014.jpg","type":"image\/jpeg"}],"author":"janlippke","twitter_misc":{"Verfasst von":"janlippke","Gesch\u00e4tzte Lesezeit":"1\u00a0Minute"},"schema":{"@context":"https:\/\/schema.org","@graph":[{"@type":"WebPage","@id":"https:\/\/www.naturparkmagazin.de\/sternberger-seenland\/16-bibertag-in-alt-necheln\/","url":"https:\/\/www.naturparkmagazin.de\/sternberger-seenland\/16-bibertag-in-alt-necheln\/","name":"16. Bibertag in Alt Necheln - Naturpark Sternberger Seenland","isPartOf":{"@id":"https:\/\/www.naturparkmagazin.de\/sternberger-seenland\/#website"},"datePublished":"2015-03-17T08:20:08+00:00","dateModified":"2015-03-17T08:20:08+00:00","author":{"@id":"https:\/\/www.naturparkmagazin.de\/sternberger-seenland\/#\/schema\/person\/712a5f470a8c286777fddf77babba74a"},"breadcrumb":{"@id":"https:\/\/www.naturparkmagazin.de\/sternberger-seenland\/16-bibertag-in-alt-necheln\/#breadcrumb"},"inLanguage":"de","potentialAction":[{"@type":"ReadAction","target":["https:\/\/www.naturparkmagazin.de\/sternberger-seenland\/16-bibertag-in-alt-necheln\/"]}]},{"@type":"BreadcrumbList","@id":"https:\/\/www.naturparkmagazin.de\/sternberger-seenland\/16-bibertag-in-alt-necheln\/#breadcrumb","itemListElement":[{"@type":"ListItem","position":1,"name":"Home","item":"https:\/\/www.naturparkmagazin.de\/sternberger-seenland\/"},{"@type":"ListItem","position":2,"name":"16. Bibertag in Alt Necheln"}]},{"@type":"WebSite","@id":"https:\/\/www.naturparkmagazin.de\/sternberger-seenland\/#website","url":"https:\/\/www.naturparkmagazin.de\/sternberger-seenland\/","name":"Naturpark Sternberger Seenland","description":"","potentialAction":[{"@type":"SearchAction","target":{"@type":"EntryPoint","urlTemplate":"https:\/\/www.naturparkmagazin.de\/sternberger-seenland\/?s={search_term_string}"},"query-input":"required name=search_term_string"}],"inLanguage":"de"},{"@type":"Person","@id":"https:\/\/www.naturparkmagazin.de\/sternberger-seenland\/#\/schema\/person\/712a5f470a8c286777fddf77babba74a","name":"janlippke","sameAs":["http:\/\/www.naturpark-sternberger-seenland.de"],"url":"https:\/\/www.naturparkmagazin.de\/sternberger-seenland\/author\/janlippke\/"}]}},"_links":{"self":[{"href":"https:\/\/www.naturparkmagazin.de\/sternberger-seenland\/wp-json\/wp\/v2\/posts\/731"}],"collection":[{"href":"https:\/\/www.naturparkmagazin.de\/sternberger-seenland\/wp-json\/wp\/v2\/posts"}],"about":[{"href":"https:\/\/www.naturparkmagazin.de\/sternberger-seenland\/wp-json\/wp\/v2\/types\/post"}],"author":[{"embeddable":true,"href":"https:\/\/www.naturparkmagazin.de\/sternberger-seenland\/wp-json\/wp\/v2\/users\/27"}],"replies":[{"embeddable":true,"href":"https:\/\/www.naturparkmagazin.de\/sternberger-seenland\/wp-json\/wp\/v2\/comments?post=731"}],"version-history":[{"count":2,"href":"https:\/\/www.naturparkmagazin.de\/sternberger-seenland\/wp-json\/wp\/v2\/posts\/731\/revisions"}],"predecessor-version":[{"id":734,"href":"https:\/\/www.naturparkmagazin.de\/sternberger-seenland\/wp-json\/wp\/v2\/posts\/731\/revisions\/734"}],"wp:featuredmedia":[{"embeddable":true,"href":"https:\/\/www.naturparkmagazin.de\/sternberger-seenland\/wp-json\/wp\/v2\/media\/733"}],"wp:attachment":[{"href":"https:\/\/www.naturparkmagazin.de\/sternberger-seenland\/wp-json\/wp\/v2\/media?parent=731"}],"wp:term":[{"taxonomy":"category","embeddable":true,"href":"https:\/\/www.naturparkmagazin.de\/sternberger-seenland\/wp-json\/wp\/v2\/categories?post=731"},{"taxonomy":"post_tag","embeddable":true,"href":"https:\/\/www.naturparkmagazin.de\/sternberger-seenland\/wp-json\/wp\/v2\/tags?post=731"}],"curies":[{"name":"wp","href":"https:\/\/api.w.org\/{rel}","templated":true}]}}