{"id":740,"date":"2015-03-17T09:16:38","date_gmt":"2015-03-17T08:16:38","guid":{"rendered":"http:\/\/www.naturparkmagazin.de\/sternberger-seenland\/?p=740"},"modified":"2015-03-25T14:26:57","modified_gmt":"2015-03-25T13:26:57","slug":"anpaddel-und-muellsammelaktion","status":"publish","type":"post","link":"https:\/\/www.naturparkmagazin.de\/sternberger-seenland\/anpaddel-und-muellsammelaktion\/","title":{"rendered":"Anpaddel- und M\u00fcllsammelaktion"},"content":{"rendered":"<p>Auch in diesem Jahr gibt es wieder eine Anpaddel- und M\u00fcllsammelaktion unter Regie des F\u00f6rdervereins Naturpark Sternberger Seenland e.V..<\/p>\n<p>Am 10.04.2015 ab 14 Uhr soll es\u00a0auf verschiedenen Strecken der Warnow und Mildenitz los gehen und der herumliegende M\u00fcll soll eingesammelt werden. Die beteiligten Kanuanbieter stellen die Boote zur Verf\u00fcgung und der eingesammelte M\u00fcll wird anschlie\u00dfend zentral entsorgt. In den vergangenen Jahren kamen auf diese Weise recht ansehnliche M\u00fcllberge zusammen, die ansonsten weiter die Landschaft verunstaltet h\u00e4tten. Anmelden kann sich jeder, der Lust und Zeit hat bei dieser Aktion mitzumachen. Anmeldung bitte bis sp\u00e4testens 08.04.2015 telefonisch unter 038482 \/ 23527-0 oder per mail an <a href=\"mailto:info-ssl@lung.mv-regierung.de\">info-ssl@lung.mv-regierung.de<\/a> (Naturparkverwaltung). Von hier aus wird koordiniert, wer auf welcher Strecke M\u00fcll sammelt, wo die Treffpunkte sind und welcher Kanuanbieter der jeweilige Ansprechpartner f\u00fcr die Teilnehmer ist.<\/p>\n<p>Im Anschluss an die Aktion soll wieder gegrillt werden, damit sich die Teilnehmer von den Anstrengungen erholen und sich st\u00e4rken k\u00f6nnen. Der Ort und die Uhrzeit daf\u00fcr wird bei der Anmeldung bekannt gegeben.<\/p>\n<div id=\"attachment_399\" style=\"width: 510px\" class=\"wp-caption alignnone\"><a href=\"https:\/\/www.naturparkmagazin.de\/sternberger-seenland\/wp-content\/uploads\/sites\/30\/Kanuten-auf-der-Warnow.jpg\"><img aria-describedby=\"caption-attachment-399\" decoding=\"async\" loading=\"lazy\" class=\"size-full wp-image-399\" alt=\"Copyright: Naturpark Sternberger Seenland\" src=\"https:\/\/www.naturparkmagazin.de\/sternberger-seenland\/wp-content\/uploads\/sites\/30\/Kanuten-auf-der-Warnow.jpg\" width=\"500\" height=\"300\" srcset=\"https:\/\/www.naturparkmagazin.de\/sternberger-seenland\/wp-content\/uploads\/sites\/30\/Kanuten-auf-der-Warnow.jpg 500w, https:\/\/www.naturparkmagazin.de\/sternberger-seenland\/wp-content\/uploads\/sites\/30\/Kanuten-auf-der-Warnow-300x180.jpg 300w, https:\/\/www.naturparkmagazin.de\/sternberger-seenland\/wp-content\/uploads\/sites\/30\/Kanuten-auf-der-Warnow-200x120.jpg 200w\" sizes=\"(max-width: 500px) 100vw, 500px\" \/><\/a><p id=\"caption-attachment-399\" class=\"wp-caption-text\">Copyright: Naturpark Sternberger Seenland<\/p><\/div>\n","protected":false},"excerpt":{"rendered":"<p>Auch in diesem Jahr gibt es wieder eine Anpaddel- und M\u00fcllsammelaktion unter Regie des F\u00f6rdervereins Naturpark Sternberger Seenland e.V..<\/p>\n","protected":false},"author":27,"featured_media":400,"comment_status":"open","ping_status":"open","sticky":false,"template":"","format":"standard","meta":[],"categories":[7],"tags":[],"yoast_head":"<!-- This site is optimized with the Yoast SEO plugin v19.10 - https:\/\/yoast.com\/wordpress\/plugins\/seo\/ -->\n<title>Anpaddel- und M\u00fcllsammelaktion - Naturpark Sternberger Seenland<\/title>\n<meta name=\"robots\" content=\"index, follow, max-snippet:-1, max-image-preview:large, max-video-preview:-1\" \/>\n<link rel=\"canonical\" href=\"https:\/\/www.naturparkmagazin.de\/sternberger-seenland\/anpaddel-und-muellsammelaktion\/\" \/>\n<meta property=\"og:locale\" content=\"de_DE\" \/>\n<meta property=\"og:type\" content=\"article\" \/>\n<meta property=\"og:title\" content=\"Anpaddel- und M\u00fcllsammelaktion - Naturpark Sternberger Seenland\" \/>\n<meta property=\"og:description\" content=\"Auch in diesem Jahr gibt es wieder eine Anpaddel- und M\u00fcllsammelaktion unter Regie des F\u00f6rdervereins Naturpark Sternberger Seenland e.V..\" \/>\n<meta property=\"og:url\" content=\"https:\/\/www.naturparkmagazin.de\/sternberger-seenland\/anpaddel-und-muellsammelaktion\/\" \/>\n<meta property=\"og:site_name\" content=\"Naturpark Sternberger Seenland\" \/>\n<meta property=\"article:published_time\" content=\"2015-03-17T08:16:38+00:00\" \/>\n<meta property=\"article:modified_time\" content=\"2015-03-25T13:26:57+00:00\" \/>\n<meta property=\"og:image\" content=\"https:\/\/www.naturparkmagazin.de\/sternberger-seenland\/wp-content\/uploads\/sites\/30\/Paddler.jpg\" \/>\n\t<meta property=\"og:image:width\" content=\"500\" \/>\n\t<meta property=\"og:image:height\" content=\"314\" \/>\n\t<meta property=\"og:image:type\" content=\"image\/jpeg\" \/>\n<meta name=\"author\" content=\"janlippke\" \/>\n<meta name=\"twitter:label1\" content=\"Verfasst von\" \/>\n\t<meta name=\"twitter:data1\" content=\"janlippke\" \/>\n\t<meta name=\"twitter:label2\" content=\"Gesch\u00e4tzte Lesezeit\" \/>\n\t<meta name=\"twitter:data2\" content=\"1\u00a0Minute\" \/>\n<script type=\"application\/ld+json\" class=\"yoast-schema-graph\">{\"@context\":\"https:\/\/schema.org\",\"@graph\":[{\"@type\":\"WebPage\",\"@id\":\"https:\/\/www.naturparkmagazin.de\/sternberger-seenland\/anpaddel-und-muellsammelaktion\/\",\"url\":\"https:\/\/www.naturparkmagazin.de\/sternberger-seenland\/anpaddel-und-muellsammelaktion\/\",\"name\":\"Anpaddel- und M\u00fcllsammelaktion - Naturpark Sternberger Seenland\",\"isPartOf\":{\"@id\":\"https:\/\/www.naturparkmagazin.de\/sternberger-seenland\/#website\"},\"datePublished\":\"2015-03-17T08:16:38+00:00\",\"dateModified\":\"2015-03-25T13:26:57+00:00\",\"author\":{\"@id\":\"https:\/\/www.naturparkmagazin.de\/sternberger-seenland\/#\/schema\/person\/712a5f470a8c286777fddf77babba74a\"},\"breadcrumb\":{\"@id\":\"https:\/\/www.naturparkmagazin.de\/sternberger-seenland\/anpaddel-und-muellsammelaktion\/#breadcrumb\"},\"inLanguage\":\"de\",\"potentialAction\":[{\"@type\":\"ReadAction\",\"target\":[\"https:\/\/www.naturparkmagazin.de\/sternberger-seenland\/anpaddel-und-muellsammelaktion\/\"]}]},{\"@type\":\"BreadcrumbList\",\"@id\":\"https:\/\/www.naturparkmagazin.de\/sternberger-seenland\/anpaddel-und-muellsammelaktion\/#breadcrumb\",\"itemListElement\":[{\"@type\":\"ListItem\",\"position\":1,\"name\":\"Home\",\"item\":\"https:\/\/www.naturparkmagazin.de\/sternberger-seenland\/\"},{\"@type\":\"ListItem\",\"position\":2,\"name\":\"Anpaddel- und M\u00fcllsammelaktion\"}]},{\"@type\":\"WebSite\",\"@id\":\"https:\/\/www.naturparkmagazin.de\/sternberger-seenland\/#website\",\"url\":\"https:\/\/www.naturparkmagazin.de\/sternberger-seenland\/\",\"name\":\"Naturpark Sternberger Seenland\",\"description\":\"\",\"potentialAction\":[{\"@type\":\"SearchAction\",\"target\":{\"@type\":\"EntryPoint\",\"urlTemplate\":\"https:\/\/www.naturparkmagazin.de\/sternberger-seenland\/?s={search_term_string}\"},\"query-input\":\"required name=search_term_string\"}],\"inLanguage\":\"de\"},{\"@type\":\"Person\",\"@id\":\"https:\/\/www.naturparkmagazin.de\/sternberger-seenland\/#\/schema\/person\/712a5f470a8c286777fddf77babba74a\",\"name\":\"janlippke\",\"sameAs\":[\"http:\/\/www.naturpark-sternberger-seenland.de\"],\"url\":\"https:\/\/www.naturparkmagazin.de\/sternberger-seenland\/author\/janlippke\/\"}]}<\/script>\n<!-- \/ Yoast SEO plugin. -->","yoast_head_json":{"title":"Anpaddel- und M\u00fcllsammelaktion - Naturpark Sternberger Seenland","robots":{"index":"index","follow":"follow","max-snippet":"max-snippet:-1","max-image-preview":"max-image-preview:large","max-video-preview":"max-video-preview:-1"},"canonical":"https:\/\/www.naturparkmagazin.de\/sternberger-seenland\/anpaddel-und-muellsammelaktion\/","og_locale":"de_DE","og_type":"article","og_title":"Anpaddel- und M\u00fcllsammelaktion - Naturpark Sternberger Seenland","og_description":"Auch in diesem Jahr gibt es wieder eine Anpaddel- und M\u00fcllsammelaktion unter Regie des F\u00f6rdervereins Naturpark Sternberger Seenland e.V..","og_url":"https:\/\/www.naturparkmagazin.de\/sternberger-seenland\/anpaddel-und-muellsammelaktion\/","og_site_name":"Naturpark Sternberger Seenland","article_published_time":"2015-03-17T08:16:38+00:00","article_modified_time":"2015-03-25T13:26:57+00:00","og_image":[{"width":500,"height":314,"url":"https:\/\/www.naturparkmagazin.de\/sternberger-seenland\/wp-content\/uploads\/sites\/30\/Paddler.jpg","type":"image\/jpeg"}],"author":"janlippke","twitter_misc":{"Verfasst von":"janlippke","Gesch\u00e4tzte Lesezeit":"1\u00a0Minute"},"schema":{"@context":"https:\/\/schema.org","@graph":[{"@type":"WebPage","@id":"https:\/\/www.naturparkmagazin.de\/sternberger-seenland\/anpaddel-und-muellsammelaktion\/","url":"https:\/\/www.naturparkmagazin.de\/sternberger-seenland\/anpaddel-und-muellsammelaktion\/","name":"Anpaddel- und M\u00fcllsammelaktion - Naturpark Sternberger Seenland","isPartOf":{"@id":"https:\/\/www.naturparkmagazin.de\/sternberger-seenland\/#website"},"datePublished":"2015-03-17T08:16:38+00:00","dateModified":"2015-03-25T13:26:57+00:00","author":{"@id":"https:\/\/www.naturparkmagazin.de\/sternberger-seenland\/#\/schema\/person\/712a5f470a8c286777fddf77babba74a"},"breadcrumb":{"@id":"https:\/\/www.naturparkmagazin.de\/sternberger-seenland\/anpaddel-und-muellsammelaktion\/#breadcrumb"},"inLanguage":"de","potentialAction":[{"@type":"ReadAction","target":["https:\/\/www.naturparkmagazin.de\/sternberger-seenland\/anpaddel-und-muellsammelaktion\/"]}]},{"@type":"BreadcrumbList","@id":"https:\/\/www.naturparkmagazin.de\/sternberger-seenland\/anpaddel-und-muellsammelaktion\/#breadcrumb","itemListElement":[{"@type":"ListItem","position":1,"name":"Home","item":"https:\/\/www.naturparkmagazin.de\/sternberger-seenland\/"},{"@type":"ListItem","position":2,"name":"Anpaddel- und M\u00fcllsammelaktion"}]},{"@type":"WebSite","@id":"https:\/\/www.naturparkmagazin.de\/sternberger-seenland\/#website","url":"https:\/\/www.naturparkmagazin.de\/sternberger-seenland\/","name":"Naturpark Sternberger Seenland","description":"","potentialAction":[{"@type":"SearchAction","target":{"@type":"EntryPoint","urlTemplate":"https:\/\/www.naturparkmagazin.de\/sternberger-seenland\/?s={search_term_string}"},"query-input":"required name=search_term_string"}],"inLanguage":"de"},{"@type":"Person","@id":"https:\/\/www.naturparkmagazin.de\/sternberger-seenland\/#\/schema\/person\/712a5f470a8c286777fddf77babba74a","name":"janlippke","sameAs":["http:\/\/www.naturpark-sternberger-seenland.de"],"url":"https:\/\/www.naturparkmagazin.de\/sternberger-seenland\/author\/janlippke\/"}]}},"_links":{"self":[{"href":"https:\/\/www.naturparkmagazin.de\/sternberger-seenland\/wp-json\/wp\/v2\/posts\/740"}],"collection":[{"href":"https:\/\/www.naturparkmagazin.de\/sternberger-seenland\/wp-json\/wp\/v2\/posts"}],"about":[{"href":"https:\/\/www.naturparkmagazin.de\/sternberger-seenland\/wp-json\/wp\/v2\/types\/post"}],"author":[{"embeddable":true,"href":"https:\/\/www.naturparkmagazin.de\/sternberger-seenland\/wp-json\/wp\/v2\/users\/27"}],"replies":[{"embeddable":true,"href":"https:\/\/www.naturparkmagazin.de\/sternberger-seenland\/wp-json\/wp\/v2\/comments?post=740"}],"version-history":[{"count":2,"href":"https:\/\/www.naturparkmagazin.de\/sternberger-seenland\/wp-json\/wp\/v2\/posts\/740\/revisions"}],"predecessor-version":[{"id":750,"href":"https:\/\/www.naturparkmagazin.de\/sternberger-seenland\/wp-json\/wp\/v2\/posts\/740\/revisions\/750"}],"wp:featuredmedia":[{"embeddable":true,"href":"https:\/\/www.naturparkmagazin.de\/sternberger-seenland\/wp-json\/wp\/v2\/media\/400"}],"wp:attachment":[{"href":"https:\/\/www.naturparkmagazin.de\/sternberger-seenland\/wp-json\/wp\/v2\/media?parent=740"}],"wp:term":[{"taxonomy":"category","embeddable":true,"href":"https:\/\/www.naturparkmagazin.de\/sternberger-seenland\/wp-json\/wp\/v2\/categories?post=740"},{"taxonomy":"post_tag","embeddable":true,"href":"https:\/\/www.naturparkmagazin.de\/sternberger-seenland\/wp-json\/wp\/v2\/tags?post=740"}],"curies":[{"name":"wp","href":"https:\/\/api.w.org\/{rel}","templated":true}]}}