{"id":860,"date":"2015-07-16T11:19:33","date_gmt":"2015-07-16T09:19:33","guid":{"rendered":"http:\/\/www.naturparkmagazin.de\/sternberger-seenland\/?p=860"},"modified":"2015-07-27T13:29:20","modified_gmt":"2015-07-27T11:29:20","slug":"ausstellung-im-naturparkzentrum-2","status":"publish","type":"post","link":"https:\/\/www.naturparkmagazin.de\/sternberger-seenland\/ausstellung-im-naturparkzentrum-2\/","title":{"rendered":"Ausstellung im Naturparkzentrum"},"content":{"rendered":"<div id=\"attachment_864\" style=\"width: 310px\" class=\"wp-caption alignnone\"><a href=\"https:\/\/www.naturparkmagazin.de\/sternberger-seenland\/wp-content\/uploads\/sites\/30\/Bild_Handorf1.jpg\"><img aria-describedby=\"caption-attachment-864\" decoding=\"async\" loading=\"lazy\" class=\"size-full wp-image-864\" src=\"https:\/\/www.naturparkmagazin.de\/sternberger-seenland\/wp-content\/uploads\/sites\/30\/Bild_Handorf1.jpg\" alt=\"Bild Handorf\" width=\"300\" height=\"500\" \/><\/a><p id=\"caption-attachment-864\" class=\"wp-caption-text\">Bild Handorf<\/p><\/div>\n<p>Vom 19.08. bis zum 21.09. zeigt die K\u00fcnstlerin Brunhilde Handorf aus Klein Labenz alte und neue Arbeiten unter dem Titel &#8222;Gezeiten&#8220;.<\/p>\n<p>Zu sehen sein werden verschiedene Arbeiten in \u00d6l, Acryl, Aquarell und Rohfeder. Die Besucher k\u00f6nnen schon gespannt sein, anzuschauen ist die Ausstellung zu den \u00d6ffnungszeiten des Naturparkzentrums, t\u00e4glich von 10-18 Uhr. Der Termin f\u00fcr die Er\u00f6ffnungsveranstaltung wird noch in der lokalen Presse bekannt gegeben.<\/p>\n","protected":false},"excerpt":{"rendered":"<p>Vom 19.08. bis zum 21.09. zeigt die K\u00fcnstlerin Brunhilde Handorf aus Klein Labenz alte und neue Arbeiten unter dem Titel &#8222;Gezeiten&#8220;. Zu sehen sein werden verschiedene Arbeiten in \u00d6l, Acryl, Aquarell und Rohfeder. <\/p>\n","protected":false},"author":27,"featured_media":0,"comment_status":"open","ping_status":"open","sticky":false,"template":"","format":"standard","meta":[],"categories":[7],"tags":[],"yoast_head":"<!-- This site is optimized with the Yoast SEO plugin v19.10 - https:\/\/yoast.com\/wordpress\/plugins\/seo\/ -->\n<title>Ausstellung im Naturparkzentrum - Naturpark Sternberger Seenland<\/title>\n<meta name=\"robots\" content=\"index, follow, max-snippet:-1, max-image-preview:large, max-video-preview:-1\" \/>\n<link rel=\"canonical\" href=\"https:\/\/www.naturparkmagazin.de\/sternberger-seenland\/ausstellung-im-naturparkzentrum-2\/\" \/>\n<meta property=\"og:locale\" content=\"de_DE\" \/>\n<meta property=\"og:type\" content=\"article\" \/>\n<meta property=\"og:title\" content=\"Ausstellung im Naturparkzentrum - Naturpark Sternberger Seenland\" \/>\n<meta property=\"og:description\" content=\"Vom 19.08. bis zum 21.09. zeigt die K\u00fcnstlerin Brunhilde Handorf aus Klein Labenz alte und neue Arbeiten unter dem Titel &quot;Gezeiten&quot;. Zu sehen sein werden verschiedene Arbeiten in \u00d6l, Acryl, Aquarell und Rohfeder.\" \/>\n<meta property=\"og:url\" content=\"https:\/\/www.naturparkmagazin.de\/sternberger-seenland\/ausstellung-im-naturparkzentrum-2\/\" \/>\n<meta property=\"og:site_name\" content=\"Naturpark Sternberger Seenland\" \/>\n<meta property=\"article:published_time\" content=\"2015-07-16T09:19:33+00:00\" \/>\n<meta property=\"article:modified_time\" content=\"2015-07-27T11:29:20+00:00\" \/>\n<meta property=\"og:image\" content=\"https:\/\/www.naturparkmagazin.de\/sternberger-seenland\/wp-content\/uploads\/sites\/30\/Bild_Handorf1.jpg\" \/>\n<meta name=\"author\" content=\"janlippke\" \/>\n<meta name=\"twitter:label1\" content=\"Verfasst von\" \/>\n\t<meta name=\"twitter:data1\" content=\"janlippke\" \/>\n<script type=\"application\/ld+json\" class=\"yoast-schema-graph\">{\"@context\":\"https:\/\/schema.org\",\"@graph\":[{\"@type\":\"WebPage\",\"@id\":\"https:\/\/www.naturparkmagazin.de\/sternberger-seenland\/ausstellung-im-naturparkzentrum-2\/\",\"url\":\"https:\/\/www.naturparkmagazin.de\/sternberger-seenland\/ausstellung-im-naturparkzentrum-2\/\",\"name\":\"Ausstellung im Naturparkzentrum - Naturpark Sternberger Seenland\",\"isPartOf\":{\"@id\":\"https:\/\/www.naturparkmagazin.de\/sternberger-seenland\/#website\"},\"datePublished\":\"2015-07-16T09:19:33+00:00\",\"dateModified\":\"2015-07-27T11:29:20+00:00\",\"author\":{\"@id\":\"https:\/\/www.naturparkmagazin.de\/sternberger-seenland\/#\/schema\/person\/712a5f470a8c286777fddf77babba74a\"},\"breadcrumb\":{\"@id\":\"https:\/\/www.naturparkmagazin.de\/sternberger-seenland\/ausstellung-im-naturparkzentrum-2\/#breadcrumb\"},\"inLanguage\":\"de\",\"potentialAction\":[{\"@type\":\"ReadAction\",\"target\":[\"https:\/\/www.naturparkmagazin.de\/sternberger-seenland\/ausstellung-im-naturparkzentrum-2\/\"]}]},{\"@type\":\"BreadcrumbList\",\"@id\":\"https:\/\/www.naturparkmagazin.de\/sternberger-seenland\/ausstellung-im-naturparkzentrum-2\/#breadcrumb\",\"itemListElement\":[{\"@type\":\"ListItem\",\"position\":1,\"name\":\"Home\",\"item\":\"https:\/\/www.naturparkmagazin.de\/sternberger-seenland\/\"},{\"@type\":\"ListItem\",\"position\":2,\"name\":\"Ausstellung im Naturparkzentrum\"}]},{\"@type\":\"WebSite\",\"@id\":\"https:\/\/www.naturparkmagazin.de\/sternberger-seenland\/#website\",\"url\":\"https:\/\/www.naturparkmagazin.de\/sternberger-seenland\/\",\"name\":\"Naturpark Sternberger Seenland\",\"description\":\"\",\"potentialAction\":[{\"@type\":\"SearchAction\",\"target\":{\"@type\":\"EntryPoint\",\"urlTemplate\":\"https:\/\/www.naturparkmagazin.de\/sternberger-seenland\/?s={search_term_string}\"},\"query-input\":\"required name=search_term_string\"}],\"inLanguage\":\"de\"},{\"@type\":\"Person\",\"@id\":\"https:\/\/www.naturparkmagazin.de\/sternberger-seenland\/#\/schema\/person\/712a5f470a8c286777fddf77babba74a\",\"name\":\"janlippke\",\"sameAs\":[\"http:\/\/www.naturpark-sternberger-seenland.de\"],\"url\":\"https:\/\/www.naturparkmagazin.de\/sternberger-seenland\/author\/janlippke\/\"}]}<\/script>\n<!-- \/ Yoast SEO plugin. -->","yoast_head_json":{"title":"Ausstellung im Naturparkzentrum - Naturpark Sternberger Seenland","robots":{"index":"index","follow":"follow","max-snippet":"max-snippet:-1","max-image-preview":"max-image-preview:large","max-video-preview":"max-video-preview:-1"},"canonical":"https:\/\/www.naturparkmagazin.de\/sternberger-seenland\/ausstellung-im-naturparkzentrum-2\/","og_locale":"de_DE","og_type":"article","og_title":"Ausstellung im Naturparkzentrum - Naturpark Sternberger Seenland","og_description":"Vom 19.08. bis zum 21.09. zeigt die K\u00fcnstlerin Brunhilde Handorf aus Klein Labenz alte und neue Arbeiten unter dem Titel \"Gezeiten\". Zu sehen sein werden verschiedene Arbeiten in \u00d6l, Acryl, Aquarell und Rohfeder.","og_url":"https:\/\/www.naturparkmagazin.de\/sternberger-seenland\/ausstellung-im-naturparkzentrum-2\/","og_site_name":"Naturpark Sternberger Seenland","article_published_time":"2015-07-16T09:19:33+00:00","article_modified_time":"2015-07-27T11:29:20+00:00","og_image":[{"url":"https:\/\/www.naturparkmagazin.de\/sternberger-seenland\/wp-content\/uploads\/sites\/30\/Bild_Handorf1.jpg"}],"author":"janlippke","twitter_misc":{"Verfasst von":"janlippke"},"schema":{"@context":"https:\/\/schema.org","@graph":[{"@type":"WebPage","@id":"https:\/\/www.naturparkmagazin.de\/sternberger-seenland\/ausstellung-im-naturparkzentrum-2\/","url":"https:\/\/www.naturparkmagazin.de\/sternberger-seenland\/ausstellung-im-naturparkzentrum-2\/","name":"Ausstellung im Naturparkzentrum - Naturpark Sternberger Seenland","isPartOf":{"@id":"https:\/\/www.naturparkmagazin.de\/sternberger-seenland\/#website"},"datePublished":"2015-07-16T09:19:33+00:00","dateModified":"2015-07-27T11:29:20+00:00","author":{"@id":"https:\/\/www.naturparkmagazin.de\/sternberger-seenland\/#\/schema\/person\/712a5f470a8c286777fddf77babba74a"},"breadcrumb":{"@id":"https:\/\/www.naturparkmagazin.de\/sternberger-seenland\/ausstellung-im-naturparkzentrum-2\/#breadcrumb"},"inLanguage":"de","potentialAction":[{"@type":"ReadAction","target":["https:\/\/www.naturparkmagazin.de\/sternberger-seenland\/ausstellung-im-naturparkzentrum-2\/"]}]},{"@type":"BreadcrumbList","@id":"https:\/\/www.naturparkmagazin.de\/sternberger-seenland\/ausstellung-im-naturparkzentrum-2\/#breadcrumb","itemListElement":[{"@type":"ListItem","position":1,"name":"Home","item":"https:\/\/www.naturparkmagazin.de\/sternberger-seenland\/"},{"@type":"ListItem","position":2,"name":"Ausstellung im Naturparkzentrum"}]},{"@type":"WebSite","@id":"https:\/\/www.naturparkmagazin.de\/sternberger-seenland\/#website","url":"https:\/\/www.naturparkmagazin.de\/sternberger-seenland\/","name":"Naturpark Sternberger Seenland","description":"","potentialAction":[{"@type":"SearchAction","target":{"@type":"EntryPoint","urlTemplate":"https:\/\/www.naturparkmagazin.de\/sternberger-seenland\/?s={search_term_string}"},"query-input":"required name=search_term_string"}],"inLanguage":"de"},{"@type":"Person","@id":"https:\/\/www.naturparkmagazin.de\/sternberger-seenland\/#\/schema\/person\/712a5f470a8c286777fddf77babba74a","name":"janlippke","sameAs":["http:\/\/www.naturpark-sternberger-seenland.de"],"url":"https:\/\/www.naturparkmagazin.de\/sternberger-seenland\/author\/janlippke\/"}]}},"_links":{"self":[{"href":"https:\/\/www.naturparkmagazin.de\/sternberger-seenland\/wp-json\/wp\/v2\/posts\/860"}],"collection":[{"href":"https:\/\/www.naturparkmagazin.de\/sternberger-seenland\/wp-json\/wp\/v2\/posts"}],"about":[{"href":"https:\/\/www.naturparkmagazin.de\/sternberger-seenland\/wp-json\/wp\/v2\/types\/post"}],"author":[{"embeddable":true,"href":"https:\/\/www.naturparkmagazin.de\/sternberger-seenland\/wp-json\/wp\/v2\/users\/27"}],"replies":[{"embeddable":true,"href":"https:\/\/www.naturparkmagazin.de\/sternberger-seenland\/wp-json\/wp\/v2\/comments?post=860"}],"version-history":[{"count":4,"href":"https:\/\/www.naturparkmagazin.de\/sternberger-seenland\/wp-json\/wp\/v2\/posts\/860\/revisions"}],"predecessor-version":[{"id":870,"href":"https:\/\/www.naturparkmagazin.de\/sternberger-seenland\/wp-json\/wp\/v2\/posts\/860\/revisions\/870"}],"wp:attachment":[{"href":"https:\/\/www.naturparkmagazin.de\/sternberger-seenland\/wp-json\/wp\/v2\/media?parent=860"}],"wp:term":[{"taxonomy":"category","embeddable":true,"href":"https:\/\/www.naturparkmagazin.de\/sternberger-seenland\/wp-json\/wp\/v2\/categories?post=860"},{"taxonomy":"post_tag","embeddable":true,"href":"https:\/\/www.naturparkmagazin.de\/sternberger-seenland\/wp-json\/wp\/v2\/tags?post=860"}],"curies":[{"name":"wp","href":"https:\/\/api.w.org\/{rel}","templated":true}]}}