{"id":877,"date":"2015-08-14T16:48:18","date_gmt":"2015-08-14T14:48:18","guid":{"rendered":"http:\/\/www.naturparkmagazin.de\/sternberger-seenland\/?p=877"},"modified":"2015-08-24T14:53:47","modified_gmt":"2015-08-24T12:53:47","slug":"vortrag-und-ausstellung-ueber-den-geologen-eugen-geinitz","status":"publish","type":"post","link":"https:\/\/www.naturparkmagazin.de\/sternberger-seenland\/vortrag-und-ausstellung-ueber-den-geologen-eugen-geinitz\/","title":{"rendered":"Vortrag und Ausstellung \u00fcber den Geologen Eugen Geinitz"},"content":{"rendered":"<div id=\"attachment_878\" style=\"width: 510px\" class=\"wp-caption alignnone\"><a href=\"https:\/\/www.naturparkmagazin.de\/sternberger-seenland\/wp-content\/uploads\/sites\/30\/geologie_SW_1915_poster_verkleinert.jpg\"><img aria-describedby=\"caption-attachment-878\" decoding=\"async\" loading=\"lazy\" class=\"size-full wp-image-878\" src=\"https:\/\/www.naturparkmagazin.de\/sternberger-seenland\/wp-content\/uploads\/sites\/30\/geologie_SW_1915_poster_verkleinert.jpg\" alt=\"geologische Karte von 1915\" width=\"500\" height=\"300\" \/><\/a><p id=\"caption-attachment-878\" class=\"wp-caption-text\">geologische Karte von 1915<\/p><\/div>\n<p>Am 24. September wird im Naturparkzentrum in Warin eine Ausstellung \u00fcber das Leben und Wirken des Geologen Eugen Geinitz er\u00f6ffnet. Unser Kollege Karsten Sch\u00fctze aus dem Landesamt f\u00fcr Umwelt, Naturschutz und Geologie hat die Materialien zusammengetragen und wird am 24.09.2015 um 19 Uhr mit einem Vortrag diese Ausstellung er\u00f6ffnen.<\/p>\n<p>Eugen Geinitz, von 1878 bis 1925 in Rostock t\u00e4tig, war der Gr\u00fcnder der ersten geologischen Landesanstalt Mecklenburgs und Verfasser von etwa 230 Arbeiten zur Geologie Mecklenburgs.<\/p>\n<ul>\n<li>geb. 15.Februar &#8211; 1854 Dresden<\/li>\n<li>3. Mai 1876 &#8211; Dr. phil. in Dresden<\/li>\n<li>16. Juni 1877 &#8211; Privatdozent in Heidelberg<\/li>\n<li>1. Oktober 1878 &#8211; a.o. Professor f\u00fcr Mineralogie und Geologie in Rostock<\/li>\n<li>16. April 1881 &#8211;\u00a0o. Professor f\u00fcr Mineralogie und Geologie in Rostock, Direktor des Mineralogisch-geologischen Institutes<\/li>\n<li>ab 1889 &#8211; Direktor der Meckl. Schwerinschen geologischen Landesanstalt, Mitglied des Kuratoriums f\u00fcr landwirtschaftliche Versuchstation, Mitglied der Pr\u00fcfungskommission f\u00fcr Kandidaten des H\u00f6heren Lehramtes<\/li>\n<li>gest. 9. M\u00e4rz 1925 &#8211; Rostock<\/li>\n<\/ul>\n<p>Mit der Berufung Eugen Geinitz auf den neugegr\u00fcndeten Lehrstuhl f\u00fcr Mineralogie und Geologie an der Universit\u00e4t Rostock setzte die eigentliche geowissenschaftliche Landeserforschung in Mecklenburg-Vorpommern ein. Die gutachterliche T\u00e4tigkeit von Geinitz f\u00fchrte 1889 zur Gr\u00fcndung der \u201eGro\u00dfherzoglichen Mecklenburgischen Landesanstalt, die r\u00e4umlich, personell und fiskalisch dem Mineralogischen Institut der Universit\u00e4t Rostock angeschlossen war. Er war intensiv bem\u00fcht, die geologische Kartierung des Landes einzuleiten, was in der Folgezeit jedoch mehrfach an der konservativen Haltung des Landtages scheiterte. Geinitz dokumentierte die Ergebnisse seiner systematischen Befahrungen des Landes in etwa 230 Arbeiten, behandelte aber nicht nur stratigraphische, regionalgeologische und quart\u00e4rgeologische Grundsatzthemen in seinen Arbeiten, sondern gab auch Empfehlungen f\u00fcr die Landwirtschaft und den Bergbau vor allem in S\u00fcdwest-Mecklenburg. In der zweib\u00e4ndigen \u201eGeologie Mecklenburgs (erschienen 1922) hat er sein Lebenswerk zusammengefasst. Sein wissenschaftlicher Nachlass, das sogenannte Geinitzarchiv, befindet sich heute im Archiv des Landesamtes f\u00fcr Umwelt, Naturschutz und Geologie in G\u00fcstrow. An einer seiner Wirkungsst\u00e4tten, dem Geinitzort am Kliff der Stolteraa westlich Warnem\u00fcnde, erinnert noch heute der Geinitzstein an ihn.<\/p>\n<p>Die Ausstellung im Naturpark Sternberger Seenland\u00a0zeigt Einblicke in das Schaffen Geinitz und pr\u00e4sentiert Unterlagen und Dokumente zu unterschiedlichen geologischen Fragestellungen, wie K\u00fcstengeologie, Brunnenbohrungen, Wasserversorgung von St\u00e4dten als auch zu Fragen des Salz- und Braunkohlebergbaus im S\u00fcdwesten ds Landes M-V.<\/p>\n","protected":false},"excerpt":{"rendered":"<p>Am 24. September wird im Naturparkzentrum in Warin eine Ausstellung \u00fcber das Leben und Wirken des Geologen Eugen Geinitz er\u00f6ffnet. Unser Kollege Karsten Sch\u00fctze aus dem Landesamt f\u00fcr Umwelt, Naturschutz und Geologie hat die Materialien zusammengetragen und wird am 24.09.2015 um 19 Uhr mit einem Vortrag diese Ausstellung er\u00f6ffnen.<\/p>\n","protected":false},"author":27,"featured_media":0,"comment_status":"open","ping_status":"open","sticky":false,"template":"","format":"standard","meta":[],"categories":[11],"tags":[],"yoast_head":"<!-- This site is optimized with the Yoast SEO plugin v19.10 - https:\/\/yoast.com\/wordpress\/plugins\/seo\/ -->\n<title>Vortrag und Ausstellung \u00fcber den Geologen Eugen Geinitz - Naturpark Sternberger Seenland<\/title>\n<meta name=\"robots\" content=\"index, follow, max-snippet:-1, max-image-preview:large, max-video-preview:-1\" \/>\n<link rel=\"canonical\" href=\"https:\/\/www.naturparkmagazin.de\/sternberger-seenland\/vortrag-und-ausstellung-ueber-den-geologen-eugen-geinitz\/\" \/>\n<meta property=\"og:locale\" content=\"de_DE\" \/>\n<meta property=\"og:type\" content=\"article\" \/>\n<meta property=\"og:title\" content=\"Vortrag und Ausstellung \u00fcber den Geologen Eugen Geinitz - Naturpark Sternberger Seenland\" \/>\n<meta property=\"og:description\" content=\"Am 24. September wird im Naturparkzentrum in Warin eine Ausstellung \u00fcber das Leben und Wirken des Geologen Eugen Geinitz er\u00f6ffnet. Unser Kollege Karsten Sch\u00fctze aus dem Landesamt f\u00fcr Umwelt, Naturschutz und Geologie hat die Materialien zusammengetragen und wird am 24.09.2015 um 19 Uhr mit einem Vortrag diese Ausstellung er\u00f6ffnen.\" \/>\n<meta property=\"og:url\" content=\"https:\/\/www.naturparkmagazin.de\/sternberger-seenland\/vortrag-und-ausstellung-ueber-den-geologen-eugen-geinitz\/\" \/>\n<meta property=\"og:site_name\" content=\"Naturpark Sternberger Seenland\" \/>\n<meta property=\"article:published_time\" content=\"2015-08-14T14:48:18+00:00\" \/>\n<meta property=\"article:modified_time\" content=\"2015-08-24T12:53:47+00:00\" \/>\n<meta property=\"og:image\" content=\"https:\/\/www.naturparkmagazin.de\/sternberger-seenland\/wp-content\/uploads\/sites\/30\/geologie_SW_1915_poster_verkleinert.jpg\" \/>\n<meta name=\"author\" content=\"janlippke\" \/>\n<meta name=\"twitter:label1\" content=\"Verfasst von\" \/>\n\t<meta name=\"twitter:data1\" content=\"janlippke\" \/>\n\t<meta name=\"twitter:label2\" content=\"Gesch\u00e4tzte Lesezeit\" \/>\n\t<meta name=\"twitter:data2\" content=\"2\u00a0Minuten\" \/>\n<script type=\"application\/ld+json\" class=\"yoast-schema-graph\">{\"@context\":\"https:\/\/schema.org\",\"@graph\":[{\"@type\":\"WebPage\",\"@id\":\"https:\/\/www.naturparkmagazin.de\/sternberger-seenland\/vortrag-und-ausstellung-ueber-den-geologen-eugen-geinitz\/\",\"url\":\"https:\/\/www.naturparkmagazin.de\/sternberger-seenland\/vortrag-und-ausstellung-ueber-den-geologen-eugen-geinitz\/\",\"name\":\"Vortrag und Ausstellung \u00fcber den Geologen Eugen Geinitz - Naturpark Sternberger Seenland\",\"isPartOf\":{\"@id\":\"https:\/\/www.naturparkmagazin.de\/sternberger-seenland\/#website\"},\"datePublished\":\"2015-08-14T14:48:18+00:00\",\"dateModified\":\"2015-08-24T12:53:47+00:00\",\"author\":{\"@id\":\"https:\/\/www.naturparkmagazin.de\/sternberger-seenland\/#\/schema\/person\/712a5f470a8c286777fddf77babba74a\"},\"breadcrumb\":{\"@id\":\"https:\/\/www.naturparkmagazin.de\/sternberger-seenland\/vortrag-und-ausstellung-ueber-den-geologen-eugen-geinitz\/#breadcrumb\"},\"inLanguage\":\"de\",\"potentialAction\":[{\"@type\":\"ReadAction\",\"target\":[\"https:\/\/www.naturparkmagazin.de\/sternberger-seenland\/vortrag-und-ausstellung-ueber-den-geologen-eugen-geinitz\/\"]}]},{\"@type\":\"BreadcrumbList\",\"@id\":\"https:\/\/www.naturparkmagazin.de\/sternberger-seenland\/vortrag-und-ausstellung-ueber-den-geologen-eugen-geinitz\/#breadcrumb\",\"itemListElement\":[{\"@type\":\"ListItem\",\"position\":1,\"name\":\"Home\",\"item\":\"https:\/\/www.naturparkmagazin.de\/sternberger-seenland\/\"},{\"@type\":\"ListItem\",\"position\":2,\"name\":\"Vortrag und Ausstellung \u00fcber den Geologen Eugen Geinitz\"}]},{\"@type\":\"WebSite\",\"@id\":\"https:\/\/www.naturparkmagazin.de\/sternberger-seenland\/#website\",\"url\":\"https:\/\/www.naturparkmagazin.de\/sternberger-seenland\/\",\"name\":\"Naturpark Sternberger Seenland\",\"description\":\"\",\"potentialAction\":[{\"@type\":\"SearchAction\",\"target\":{\"@type\":\"EntryPoint\",\"urlTemplate\":\"https:\/\/www.naturparkmagazin.de\/sternberger-seenland\/?s={search_term_string}\"},\"query-input\":\"required name=search_term_string\"}],\"inLanguage\":\"de\"},{\"@type\":\"Person\",\"@id\":\"https:\/\/www.naturparkmagazin.de\/sternberger-seenland\/#\/schema\/person\/712a5f470a8c286777fddf77babba74a\",\"name\":\"janlippke\",\"sameAs\":[\"http:\/\/www.naturpark-sternberger-seenland.de\"],\"url\":\"https:\/\/www.naturparkmagazin.de\/sternberger-seenland\/author\/janlippke\/\"}]}<\/script>\n<!-- \/ Yoast SEO plugin. -->","yoast_head_json":{"title":"Vortrag und Ausstellung \u00fcber den Geologen Eugen Geinitz - Naturpark Sternberger Seenland","robots":{"index":"index","follow":"follow","max-snippet":"max-snippet:-1","max-image-preview":"max-image-preview:large","max-video-preview":"max-video-preview:-1"},"canonical":"https:\/\/www.naturparkmagazin.de\/sternberger-seenland\/vortrag-und-ausstellung-ueber-den-geologen-eugen-geinitz\/","og_locale":"de_DE","og_type":"article","og_title":"Vortrag und Ausstellung \u00fcber den Geologen Eugen Geinitz - Naturpark Sternberger Seenland","og_description":"Am 24. September wird im Naturparkzentrum in Warin eine Ausstellung \u00fcber das Leben und Wirken des Geologen Eugen Geinitz er\u00f6ffnet. Unser Kollege Karsten Sch\u00fctze aus dem Landesamt f\u00fcr Umwelt, Naturschutz und Geologie hat die Materialien zusammengetragen und wird am 24.09.2015 um 19 Uhr mit einem Vortrag diese Ausstellung er\u00f6ffnen.","og_url":"https:\/\/www.naturparkmagazin.de\/sternberger-seenland\/vortrag-und-ausstellung-ueber-den-geologen-eugen-geinitz\/","og_site_name":"Naturpark Sternberger Seenland","article_published_time":"2015-08-14T14:48:18+00:00","article_modified_time":"2015-08-24T12:53:47+00:00","og_image":[{"url":"https:\/\/www.naturparkmagazin.de\/sternberger-seenland\/wp-content\/uploads\/sites\/30\/geologie_SW_1915_poster_verkleinert.jpg"}],"author":"janlippke","twitter_misc":{"Verfasst von":"janlippke","Gesch\u00e4tzte Lesezeit":"2\u00a0Minuten"},"schema":{"@context":"https:\/\/schema.org","@graph":[{"@type":"WebPage","@id":"https:\/\/www.naturparkmagazin.de\/sternberger-seenland\/vortrag-und-ausstellung-ueber-den-geologen-eugen-geinitz\/","url":"https:\/\/www.naturparkmagazin.de\/sternberger-seenland\/vortrag-und-ausstellung-ueber-den-geologen-eugen-geinitz\/","name":"Vortrag und Ausstellung \u00fcber den Geologen Eugen Geinitz - Naturpark Sternberger Seenland","isPartOf":{"@id":"https:\/\/www.naturparkmagazin.de\/sternberger-seenland\/#website"},"datePublished":"2015-08-14T14:48:18+00:00","dateModified":"2015-08-24T12:53:47+00:00","author":{"@id":"https:\/\/www.naturparkmagazin.de\/sternberger-seenland\/#\/schema\/person\/712a5f470a8c286777fddf77babba74a"},"breadcrumb":{"@id":"https:\/\/www.naturparkmagazin.de\/sternberger-seenland\/vortrag-und-ausstellung-ueber-den-geologen-eugen-geinitz\/#breadcrumb"},"inLanguage":"de","potentialAction":[{"@type":"ReadAction","target":["https:\/\/www.naturparkmagazin.de\/sternberger-seenland\/vortrag-und-ausstellung-ueber-den-geologen-eugen-geinitz\/"]}]},{"@type":"BreadcrumbList","@id":"https:\/\/www.naturparkmagazin.de\/sternberger-seenland\/vortrag-und-ausstellung-ueber-den-geologen-eugen-geinitz\/#breadcrumb","itemListElement":[{"@type":"ListItem","position":1,"name":"Home","item":"https:\/\/www.naturparkmagazin.de\/sternberger-seenland\/"},{"@type":"ListItem","position":2,"name":"Vortrag und Ausstellung \u00fcber den Geologen Eugen Geinitz"}]},{"@type":"WebSite","@id":"https:\/\/www.naturparkmagazin.de\/sternberger-seenland\/#website","url":"https:\/\/www.naturparkmagazin.de\/sternberger-seenland\/","name":"Naturpark Sternberger Seenland","description":"","potentialAction":[{"@type":"SearchAction","target":{"@type":"EntryPoint","urlTemplate":"https:\/\/www.naturparkmagazin.de\/sternberger-seenland\/?s={search_term_string}"},"query-input":"required name=search_term_string"}],"inLanguage":"de"},{"@type":"Person","@id":"https:\/\/www.naturparkmagazin.de\/sternberger-seenland\/#\/schema\/person\/712a5f470a8c286777fddf77babba74a","name":"janlippke","sameAs":["http:\/\/www.naturpark-sternberger-seenland.de"],"url":"https:\/\/www.naturparkmagazin.de\/sternberger-seenland\/author\/janlippke\/"}]}},"_links":{"self":[{"href":"https:\/\/www.naturparkmagazin.de\/sternberger-seenland\/wp-json\/wp\/v2\/posts\/877"}],"collection":[{"href":"https:\/\/www.naturparkmagazin.de\/sternberger-seenland\/wp-json\/wp\/v2\/posts"}],"about":[{"href":"https:\/\/www.naturparkmagazin.de\/sternberger-seenland\/wp-json\/wp\/v2\/types\/post"}],"author":[{"embeddable":true,"href":"https:\/\/www.naturparkmagazin.de\/sternberger-seenland\/wp-json\/wp\/v2\/users\/27"}],"replies":[{"embeddable":true,"href":"https:\/\/www.naturparkmagazin.de\/sternberger-seenland\/wp-json\/wp\/v2\/comments?post=877"}],"version-history":[{"count":2,"href":"https:\/\/www.naturparkmagazin.de\/sternberger-seenland\/wp-json\/wp\/v2\/posts\/877\/revisions"}],"predecessor-version":[{"id":897,"href":"https:\/\/www.naturparkmagazin.de\/sternberger-seenland\/wp-json\/wp\/v2\/posts\/877\/revisions\/897"}],"wp:attachment":[{"href":"https:\/\/www.naturparkmagazin.de\/sternberger-seenland\/wp-json\/wp\/v2\/media?parent=877"}],"wp:term":[{"taxonomy":"category","embeddable":true,"href":"https:\/\/www.naturparkmagazin.de\/sternberger-seenland\/wp-json\/wp\/v2\/categories?post=877"},{"taxonomy":"post_tag","embeddable":true,"href":"https:\/\/www.naturparkmagazin.de\/sternberger-seenland\/wp-json\/wp\/v2\/tags?post=877"}],"curies":[{"name":"wp","href":"https:\/\/api.w.org\/{rel}","templated":true}]}}