{"id":889,"date":"2015-08-14T10:06:12","date_gmt":"2015-08-14T08:06:12","guid":{"rendered":"http:\/\/www.naturparkmagazin.de\/sternberger-seenland\/?p=889"},"modified":"2015-08-25T14:45:14","modified_gmt":"2015-08-25T12:45:14","slug":"naturpark-sternberger-seenland-auf-messe-tournatur-in-duesseldorf","status":"publish","type":"post","link":"https:\/\/www.naturparkmagazin.de\/sternberger-seenland\/naturpark-sternberger-seenland-auf-messe-tournatur-in-duesseldorf\/","title":{"rendered":"Naturpark Sternberger Seenland auf Messe &#8222;TourNatur&#8220; in D\u00fcsseldorf"},"content":{"rendered":"<p>In diesem Jahr wird unser Naturpark\u00a0vom 04. bis 06. September auf der Messe &#8222;TourNatur&#8220; in D\u00fcsseldorf pr\u00e4sent sein. Dort werden wir die Gro\u00dfschutzgebietes des Landes Mecklenburg-Vorpommern pr\u00e4sentieren, wobei der Schwerpunkt beim Naturpark Sternberger Seenland liegen wird. Wir hoffen auf viele interessierte Besucher, interessante Gespr\u00e4che\u00a0und werden unser Bestes geben, damit sp\u00e4ter vielleicht auch der Eine oder Andere hier in der Region Urlaub macht.<\/p>\n<div id=\"attachment_890\" style=\"width: 510px\" class=\"wp-caption alignnone\"><a href=\"https:\/\/www.naturparkmagazin.de\/sternberger-seenland\/wp-content\/uploads\/sites\/30\/Messe2.jpg\"><img aria-describedby=\"caption-attachment-890\" decoding=\"async\" loading=\"lazy\" class=\"size-full wp-image-890\" src=\"https:\/\/www.naturparkmagazin.de\/sternberger-seenland\/wp-content\/uploads\/sites\/30\/Messe2.jpg\" alt=\"Stand des Naturparks auf der Tour Natur 2011\" width=\"500\" height=\"300\" srcset=\"https:\/\/www.naturparkmagazin.de\/sternberger-seenland\/wp-content\/uploads\/sites\/30\/Messe2.jpg 500w, https:\/\/www.naturparkmagazin.de\/sternberger-seenland\/wp-content\/uploads\/sites\/30\/Messe2-300x180.jpg 300w, https:\/\/www.naturparkmagazin.de\/sternberger-seenland\/wp-content\/uploads\/sites\/30\/Messe2-200x120.jpg 200w\" sizes=\"(max-width: 500px) 100vw, 500px\" \/><\/a><p id=\"caption-attachment-890\" class=\"wp-caption-text\">Stand des Naturparks auf der Tour Natur 2011<\/p><\/div>\n","protected":false},"excerpt":{"rendered":"<p>In diesem Jahr pr\u00e4sentieren wir die Gro\u00dfschutzgebietes des Landes Mecklenburg-Vorpommern, wobei der Schwerpunkt beim Naturpark Sternberger Seenland liegen wird.<\/p>\n","protected":false},"author":27,"featured_media":893,"comment_status":"open","ping_status":"open","sticky":false,"template":"","format":"standard","meta":[],"categories":[7],"tags":[],"yoast_head":"<!-- This site is optimized with the Yoast SEO plugin v19.10 - https:\/\/yoast.com\/wordpress\/plugins\/seo\/ -->\n<title>Naturpark Sternberger Seenland auf Messe &quot;TourNatur&quot; in D\u00fcsseldorf - Naturpark Sternberger Seenland<\/title>\n<meta name=\"robots\" content=\"index, follow, max-snippet:-1, max-image-preview:large, max-video-preview:-1\" \/>\n<link rel=\"canonical\" href=\"https:\/\/www.naturparkmagazin.de\/sternberger-seenland\/naturpark-sternberger-seenland-auf-messe-tournatur-in-duesseldorf\/\" \/>\n<meta property=\"og:locale\" content=\"de_DE\" \/>\n<meta property=\"og:type\" content=\"article\" \/>\n<meta property=\"og:title\" content=\"Naturpark Sternberger Seenland auf Messe &quot;TourNatur&quot; in D\u00fcsseldorf - Naturpark Sternberger Seenland\" \/>\n<meta property=\"og:description\" content=\"In diesem Jahr pr\u00e4sentieren wir die Gro\u00dfschutzgebietes des Landes Mecklenburg-Vorpommern, wobei der Schwerpunkt beim Naturpark Sternberger Seenland liegen wird.\" \/>\n<meta property=\"og:url\" content=\"https:\/\/www.naturparkmagazin.de\/sternberger-seenland\/naturpark-sternberger-seenland-auf-messe-tournatur-in-duesseldorf\/\" \/>\n<meta property=\"og:site_name\" content=\"Naturpark Sternberger Seenland\" \/>\n<meta property=\"article:published_time\" content=\"2015-08-14T08:06:12+00:00\" \/>\n<meta property=\"article:modified_time\" content=\"2015-08-25T12:45:14+00:00\" \/>\n<meta property=\"og:image\" content=\"https:\/\/www.naturparkmagazin.de\/sternberger-seenland\/wp-content\/uploads\/sites\/30\/Messe1.jpg\" \/>\n\t<meta property=\"og:image:width\" content=\"500\" \/>\n\t<meta property=\"og:image:height\" content=\"300\" \/>\n\t<meta property=\"og:image:type\" content=\"image\/jpeg\" \/>\n<meta name=\"author\" content=\"janlippke\" \/>\n<meta name=\"twitter:label1\" content=\"Verfasst von\" \/>\n\t<meta name=\"twitter:data1\" content=\"janlippke\" \/>\n<script type=\"application\/ld+json\" class=\"yoast-schema-graph\">{\"@context\":\"https:\/\/schema.org\",\"@graph\":[{\"@type\":\"WebPage\",\"@id\":\"https:\/\/www.naturparkmagazin.de\/sternberger-seenland\/naturpark-sternberger-seenland-auf-messe-tournatur-in-duesseldorf\/\",\"url\":\"https:\/\/www.naturparkmagazin.de\/sternberger-seenland\/naturpark-sternberger-seenland-auf-messe-tournatur-in-duesseldorf\/\",\"name\":\"Naturpark Sternberger Seenland auf Messe \\\"TourNatur\\\" in D\u00fcsseldorf - Naturpark Sternberger Seenland\",\"isPartOf\":{\"@id\":\"https:\/\/www.naturparkmagazin.de\/sternberger-seenland\/#website\"},\"datePublished\":\"2015-08-14T08:06:12+00:00\",\"dateModified\":\"2015-08-25T12:45:14+00:00\",\"author\":{\"@id\":\"https:\/\/www.naturparkmagazin.de\/sternberger-seenland\/#\/schema\/person\/712a5f470a8c286777fddf77babba74a\"},\"breadcrumb\":{\"@id\":\"https:\/\/www.naturparkmagazin.de\/sternberger-seenland\/naturpark-sternberger-seenland-auf-messe-tournatur-in-duesseldorf\/#breadcrumb\"},\"inLanguage\":\"de\",\"potentialAction\":[{\"@type\":\"ReadAction\",\"target\":[\"https:\/\/www.naturparkmagazin.de\/sternberger-seenland\/naturpark-sternberger-seenland-auf-messe-tournatur-in-duesseldorf\/\"]}]},{\"@type\":\"BreadcrumbList\",\"@id\":\"https:\/\/www.naturparkmagazin.de\/sternberger-seenland\/naturpark-sternberger-seenland-auf-messe-tournatur-in-duesseldorf\/#breadcrumb\",\"itemListElement\":[{\"@type\":\"ListItem\",\"position\":1,\"name\":\"Home\",\"item\":\"https:\/\/www.naturparkmagazin.de\/sternberger-seenland\/\"},{\"@type\":\"ListItem\",\"position\":2,\"name\":\"Naturpark Sternberger Seenland auf Messe &#8222;TourNatur&#8220; in D\u00fcsseldorf\"}]},{\"@type\":\"WebSite\",\"@id\":\"https:\/\/www.naturparkmagazin.de\/sternberger-seenland\/#website\",\"url\":\"https:\/\/www.naturparkmagazin.de\/sternberger-seenland\/\",\"name\":\"Naturpark Sternberger Seenland\",\"description\":\"\",\"potentialAction\":[{\"@type\":\"SearchAction\",\"target\":{\"@type\":\"EntryPoint\",\"urlTemplate\":\"https:\/\/www.naturparkmagazin.de\/sternberger-seenland\/?s={search_term_string}\"},\"query-input\":\"required name=search_term_string\"}],\"inLanguage\":\"de\"},{\"@type\":\"Person\",\"@id\":\"https:\/\/www.naturparkmagazin.de\/sternberger-seenland\/#\/schema\/person\/712a5f470a8c286777fddf77babba74a\",\"name\":\"janlippke\",\"sameAs\":[\"http:\/\/www.naturpark-sternberger-seenland.de\"],\"url\":\"https:\/\/www.naturparkmagazin.de\/sternberger-seenland\/author\/janlippke\/\"}]}<\/script>\n<!-- \/ Yoast SEO plugin. -->","yoast_head_json":{"title":"Naturpark Sternberger Seenland auf Messe \"TourNatur\" in D\u00fcsseldorf - Naturpark Sternberger Seenland","robots":{"index":"index","follow":"follow","max-snippet":"max-snippet:-1","max-image-preview":"max-image-preview:large","max-video-preview":"max-video-preview:-1"},"canonical":"https:\/\/www.naturparkmagazin.de\/sternberger-seenland\/naturpark-sternberger-seenland-auf-messe-tournatur-in-duesseldorf\/","og_locale":"de_DE","og_type":"article","og_title":"Naturpark Sternberger Seenland auf Messe \"TourNatur\" in D\u00fcsseldorf - Naturpark Sternberger Seenland","og_description":"In diesem Jahr pr\u00e4sentieren wir die Gro\u00dfschutzgebietes des Landes Mecklenburg-Vorpommern, wobei der Schwerpunkt beim Naturpark Sternberger Seenland liegen wird.","og_url":"https:\/\/www.naturparkmagazin.de\/sternberger-seenland\/naturpark-sternberger-seenland-auf-messe-tournatur-in-duesseldorf\/","og_site_name":"Naturpark Sternberger Seenland","article_published_time":"2015-08-14T08:06:12+00:00","article_modified_time":"2015-08-25T12:45:14+00:00","og_image":[{"width":500,"height":300,"url":"https:\/\/www.naturparkmagazin.de\/sternberger-seenland\/wp-content\/uploads\/sites\/30\/Messe1.jpg","type":"image\/jpeg"}],"author":"janlippke","twitter_misc":{"Verfasst von":"janlippke"},"schema":{"@context":"https:\/\/schema.org","@graph":[{"@type":"WebPage","@id":"https:\/\/www.naturparkmagazin.de\/sternberger-seenland\/naturpark-sternberger-seenland-auf-messe-tournatur-in-duesseldorf\/","url":"https:\/\/www.naturparkmagazin.de\/sternberger-seenland\/naturpark-sternberger-seenland-auf-messe-tournatur-in-duesseldorf\/","name":"Naturpark Sternberger Seenland auf Messe \"TourNatur\" in D\u00fcsseldorf - Naturpark Sternberger Seenland","isPartOf":{"@id":"https:\/\/www.naturparkmagazin.de\/sternberger-seenland\/#website"},"datePublished":"2015-08-14T08:06:12+00:00","dateModified":"2015-08-25T12:45:14+00:00","author":{"@id":"https:\/\/www.naturparkmagazin.de\/sternberger-seenland\/#\/schema\/person\/712a5f470a8c286777fddf77babba74a"},"breadcrumb":{"@id":"https:\/\/www.naturparkmagazin.de\/sternberger-seenland\/naturpark-sternberger-seenland-auf-messe-tournatur-in-duesseldorf\/#breadcrumb"},"inLanguage":"de","potentialAction":[{"@type":"ReadAction","target":["https:\/\/www.naturparkmagazin.de\/sternberger-seenland\/naturpark-sternberger-seenland-auf-messe-tournatur-in-duesseldorf\/"]}]},{"@type":"BreadcrumbList","@id":"https:\/\/www.naturparkmagazin.de\/sternberger-seenland\/naturpark-sternberger-seenland-auf-messe-tournatur-in-duesseldorf\/#breadcrumb","itemListElement":[{"@type":"ListItem","position":1,"name":"Home","item":"https:\/\/www.naturparkmagazin.de\/sternberger-seenland\/"},{"@type":"ListItem","position":2,"name":"Naturpark Sternberger Seenland auf Messe &#8222;TourNatur&#8220; in D\u00fcsseldorf"}]},{"@type":"WebSite","@id":"https:\/\/www.naturparkmagazin.de\/sternberger-seenland\/#website","url":"https:\/\/www.naturparkmagazin.de\/sternberger-seenland\/","name":"Naturpark Sternberger Seenland","description":"","potentialAction":[{"@type":"SearchAction","target":{"@type":"EntryPoint","urlTemplate":"https:\/\/www.naturparkmagazin.de\/sternberger-seenland\/?s={search_term_string}"},"query-input":"required name=search_term_string"}],"inLanguage":"de"},{"@type":"Person","@id":"https:\/\/www.naturparkmagazin.de\/sternberger-seenland\/#\/schema\/person\/712a5f470a8c286777fddf77babba74a","name":"janlippke","sameAs":["http:\/\/www.naturpark-sternberger-seenland.de"],"url":"https:\/\/www.naturparkmagazin.de\/sternberger-seenland\/author\/janlippke\/"}]}},"_links":{"self":[{"href":"https:\/\/www.naturparkmagazin.de\/sternberger-seenland\/wp-json\/wp\/v2\/posts\/889"}],"collection":[{"href":"https:\/\/www.naturparkmagazin.de\/sternberger-seenland\/wp-json\/wp\/v2\/posts"}],"about":[{"href":"https:\/\/www.naturparkmagazin.de\/sternberger-seenland\/wp-json\/wp\/v2\/types\/post"}],"author":[{"embeddable":true,"href":"https:\/\/www.naturparkmagazin.de\/sternberger-seenland\/wp-json\/wp\/v2\/users\/27"}],"replies":[{"embeddable":true,"href":"https:\/\/www.naturparkmagazin.de\/sternberger-seenland\/wp-json\/wp\/v2\/comments?post=889"}],"version-history":[{"count":5,"href":"https:\/\/www.naturparkmagazin.de\/sternberger-seenland\/wp-json\/wp\/v2\/posts\/889\/revisions"}],"predecessor-version":[{"id":903,"href":"https:\/\/www.naturparkmagazin.de\/sternberger-seenland\/wp-json\/wp\/v2\/posts\/889\/revisions\/903"}],"wp:featuredmedia":[{"embeddable":true,"href":"https:\/\/www.naturparkmagazin.de\/sternberger-seenland\/wp-json\/wp\/v2\/media\/893"}],"wp:attachment":[{"href":"https:\/\/www.naturparkmagazin.de\/sternberger-seenland\/wp-json\/wp\/v2\/media?parent=889"}],"wp:term":[{"taxonomy":"category","embeddable":true,"href":"https:\/\/www.naturparkmagazin.de\/sternberger-seenland\/wp-json\/wp\/v2\/categories?post=889"},{"taxonomy":"post_tag","embeddable":true,"href":"https:\/\/www.naturparkmagazin.de\/sternberger-seenland\/wp-json\/wp\/v2\/tags?post=889"}],"curies":[{"name":"wp","href":"https:\/\/api.w.org\/{rel}","templated":true}]}}