{"id":915,"date":"2015-09-20T13:50:10","date_gmt":"2015-09-20T11:50:10","guid":{"rendered":"http:\/\/www.naturparkmagazin.de\/sternberger-seenland\/?p=915"},"modified":"2015-09-15T14:17:57","modified_gmt":"2015-09-15T12:17:57","slug":"neue-foej-lerin-im-naturpark","status":"publish","type":"post","link":"https:\/\/www.naturparkmagazin.de\/sternberger-seenland\/neue-foej-lerin-im-naturpark\/","title":{"rendered":"Neue F\u00d6J-lerin im Naturpark"},"content":{"rendered":"<div id=\"attachment_916\" style=\"width: 510px\" class=\"wp-caption alignnone\"><a href=\"https:\/\/www.naturparkmagazin.de\/sternberger-seenland\/wp-content\/uploads\/sites\/30\/Jolanda.jpg\"><img aria-describedby=\"caption-attachment-916\" decoding=\"async\" loading=\"lazy\" class=\"size-full wp-image-916\" src=\"https:\/\/www.naturparkmagazin.de\/sternberger-seenland\/wp-content\/uploads\/sites\/30\/Jolanda.jpg\" alt=\"Jolanda, unsere F\u00d6J-lerin\" width=\"500\" height=\"300\" srcset=\"https:\/\/www.naturparkmagazin.de\/sternberger-seenland\/wp-content\/uploads\/sites\/30\/Jolanda.jpg 500w, https:\/\/www.naturparkmagazin.de\/sternberger-seenland\/wp-content\/uploads\/sites\/30\/Jolanda-300x180.jpg 300w, https:\/\/www.naturparkmagazin.de\/sternberger-seenland\/wp-content\/uploads\/sites\/30\/Jolanda-200x120.jpg 200w\" sizes=\"(max-width: 500px) 100vw, 500px\" \/><\/a><p id=\"caption-attachment-916\" class=\"wp-caption-text\">Jolanda, unsere F\u00d6J-lerin<\/p><\/div>\n<p><span style=\"color: #000000;font-family: Arial\">Seit dem 01.09.2015 haben wir eine neue F\u00d6J-lerin im Naturpark. Jolanda Blumrich aus Neukloster macht nach dem bestandenen Abitur ihr freiwilliges \u00f6kologisches Jahr insbesondere zur Zukunftsorientierung im Bereich Umwelt und Natur. So gibt man ihr Anregungen f\u00fcr bestimmte Studieng\u00e4nge und Berufszweige, die am besten passen k\u00f6nnten. Au\u00dferdem m\u00f6chte sie die Umgebung besser kennen lernen und interessiert sich f\u00fcr den Schutz von Pflanzen und Tieren.<\/span><\/p>\n<p>&nbsp;<\/p>\n","protected":false},"excerpt":{"rendered":"<p>Seit dem 01.09.2015 haben wir eine neue F\u00d6J-lerin im Naturpark. Jolanda Blumrich aus Neukloster macht nach dem bestandenen Abitur ihr freiwilliges \u00f6kologisches Jahr insbesondere zur Zukunftsorientierung im Bereich Umwelt und Natur. So gibt man ihr Anregungen f\u00fcr bestimmte Studieng\u00e4nge und Berufszweige, die am besten passen k\u00f6nnten. Au\u00dferdem m\u00f6chte sie die Umgebung besser kennen lernen und<\/p>\n","protected":false},"author":27,"featured_media":916,"comment_status":"open","ping_status":"open","sticky":false,"template":"","format":"standard","meta":[],"categories":[7],"tags":[],"yoast_head":"<!-- This site is optimized with the Yoast SEO plugin v19.10 - https:\/\/yoast.com\/wordpress\/plugins\/seo\/ -->\n<title>Neue F\u00d6J-lerin im Naturpark - Naturpark Sternberger Seenland<\/title>\n<meta name=\"robots\" content=\"index, follow, max-snippet:-1, max-image-preview:large, max-video-preview:-1\" \/>\n<link rel=\"canonical\" href=\"https:\/\/www.naturparkmagazin.de\/sternberger-seenland\/neue-foej-lerin-im-naturpark\/\" \/>\n<meta property=\"og:locale\" content=\"de_DE\" \/>\n<meta property=\"og:type\" content=\"article\" \/>\n<meta property=\"og:title\" content=\"Neue F\u00d6J-lerin im Naturpark - Naturpark Sternberger Seenland\" \/>\n<meta property=\"og:description\" content=\"Seit dem 01.09.2015 haben wir eine neue F\u00d6J-lerin im Naturpark. Jolanda Blumrich aus Neukloster macht nach dem bestandenen Abitur ihr freiwilliges \u00f6kologisches Jahr insbesondere zur Zukunftsorientierung im Bereich Umwelt und Natur. So gibt man ihr Anregungen f\u00fcr bestimmte Studieng\u00e4nge und Berufszweige, die am besten passen k\u00f6nnten. Au\u00dferdem m\u00f6chte sie die Umgebung besser kennen lernen und\" \/>\n<meta property=\"og:url\" content=\"https:\/\/www.naturparkmagazin.de\/sternberger-seenland\/neue-foej-lerin-im-naturpark\/\" \/>\n<meta property=\"og:site_name\" content=\"Naturpark Sternberger Seenland\" \/>\n<meta property=\"article:published_time\" content=\"2015-09-20T11:50:10+00:00\" \/>\n<meta property=\"article:modified_time\" content=\"2015-09-15T12:17:57+00:00\" \/>\n<meta property=\"og:image\" content=\"https:\/\/www.naturparkmagazin.de\/sternberger-seenland\/wp-content\/uploads\/sites\/30\/Jolanda.jpg\" \/>\n\t<meta property=\"og:image:width\" content=\"500\" \/>\n\t<meta property=\"og:image:height\" content=\"300\" \/>\n\t<meta property=\"og:image:type\" content=\"image\/jpeg\" \/>\n<meta name=\"author\" content=\"janlippke\" \/>\n<meta name=\"twitter:label1\" content=\"Verfasst von\" \/>\n\t<meta name=\"twitter:data1\" content=\"janlippke\" \/>\n<script type=\"application\/ld+json\" class=\"yoast-schema-graph\">{\"@context\":\"https:\/\/schema.org\",\"@graph\":[{\"@type\":\"WebPage\",\"@id\":\"https:\/\/www.naturparkmagazin.de\/sternberger-seenland\/neue-foej-lerin-im-naturpark\/\",\"url\":\"https:\/\/www.naturparkmagazin.de\/sternberger-seenland\/neue-foej-lerin-im-naturpark\/\",\"name\":\"Neue F\u00d6J-lerin im Naturpark - Naturpark Sternberger Seenland\",\"isPartOf\":{\"@id\":\"https:\/\/www.naturparkmagazin.de\/sternberger-seenland\/#website\"},\"datePublished\":\"2015-09-20T11:50:10+00:00\",\"dateModified\":\"2015-09-15T12:17:57+00:00\",\"author\":{\"@id\":\"https:\/\/www.naturparkmagazin.de\/sternberger-seenland\/#\/schema\/person\/712a5f470a8c286777fddf77babba74a\"},\"breadcrumb\":{\"@id\":\"https:\/\/www.naturparkmagazin.de\/sternberger-seenland\/neue-foej-lerin-im-naturpark\/#breadcrumb\"},\"inLanguage\":\"de\",\"potentialAction\":[{\"@type\":\"ReadAction\",\"target\":[\"https:\/\/www.naturparkmagazin.de\/sternberger-seenland\/neue-foej-lerin-im-naturpark\/\"]}]},{\"@type\":\"BreadcrumbList\",\"@id\":\"https:\/\/www.naturparkmagazin.de\/sternberger-seenland\/neue-foej-lerin-im-naturpark\/#breadcrumb\",\"itemListElement\":[{\"@type\":\"ListItem\",\"position\":1,\"name\":\"Home\",\"item\":\"https:\/\/www.naturparkmagazin.de\/sternberger-seenland\/\"},{\"@type\":\"ListItem\",\"position\":2,\"name\":\"Neue F\u00d6J-lerin im Naturpark\"}]},{\"@type\":\"WebSite\",\"@id\":\"https:\/\/www.naturparkmagazin.de\/sternberger-seenland\/#website\",\"url\":\"https:\/\/www.naturparkmagazin.de\/sternberger-seenland\/\",\"name\":\"Naturpark Sternberger Seenland\",\"description\":\"\",\"potentialAction\":[{\"@type\":\"SearchAction\",\"target\":{\"@type\":\"EntryPoint\",\"urlTemplate\":\"https:\/\/www.naturparkmagazin.de\/sternberger-seenland\/?s={search_term_string}\"},\"query-input\":\"required name=search_term_string\"}],\"inLanguage\":\"de\"},{\"@type\":\"Person\",\"@id\":\"https:\/\/www.naturparkmagazin.de\/sternberger-seenland\/#\/schema\/person\/712a5f470a8c286777fddf77babba74a\",\"name\":\"janlippke\",\"sameAs\":[\"http:\/\/www.naturpark-sternberger-seenland.de\"],\"url\":\"https:\/\/www.naturparkmagazin.de\/sternberger-seenland\/author\/janlippke\/\"}]}<\/script>\n<!-- \/ Yoast SEO plugin. -->","yoast_head_json":{"title":"Neue F\u00d6J-lerin im Naturpark - Naturpark Sternberger Seenland","robots":{"index":"index","follow":"follow","max-snippet":"max-snippet:-1","max-image-preview":"max-image-preview:large","max-video-preview":"max-video-preview:-1"},"canonical":"https:\/\/www.naturparkmagazin.de\/sternberger-seenland\/neue-foej-lerin-im-naturpark\/","og_locale":"de_DE","og_type":"article","og_title":"Neue F\u00d6J-lerin im Naturpark - Naturpark Sternberger Seenland","og_description":"Seit dem 01.09.2015 haben wir eine neue F\u00d6J-lerin im Naturpark. Jolanda Blumrich aus Neukloster macht nach dem bestandenen Abitur ihr freiwilliges \u00f6kologisches Jahr insbesondere zur Zukunftsorientierung im Bereich Umwelt und Natur. So gibt man ihr Anregungen f\u00fcr bestimmte Studieng\u00e4nge und Berufszweige, die am besten passen k\u00f6nnten. Au\u00dferdem m\u00f6chte sie die Umgebung besser kennen lernen und","og_url":"https:\/\/www.naturparkmagazin.de\/sternberger-seenland\/neue-foej-lerin-im-naturpark\/","og_site_name":"Naturpark Sternberger Seenland","article_published_time":"2015-09-20T11:50:10+00:00","article_modified_time":"2015-09-15T12:17:57+00:00","og_image":[{"width":500,"height":300,"url":"https:\/\/www.naturparkmagazin.de\/sternberger-seenland\/wp-content\/uploads\/sites\/30\/Jolanda.jpg","type":"image\/jpeg"}],"author":"janlippke","twitter_misc":{"Verfasst von":"janlippke"},"schema":{"@context":"https:\/\/schema.org","@graph":[{"@type":"WebPage","@id":"https:\/\/www.naturparkmagazin.de\/sternberger-seenland\/neue-foej-lerin-im-naturpark\/","url":"https:\/\/www.naturparkmagazin.de\/sternberger-seenland\/neue-foej-lerin-im-naturpark\/","name":"Neue F\u00d6J-lerin im Naturpark - Naturpark Sternberger Seenland","isPartOf":{"@id":"https:\/\/www.naturparkmagazin.de\/sternberger-seenland\/#website"},"datePublished":"2015-09-20T11:50:10+00:00","dateModified":"2015-09-15T12:17:57+00:00","author":{"@id":"https:\/\/www.naturparkmagazin.de\/sternberger-seenland\/#\/schema\/person\/712a5f470a8c286777fddf77babba74a"},"breadcrumb":{"@id":"https:\/\/www.naturparkmagazin.de\/sternberger-seenland\/neue-foej-lerin-im-naturpark\/#breadcrumb"},"inLanguage":"de","potentialAction":[{"@type":"ReadAction","target":["https:\/\/www.naturparkmagazin.de\/sternberger-seenland\/neue-foej-lerin-im-naturpark\/"]}]},{"@type":"BreadcrumbList","@id":"https:\/\/www.naturparkmagazin.de\/sternberger-seenland\/neue-foej-lerin-im-naturpark\/#breadcrumb","itemListElement":[{"@type":"ListItem","position":1,"name":"Home","item":"https:\/\/www.naturparkmagazin.de\/sternberger-seenland\/"},{"@type":"ListItem","position":2,"name":"Neue F\u00d6J-lerin im Naturpark"}]},{"@type":"WebSite","@id":"https:\/\/www.naturparkmagazin.de\/sternberger-seenland\/#website","url":"https:\/\/www.naturparkmagazin.de\/sternberger-seenland\/","name":"Naturpark Sternberger Seenland","description":"","potentialAction":[{"@type":"SearchAction","target":{"@type":"EntryPoint","urlTemplate":"https:\/\/www.naturparkmagazin.de\/sternberger-seenland\/?s={search_term_string}"},"query-input":"required name=search_term_string"}],"inLanguage":"de"},{"@type":"Person","@id":"https:\/\/www.naturparkmagazin.de\/sternberger-seenland\/#\/schema\/person\/712a5f470a8c286777fddf77babba74a","name":"janlippke","sameAs":["http:\/\/www.naturpark-sternberger-seenland.de"],"url":"https:\/\/www.naturparkmagazin.de\/sternberger-seenland\/author\/janlippke\/"}]}},"_links":{"self":[{"href":"https:\/\/www.naturparkmagazin.de\/sternberger-seenland\/wp-json\/wp\/v2\/posts\/915"}],"collection":[{"href":"https:\/\/www.naturparkmagazin.de\/sternberger-seenland\/wp-json\/wp\/v2\/posts"}],"about":[{"href":"https:\/\/www.naturparkmagazin.de\/sternberger-seenland\/wp-json\/wp\/v2\/types\/post"}],"author":[{"embeddable":true,"href":"https:\/\/www.naturparkmagazin.de\/sternberger-seenland\/wp-json\/wp\/v2\/users\/27"}],"replies":[{"embeddable":true,"href":"https:\/\/www.naturparkmagazin.de\/sternberger-seenland\/wp-json\/wp\/v2\/comments?post=915"}],"version-history":[{"count":2,"href":"https:\/\/www.naturparkmagazin.de\/sternberger-seenland\/wp-json\/wp\/v2\/posts\/915\/revisions"}],"predecessor-version":[{"id":918,"href":"https:\/\/www.naturparkmagazin.de\/sternberger-seenland\/wp-json\/wp\/v2\/posts\/915\/revisions\/918"}],"wp:featuredmedia":[{"embeddable":true,"href":"https:\/\/www.naturparkmagazin.de\/sternberger-seenland\/wp-json\/wp\/v2\/media\/916"}],"wp:attachment":[{"href":"https:\/\/www.naturparkmagazin.de\/sternberger-seenland\/wp-json\/wp\/v2\/media?parent=915"}],"wp:term":[{"taxonomy":"category","embeddable":true,"href":"https:\/\/www.naturparkmagazin.de\/sternberger-seenland\/wp-json\/wp\/v2\/categories?post=915"},{"taxonomy":"post_tag","embeddable":true,"href":"https:\/\/www.naturparkmagazin.de\/sternberger-seenland\/wp-json\/wp\/v2\/tags?post=915"}],"curies":[{"name":"wp","href":"https:\/\/api.w.org\/{rel}","templated":true}]}}