{"id":931,"date":"2015-10-20T10:24:22","date_gmt":"2015-10-20T08:24:22","guid":{"rendered":"http:\/\/www.naturparkmagazin.de\/sternberger-seenland\/?p=931"},"modified":"2015-10-27T13:30:15","modified_gmt":"2015-10-27T12:30:15","slug":"vortrag-die-seychellen-ein-reisebericht","status":"publish","type":"post","link":"https:\/\/www.naturparkmagazin.de\/sternberger-seenland\/vortrag-die-seychellen-ein-reisebericht\/","title":{"rendered":"Vortrag: Die Seychellen &#8211; ein Reisebericht"},"content":{"rendered":"<p><strong>Bilderreise zu den Trauminseln im Indischen Ozean<\/strong><\/p>\n<div id=\"attachment_937\" style=\"width: 510px\" class=\"wp-caption alignnone\"><a href=\"https:\/\/www.naturparkmagazin.de\/sternberger-seenland\/wp-content\/uploads\/sites\/30\/Seychellen1.jpg\"><img aria-describedby=\"caption-attachment-937\" decoding=\"async\" loading=\"lazy\" class=\"size-full wp-image-937\" src=\"https:\/\/www.naturparkmagazin.de\/sternberger-seenland\/wp-content\/uploads\/sites\/30\/Seychellen1.jpg\" alt=\"Seychellen\" width=\"500\" height=\"300\" \/><\/a><p id=\"caption-attachment-937\" class=\"wp-caption-text\">Seychellen<\/p><\/div>\n<p>&nbsp;<\/p>\n<p>Wer tr\u00e4umt im November-Herbst mit seinen immer k\u00fcrzeren Tagen nicht von Sonnenschein, von wohliger W\u00e4rme, von wei\u00dfen Str\u00e4nden und t\u00fcrkisfarbenem Meer? Und dabei ist der n\u00e4chste Sommerurlaub noch so weit. Der Naturpark Sternberger Seenland wird am Donnerstag, den 19. November um 19.00 Uhr im Naturparkzentrum Warin versuchen, diesen Sehns\u00fcchten nach Exotik und Urlaubsgef\u00fchlen ein wenig zu entsprechen.<\/p>\n<p>&nbsp;<\/p>\n<p>Dann n\u00e4mlich wird der Plauer Udo Steinh\u00e4user die Besucher des Vortragsabends in ein fernes tropisches Inselparadies entf\u00fchren. Die Inseln, um die es gehen wird, liegen rund 800 km vor der afrikanischen Ostk\u00fcste nur 7 Grad s\u00fcdlich des \u00c4quators. Das ganze Jahr \u00fcber geht die Sonne morgens um 6.00 Uhr auf und abends um 18.00 Uhr unter. T\u00e4glich scheint die Sonne und die Luft hat angenehme 26\u00b0 C bis 28\u00b0 C. Auch Jahreszeiten im europ\u00e4ischen Sinne kennt man auf den Inseln im Indischen Ozean nicht &#8211; die N\u00e4he zum \u00c4quator bringt das so mit sich. Die Wellen des Indischen Ozeans brechen sich unaufh\u00f6rlich in einem sanften, gleichm\u00e4\u00dfigen Rhythmus an den Gestaden dieser fernen Inselwelt, die zu den Sehnsuchtszielen unserer Zeit geh\u00f6rt.<\/p>\n<p>&nbsp;<\/p>\n<p>Sie werden es l\u00e4ngst erraten haben: An diesem Herbstabend werden Sie auf die Seychellen entf\u00fchrt; ein zu Afrika z\u00e4hlender Inselstaat, bestehend aus rund 115 Inseln, mit etwa 90.000 Einwohnern.<\/p>\n<p>&nbsp;<\/p>\n<p>Die Seychellen sind in vielerlei Hinsicht etwas ganz Besonderes. Geologisch gesehen sind sie einmalig und sie z\u00e4hlen zu den \u00e4ltesten Inseln der Welt. Der Reisende braucht weder ein Visum noch besondere Schutzimpfungen. Auf den Inseln gibt es weder Malaria noch andere ansteckende Tropenkrankheiten, ja es gibt nicht einmal giftige Landtiere. Aufgrund der N\u00e4he zum \u00c4quator gibt es keine tropischen St\u00fcrme oder Unwetter. Das Wetter ist stets ausgeglichen und die Menschen sind gelassen und freundlich.<\/p>\n<p>&nbsp;<\/p>\n<p>Auf den Seychellen gibt es keine \u201eEingeborenen\u201c im klassischen Sinne. Die Inseln wurden erst sp\u00e4t im 18. Jahrhundert von Menschen verschiedenster Nationalit\u00e4ten besiedelt. Dies bedeutet f\u00fcr den Inselbesucher einerseits, dass er hier kaum kulturhistorisch bedeutsame Zeugnisse der Menschheitsgeschichte findet, andererseits wartet der ferne Inselstaat mit einer einzigartigen faszinierenden Natur auf. Das beginnt schon mit den wunderbaren Insellandschaften, die bereits f\u00fcr viele Werbeklischees herhalten mussten &#8211; wohl jeder kennt die Bilder von t\u00fcrkisfarbenem Meer und wei\u00dfen Str\u00e4nden, die von Palmenhainen ges\u00e4umt werden und die mit gro\u00dfen, runden Granitbl\u00f6cke \u201egarniert\u201c zu sein scheinen.<\/p>\n<p>&nbsp;<\/p>\n<p>Auf den Seychellen sind sie Realit\u00e4t, diese Bilderbuchstr\u00e4nde, die nicht nur Werbefilmer aus aller Welt anziehen. Weniger bekannt sind die W\u00e4lder der bis zu 900 m hohen Berge der Granitinseln. Aufgrund der Abgeschiedenheit der Inseln gibt es hier zahlreiche Pflanzen und Tiere, die sich nur hier auf diesen Inseln entwickeln und halten konnten, sogenannte endemische Arten. Am bekanntesten sind wohl die Aldabra-Riesenschildkr\u00f6ten und die Coco de mer, die Palme mit den gr\u00f6\u00dften Samen des Pflanzenreichs. Das alles wird erg\u00e4nzt mit einer fantastischen Unterwasserwelt. Korallenriffe s\u00e4umen fast jede Insel.<\/p>\n<table width=\"100%\">\n<tbody>\n<tr>\n<td width=\"97%\">Die Seychellen haben diesen Schatz offenbar erkannt. Sie tun etwas zur Bewahrung ihrer Natursch\u00e4tze und vermarkten die Sch\u00f6nheit und den Naturreichtum der Inseln touristisch. Kann das funktionieren? Naturschutz in einem afrikanischem Schwellenland und Tourismus und Natur im Einklang?Lassen Sie sich am Donnerstagabend entf\u00fchren in die traumhafte Inselwelt der Seychellen, erfahren Sie mehr aus der Geschichte und von den Naturreicht\u00fcmern dieses fernen Inselreiches, von den Menschen und dem Leben auf den Inseln. Genie\u00dfen Sie in der mecklenburgischen Herbstzeit Fotos einer exotischen Tier- und Pflanzenwelt und Reiseimpressionen eines fernen Inselparadieses inmitten der Weite des Indischen Ozeans. Der Naturpark Sternberger Seenland l\u00e4dt alle Interessenten ganz herzlich in die Naturparkstation in Warin ein.<\/td>\n<\/tr>\n<\/tbody>\n<\/table>\n","protected":false},"excerpt":{"rendered":"<p>Wer tr\u00e4umt im November-Herbst mit seinen immer k\u00fcrzeren Tagen nicht von Sonnenschein, von wohliger W\u00e4rme, von wei\u00dfen Str\u00e4nden und t\u00fcrkisfarbenem Meer? Und dabei ist der n\u00e4chste Sommerurlaub noch so weit. Der Naturpark Sternberger Seenland wird am Donnerstag, den 19. November um 19.00 Uhr im Naturparkzentrum Warin versuchen, diesen Sehns\u00fcchten nach Exotik und Urlaubsgef\u00fchlen ein wenig zu entsprechen.<\/p>\n","protected":false},"author":27,"featured_media":0,"comment_status":"open","ping_status":"open","sticky":false,"template":"","format":"standard","meta":[],"categories":[11],"tags":[],"yoast_head":"<!-- This site is optimized with the Yoast SEO plugin v19.10 - https:\/\/yoast.com\/wordpress\/plugins\/seo\/ -->\n<title>Vortrag: Die Seychellen - ein Reisebericht - Naturpark Sternberger Seenland<\/title>\n<meta name=\"robots\" content=\"index, follow, max-snippet:-1, max-image-preview:large, max-video-preview:-1\" \/>\n<link rel=\"canonical\" href=\"https:\/\/www.naturparkmagazin.de\/sternberger-seenland\/vortrag-die-seychellen-ein-reisebericht\/\" \/>\n<meta property=\"og:locale\" content=\"de_DE\" \/>\n<meta property=\"og:type\" content=\"article\" \/>\n<meta property=\"og:title\" content=\"Vortrag: Die Seychellen - ein Reisebericht - Naturpark Sternberger Seenland\" \/>\n<meta property=\"og:description\" content=\"Wer tr\u00e4umt im November-Herbst mit seinen immer k\u00fcrzeren Tagen nicht von Sonnenschein, von wohliger W\u00e4rme, von wei\u00dfen Str\u00e4nden und t\u00fcrkisfarbenem Meer? Und dabei ist der n\u00e4chste Sommerurlaub noch so weit. Der Naturpark Sternberger Seenland wird am Donnerstag, den 19. November um 19.00 Uhr im Naturparkzentrum Warin versuchen, diesen Sehns\u00fcchten nach Exotik und Urlaubsgef\u00fchlen ein wenig zu entsprechen.\" \/>\n<meta property=\"og:url\" content=\"https:\/\/www.naturparkmagazin.de\/sternberger-seenland\/vortrag-die-seychellen-ein-reisebericht\/\" \/>\n<meta property=\"og:site_name\" content=\"Naturpark Sternberger Seenland\" \/>\n<meta property=\"article:published_time\" content=\"2015-10-20T08:24:22+00:00\" \/>\n<meta property=\"article:modified_time\" content=\"2015-10-27T12:30:15+00:00\" \/>\n<meta property=\"og:image\" content=\"https:\/\/www.naturparkmagazin.de\/sternberger-seenland\/wp-content\/uploads\/sites\/30\/Seychellen1.jpg\" \/>\n<meta name=\"author\" content=\"janlippke\" \/>\n<meta name=\"twitter:label1\" content=\"Verfasst von\" \/>\n\t<meta name=\"twitter:data1\" content=\"janlippke\" \/>\n\t<meta name=\"twitter:label2\" content=\"Gesch\u00e4tzte Lesezeit\" \/>\n\t<meta name=\"twitter:data2\" content=\"3\u00a0Minuten\" \/>\n<script type=\"application\/ld+json\" class=\"yoast-schema-graph\">{\"@context\":\"https:\/\/schema.org\",\"@graph\":[{\"@type\":\"WebPage\",\"@id\":\"https:\/\/www.naturparkmagazin.de\/sternberger-seenland\/vortrag-die-seychellen-ein-reisebericht\/\",\"url\":\"https:\/\/www.naturparkmagazin.de\/sternberger-seenland\/vortrag-die-seychellen-ein-reisebericht\/\",\"name\":\"Vortrag: Die Seychellen - ein Reisebericht - Naturpark Sternberger Seenland\",\"isPartOf\":{\"@id\":\"https:\/\/www.naturparkmagazin.de\/sternberger-seenland\/#website\"},\"datePublished\":\"2015-10-20T08:24:22+00:00\",\"dateModified\":\"2015-10-27T12:30:15+00:00\",\"author\":{\"@id\":\"https:\/\/www.naturparkmagazin.de\/sternberger-seenland\/#\/schema\/person\/712a5f470a8c286777fddf77babba74a\"},\"breadcrumb\":{\"@id\":\"https:\/\/www.naturparkmagazin.de\/sternberger-seenland\/vortrag-die-seychellen-ein-reisebericht\/#breadcrumb\"},\"inLanguage\":\"de\",\"potentialAction\":[{\"@type\":\"ReadAction\",\"target\":[\"https:\/\/www.naturparkmagazin.de\/sternberger-seenland\/vortrag-die-seychellen-ein-reisebericht\/\"]}]},{\"@type\":\"BreadcrumbList\",\"@id\":\"https:\/\/www.naturparkmagazin.de\/sternberger-seenland\/vortrag-die-seychellen-ein-reisebericht\/#breadcrumb\",\"itemListElement\":[{\"@type\":\"ListItem\",\"position\":1,\"name\":\"Home\",\"item\":\"https:\/\/www.naturparkmagazin.de\/sternberger-seenland\/\"},{\"@type\":\"ListItem\",\"position\":2,\"name\":\"Vortrag: Die Seychellen &#8211; ein Reisebericht\"}]},{\"@type\":\"WebSite\",\"@id\":\"https:\/\/www.naturparkmagazin.de\/sternberger-seenland\/#website\",\"url\":\"https:\/\/www.naturparkmagazin.de\/sternberger-seenland\/\",\"name\":\"Naturpark Sternberger Seenland\",\"description\":\"\",\"potentialAction\":[{\"@type\":\"SearchAction\",\"target\":{\"@type\":\"EntryPoint\",\"urlTemplate\":\"https:\/\/www.naturparkmagazin.de\/sternberger-seenland\/?s={search_term_string}\"},\"query-input\":\"required name=search_term_string\"}],\"inLanguage\":\"de\"},{\"@type\":\"Person\",\"@id\":\"https:\/\/www.naturparkmagazin.de\/sternberger-seenland\/#\/schema\/person\/712a5f470a8c286777fddf77babba74a\",\"name\":\"janlippke\",\"sameAs\":[\"http:\/\/www.naturpark-sternberger-seenland.de\"],\"url\":\"https:\/\/www.naturparkmagazin.de\/sternberger-seenland\/author\/janlippke\/\"}]}<\/script>\n<!-- \/ Yoast SEO plugin. -->","yoast_head_json":{"title":"Vortrag: Die Seychellen - ein Reisebericht - Naturpark Sternberger Seenland","robots":{"index":"index","follow":"follow","max-snippet":"max-snippet:-1","max-image-preview":"max-image-preview:large","max-video-preview":"max-video-preview:-1"},"canonical":"https:\/\/www.naturparkmagazin.de\/sternberger-seenland\/vortrag-die-seychellen-ein-reisebericht\/","og_locale":"de_DE","og_type":"article","og_title":"Vortrag: Die Seychellen - ein Reisebericht - Naturpark Sternberger Seenland","og_description":"Wer tr\u00e4umt im November-Herbst mit seinen immer k\u00fcrzeren Tagen nicht von Sonnenschein, von wohliger W\u00e4rme, von wei\u00dfen Str\u00e4nden und t\u00fcrkisfarbenem Meer? Und dabei ist der n\u00e4chste Sommerurlaub noch so weit. Der Naturpark Sternberger Seenland wird am Donnerstag, den 19. November um 19.00 Uhr im Naturparkzentrum Warin versuchen, diesen Sehns\u00fcchten nach Exotik und Urlaubsgef\u00fchlen ein wenig zu entsprechen.","og_url":"https:\/\/www.naturparkmagazin.de\/sternberger-seenland\/vortrag-die-seychellen-ein-reisebericht\/","og_site_name":"Naturpark Sternberger Seenland","article_published_time":"2015-10-20T08:24:22+00:00","article_modified_time":"2015-10-27T12:30:15+00:00","og_image":[{"url":"https:\/\/www.naturparkmagazin.de\/sternberger-seenland\/wp-content\/uploads\/sites\/30\/Seychellen1.jpg"}],"author":"janlippke","twitter_misc":{"Verfasst von":"janlippke","Gesch\u00e4tzte Lesezeit":"3\u00a0Minuten"},"schema":{"@context":"https:\/\/schema.org","@graph":[{"@type":"WebPage","@id":"https:\/\/www.naturparkmagazin.de\/sternberger-seenland\/vortrag-die-seychellen-ein-reisebericht\/","url":"https:\/\/www.naturparkmagazin.de\/sternberger-seenland\/vortrag-die-seychellen-ein-reisebericht\/","name":"Vortrag: Die Seychellen - ein Reisebericht - Naturpark Sternberger Seenland","isPartOf":{"@id":"https:\/\/www.naturparkmagazin.de\/sternberger-seenland\/#website"},"datePublished":"2015-10-20T08:24:22+00:00","dateModified":"2015-10-27T12:30:15+00:00","author":{"@id":"https:\/\/www.naturparkmagazin.de\/sternberger-seenland\/#\/schema\/person\/712a5f470a8c286777fddf77babba74a"},"breadcrumb":{"@id":"https:\/\/www.naturparkmagazin.de\/sternberger-seenland\/vortrag-die-seychellen-ein-reisebericht\/#breadcrumb"},"inLanguage":"de","potentialAction":[{"@type":"ReadAction","target":["https:\/\/www.naturparkmagazin.de\/sternberger-seenland\/vortrag-die-seychellen-ein-reisebericht\/"]}]},{"@type":"BreadcrumbList","@id":"https:\/\/www.naturparkmagazin.de\/sternberger-seenland\/vortrag-die-seychellen-ein-reisebericht\/#breadcrumb","itemListElement":[{"@type":"ListItem","position":1,"name":"Home","item":"https:\/\/www.naturparkmagazin.de\/sternberger-seenland\/"},{"@type":"ListItem","position":2,"name":"Vortrag: Die Seychellen &#8211; ein Reisebericht"}]},{"@type":"WebSite","@id":"https:\/\/www.naturparkmagazin.de\/sternberger-seenland\/#website","url":"https:\/\/www.naturparkmagazin.de\/sternberger-seenland\/","name":"Naturpark Sternberger Seenland","description":"","potentialAction":[{"@type":"SearchAction","target":{"@type":"EntryPoint","urlTemplate":"https:\/\/www.naturparkmagazin.de\/sternberger-seenland\/?s={search_term_string}"},"query-input":"required name=search_term_string"}],"inLanguage":"de"},{"@type":"Person","@id":"https:\/\/www.naturparkmagazin.de\/sternberger-seenland\/#\/schema\/person\/712a5f470a8c286777fddf77babba74a","name":"janlippke","sameAs":["http:\/\/www.naturpark-sternberger-seenland.de"],"url":"https:\/\/www.naturparkmagazin.de\/sternberger-seenland\/author\/janlippke\/"}]}},"_links":{"self":[{"href":"https:\/\/www.naturparkmagazin.de\/sternberger-seenland\/wp-json\/wp\/v2\/posts\/931"}],"collection":[{"href":"https:\/\/www.naturparkmagazin.de\/sternberger-seenland\/wp-json\/wp\/v2\/posts"}],"about":[{"href":"https:\/\/www.naturparkmagazin.de\/sternberger-seenland\/wp-json\/wp\/v2\/types\/post"}],"author":[{"embeddable":true,"href":"https:\/\/www.naturparkmagazin.de\/sternberger-seenland\/wp-json\/wp\/v2\/users\/27"}],"replies":[{"embeddable":true,"href":"https:\/\/www.naturparkmagazin.de\/sternberger-seenland\/wp-json\/wp\/v2\/comments?post=931"}],"version-history":[{"count":4,"href":"https:\/\/www.naturparkmagazin.de\/sternberger-seenland\/wp-json\/wp\/v2\/posts\/931\/revisions"}],"predecessor-version":[{"id":953,"href":"https:\/\/www.naturparkmagazin.de\/sternberger-seenland\/wp-json\/wp\/v2\/posts\/931\/revisions\/953"}],"wp:attachment":[{"href":"https:\/\/www.naturparkmagazin.de\/sternberger-seenland\/wp-json\/wp\/v2\/media?parent=931"}],"wp:term":[{"taxonomy":"category","embeddable":true,"href":"https:\/\/www.naturparkmagazin.de\/sternberger-seenland\/wp-json\/wp\/v2\/categories?post=931"},{"taxonomy":"post_tag","embeddable":true,"href":"https:\/\/www.naturparkmagazin.de\/sternberger-seenland\/wp-json\/wp\/v2\/tags?post=931"}],"curies":[{"name":"wp","href":"https:\/\/api.w.org\/{rel}","templated":true}]}}