{"id":990,"date":"2015-12-14T12:46:32","date_gmt":"2015-12-14T11:46:32","guid":{"rendered":"http:\/\/www.naturparkmagazin.de\/sternberger-seenland\/?p=990"},"modified":"2015-12-21T11:17:49","modified_gmt":"2015-12-21T10:17:49","slug":"vortrag-im-naturparkzentrum-3","status":"publish","type":"post","link":"https:\/\/www.naturparkmagazin.de\/sternberger-seenland\/vortrag-im-naturparkzentrum-3\/","title":{"rendered":"Vortrag im Naturparkzentrum"},"content":{"rendered":"<div id=\"attachment_994\" style=\"width: 510px\" class=\"wp-caption alignnone\"><a href=\"https:\/\/www.naturparkmagazin.de\/sternberger-seenland\/wp-content\/uploads\/sites\/30\/klein_Teth-Arapit-4081.jpg\"><img aria-describedby=\"caption-attachment-994\" decoding=\"async\" loading=\"lazy\" class=\"size-full wp-image-994\" src=\"https:\/\/www.naturparkmagazin.de\/sternberger-seenland\/wp-content\/uploads\/sites\/30\/klein_Teth-Arapit-4081.jpg\" alt=\"Teth-Arapit      Copyright: J\u00f6rg  Gast\" width=\"500\" height=\"300\" \/><\/a><p id=\"caption-attachment-994\" class=\"wp-caption-text\">Teth-Arapit\u00a0\u00a0\u00a0\u00a0\u00a0\u00a0\u00a0\u00a0\u00a0\u00a0\u00a0\u00a0\u00a0\u00a0\u00a0\u00a0\u00a0\u00a0\u00a0\u00a0\u00a0\u00a0\u00a0\u00a0\u00a0\u00a0\u00a0\u00a0\u00a0\u00a0\u00a0\u00a0\u00a0\u00a0\u00a0\u00a0\u00a0\u00a0\u00a0\u00a0\u00a0\u00a0\u00a0\u00a0\u00a0\u00a0\u00a0\u00a0\u00a0\u00a0\u00a0\u00a0\u00a0\u00a0\u00a0\u00a0\u00a0\u00a0\u00a0\u00a0\u00a0\u00a0\u00a0\u00a0\u00a0\u00a0\u00a0\u00a0\u00a0\u00a0\u00a0\u00a0\u00a0\u00a0\u00a0\u00a0\u00a0\u00a0\u00a0\u00a0\u00a0\u00a0\u00a0\u00a0\u00a0\u00a0\u00a0\u00a0\u00a0\u00a0\u00a0\u00a0\u00a0\u00a0\u00a0\u00a0\u00a0\u00a0\u00a0\u00a0\u00a0\u00a0\u00a0\u00a0\u00a0\u00a0\u00a0\u00a0\u00a0\u00a0\u00a0\u00a0\u00a0\u00a0\u00a0\u00a0\u00a0\u00a0\u00a0\u00a0\u00a0\u00a0 \u00a0Copyright: J\u00f6rg Gast<\/p><\/div>\n<p>&nbsp;<\/p>\n<p><strong>Vortrag im Naturparkzentrum: Peaks of the Balkans Trail<\/strong><\/p>\n<p>&nbsp;<\/p>\n<p>Am Donnerstag, den 21. Januar 2016 findet um 19 Uhr im Naturparkzentrum in Warin ein Vortrag von J\u00f6rg Gast aus Passow statt.<\/p>\n<p>Frau und Herr Gast haben im September 2014 eine Region besucht, welche als Urlaubsdestination bisher weniger bekannt ist, das Prokletje-Gebirge (die \u201eVerwunschenen Berge\u201c) im Dreil\u00e4ndereck Kosovo, Montenegro und Albanien. Gemeinsam mit neun weiteren Teilnehmern aus Deutschland, \u00d6sterreich und England sowie zwei Guides wanderten sie auf dem 2012 eingerichteten \u201ePeaks of the Balkans Trail\u201c durch diese drei L\u00e4nder. Der Weg wurde mit Unterst\u00fctzung der Deutschen Gesellschaft f\u00fcr Internationale Zusammenarbeit und Entwicklung (GIZ) und des Bundesministeriums f\u00fcr wirtschaftliche Zusammenarbeit und Entwicklung \u00fcber das Programm develoPPP.de gef\u00f6rdert. Partner der drei L\u00e4nder haben nicht nur den eigentlichen Weg ausgewiesen, sondern ein ganzes Netzwerk von Unterk\u00fcnften, Serviceeinrichtungen und kulturellen Sehensw\u00fcrdigkeiten aufgebaut und angeschlossen.<\/p>\n<p>Im Vortrag \u00fcber diese anspruchsvolle Bergwanderung auf Saumpfaden der \u201eVerwunschenen Berge\u201c werden die Erlebnisse in der Landschaft, mit der Natur und mit den Menschen im Vordergrund stehen. So hat die Wandergruppe auch Handwerker in ihren Werkst\u00e4tten und Basare in Pristina und Gjakowa besucht, wurde von Einheimischen mit ihren Packpferden begleitet und hat neben Hotels und G\u00e4steh\u00e4usern auch in Sch\u00e4ferh\u00fctten, sowohl bei Christen als auch bei Moslems, gegessen und geschlafen. Der Besuch der nach wie vor von KFOR-Truppen bewachten UNESCO-Weltkulturerbest\u00e4tten Kloster Peja, Sitz des serbischen Patriarchats, und Visoki Decani waren weitere H\u00f6hepunkte der Reise. Die Herzlichkeit und Freundlichkeit der Menschen sind die nachhaltigsten Erlebnisse einer Reise in eine Region, die noch vor wenigen Jahren vom Krieg gekennzeichnet war.<\/p>\n<p>Alle Interessenten sind herzlich eingeladen, der Eintritt ist frei. \u00a0F\u00fcr Getr\u00e4nke sorgt der F\u00f6rderverein des Naturparks zum Selbstkostenpreis.<\/p>\n","protected":false},"excerpt":{"rendered":"<p>Am Donnerstag, den 21. Januar 2016 findet um 19 Uhr im Naturparkzentrum in Warin ein Vortrag von J\u00f6rg Gast aus Passow statt. Im September 2014 hatte er eine Region besucht, welche als Urlaubsdestination bisher weniger bekannt ist, das Prokletje-Gebirge (die \u201eVerwunschenen Berge\u201c) im Dreil\u00e4ndereck Kosovo, Montenegro und Albanien. <\/p>\n","protected":false},"author":27,"featured_media":1012,"comment_status":"open","ping_status":"open","sticky":false,"template":"","format":"standard","meta":[],"categories":[11],"tags":[],"yoast_head":"<!-- This site is optimized with the Yoast SEO plugin v19.10 - https:\/\/yoast.com\/wordpress\/plugins\/seo\/ -->\n<title>Vortrag im Naturparkzentrum - Naturpark Sternberger Seenland<\/title>\n<meta name=\"robots\" content=\"index, follow, max-snippet:-1, max-image-preview:large, max-video-preview:-1\" \/>\n<link rel=\"canonical\" href=\"https:\/\/www.naturparkmagazin.de\/sternberger-seenland\/vortrag-im-naturparkzentrum-3\/\" \/>\n<meta property=\"og:locale\" content=\"de_DE\" \/>\n<meta property=\"og:type\" content=\"article\" \/>\n<meta property=\"og:title\" content=\"Vortrag im Naturparkzentrum - Naturpark Sternberger Seenland\" \/>\n<meta property=\"og:description\" content=\"Am Donnerstag, den 21. Januar 2016 findet um 19 Uhr im Naturparkzentrum in Warin ein Vortrag von J\u00f6rg Gast aus Passow statt. Im September 2014 hatte er eine Region besucht, welche als Urlaubsdestination bisher weniger bekannt ist, das Prokletje-Gebirge (die \u201eVerwunschenen Berge\u201c) im Dreil\u00e4ndereck Kosovo, Montenegro und Albanien.\" \/>\n<meta property=\"og:url\" content=\"https:\/\/www.naturparkmagazin.de\/sternberger-seenland\/vortrag-im-naturparkzentrum-3\/\" \/>\n<meta property=\"og:site_name\" content=\"Naturpark Sternberger Seenland\" \/>\n<meta property=\"article:published_time\" content=\"2015-12-14T11:46:32+00:00\" \/>\n<meta property=\"article:modified_time\" content=\"2015-12-21T10:17:49+00:00\" \/>\n<meta property=\"og:image\" content=\"https:\/\/www.naturparkmagazin.de\/sternberger-seenland\/wp-content\/uploads\/sites\/30\/Wanderer.jpg\" \/>\n\t<meta property=\"og:image:width\" content=\"200\" \/>\n\t<meta property=\"og:image:height\" content=\"200\" \/>\n\t<meta property=\"og:image:type\" content=\"image\/jpeg\" \/>\n<meta name=\"author\" content=\"janlippke\" \/>\n<meta name=\"twitter:label1\" content=\"Verfasst von\" \/>\n\t<meta name=\"twitter:data1\" content=\"janlippke\" \/>\n\t<meta name=\"twitter:label2\" content=\"Gesch\u00e4tzte Lesezeit\" \/>\n\t<meta name=\"twitter:data2\" content=\"2\u00a0Minuten\" \/>\n<script type=\"application\/ld+json\" class=\"yoast-schema-graph\">{\"@context\":\"https:\/\/schema.org\",\"@graph\":[{\"@type\":\"WebPage\",\"@id\":\"https:\/\/www.naturparkmagazin.de\/sternberger-seenland\/vortrag-im-naturparkzentrum-3\/\",\"url\":\"https:\/\/www.naturparkmagazin.de\/sternberger-seenland\/vortrag-im-naturparkzentrum-3\/\",\"name\":\"Vortrag im Naturparkzentrum - Naturpark Sternberger Seenland\",\"isPartOf\":{\"@id\":\"https:\/\/www.naturparkmagazin.de\/sternberger-seenland\/#website\"},\"datePublished\":\"2015-12-14T11:46:32+00:00\",\"dateModified\":\"2015-12-21T10:17:49+00:00\",\"author\":{\"@id\":\"https:\/\/www.naturparkmagazin.de\/sternberger-seenland\/#\/schema\/person\/712a5f470a8c286777fddf77babba74a\"},\"breadcrumb\":{\"@id\":\"https:\/\/www.naturparkmagazin.de\/sternberger-seenland\/vortrag-im-naturparkzentrum-3\/#breadcrumb\"},\"inLanguage\":\"de\",\"potentialAction\":[{\"@type\":\"ReadAction\",\"target\":[\"https:\/\/www.naturparkmagazin.de\/sternberger-seenland\/vortrag-im-naturparkzentrum-3\/\"]}]},{\"@type\":\"BreadcrumbList\",\"@id\":\"https:\/\/www.naturparkmagazin.de\/sternberger-seenland\/vortrag-im-naturparkzentrum-3\/#breadcrumb\",\"itemListElement\":[{\"@type\":\"ListItem\",\"position\":1,\"name\":\"Home\",\"item\":\"https:\/\/www.naturparkmagazin.de\/sternberger-seenland\/\"},{\"@type\":\"ListItem\",\"position\":2,\"name\":\"Vortrag im Naturparkzentrum\"}]},{\"@type\":\"WebSite\",\"@id\":\"https:\/\/www.naturparkmagazin.de\/sternberger-seenland\/#website\",\"url\":\"https:\/\/www.naturparkmagazin.de\/sternberger-seenland\/\",\"name\":\"Naturpark Sternberger Seenland\",\"description\":\"\",\"potentialAction\":[{\"@type\":\"SearchAction\",\"target\":{\"@type\":\"EntryPoint\",\"urlTemplate\":\"https:\/\/www.naturparkmagazin.de\/sternberger-seenland\/?s={search_term_string}\"},\"query-input\":\"required name=search_term_string\"}],\"inLanguage\":\"de\"},{\"@type\":\"Person\",\"@id\":\"https:\/\/www.naturparkmagazin.de\/sternberger-seenland\/#\/schema\/person\/712a5f470a8c286777fddf77babba74a\",\"name\":\"janlippke\",\"sameAs\":[\"http:\/\/www.naturpark-sternberger-seenland.de\"],\"url\":\"https:\/\/www.naturparkmagazin.de\/sternberger-seenland\/author\/janlippke\/\"}]}<\/script>\n<!-- \/ Yoast SEO plugin. -->","yoast_head_json":{"title":"Vortrag im Naturparkzentrum - Naturpark Sternberger Seenland","robots":{"index":"index","follow":"follow","max-snippet":"max-snippet:-1","max-image-preview":"max-image-preview:large","max-video-preview":"max-video-preview:-1"},"canonical":"https:\/\/www.naturparkmagazin.de\/sternberger-seenland\/vortrag-im-naturparkzentrum-3\/","og_locale":"de_DE","og_type":"article","og_title":"Vortrag im Naturparkzentrum - Naturpark Sternberger Seenland","og_description":"Am Donnerstag, den 21. Januar 2016 findet um 19 Uhr im Naturparkzentrum in Warin ein Vortrag von J\u00f6rg Gast aus Passow statt. Im September 2014 hatte er eine Region besucht, welche als Urlaubsdestination bisher weniger bekannt ist, das Prokletje-Gebirge (die \u201eVerwunschenen Berge\u201c) im Dreil\u00e4ndereck Kosovo, Montenegro und Albanien.","og_url":"https:\/\/www.naturparkmagazin.de\/sternberger-seenland\/vortrag-im-naturparkzentrum-3\/","og_site_name":"Naturpark Sternberger Seenland","article_published_time":"2015-12-14T11:46:32+00:00","article_modified_time":"2015-12-21T10:17:49+00:00","og_image":[{"width":200,"height":200,"url":"https:\/\/www.naturparkmagazin.de\/sternberger-seenland\/wp-content\/uploads\/sites\/30\/Wanderer.jpg","type":"image\/jpeg"}],"author":"janlippke","twitter_misc":{"Verfasst von":"janlippke","Gesch\u00e4tzte Lesezeit":"2\u00a0Minuten"},"schema":{"@context":"https:\/\/schema.org","@graph":[{"@type":"WebPage","@id":"https:\/\/www.naturparkmagazin.de\/sternberger-seenland\/vortrag-im-naturparkzentrum-3\/","url":"https:\/\/www.naturparkmagazin.de\/sternberger-seenland\/vortrag-im-naturparkzentrum-3\/","name":"Vortrag im Naturparkzentrum - Naturpark Sternberger Seenland","isPartOf":{"@id":"https:\/\/www.naturparkmagazin.de\/sternberger-seenland\/#website"},"datePublished":"2015-12-14T11:46:32+00:00","dateModified":"2015-12-21T10:17:49+00:00","author":{"@id":"https:\/\/www.naturparkmagazin.de\/sternberger-seenland\/#\/schema\/person\/712a5f470a8c286777fddf77babba74a"},"breadcrumb":{"@id":"https:\/\/www.naturparkmagazin.de\/sternberger-seenland\/vortrag-im-naturparkzentrum-3\/#breadcrumb"},"inLanguage":"de","potentialAction":[{"@type":"ReadAction","target":["https:\/\/www.naturparkmagazin.de\/sternberger-seenland\/vortrag-im-naturparkzentrum-3\/"]}]},{"@type":"BreadcrumbList","@id":"https:\/\/www.naturparkmagazin.de\/sternberger-seenland\/vortrag-im-naturparkzentrum-3\/#breadcrumb","itemListElement":[{"@type":"ListItem","position":1,"name":"Home","item":"https:\/\/www.naturparkmagazin.de\/sternberger-seenland\/"},{"@type":"ListItem","position":2,"name":"Vortrag im Naturparkzentrum"}]},{"@type":"WebSite","@id":"https:\/\/www.naturparkmagazin.de\/sternberger-seenland\/#website","url":"https:\/\/www.naturparkmagazin.de\/sternberger-seenland\/","name":"Naturpark Sternberger Seenland","description":"","potentialAction":[{"@type":"SearchAction","target":{"@type":"EntryPoint","urlTemplate":"https:\/\/www.naturparkmagazin.de\/sternberger-seenland\/?s={search_term_string}"},"query-input":"required name=search_term_string"}],"inLanguage":"de"},{"@type":"Person","@id":"https:\/\/www.naturparkmagazin.de\/sternberger-seenland\/#\/schema\/person\/712a5f470a8c286777fddf77babba74a","name":"janlippke","sameAs":["http:\/\/www.naturpark-sternberger-seenland.de"],"url":"https:\/\/www.naturparkmagazin.de\/sternberger-seenland\/author\/janlippke\/"}]}},"_links":{"self":[{"href":"https:\/\/www.naturparkmagazin.de\/sternberger-seenland\/wp-json\/wp\/v2\/posts\/990"}],"collection":[{"href":"https:\/\/www.naturparkmagazin.de\/sternberger-seenland\/wp-json\/wp\/v2\/posts"}],"about":[{"href":"https:\/\/www.naturparkmagazin.de\/sternberger-seenland\/wp-json\/wp\/v2\/types\/post"}],"author":[{"embeddable":true,"href":"https:\/\/www.naturparkmagazin.de\/sternberger-seenland\/wp-json\/wp\/v2\/users\/27"}],"replies":[{"embeddable":true,"href":"https:\/\/www.naturparkmagazin.de\/sternberger-seenland\/wp-json\/wp\/v2\/comments?post=990"}],"version-history":[{"count":5,"href":"https:\/\/www.naturparkmagazin.de\/sternberger-seenland\/wp-json\/wp\/v2\/posts\/990\/revisions"}],"predecessor-version":[{"id":1013,"href":"https:\/\/www.naturparkmagazin.de\/sternberger-seenland\/wp-json\/wp\/v2\/posts\/990\/revisions\/1013"}],"wp:featuredmedia":[{"embeddable":true,"href":"https:\/\/www.naturparkmagazin.de\/sternberger-seenland\/wp-json\/wp\/v2\/media\/1012"}],"wp:attachment":[{"href":"https:\/\/www.naturparkmagazin.de\/sternberger-seenland\/wp-json\/wp\/v2\/media?parent=990"}],"wp:term":[{"taxonomy":"category","embeddable":true,"href":"https:\/\/www.naturparkmagazin.de\/sternberger-seenland\/wp-json\/wp\/v2\/categories?post=990"},{"taxonomy":"post_tag","embeddable":true,"href":"https:\/\/www.naturparkmagazin.de\/sternberger-seenland\/wp-json\/wp\/v2\/tags?post=990"}],"curies":[{"name":"wp","href":"https:\/\/api.w.org\/{rel}","templated":true}]}}