{"id":1015,"date":"2014-08-20T08:00:54","date_gmt":"2014-08-20T06:00:54","guid":{"rendered":"http:\/\/www.naturparkmagazin.de\/thueringer-schiefergebirge-obere-saale\/?p=1015"},"modified":"2014-08-25T13:08:33","modified_gmt":"2014-08-25T11:08:33","slug":"einladung-zur-geopark-tagung-2014","status":"publish","type":"post","link":"https:\/\/www.naturparkmagazin.de\/thueringer-schiefergebirge-obere-saale\/einladung-zur-geopark-tagung-2014\/","title":{"rendered":"Einladung zur Geopark-Tagung 2014"},"content":{"rendered":"<div id=\"attachment_1019\" style=\"width: 144px\" class=\"wp-caption alignleft\"><a href=\"https:\/\/www.naturparkmagazin.de\/thueringer-schiefergebirge-obere-saale\/wp-content\/uploads\/sites\/13\/Wanderer-am-Schieferpfad_BA-Beate-Graumann.jpg\"><img aria-describedby=\"caption-attachment-1019\" decoding=\"async\" loading=\"lazy\" class=\"wp-image-1019 \" alt=\"Ein Blick auf die Hinweistafeln, die sich in allen Orten des Schieferpfades befinden, erleichtert die Orientierung, BA Beate Graumann \" src=\"https:\/\/www.naturparkmagazin.de\/thueringer-schiefergebirge-obere-saale\/wp-content\/uploads\/sites\/13\/Wanderer-am-Schieferpfad_BA-Beate-Graumann-620x826.jpg\" width=\"134\" height=\"179\" srcset=\"https:\/\/www.naturparkmagazin.de\/thueringer-schiefergebirge-obere-saale\/wp-content\/uploads\/sites\/13\/Wanderer-am-Schieferpfad_BA-Beate-Graumann-620x826.jpg 620w, https:\/\/www.naturparkmagazin.de\/thueringer-schiefergebirge-obere-saale\/wp-content\/uploads\/sites\/13\/Wanderer-am-Schieferpfad_BA-Beate-Graumann-300x400.jpg 300w, https:\/\/www.naturparkmagazin.de\/thueringer-schiefergebirge-obere-saale\/wp-content\/uploads\/sites\/13\/Wanderer-am-Schieferpfad_BA-Beate-Graumann-500x667.jpg 500w, https:\/\/www.naturparkmagazin.de\/thueringer-schiefergebirge-obere-saale\/wp-content\/uploads\/sites\/13\/Wanderer-am-Schieferpfad_BA-Beate-Graumann-420x560.jpg 420w, https:\/\/www.naturparkmagazin.de\/thueringer-schiefergebirge-obere-saale\/wp-content\/uploads\/sites\/13\/Wanderer-am-Schieferpfad_BA-Beate-Graumann-135x180.jpg 135w, https:\/\/www.naturparkmagazin.de\/thueringer-schiefergebirge-obere-saale\/wp-content\/uploads\/sites\/13\/Wanderer-am-Schieferpfad_BA-Beate-Graumann-53x71.jpg 53w, https:\/\/www.naturparkmagazin.de\/thueringer-schiefergebirge-obere-saale\/wp-content\/uploads\/sites\/13\/Wanderer-am-Schieferpfad_BA-Beate-Graumann-200x267.jpg 200w, https:\/\/www.naturparkmagazin.de\/thueringer-schiefergebirge-obere-saale\/wp-content\/uploads\/sites\/13\/Wanderer-am-Schieferpfad_BA-Beate-Graumann.jpg 640w\" sizes=\"(max-width: 134px) 100vw, 134px\" \/><\/a><p id=\"caption-attachment-1019\" class=\"wp-caption-text\">Ein Blick auf die Hinweistafeln, die sich in allen Orten des Schieferpfades befinden, erleichtert die Orientierung, BA Beate Graumann<\/p><\/div>\n<p><b>\u00a0<\/b>und<\/p>\n<p><b>Fachtagung Umweltbildung und Bergbau zur Er\u00f6ffnung des neugestalteten Schieferpfades<\/b><\/p>\n<p>Am 5. September 2014 in Probstzella,<\/p>\n<p>im Bauhaus-Hotel \u201eHaus des Volkes\u201c<\/p>\n<p>Beginn 9.30 Uhr<\/p>\n<p>Die Verbindung zwischen Bergbau und Umweltbildung findet oft dann Raum, wenn bergbauliche Strukturen verloren gegangen sind und die betroffenen Regionen vor einem Strukturwandel stehen. Dabei erstrecken sich viele Angebote auf die Vermittlung von Traditionsbewusstsein, auf museale Kultur und \u201eBergbau zum Anfassen\u201c.<\/p>\n<p>Mit der diesj\u00e4hrigen Tagung soll den Fragen nachgegangen werden, welche Formen von Umweltbildung heute und in Zukunft im Th\u00fcringisch- Fr\u00e4nkischen Schiefergebirge und im Geopark Schieferland sinnvoll und zielf\u00fchrend sind und welchen Beitrag Themenwege f\u00fcr eine regionale Entwicklung leisten k\u00f6nnen.<\/p>\n<p>Anschlie\u00dfend er\u00f6ffnet die Th\u00fcringer Ministerpr\u00e4sidentin und Pr\u00e4sidentin des Th\u00fcringer Gebirgs- und Wanderverbandes, Frau Christine Lieberknecht, den Schieferpfad, der in den Jahren 2013 und 2014 erweitert und neu gestaltet wurde.<\/p>\n<p>Mit diesem Projekt werden die Region und die Tourismusbetriebe am Schieferpfad unterst\u00fctzt, um f\u00fcr das touristische Themenjahr 2016 mit dem Motto \u201eFaszination Natururlaub\u201c Urlaubsangebote mit hoher Qualit\u00e4t bereitstellen zu k\u00f6nnen.<\/p>\n<p>Sie sind dazu herzlich eingeladen!<\/p>\n<p>Interessenten bitte bis zum 1. September 2014 anmelden bei:<\/p>\n<p>Naturparkverwaltung<\/p>\n<p>Th\u00fcringer Schiefergebirge\/Obere Saale<\/p>\n<p>Wurzbacher Stra\u00dfe 16<\/p>\n<p>07338 Leutenberg<\/p>\n<p>Tel.: 036734\/2309-0<\/p>\n<p>Mail: <a href=\"mailto:poststelle.schiefergebirge@nnl.thueringen.de\">poststelle.schiefergebirge@nnl.thueringen.de<\/a><\/p>\n<p>Weitere Infos zur Veranstaltung unter: <a href=\"http:\/\/www.geopark-schieferland.de\">www.geopark-schieferland.de<\/a><\/p>\n<p>(<a href=\"http:\/\/www.thueringer-schiefergebirge-obere-saale.de\">www.thueringer-schiefergebirge-obere-saale.de<\/a>)<\/p>\n","protected":false},"excerpt":{"rendered":"<p>Am 5. September 2014  findet in Probstzella im Bauhaus-Hotel \u201eHaus des Volkes\u201c die Geopark-Tagung 2014 und die Fachtagung Umweltbildung und Bergbau statt. Anschlie\u00dfend er\u00f6ffnet die Th\u00fcringer Ministerpr\u00e4sidentin und Pr\u00e4sidentin des Th\u00fcringer Gebirgs- und Wanderverbandes, Frau Christine Lieberknecht, den Schieferpfad, der in den Jahren 2013 und 2014 erweitert und neu gestaltet wurde.<\/p>\n","protected":false},"author":30,"featured_media":1018,"comment_status":"open","ping_status":"open","sticky":false,"template":"","format":"standard","meta":[],"categories":[11],"tags":[],"yoast_head":"<!-- This site is optimized with the Yoast SEO plugin v19.10 - https:\/\/yoast.com\/wordpress\/plugins\/seo\/ -->\n<title>Einladung zur Geopark-Tagung 2014 - Naturpark Th\u00fcringer Schiefergebirge\/Obere Saale<\/title>\n<meta name=\"robots\" content=\"index, follow, max-snippet:-1, max-image-preview:large, max-video-preview:-1\" \/>\n<link rel=\"canonical\" href=\"https:\/\/www.naturparkmagazin.de\/thueringer-schiefergebirge-obere-saale\/einladung-zur-geopark-tagung-2014\/\" \/>\n<meta property=\"og:locale\" content=\"de_DE\" \/>\n<meta property=\"og:type\" content=\"article\" \/>\n<meta property=\"og:title\" content=\"Einladung zur Geopark-Tagung 2014 - Naturpark Th\u00fcringer Schiefergebirge\/Obere Saale\" \/>\n<meta property=\"og:description\" content=\"Am 5. September 2014 findet in Probstzella im Bauhaus-Hotel \u201eHaus des Volkes\u201c die Geopark-Tagung 2014 und die Fachtagung Umweltbildung und Bergbau statt. Anschlie\u00dfend er\u00f6ffnet die Th\u00fcringer Ministerpr\u00e4sidentin und Pr\u00e4sidentin des Th\u00fcringer Gebirgs- und Wanderverbandes, Frau Christine Lieberknecht, den Schieferpfad, der in den Jahren 2013 und 2014 erweitert und neu gestaltet wurde.\" \/>\n<meta property=\"og:url\" content=\"https:\/\/www.naturparkmagazin.de\/thueringer-schiefergebirge-obere-saale\/einladung-zur-geopark-tagung-2014\/\" \/>\n<meta property=\"og:site_name\" content=\"Naturpark Th\u00fcringer Schiefergebirge\/Obere Saale\" \/>\n<meta property=\"article:published_time\" content=\"2014-08-20T06:00:54+00:00\" \/>\n<meta property=\"article:modified_time\" content=\"2014-08-25T11:08:33+00:00\" \/>\n<meta property=\"og:image\" content=\"https:\/\/www.naturparkmagazin.de\/thueringer-schiefergebirge-obere-saale\/wp-content\/uploads\/sites\/13\/Wanderung-am-Schieferpfad_BA-Beate-Graumann.jpg\" \/>\n\t<meta property=\"og:image:width\" content=\"640\" \/>\n\t<meta property=\"og:image:height\" content=\"480\" \/>\n\t<meta property=\"og:image:type\" content=\"image\/jpeg\" \/>\n<meta name=\"author\" content=\"beategraumann\" \/>\n<meta name=\"twitter:label1\" content=\"Verfasst von\" \/>\n\t<meta name=\"twitter:data1\" content=\"beategraumann\" \/>\n\t<meta name=\"twitter:label2\" content=\"Gesch\u00e4tzte Lesezeit\" \/>\n\t<meta name=\"twitter:data2\" content=\"1\u00a0Minute\" \/>\n<script type=\"application\/ld+json\" class=\"yoast-schema-graph\">{\"@context\":\"https:\/\/schema.org\",\"@graph\":[{\"@type\":\"WebPage\",\"@id\":\"https:\/\/www.naturparkmagazin.de\/thueringer-schiefergebirge-obere-saale\/einladung-zur-geopark-tagung-2014\/\",\"url\":\"https:\/\/www.naturparkmagazin.de\/thueringer-schiefergebirge-obere-saale\/einladung-zur-geopark-tagung-2014\/\",\"name\":\"Einladung zur Geopark-Tagung 2014 - Naturpark Th\u00fcringer Schiefergebirge\/Obere Saale\",\"isPartOf\":{\"@id\":\"https:\/\/www.naturparkmagazin.de\/thueringer-schiefergebirge-obere-saale\/#website\"},\"datePublished\":\"2014-08-20T06:00:54+00:00\",\"dateModified\":\"2014-08-25T11:08:33+00:00\",\"author\":{\"@id\":\"https:\/\/www.naturparkmagazin.de\/thueringer-schiefergebirge-obere-saale\/#\/schema\/person\/9d2988ec047274b29ed24aa0cb0a9b74\"},\"breadcrumb\":{\"@id\":\"https:\/\/www.naturparkmagazin.de\/thueringer-schiefergebirge-obere-saale\/einladung-zur-geopark-tagung-2014\/#breadcrumb\"},\"inLanguage\":\"de\",\"potentialAction\":[{\"@type\":\"ReadAction\",\"target\":[\"https:\/\/www.naturparkmagazin.de\/thueringer-schiefergebirge-obere-saale\/einladung-zur-geopark-tagung-2014\/\"]}]},{\"@type\":\"BreadcrumbList\",\"@id\":\"https:\/\/www.naturparkmagazin.de\/thueringer-schiefergebirge-obere-saale\/einladung-zur-geopark-tagung-2014\/#breadcrumb\",\"itemListElement\":[{\"@type\":\"ListItem\",\"position\":1,\"name\":\"Home\",\"item\":\"https:\/\/www.naturparkmagazin.de\/thueringer-schiefergebirge-obere-saale\/\"},{\"@type\":\"ListItem\",\"position\":2,\"name\":\"Einladung zur Geopark-Tagung 2014\"}]},{\"@type\":\"WebSite\",\"@id\":\"https:\/\/www.naturparkmagazin.de\/thueringer-schiefergebirge-obere-saale\/#website\",\"url\":\"https:\/\/www.naturparkmagazin.de\/thueringer-schiefergebirge-obere-saale\/\",\"name\":\"Naturpark Th\u00fcringer Schiefergebirge\/Obere Saale\",\"description\":\"\",\"potentialAction\":[{\"@type\":\"SearchAction\",\"target\":{\"@type\":\"EntryPoint\",\"urlTemplate\":\"https:\/\/www.naturparkmagazin.de\/thueringer-schiefergebirge-obere-saale\/?s={search_term_string}\"},\"query-input\":\"required name=search_term_string\"}],\"inLanguage\":\"de\"},{\"@type\":\"Person\",\"@id\":\"https:\/\/www.naturparkmagazin.de\/thueringer-schiefergebirge-obere-saale\/#\/schema\/person\/9d2988ec047274b29ed24aa0cb0a9b74\",\"name\":\"beategraumann\",\"description\":\"Sachbearbeiterin in der Naturparkverwaltung Sachgebiete \u00d6ffentlichkeitsarbeit, Tourismus, Umweltbildung\",\"sameAs\":[\"http:\/\/www.thueringer-schiefergebirge-obere-saale.de\"],\"url\":\"https:\/\/www.naturparkmagazin.de\/thueringer-schiefergebirge-obere-saale\/author\/beategraumann\/\"}]}<\/script>\n<!-- \/ Yoast SEO plugin. -->","yoast_head_json":{"title":"Einladung zur Geopark-Tagung 2014 - Naturpark Th\u00fcringer Schiefergebirge\/Obere Saale","robots":{"index":"index","follow":"follow","max-snippet":"max-snippet:-1","max-image-preview":"max-image-preview:large","max-video-preview":"max-video-preview:-1"},"canonical":"https:\/\/www.naturparkmagazin.de\/thueringer-schiefergebirge-obere-saale\/einladung-zur-geopark-tagung-2014\/","og_locale":"de_DE","og_type":"article","og_title":"Einladung zur Geopark-Tagung 2014 - Naturpark Th\u00fcringer Schiefergebirge\/Obere Saale","og_description":"Am 5. September 2014 findet in Probstzella im Bauhaus-Hotel \u201eHaus des Volkes\u201c die Geopark-Tagung 2014 und die Fachtagung Umweltbildung und Bergbau statt. Anschlie\u00dfend er\u00f6ffnet die Th\u00fcringer Ministerpr\u00e4sidentin und Pr\u00e4sidentin des Th\u00fcringer Gebirgs- und Wanderverbandes, Frau Christine Lieberknecht, den Schieferpfad, der in den Jahren 2013 und 2014 erweitert und neu gestaltet wurde.","og_url":"https:\/\/www.naturparkmagazin.de\/thueringer-schiefergebirge-obere-saale\/einladung-zur-geopark-tagung-2014\/","og_site_name":"Naturpark Th\u00fcringer Schiefergebirge\/Obere Saale","article_published_time":"2014-08-20T06:00:54+00:00","article_modified_time":"2014-08-25T11:08:33+00:00","og_image":[{"width":640,"height":480,"url":"https:\/\/www.naturparkmagazin.de\/thueringer-schiefergebirge-obere-saale\/wp-content\/uploads\/sites\/13\/Wanderung-am-Schieferpfad_BA-Beate-Graumann.jpg","type":"image\/jpeg"}],"author":"beategraumann","twitter_misc":{"Verfasst von":"beategraumann","Gesch\u00e4tzte Lesezeit":"1\u00a0Minute"},"schema":{"@context":"https:\/\/schema.org","@graph":[{"@type":"WebPage","@id":"https:\/\/www.naturparkmagazin.de\/thueringer-schiefergebirge-obere-saale\/einladung-zur-geopark-tagung-2014\/","url":"https:\/\/www.naturparkmagazin.de\/thueringer-schiefergebirge-obere-saale\/einladung-zur-geopark-tagung-2014\/","name":"Einladung zur Geopark-Tagung 2014 - Naturpark Th\u00fcringer Schiefergebirge\/Obere Saale","isPartOf":{"@id":"https:\/\/www.naturparkmagazin.de\/thueringer-schiefergebirge-obere-saale\/#website"},"datePublished":"2014-08-20T06:00:54+00:00","dateModified":"2014-08-25T11:08:33+00:00","author":{"@id":"https:\/\/www.naturparkmagazin.de\/thueringer-schiefergebirge-obere-saale\/#\/schema\/person\/9d2988ec047274b29ed24aa0cb0a9b74"},"breadcrumb":{"@id":"https:\/\/www.naturparkmagazin.de\/thueringer-schiefergebirge-obere-saale\/einladung-zur-geopark-tagung-2014\/#breadcrumb"},"inLanguage":"de","potentialAction":[{"@type":"ReadAction","target":["https:\/\/www.naturparkmagazin.de\/thueringer-schiefergebirge-obere-saale\/einladung-zur-geopark-tagung-2014\/"]}]},{"@type":"BreadcrumbList","@id":"https:\/\/www.naturparkmagazin.de\/thueringer-schiefergebirge-obere-saale\/einladung-zur-geopark-tagung-2014\/#breadcrumb","itemListElement":[{"@type":"ListItem","position":1,"name":"Home","item":"https:\/\/www.naturparkmagazin.de\/thueringer-schiefergebirge-obere-saale\/"},{"@type":"ListItem","position":2,"name":"Einladung zur Geopark-Tagung 2014"}]},{"@type":"WebSite","@id":"https:\/\/www.naturparkmagazin.de\/thueringer-schiefergebirge-obere-saale\/#website","url":"https:\/\/www.naturparkmagazin.de\/thueringer-schiefergebirge-obere-saale\/","name":"Naturpark Th\u00fcringer Schiefergebirge\/Obere Saale","description":"","potentialAction":[{"@type":"SearchAction","target":{"@type":"EntryPoint","urlTemplate":"https:\/\/www.naturparkmagazin.de\/thueringer-schiefergebirge-obere-saale\/?s={search_term_string}"},"query-input":"required name=search_term_string"}],"inLanguage":"de"},{"@type":"Person","@id":"https:\/\/www.naturparkmagazin.de\/thueringer-schiefergebirge-obere-saale\/#\/schema\/person\/9d2988ec047274b29ed24aa0cb0a9b74","name":"beategraumann","description":"Sachbearbeiterin in der Naturparkverwaltung Sachgebiete \u00d6ffentlichkeitsarbeit, Tourismus, Umweltbildung","sameAs":["http:\/\/www.thueringer-schiefergebirge-obere-saale.de"],"url":"https:\/\/www.naturparkmagazin.de\/thueringer-schiefergebirge-obere-saale\/author\/beategraumann\/"}]}},"_links":{"self":[{"href":"https:\/\/www.naturparkmagazin.de\/thueringer-schiefergebirge-obere-saale\/wp-json\/wp\/v2\/posts\/1015"}],"collection":[{"href":"https:\/\/www.naturparkmagazin.de\/thueringer-schiefergebirge-obere-saale\/wp-json\/wp\/v2\/posts"}],"about":[{"href":"https:\/\/www.naturparkmagazin.de\/thueringer-schiefergebirge-obere-saale\/wp-json\/wp\/v2\/types\/post"}],"author":[{"embeddable":true,"href":"https:\/\/www.naturparkmagazin.de\/thueringer-schiefergebirge-obere-saale\/wp-json\/wp\/v2\/users\/30"}],"replies":[{"embeddable":true,"href":"https:\/\/www.naturparkmagazin.de\/thueringer-schiefergebirge-obere-saale\/wp-json\/wp\/v2\/comments?post=1015"}],"version-history":[{"count":7,"href":"https:\/\/www.naturparkmagazin.de\/thueringer-schiefergebirge-obere-saale\/wp-json\/wp\/v2\/posts\/1015\/revisions"}],"predecessor-version":[{"id":1072,"href":"https:\/\/www.naturparkmagazin.de\/thueringer-schiefergebirge-obere-saale\/wp-json\/wp\/v2\/posts\/1015\/revisions\/1072"}],"wp:featuredmedia":[{"embeddable":true,"href":"https:\/\/www.naturparkmagazin.de\/thueringer-schiefergebirge-obere-saale\/wp-json\/wp\/v2\/media\/1018"}],"wp:attachment":[{"href":"https:\/\/www.naturparkmagazin.de\/thueringer-schiefergebirge-obere-saale\/wp-json\/wp\/v2\/media?parent=1015"}],"wp:term":[{"taxonomy":"category","embeddable":true,"href":"https:\/\/www.naturparkmagazin.de\/thueringer-schiefergebirge-obere-saale\/wp-json\/wp\/v2\/categories?post=1015"},{"taxonomy":"post_tag","embeddable":true,"href":"https:\/\/www.naturparkmagazin.de\/thueringer-schiefergebirge-obere-saale\/wp-json\/wp\/v2\/tags?post=1015"}],"curies":[{"name":"wp","href":"https:\/\/api.w.org\/{rel}","templated":true}]}}