{"id":1054,"date":"2014-08-20T07:30:54","date_gmt":"2014-08-20T05:30:54","guid":{"rendered":"http:\/\/www.naturparkmagazin.de\/thueringer-schiefergebirge-obere-saale\/?p=1054"},"modified":"2014-08-25T13:19:18","modified_gmt":"2014-08-25T11:19:18","slug":"unser-rundwanderweg-der-schieferpfad","status":"publish","type":"post","link":"https:\/\/www.naturparkmagazin.de\/thueringer-schiefergebirge-obere-saale\/unser-rundwanderweg-der-schieferpfad\/","title":{"rendered":"Unser Schieferpfad &#8211; Einladung zur Vernissage in Gr\u00e4fenthal"},"content":{"rendered":"<p style=\"text-align: center\"><b>Er\u00f6ffnung\u00a0der Ausstellung\u00a0am Samstag, dem 6. September 2014 <\/b><\/p>\n<div id=\"attachment_1059\" style=\"width: 630px\" class=\"wp-caption aligncenter\"><a href=\"https:\/\/www.naturparkmagazin.de\/thueringer-schiefergebirge-obere-saale\/wp-content\/uploads\/sites\/13\/Plakat.jpg\"><img aria-describedby=\"caption-attachment-1059\" decoding=\"async\" loading=\"lazy\" class=\"size-medium wp-image-1059 \" title=\"Einladung f\u00fcr Natur- und Kunstfreunde, Bettina Thieme\" alt=\"Einladung f\u00fcr Natur- und Kunstfreunde, Bettina Thieme\" src=\"https:\/\/www.naturparkmagazin.de\/thueringer-schiefergebirge-obere-saale\/wp-content\/uploads\/sites\/13\/Plakat-620x442.jpg\" width=\"620\" height=\"442\" srcset=\"https:\/\/www.naturparkmagazin.de\/thueringer-schiefergebirge-obere-saale\/wp-content\/uploads\/sites\/13\/Plakat-620x442.jpg 620w, https:\/\/www.naturparkmagazin.de\/thueringer-schiefergebirge-obere-saale\/wp-content\/uploads\/sites\/13\/Plakat-300x214.jpg 300w, https:\/\/www.naturparkmagazin.de\/thueringer-schiefergebirge-obere-saale\/wp-content\/uploads\/sites\/13\/Plakat-670x478.jpg 670w, https:\/\/www.naturparkmagazin.de\/thueringer-schiefergebirge-obere-saale\/wp-content\/uploads\/sites\/13\/Plakat-200x143.jpg 200w, https:\/\/www.naturparkmagazin.de\/thueringer-schiefergebirge-obere-saale\/wp-content\/uploads\/sites\/13\/Plakat.jpg 886w\" sizes=\"(max-width: 620px) 100vw, 620px\" \/><\/a><p id=\"caption-attachment-1059\" class=\"wp-caption-text\">Einladung f\u00fcr Natur- und Kunstfreunde, Bettina Thieme<\/p><\/div>\n<p>Unsere Naturf\u00fchrerin Bettina Thieme ist seit dem Fr\u00fchjahr mit den Teilnehmern ihres Kreativkurses auf dem Schieferpfad im Raum Gr\u00e4fenthal unterwegs. Was gibt es dort an Besonderem zu entdecken? F\u00fcr jeden der Maler ist es etwas anderes, was ihn inspiriert, genau dieses Tier, diese Pflanze, diesen Ausblick oder diesen Schieferfelsen zu zeichnen. Besondere Motive und Details dieses beliebten Wanderweges treten damit f\u00fcr den Betrachter in den Vordergrund und laden ein, selbst mal dort hinzuwandern und sich an den Natursch\u00f6nheiten zu erfreuen.<\/p>\n<p>Lassen Sie sich \u00fcberraschen von den Bildern, die am Schieferpfad entstanden sind und besuchen Sie die kleine, aber feine Ausstellung und kommen Sie mit den K\u00fcnstlern ins Gespr\u00e4ch!<\/p>\n<p>Handgemalte Bilder und Porzellan aus dem Sortiment von Thieme-Design werden zum Verkauf angeboten.<\/p>\n<p>Wir freuen uns auf Sie!<\/p>\n<p>Naturf\u00fchrerin Bettina Thieme<\/p>\n<p>Und Ihr Naturpark-Team<\/p>\n<p>Am 6.9.2014 um 14.00 Uhr Er\u00f6ffnung und Vernissage im Museum des Heimat- und Geschichtsvereins Gr\u00e4fenthal e.V.<\/p>\n<p>Die Ausstellung ist vom 07.09. bis 26.10.2014 am Wochenende von 14.00 bis 16.30 Uhr zu besichtigen. In diesem Zeitraum ist eine Anmeldung erforderlich: Naturf\u00fchrerin Bettina Thieme: Tel. 036703-70499 o. 0172\/6338025<\/p>\n<p>www.thieme-design.de<\/p>\n","protected":false},"excerpt":{"rendered":"<p>Am 6.September wird um 14.00 Uhr die Ausstellung &#8222;Unser Schieferpfad&#8220; mit einer Vernissage im Museum des Heimat- und Geschichtsvereins Gr\u00e4fenthal e.V er\u00f6ffnet. Lassen Sie sich \u00fcberraschen von den Bildern eines Kreativkurses, die am Schieferpfad entstanden sind und kommen Sie mit den K\u00fcnstlern ins Gespr\u00e4ch!<\/p>\n","protected":false},"author":30,"featured_media":1058,"comment_status":"open","ping_status":"open","sticky":false,"template":"","format":"standard","meta":[],"categories":[11],"tags":[],"yoast_head":"<!-- This site is optimized with the Yoast SEO plugin v19.10 - https:\/\/yoast.com\/wordpress\/plugins\/seo\/ -->\n<title>Unser Schieferpfad - Einladung zur Vernissage in Gr\u00e4fenthal - Naturpark Th\u00fcringer Schiefergebirge\/Obere Saale<\/title>\n<meta name=\"robots\" content=\"index, follow, max-snippet:-1, max-image-preview:large, max-video-preview:-1\" \/>\n<link rel=\"canonical\" href=\"https:\/\/www.naturparkmagazin.de\/thueringer-schiefergebirge-obere-saale\/unser-rundwanderweg-der-schieferpfad\/\" \/>\n<meta property=\"og:locale\" content=\"de_DE\" \/>\n<meta property=\"og:type\" content=\"article\" \/>\n<meta property=\"og:title\" content=\"Unser Schieferpfad - Einladung zur Vernissage in Gr\u00e4fenthal - Naturpark Th\u00fcringer Schiefergebirge\/Obere Saale\" \/>\n<meta property=\"og:description\" content=\"Am 6.September wird um 14.00 Uhr die Ausstellung &quot;Unser Schieferpfad&quot; mit einer Vernissage im Museum des Heimat- und Geschichtsvereins Gr\u00e4fenthal e.V er\u00f6ffnet. Lassen Sie sich \u00fcberraschen von den Bildern eines Kreativkurses, die am Schieferpfad entstanden sind und kommen Sie mit den K\u00fcnstlern ins Gespr\u00e4ch!\" \/>\n<meta property=\"og:url\" content=\"https:\/\/www.naturparkmagazin.de\/thueringer-schiefergebirge-obere-saale\/unser-rundwanderweg-der-schieferpfad\/\" \/>\n<meta property=\"og:site_name\" content=\"Naturpark Th\u00fcringer Schiefergebirge\/Obere Saale\" \/>\n<meta property=\"article:published_time\" content=\"2014-08-20T05:30:54+00:00\" \/>\n<meta property=\"article:modified_time\" content=\"2014-08-25T11:19:18+00:00\" \/>\n<meta property=\"og:image\" content=\"https:\/\/www.naturparkmagazin.de\/thueringer-schiefergebirge-obere-saale\/wp-content\/uploads\/sites\/13\/NaF\u00fc-Bettina-Thieme-Grit-Lemnitzer-5.jpg\" \/>\n\t<meta property=\"og:image:width\" content=\"640\" \/>\n\t<meta property=\"og:image:height\" content=\"360\" \/>\n\t<meta property=\"og:image:type\" content=\"image\/jpeg\" \/>\n<meta name=\"author\" content=\"beategraumann\" \/>\n<meta name=\"twitter:label1\" content=\"Verfasst von\" \/>\n\t<meta name=\"twitter:data1\" content=\"beategraumann\" \/>\n\t<meta name=\"twitter:label2\" content=\"Gesch\u00e4tzte Lesezeit\" \/>\n\t<meta name=\"twitter:data2\" content=\"1\u00a0Minute\" \/>\n<script type=\"application\/ld+json\" class=\"yoast-schema-graph\">{\"@context\":\"https:\/\/schema.org\",\"@graph\":[{\"@type\":\"WebPage\",\"@id\":\"https:\/\/www.naturparkmagazin.de\/thueringer-schiefergebirge-obere-saale\/unser-rundwanderweg-der-schieferpfad\/\",\"url\":\"https:\/\/www.naturparkmagazin.de\/thueringer-schiefergebirge-obere-saale\/unser-rundwanderweg-der-schieferpfad\/\",\"name\":\"Unser Schieferpfad - Einladung zur Vernissage in Gr\u00e4fenthal - Naturpark Th\u00fcringer Schiefergebirge\/Obere Saale\",\"isPartOf\":{\"@id\":\"https:\/\/www.naturparkmagazin.de\/thueringer-schiefergebirge-obere-saale\/#website\"},\"datePublished\":\"2014-08-20T05:30:54+00:00\",\"dateModified\":\"2014-08-25T11:19:18+00:00\",\"author\":{\"@id\":\"https:\/\/www.naturparkmagazin.de\/thueringer-schiefergebirge-obere-saale\/#\/schema\/person\/9d2988ec047274b29ed24aa0cb0a9b74\"},\"breadcrumb\":{\"@id\":\"https:\/\/www.naturparkmagazin.de\/thueringer-schiefergebirge-obere-saale\/unser-rundwanderweg-der-schieferpfad\/#breadcrumb\"},\"inLanguage\":\"de\",\"potentialAction\":[{\"@type\":\"ReadAction\",\"target\":[\"https:\/\/www.naturparkmagazin.de\/thueringer-schiefergebirge-obere-saale\/unser-rundwanderweg-der-schieferpfad\/\"]}]},{\"@type\":\"BreadcrumbList\",\"@id\":\"https:\/\/www.naturparkmagazin.de\/thueringer-schiefergebirge-obere-saale\/unser-rundwanderweg-der-schieferpfad\/#breadcrumb\",\"itemListElement\":[{\"@type\":\"ListItem\",\"position\":1,\"name\":\"Home\",\"item\":\"https:\/\/www.naturparkmagazin.de\/thueringer-schiefergebirge-obere-saale\/\"},{\"@type\":\"ListItem\",\"position\":2,\"name\":\"Unser Schieferpfad &#8211; Einladung zur Vernissage in Gr\u00e4fenthal\"}]},{\"@type\":\"WebSite\",\"@id\":\"https:\/\/www.naturparkmagazin.de\/thueringer-schiefergebirge-obere-saale\/#website\",\"url\":\"https:\/\/www.naturparkmagazin.de\/thueringer-schiefergebirge-obere-saale\/\",\"name\":\"Naturpark Th\u00fcringer Schiefergebirge\/Obere Saale\",\"description\":\"\",\"potentialAction\":[{\"@type\":\"SearchAction\",\"target\":{\"@type\":\"EntryPoint\",\"urlTemplate\":\"https:\/\/www.naturparkmagazin.de\/thueringer-schiefergebirge-obere-saale\/?s={search_term_string}\"},\"query-input\":\"required name=search_term_string\"}],\"inLanguage\":\"de\"},{\"@type\":\"Person\",\"@id\":\"https:\/\/www.naturparkmagazin.de\/thueringer-schiefergebirge-obere-saale\/#\/schema\/person\/9d2988ec047274b29ed24aa0cb0a9b74\",\"name\":\"beategraumann\",\"description\":\"Sachbearbeiterin in der Naturparkverwaltung Sachgebiete \u00d6ffentlichkeitsarbeit, Tourismus, Umweltbildung\",\"sameAs\":[\"http:\/\/www.thueringer-schiefergebirge-obere-saale.de\"],\"url\":\"https:\/\/www.naturparkmagazin.de\/thueringer-schiefergebirge-obere-saale\/author\/beategraumann\/\"}]}<\/script>\n<!-- \/ Yoast SEO plugin. -->","yoast_head_json":{"title":"Unser Schieferpfad - Einladung zur Vernissage in Gr\u00e4fenthal - Naturpark Th\u00fcringer Schiefergebirge\/Obere Saale","robots":{"index":"index","follow":"follow","max-snippet":"max-snippet:-1","max-image-preview":"max-image-preview:large","max-video-preview":"max-video-preview:-1"},"canonical":"https:\/\/www.naturparkmagazin.de\/thueringer-schiefergebirge-obere-saale\/unser-rundwanderweg-der-schieferpfad\/","og_locale":"de_DE","og_type":"article","og_title":"Unser Schieferpfad - Einladung zur Vernissage in Gr\u00e4fenthal - Naturpark Th\u00fcringer Schiefergebirge\/Obere Saale","og_description":"Am 6.September wird um 14.00 Uhr die Ausstellung \"Unser Schieferpfad\" mit einer Vernissage im Museum des Heimat- und Geschichtsvereins Gr\u00e4fenthal e.V er\u00f6ffnet. Lassen Sie sich \u00fcberraschen von den Bildern eines Kreativkurses, die am Schieferpfad entstanden sind und kommen Sie mit den K\u00fcnstlern ins Gespr\u00e4ch!","og_url":"https:\/\/www.naturparkmagazin.de\/thueringer-schiefergebirge-obere-saale\/unser-rundwanderweg-der-schieferpfad\/","og_site_name":"Naturpark Th\u00fcringer Schiefergebirge\/Obere Saale","article_published_time":"2014-08-20T05:30:54+00:00","article_modified_time":"2014-08-25T11:19:18+00:00","og_image":[{"width":640,"height":360,"url":"https:\/\/www.naturparkmagazin.de\/thueringer-schiefergebirge-obere-saale\/wp-content\/uploads\/sites\/13\/NaF\u00fc-Bettina-Thieme-Grit-Lemnitzer-5.jpg","type":"image\/jpeg"}],"author":"beategraumann","twitter_misc":{"Verfasst von":"beategraumann","Gesch\u00e4tzte Lesezeit":"1\u00a0Minute"},"schema":{"@context":"https:\/\/schema.org","@graph":[{"@type":"WebPage","@id":"https:\/\/www.naturparkmagazin.de\/thueringer-schiefergebirge-obere-saale\/unser-rundwanderweg-der-schieferpfad\/","url":"https:\/\/www.naturparkmagazin.de\/thueringer-schiefergebirge-obere-saale\/unser-rundwanderweg-der-schieferpfad\/","name":"Unser Schieferpfad - Einladung zur Vernissage in Gr\u00e4fenthal - Naturpark Th\u00fcringer Schiefergebirge\/Obere Saale","isPartOf":{"@id":"https:\/\/www.naturparkmagazin.de\/thueringer-schiefergebirge-obere-saale\/#website"},"datePublished":"2014-08-20T05:30:54+00:00","dateModified":"2014-08-25T11:19:18+00:00","author":{"@id":"https:\/\/www.naturparkmagazin.de\/thueringer-schiefergebirge-obere-saale\/#\/schema\/person\/9d2988ec047274b29ed24aa0cb0a9b74"},"breadcrumb":{"@id":"https:\/\/www.naturparkmagazin.de\/thueringer-schiefergebirge-obere-saale\/unser-rundwanderweg-der-schieferpfad\/#breadcrumb"},"inLanguage":"de","potentialAction":[{"@type":"ReadAction","target":["https:\/\/www.naturparkmagazin.de\/thueringer-schiefergebirge-obere-saale\/unser-rundwanderweg-der-schieferpfad\/"]}]},{"@type":"BreadcrumbList","@id":"https:\/\/www.naturparkmagazin.de\/thueringer-schiefergebirge-obere-saale\/unser-rundwanderweg-der-schieferpfad\/#breadcrumb","itemListElement":[{"@type":"ListItem","position":1,"name":"Home","item":"https:\/\/www.naturparkmagazin.de\/thueringer-schiefergebirge-obere-saale\/"},{"@type":"ListItem","position":2,"name":"Unser Schieferpfad &#8211; Einladung zur Vernissage in Gr\u00e4fenthal"}]},{"@type":"WebSite","@id":"https:\/\/www.naturparkmagazin.de\/thueringer-schiefergebirge-obere-saale\/#website","url":"https:\/\/www.naturparkmagazin.de\/thueringer-schiefergebirge-obere-saale\/","name":"Naturpark Th\u00fcringer Schiefergebirge\/Obere Saale","description":"","potentialAction":[{"@type":"SearchAction","target":{"@type":"EntryPoint","urlTemplate":"https:\/\/www.naturparkmagazin.de\/thueringer-schiefergebirge-obere-saale\/?s={search_term_string}"},"query-input":"required name=search_term_string"}],"inLanguage":"de"},{"@type":"Person","@id":"https:\/\/www.naturparkmagazin.de\/thueringer-schiefergebirge-obere-saale\/#\/schema\/person\/9d2988ec047274b29ed24aa0cb0a9b74","name":"beategraumann","description":"Sachbearbeiterin in der Naturparkverwaltung Sachgebiete \u00d6ffentlichkeitsarbeit, Tourismus, Umweltbildung","sameAs":["http:\/\/www.thueringer-schiefergebirge-obere-saale.de"],"url":"https:\/\/www.naturparkmagazin.de\/thueringer-schiefergebirge-obere-saale\/author\/beategraumann\/"}]}},"_links":{"self":[{"href":"https:\/\/www.naturparkmagazin.de\/thueringer-schiefergebirge-obere-saale\/wp-json\/wp\/v2\/posts\/1054"}],"collection":[{"href":"https:\/\/www.naturparkmagazin.de\/thueringer-schiefergebirge-obere-saale\/wp-json\/wp\/v2\/posts"}],"about":[{"href":"https:\/\/www.naturparkmagazin.de\/thueringer-schiefergebirge-obere-saale\/wp-json\/wp\/v2\/types\/post"}],"author":[{"embeddable":true,"href":"https:\/\/www.naturparkmagazin.de\/thueringer-schiefergebirge-obere-saale\/wp-json\/wp\/v2\/users\/30"}],"replies":[{"embeddable":true,"href":"https:\/\/www.naturparkmagazin.de\/thueringer-schiefergebirge-obere-saale\/wp-json\/wp\/v2\/comments?post=1054"}],"version-history":[{"count":8,"href":"https:\/\/www.naturparkmagazin.de\/thueringer-schiefergebirge-obere-saale\/wp-json\/wp\/v2\/posts\/1054\/revisions"}],"predecessor-version":[{"id":1077,"href":"https:\/\/www.naturparkmagazin.de\/thueringer-schiefergebirge-obere-saale\/wp-json\/wp\/v2\/posts\/1054\/revisions\/1077"}],"wp:featuredmedia":[{"embeddable":true,"href":"https:\/\/www.naturparkmagazin.de\/thueringer-schiefergebirge-obere-saale\/wp-json\/wp\/v2\/media\/1058"}],"wp:attachment":[{"href":"https:\/\/www.naturparkmagazin.de\/thueringer-schiefergebirge-obere-saale\/wp-json\/wp\/v2\/media?parent=1054"}],"wp:term":[{"taxonomy":"category","embeddable":true,"href":"https:\/\/www.naturparkmagazin.de\/thueringer-schiefergebirge-obere-saale\/wp-json\/wp\/v2\/categories?post=1054"},{"taxonomy":"post_tag","embeddable":true,"href":"https:\/\/www.naturparkmagazin.de\/thueringer-schiefergebirge-obere-saale\/wp-json\/wp\/v2\/tags?post=1054"}],"curies":[{"name":"wp","href":"https:\/\/api.w.org\/{rel}","templated":true}]}}