{"id":1650,"date":"2015-07-22T04:00:22","date_gmt":"2015-07-22T02:00:22","guid":{"rendered":"http:\/\/www.naturparkmagazin.de\/thueringer-schiefergebirge-obere-saale\/?p=1650"},"modified":"2015-06-25T10:52:57","modified_gmt":"2015-06-25T08:52:57","slug":"sensen-dengeln-und-heiden-pflegen-aktiv-im-gruenen-band","status":"publish","type":"post","link":"https:\/\/www.naturparkmagazin.de\/thueringer-schiefergebirge-obere-saale\/sensen-dengeln-und-heiden-pflegen-aktiv-im-gruenen-band\/","title":{"rendered":"Sensen, Dengeln und Heiden pflegen &#8211; aktiv im Gr\u00fcnen Band"},"content":{"rendered":"<p><strong>Ein Sommercamp vom 14. &#8211; 21.08.2015 f\u00fcr die Vielfalt im Naturpark Th\u00fcringer Schiefergebirge\/Obere Saale<\/strong><\/p>\n<div id=\"attachment_1654\" style=\"width: 510px\" class=\"wp-caption alignnone\"><a href=\"https:\/\/www.naturparkmagazin.de\/thueringer-schiefergebirge-obere-saale\/wp-content\/uploads\/sites\/13\/workshop2.jpg\"><img aria-describedby=\"caption-attachment-1654\" decoding=\"async\" loading=\"lazy\" class=\"size-full wp-image-1654\" src=\"https:\/\/www.naturparkmagazin.de\/thueringer-schiefergebirge-obere-saale\/wp-content\/uploads\/sites\/13\/workshop2.jpg\" alt=\"Workcamp am Gr\u00fcnen Band, BA Stella Schmigalle\" width=\"500\" height=\"285\" srcset=\"https:\/\/www.naturparkmagazin.de\/thueringer-schiefergebirge-obere-saale\/wp-content\/uploads\/sites\/13\/workshop2.jpg 500w, https:\/\/www.naturparkmagazin.de\/thueringer-schiefergebirge-obere-saale\/wp-content\/uploads\/sites\/13\/workshop2-300x171.jpg 300w, https:\/\/www.naturparkmagazin.de\/thueringer-schiefergebirge-obere-saale\/wp-content\/uploads\/sites\/13\/workshop2-200x114.jpg 200w\" sizes=\"(max-width: 500px) 100vw, 500px\" \/><\/a><p id=\"caption-attachment-1654\" class=\"wp-caption-text\">Workcamp am Gr\u00fcnen Band, BA Stella Schmigalle<\/p><\/div>\n<p>Bereits zum 2. Mal l\u00e4dt die Stiftung Naturschutz Th\u00fcringen zum Sommercamp der etwas anderen Art ins Schiefergebirge bei Titschendorf ein. Eine Woche lang wird gemeinschaftlich praktische Naturschutzarbeit geleistet. Um die Pflege der wertvollen Lebensr\u00e4ume traditionell und gleichzeitig mit enormem Entspannungspotential pflegen zu k\u00f6nnen, gibt es professionelle Anleitung, um das Handsensen und anschlie\u00dfend auch das Dengeln zu erlernen. Es kann jeder dabei sein, anpacken und viel Neues lernen \u2013 egal ob jung oder alt oder mit der ganzen Familie. Das Basislager des Camps wird dieses Jahr in Titschendorf aufgeschlagen werden \u2013 direkt im ehemaligen Sperrgebiet der innerdeutschen Grenze. Das Entdecken des daraus entstandenen Lebensraumbiotopverbundes Gr\u00fcnes Band, seiner Geschichte und der dort lebenden gef\u00e4hrdeten Arten steht genauso wie Exkursionen in die Umgebung zus\u00e4tzlich auf dem Programm.\nTreffpunkt: Titschendorf Gastst\u00e4tte<\/p>\n<p>Unkosten: F\u00fcr Verpflegung und \u00dcbernachtung im Zelt bitten wir um Ihre Spende. Einzelne Zimmer stehen in der Gastst\u00e4tte zur Anmietung zur Verf\u00fcgung.\nAnmeldung erforderlich: Stella Schmigalle 0361\/3789293 oder Marcus Richter 03641\/318698<\/p>\n<p><a href=\"mailto:gruenes-band-aktiv@stiftung-naturschutz-thueringen.de\" target=\"_blank\">gruenes-band-aktiv@stiftung-naturschutz-thueringen.de<\/a>\n<a href=\"http:\/\/www.stiftung-naturschutz-thueringen.de\/selbst-anpacken.html\" target=\"_blank\">www.stiftung-naturschutz-thueringen.de\/selbst-anpacken.html<\/a><\/p>\n<p>Anmeldung bitte \u00fcber das Formular auf der Homepage<\/p>\n<p>&nbsp;<\/p>\n<p><strong>Feierliche Einweihung einer wiedergeherstellten Aussichtsachse am Gr\u00fcnen Band<\/strong><\/p>\n<p>Im Rahmen des Projektes \u201eGr\u00fcnes Band Aktiv\u201c der Stiftung Naturschutz Th\u00fcringen wird die s\u00fcdlichste Spitze des Gr\u00fcnen Bandes im Schiefergebirge, gelegen zwischen Titschendorf und Nordhalben als Aussichtsplatz zusammen mit den Gemeinden und B\u00fcrgern aktiv gepflegt und aufgewertet werden. Als Abschlussaktion des Sommercamps 2015 und des gesamten Projektes wird hier eine \u00dcberraschung enth\u00fcllt werden, die sowohl entspannten Weitblick als auch Erinnerung und Besinnung verspricht. Lassen Sie sich \u00fcberraschen, was hier von und f\u00fcr das Gr\u00fcne Band und seine Besucher entsteht.<\/p>\n<p><strong>Freitag, den 21.08.2015 um 14.00 Uhr<\/strong><\/p>\n<p>An der S\u00fcdspitze des Kolonnenwegs, s\u00fcdlich von Titschendorf\nVon Nordhalben (Grund) oder Titschendorf \u00fcber den Dreiherren-Weg in 25 min erwandert.<\/p>\n<p>Informationen: Stella Schmigalle 0361\/3789293 oder Marcus Richter 03641\/318698\n<a href=\"mailto:gruenes-band-aktiv@stiftung-naturschutz-thueringen.de\" target=\"_blank\">gruenes-band-aktiv@stiftung-naturschutz-thueringen.de<\/a>\n<a style=\"line-height: 1.5\" href=\"http:\/\/www.stiftung-naturschutz-thueringen.de\/selbst-anpacken.html\" target=\"_blank\">www.stiftung-naturschutz-thueringen.de\/selbst-anpacken.html<\/a><\/p>\n<p>&nbsp;<\/p>\n","protected":false},"excerpt":{"rendered":"<p>In diesem Sommercamp k\u00f6nnen Sie eine Woche lang helfen, gemeinschaftlich praktische Naturschutzarbeit zum Erhalt der Artenvielfalt zu leisten. <\/p>\n","protected":false},"author":62,"featured_media":1652,"comment_status":"open","ping_status":"open","sticky":false,"template":"","format":"standard","meta":[],"categories":[11],"tags":[],"yoast_head":"<!-- This site is optimized with the Yoast SEO plugin v19.10 - https:\/\/yoast.com\/wordpress\/plugins\/seo\/ -->\n<title>Sensen, Dengeln und Heiden pflegen - aktiv im Gr\u00fcnen Band - Naturpark Th\u00fcringer Schiefergebirge\/Obere Saale<\/title>\n<meta name=\"description\" content=\"In diesem Sommercamp k\u00f6nnen Sie eine Woche lang helfen, gemeinschaftlich praktische Naturschutzarbeit zum Erhalt der Artenvielfalt zu leisten.\" \/>\n<meta name=\"robots\" content=\"index, follow, max-snippet:-1, max-image-preview:large, max-video-preview:-1\" \/>\n<link rel=\"canonical\" href=\"https:\/\/www.naturparkmagazin.de\/thueringer-schiefergebirge-obere-saale\/sensen-dengeln-und-heiden-pflegen-aktiv-im-gruenen-band\/\" \/>\n<meta property=\"og:locale\" content=\"de_DE\" \/>\n<meta property=\"og:type\" content=\"article\" \/>\n<meta property=\"og:title\" content=\"Sensen, Dengeln und Heiden pflegen - aktiv im Gr\u00fcnen Band - Naturpark Th\u00fcringer Schiefergebirge\/Obere Saale\" \/>\n<meta property=\"og:description\" content=\"In diesem Sommercamp k\u00f6nnen Sie eine Woche lang helfen, gemeinschaftlich praktische Naturschutzarbeit zum Erhalt der Artenvielfalt zu leisten.\" \/>\n<meta property=\"og:url\" content=\"https:\/\/www.naturparkmagazin.de\/thueringer-schiefergebirge-obere-saale\/sensen-dengeln-und-heiden-pflegen-aktiv-im-gruenen-band\/\" \/>\n<meta property=\"og:site_name\" content=\"Naturpark Th\u00fcringer Schiefergebirge\/Obere Saale\" \/>\n<meta property=\"article:published_time\" content=\"2015-07-22T02:00:22+00:00\" \/>\n<meta property=\"article:modified_time\" content=\"2015-06-25T08:52:57+00:00\" \/>\n<meta property=\"og:image\" content=\"https:\/\/www.naturparkmagazin.de\/thueringer-schiefergebirge-obere-saale\/wp-content\/uploads\/sites\/13\/workshop1.jpg\" \/>\n\t<meta property=\"og:image:width\" content=\"200\" \/>\n\t<meta property=\"og:image:height\" content=\"200\" \/>\n\t<meta property=\"og:image:type\" content=\"image\/jpeg\" \/>\n<meta name=\"author\" content=\"D\u00f6rthe Kirstein\" \/>\n<meta name=\"twitter:label1\" content=\"Verfasst von\" \/>\n\t<meta name=\"twitter:data1\" content=\"D\u00f6rthe Kirstein\" \/>\n\t<meta name=\"twitter:label2\" content=\"Gesch\u00e4tzte Lesezeit\" \/>\n\t<meta name=\"twitter:data2\" content=\"2\u00a0Minuten\" \/>\n<script type=\"application\/ld+json\" class=\"yoast-schema-graph\">{\"@context\":\"https:\/\/schema.org\",\"@graph\":[{\"@type\":\"WebPage\",\"@id\":\"https:\/\/www.naturparkmagazin.de\/thueringer-schiefergebirge-obere-saale\/sensen-dengeln-und-heiden-pflegen-aktiv-im-gruenen-band\/\",\"url\":\"https:\/\/www.naturparkmagazin.de\/thueringer-schiefergebirge-obere-saale\/sensen-dengeln-und-heiden-pflegen-aktiv-im-gruenen-band\/\",\"name\":\"Sensen, Dengeln und Heiden pflegen - aktiv im Gr\u00fcnen Band - Naturpark Th\u00fcringer Schiefergebirge\/Obere Saale\",\"isPartOf\":{\"@id\":\"https:\/\/www.naturparkmagazin.de\/thueringer-schiefergebirge-obere-saale\/#website\"},\"datePublished\":\"2015-07-22T02:00:22+00:00\",\"dateModified\":\"2015-06-25T08:52:57+00:00\",\"author\":{\"@id\":\"https:\/\/www.naturparkmagazin.de\/thueringer-schiefergebirge-obere-saale\/#\/schema\/person\/2144f2a5876d4b820ee5725f8224a275\"},\"description\":\"In diesem Sommercamp k\u00f6nnen Sie eine Woche lang helfen, gemeinschaftlich praktische Naturschutzarbeit zum Erhalt der Artenvielfalt zu leisten.\",\"breadcrumb\":{\"@id\":\"https:\/\/www.naturparkmagazin.de\/thueringer-schiefergebirge-obere-saale\/sensen-dengeln-und-heiden-pflegen-aktiv-im-gruenen-band\/#breadcrumb\"},\"inLanguage\":\"de\",\"potentialAction\":[{\"@type\":\"ReadAction\",\"target\":[\"https:\/\/www.naturparkmagazin.de\/thueringer-schiefergebirge-obere-saale\/sensen-dengeln-und-heiden-pflegen-aktiv-im-gruenen-band\/\"]}]},{\"@type\":\"BreadcrumbList\",\"@id\":\"https:\/\/www.naturparkmagazin.de\/thueringer-schiefergebirge-obere-saale\/sensen-dengeln-und-heiden-pflegen-aktiv-im-gruenen-band\/#breadcrumb\",\"itemListElement\":[{\"@type\":\"ListItem\",\"position\":1,\"name\":\"Home\",\"item\":\"https:\/\/www.naturparkmagazin.de\/thueringer-schiefergebirge-obere-saale\/\"},{\"@type\":\"ListItem\",\"position\":2,\"name\":\"Sensen, Dengeln und Heiden pflegen &#8211; aktiv im Gr\u00fcnen Band\"}]},{\"@type\":\"WebSite\",\"@id\":\"https:\/\/www.naturparkmagazin.de\/thueringer-schiefergebirge-obere-saale\/#website\",\"url\":\"https:\/\/www.naturparkmagazin.de\/thueringer-schiefergebirge-obere-saale\/\",\"name\":\"Naturpark Th\u00fcringer Schiefergebirge\/Obere Saale\",\"description\":\"\",\"potentialAction\":[{\"@type\":\"SearchAction\",\"target\":{\"@type\":\"EntryPoint\",\"urlTemplate\":\"https:\/\/www.naturparkmagazin.de\/thueringer-schiefergebirge-obere-saale\/?s={search_term_string}\"},\"query-input\":\"required name=search_term_string\"}],\"inLanguage\":\"de\"},{\"@type\":\"Person\",\"@id\":\"https:\/\/www.naturparkmagazin.de\/thueringer-schiefergebirge-obere-saale\/#\/schema\/person\/2144f2a5876d4b820ee5725f8224a275\",\"name\":\"D\u00f6rthe Kirstein\",\"url\":\"https:\/\/www.naturparkmagazin.de\/thueringer-schiefergebirge-obere-saale\/author\/frauhess\/\"}]}<\/script>\n<!-- \/ Yoast SEO plugin. -->","yoast_head_json":{"title":"Sensen, Dengeln und Heiden pflegen - aktiv im Gr\u00fcnen Band - Naturpark Th\u00fcringer Schiefergebirge\/Obere Saale","description":"In diesem Sommercamp k\u00f6nnen Sie eine Woche lang helfen, gemeinschaftlich praktische Naturschutzarbeit zum Erhalt der Artenvielfalt zu leisten.","robots":{"index":"index","follow":"follow","max-snippet":"max-snippet:-1","max-image-preview":"max-image-preview:large","max-video-preview":"max-video-preview:-1"},"canonical":"https:\/\/www.naturparkmagazin.de\/thueringer-schiefergebirge-obere-saale\/sensen-dengeln-und-heiden-pflegen-aktiv-im-gruenen-band\/","og_locale":"de_DE","og_type":"article","og_title":"Sensen, Dengeln und Heiden pflegen - aktiv im Gr\u00fcnen Band - Naturpark Th\u00fcringer Schiefergebirge\/Obere Saale","og_description":"In diesem Sommercamp k\u00f6nnen Sie eine Woche lang helfen, gemeinschaftlich praktische Naturschutzarbeit zum Erhalt der Artenvielfalt zu leisten.","og_url":"https:\/\/www.naturparkmagazin.de\/thueringer-schiefergebirge-obere-saale\/sensen-dengeln-und-heiden-pflegen-aktiv-im-gruenen-band\/","og_site_name":"Naturpark Th\u00fcringer Schiefergebirge\/Obere Saale","article_published_time":"2015-07-22T02:00:22+00:00","article_modified_time":"2015-06-25T08:52:57+00:00","og_image":[{"width":200,"height":200,"url":"https:\/\/www.naturparkmagazin.de\/thueringer-schiefergebirge-obere-saale\/wp-content\/uploads\/sites\/13\/workshop1.jpg","type":"image\/jpeg"}],"author":"D\u00f6rthe Kirstein","twitter_misc":{"Verfasst von":"D\u00f6rthe Kirstein","Gesch\u00e4tzte Lesezeit":"2\u00a0Minuten"},"schema":{"@context":"https:\/\/schema.org","@graph":[{"@type":"WebPage","@id":"https:\/\/www.naturparkmagazin.de\/thueringer-schiefergebirge-obere-saale\/sensen-dengeln-und-heiden-pflegen-aktiv-im-gruenen-band\/","url":"https:\/\/www.naturparkmagazin.de\/thueringer-schiefergebirge-obere-saale\/sensen-dengeln-und-heiden-pflegen-aktiv-im-gruenen-band\/","name":"Sensen, Dengeln und Heiden pflegen - aktiv im Gr\u00fcnen Band - Naturpark Th\u00fcringer Schiefergebirge\/Obere Saale","isPartOf":{"@id":"https:\/\/www.naturparkmagazin.de\/thueringer-schiefergebirge-obere-saale\/#website"},"datePublished":"2015-07-22T02:00:22+00:00","dateModified":"2015-06-25T08:52:57+00:00","author":{"@id":"https:\/\/www.naturparkmagazin.de\/thueringer-schiefergebirge-obere-saale\/#\/schema\/person\/2144f2a5876d4b820ee5725f8224a275"},"description":"In diesem Sommercamp k\u00f6nnen Sie eine Woche lang helfen, gemeinschaftlich praktische Naturschutzarbeit zum Erhalt der Artenvielfalt zu leisten.","breadcrumb":{"@id":"https:\/\/www.naturparkmagazin.de\/thueringer-schiefergebirge-obere-saale\/sensen-dengeln-und-heiden-pflegen-aktiv-im-gruenen-band\/#breadcrumb"},"inLanguage":"de","potentialAction":[{"@type":"ReadAction","target":["https:\/\/www.naturparkmagazin.de\/thueringer-schiefergebirge-obere-saale\/sensen-dengeln-und-heiden-pflegen-aktiv-im-gruenen-band\/"]}]},{"@type":"BreadcrumbList","@id":"https:\/\/www.naturparkmagazin.de\/thueringer-schiefergebirge-obere-saale\/sensen-dengeln-und-heiden-pflegen-aktiv-im-gruenen-band\/#breadcrumb","itemListElement":[{"@type":"ListItem","position":1,"name":"Home","item":"https:\/\/www.naturparkmagazin.de\/thueringer-schiefergebirge-obere-saale\/"},{"@type":"ListItem","position":2,"name":"Sensen, Dengeln und Heiden pflegen &#8211; aktiv im Gr\u00fcnen Band"}]},{"@type":"WebSite","@id":"https:\/\/www.naturparkmagazin.de\/thueringer-schiefergebirge-obere-saale\/#website","url":"https:\/\/www.naturparkmagazin.de\/thueringer-schiefergebirge-obere-saale\/","name":"Naturpark Th\u00fcringer Schiefergebirge\/Obere Saale","description":"","potentialAction":[{"@type":"SearchAction","target":{"@type":"EntryPoint","urlTemplate":"https:\/\/www.naturparkmagazin.de\/thueringer-schiefergebirge-obere-saale\/?s={search_term_string}"},"query-input":"required name=search_term_string"}],"inLanguage":"de"},{"@type":"Person","@id":"https:\/\/www.naturparkmagazin.de\/thueringer-schiefergebirge-obere-saale\/#\/schema\/person\/2144f2a5876d4b820ee5725f8224a275","name":"D\u00f6rthe Kirstein","url":"https:\/\/www.naturparkmagazin.de\/thueringer-schiefergebirge-obere-saale\/author\/frauhess\/"}]}},"_links":{"self":[{"href":"https:\/\/www.naturparkmagazin.de\/thueringer-schiefergebirge-obere-saale\/wp-json\/wp\/v2\/posts\/1650"}],"collection":[{"href":"https:\/\/www.naturparkmagazin.de\/thueringer-schiefergebirge-obere-saale\/wp-json\/wp\/v2\/posts"}],"about":[{"href":"https:\/\/www.naturparkmagazin.de\/thueringer-schiefergebirge-obere-saale\/wp-json\/wp\/v2\/types\/post"}],"author":[{"embeddable":true,"href":"https:\/\/www.naturparkmagazin.de\/thueringer-schiefergebirge-obere-saale\/wp-json\/wp\/v2\/users\/62"}],"replies":[{"embeddable":true,"href":"https:\/\/www.naturparkmagazin.de\/thueringer-schiefergebirge-obere-saale\/wp-json\/wp\/v2\/comments?post=1650"}],"version-history":[{"count":4,"href":"https:\/\/www.naturparkmagazin.de\/thueringer-schiefergebirge-obere-saale\/wp-json\/wp\/v2\/posts\/1650\/revisions"}],"predecessor-version":[{"id":1680,"href":"https:\/\/www.naturparkmagazin.de\/thueringer-schiefergebirge-obere-saale\/wp-json\/wp\/v2\/posts\/1650\/revisions\/1680"}],"wp:featuredmedia":[{"embeddable":true,"href":"https:\/\/www.naturparkmagazin.de\/thueringer-schiefergebirge-obere-saale\/wp-json\/wp\/v2\/media\/1652"}],"wp:attachment":[{"href":"https:\/\/www.naturparkmagazin.de\/thueringer-schiefergebirge-obere-saale\/wp-json\/wp\/v2\/media?parent=1650"}],"wp:term":[{"taxonomy":"category","embeddable":true,"href":"https:\/\/www.naturparkmagazin.de\/thueringer-schiefergebirge-obere-saale\/wp-json\/wp\/v2\/categories?post=1650"},{"taxonomy":"post_tag","embeddable":true,"href":"https:\/\/www.naturparkmagazin.de\/thueringer-schiefergebirge-obere-saale\/wp-json\/wp\/v2\/tags?post=1650"}],"curies":[{"name":"wp","href":"https:\/\/api.w.org\/{rel}","templated":true}]}}