{"id":1863,"date":"2015-12-14T01:00:56","date_gmt":"2015-12-14T00:00:56","guid":{"rendered":"http:\/\/www.naturparkmagazin.de\/thueringer-schiefergebirge-obere-saale\/?p=1863"},"modified":"2015-12-11T13:53:22","modified_gmt":"2015-12-11T12:53:22","slug":"natur-des-jahres-2015-7","status":"publish","type":"post","link":"https:\/\/www.naturparkmagazin.de\/thueringer-schiefergebirge-obere-saale\/natur-des-jahres-2015-7\/","title":{"rendered":"Natur des Jahres 2015"},"content":{"rendered":"<div id=\"attachment_1867\" style=\"width: 310px\" class=\"wp-caption alignright\"><a href=\"https:\/\/www.naturparkmagazin.de\/thueringer-schiefergebirge-obere-saale\/wp-content\/uploads\/sites\/13\/linde2.jpg\"><img aria-describedby=\"caption-attachment-1867\" decoding=\"async\" loading=\"lazy\" class=\"wp-image-1867 size-thumbnail\" src=\"https:\/\/www.naturparkmagazin.de\/thueringer-schiefergebirge-obere-saale\/wp-content\/uploads\/sites\/13\/linde2-300x400.jpg\" alt=\"Winterlinde  \/\/ Autor: A. Roloff\" width=\"300\" height=\"400\" srcset=\"https:\/\/www.naturparkmagazin.de\/thueringer-schiefergebirge-obere-saale\/wp-content\/uploads\/sites\/13\/linde2-300x400.jpg 300w, https:\/\/www.naturparkmagazin.de\/thueringer-schiefergebirge-obere-saale\/wp-content\/uploads\/sites\/13\/linde2-420x560.jpg 420w, https:\/\/www.naturparkmagazin.de\/thueringer-schiefergebirge-obere-saale\/wp-content\/uploads\/sites\/13\/linde2-135x180.jpg 135w, https:\/\/www.naturparkmagazin.de\/thueringer-schiefergebirge-obere-saale\/wp-content\/uploads\/sites\/13\/linde2-53x71.jpg 53w, https:\/\/www.naturparkmagazin.de\/thueringer-schiefergebirge-obere-saale\/wp-content\/uploads\/sites\/13\/linde2-200x267.jpg 200w, https:\/\/www.naturparkmagazin.de\/thueringer-schiefergebirge-obere-saale\/wp-content\/uploads\/sites\/13\/linde2.jpg 500w\" sizes=\"(max-width: 300px) 100vw, 300px\" \/><\/a><p id=\"caption-attachment-1867\" class=\"wp-caption-text\">Winterlinde \/\/ Autor: A. Roloff<\/p><\/div>\n<p><strong>Die Winterlinde\n<\/strong><em>(Tilia cordata)<\/em><\/p>\n<p>Um diesen prachtvollen Baum ranken sich zahlreiche Mythen und Legenden. Viele Traditionen und Br\u00e4uche gehen auf die Winterlinde als Tanzbaum, Gerichtsst\u00e4tte und Vers\u00f6hnungsort zur\u00fcck. \u201eWo wir uns finden, wohl unter Linden zur Abendzeit.\u201c \u2013 Wer kennt sie nicht, die Zeile aus dem ber\u00fchmten Volkslied. Und sie gilt zu Recht als das Symbol der Liebe \u2013 schaut man sich die Form der Bl\u00e4tter an, erkl\u00e4rt sich dies schnell von selbst: Sie haben die Form eines Herzens, aber auch die Krone der Winterlinde w\u00e4chst herzf\u00f6rmig mit der Spitze nach oben. Ja sogar die Wurzeln des Baumes entwickeln ein regelrechtes Herzwurzelsystem.<\/p>\n<p>Wie unterscheidet man die Winterlinde von ihrer Schwester, der Sommerlinde? Eines der besten Merkmale zur Unterscheidung ist die Blattbehaarung. Die Bl\u00e4tter der Sommerlinde sind rundum dicht behaart, w\u00e4hrend die Bl\u00e4tter der Winterlinde oberseits und auch am Stiel kahl sind. Meist sind die Bl\u00e4tter der Winterlinde etwas kleiner, die Krone des Baumes etwas lichter, und sie bl\u00fcht im Schnitt 2 Wochen sp\u00e4ter als die Sommerlinde.<\/p>\n<p>Eine Winterlinde kann m\u00e4chtig alt werden \u2013 es gibt Exemplare, die auf rund 1.000 Jahre gesch\u00e4tzt werden. Eine der st\u00e4rksten Winterlinden steht in Mittelsachsen und misst einen Umfang von stolzen 9 Metern! Die Winterlinden-Krone ist eine beliebte Wohnstube und Singwarte zugleich: Hier br\u00fcten und nisten zahlreiche Vogelarten, hier gedeihen Pilze und hier w\u00e4chst die Laubholzmistel. Im Juli \u00f6ffnen sich die Bl\u00fcten und locken mit ihrem s\u00fc\u00dflichen Duft Bienen und Hummeln an. Doch nicht nur f\u00fcr die Tierwelt ist die Winterlinde ein wichtiger Baum, auch f\u00fcr den Menschen ist sie bedeutsam: Lindenbl\u00fctenhonig, aber auch Lindenbl\u00fctentee und \u00d6l wird aus den Bl\u00fcten des Baumes hergestellt.<\/p>\n<p>Autor: Susen Reuter<\/p>\n<p>&nbsp;<\/p>\n<p>&nbsp;<\/p>\n","protected":false},"excerpt":{"rendered":"<p>Um den &#8222;Baum der Liebenden&#8220; ranken sich viele Mythen, auch Traditionen und Br\u00e4uche sind damit verkn\u00fcpft. Er ist bedeutsam f\u00fcr Mensch und Tier &#8211; die Winterlinde.<\/p>\n","protected":false},"author":62,"featured_media":1866,"comment_status":"open","ping_status":"open","sticky":false,"template":"","format":"standard","meta":[],"categories":[617],"tags":[],"yoast_head":"<!-- This site is optimized with the Yoast SEO plugin v19.10 - https:\/\/yoast.com\/wordpress\/plugins\/seo\/ -->\n<title>Natur des Jahres 2015 - Naturpark Th\u00fcringer Schiefergebirge\/Obere Saale<\/title>\n<meta name=\"description\" content=\"Um den &quot;Baum der Liebenden&quot; ranken sich viele Mythen, auch Traditionen und Br\u00e4uche sind damit verkn\u00fcpft. Er ist bedeutsam f\u00fcr Mensch und Tier - die Winterlinde.\" \/>\n<meta name=\"robots\" content=\"index, follow, max-snippet:-1, max-image-preview:large, max-video-preview:-1\" \/>\n<link rel=\"canonical\" href=\"https:\/\/www.naturparkmagazin.de\/thueringer-schiefergebirge-obere-saale\/natur-des-jahres-2015-7\/\" \/>\n<meta property=\"og:locale\" content=\"de_DE\" \/>\n<meta property=\"og:type\" content=\"article\" \/>\n<meta property=\"og:title\" content=\"Natur des Jahres 2015 - Naturpark Th\u00fcringer Schiefergebirge\/Obere Saale\" \/>\n<meta property=\"og:description\" content=\"Um den &quot;Baum der Liebenden&quot; ranken sich viele Mythen, auch Traditionen und Br\u00e4uche sind damit verkn\u00fcpft. Er ist bedeutsam f\u00fcr Mensch und Tier - die Winterlinde.\" \/>\n<meta property=\"og:url\" content=\"https:\/\/www.naturparkmagazin.de\/thueringer-schiefergebirge-obere-saale\/natur-des-jahres-2015-7\/\" \/>\n<meta property=\"og:site_name\" content=\"Naturpark Th\u00fcringer Schiefergebirge\/Obere Saale\" \/>\n<meta property=\"article:published_time\" content=\"2015-12-14T00:00:56+00:00\" \/>\n<meta property=\"article:modified_time\" content=\"2015-12-11T12:53:22+00:00\" \/>\n<meta property=\"og:image\" content=\"https:\/\/www.naturparkmagazin.de\/thueringer-schiefergebirge-obere-saale\/wp-content\/uploads\/sites\/13\/linde1.jpg\" \/>\n\t<meta property=\"og:image:width\" content=\"200\" \/>\n\t<meta property=\"og:image:height\" content=\"200\" \/>\n\t<meta property=\"og:image:type\" content=\"image\/jpeg\" \/>\n<meta name=\"author\" content=\"D\u00f6rthe Kirstein\" \/>\n<meta name=\"twitter:label1\" content=\"Verfasst von\" \/>\n\t<meta name=\"twitter:data1\" content=\"D\u00f6rthe Kirstein\" \/>\n\t<meta name=\"twitter:label2\" content=\"Gesch\u00e4tzte Lesezeit\" \/>\n\t<meta name=\"twitter:data2\" content=\"2\u00a0Minuten\" \/>\n<script type=\"application\/ld+json\" class=\"yoast-schema-graph\">{\"@context\":\"https:\/\/schema.org\",\"@graph\":[{\"@type\":\"WebPage\",\"@id\":\"https:\/\/www.naturparkmagazin.de\/thueringer-schiefergebirge-obere-saale\/natur-des-jahres-2015-7\/\",\"url\":\"https:\/\/www.naturparkmagazin.de\/thueringer-schiefergebirge-obere-saale\/natur-des-jahres-2015-7\/\",\"name\":\"Natur des Jahres 2015 - Naturpark Th\u00fcringer Schiefergebirge\/Obere Saale\",\"isPartOf\":{\"@id\":\"https:\/\/www.naturparkmagazin.de\/thueringer-schiefergebirge-obere-saale\/#website\"},\"datePublished\":\"2015-12-14T00:00:56+00:00\",\"dateModified\":\"2015-12-11T12:53:22+00:00\",\"author\":{\"@id\":\"https:\/\/www.naturparkmagazin.de\/thueringer-schiefergebirge-obere-saale\/#\/schema\/person\/2144f2a5876d4b820ee5725f8224a275\"},\"description\":\"Um den \\\"Baum der Liebenden\\\" ranken sich viele Mythen, auch Traditionen und Br\u00e4uche sind damit verkn\u00fcpft. Er ist bedeutsam f\u00fcr Mensch und Tier - die Winterlinde.\",\"breadcrumb\":{\"@id\":\"https:\/\/www.naturparkmagazin.de\/thueringer-schiefergebirge-obere-saale\/natur-des-jahres-2015-7\/#breadcrumb\"},\"inLanguage\":\"de\",\"potentialAction\":[{\"@type\":\"ReadAction\",\"target\":[\"https:\/\/www.naturparkmagazin.de\/thueringer-schiefergebirge-obere-saale\/natur-des-jahres-2015-7\/\"]}]},{\"@type\":\"BreadcrumbList\",\"@id\":\"https:\/\/www.naturparkmagazin.de\/thueringer-schiefergebirge-obere-saale\/natur-des-jahres-2015-7\/#breadcrumb\",\"itemListElement\":[{\"@type\":\"ListItem\",\"position\":1,\"name\":\"Home\",\"item\":\"https:\/\/www.naturparkmagazin.de\/thueringer-schiefergebirge-obere-saale\/\"},{\"@type\":\"ListItem\",\"position\":2,\"name\":\"Natur des Jahres 2015\"}]},{\"@type\":\"WebSite\",\"@id\":\"https:\/\/www.naturparkmagazin.de\/thueringer-schiefergebirge-obere-saale\/#website\",\"url\":\"https:\/\/www.naturparkmagazin.de\/thueringer-schiefergebirge-obere-saale\/\",\"name\":\"Naturpark Th\u00fcringer Schiefergebirge\/Obere Saale\",\"description\":\"\",\"potentialAction\":[{\"@type\":\"SearchAction\",\"target\":{\"@type\":\"EntryPoint\",\"urlTemplate\":\"https:\/\/www.naturparkmagazin.de\/thueringer-schiefergebirge-obere-saale\/?s={search_term_string}\"},\"query-input\":\"required name=search_term_string\"}],\"inLanguage\":\"de\"},{\"@type\":\"Person\",\"@id\":\"https:\/\/www.naturparkmagazin.de\/thueringer-schiefergebirge-obere-saale\/#\/schema\/person\/2144f2a5876d4b820ee5725f8224a275\",\"name\":\"D\u00f6rthe Kirstein\",\"url\":\"https:\/\/www.naturparkmagazin.de\/thueringer-schiefergebirge-obere-saale\/author\/frauhess\/\"}]}<\/script>\n<!-- \/ Yoast SEO plugin. -->","yoast_head_json":{"title":"Natur des Jahres 2015 - Naturpark Th\u00fcringer Schiefergebirge\/Obere Saale","description":"Um den \"Baum der Liebenden\" ranken sich viele Mythen, auch Traditionen und Br\u00e4uche sind damit verkn\u00fcpft. Er ist bedeutsam f\u00fcr Mensch und Tier - die Winterlinde.","robots":{"index":"index","follow":"follow","max-snippet":"max-snippet:-1","max-image-preview":"max-image-preview:large","max-video-preview":"max-video-preview:-1"},"canonical":"https:\/\/www.naturparkmagazin.de\/thueringer-schiefergebirge-obere-saale\/natur-des-jahres-2015-7\/","og_locale":"de_DE","og_type":"article","og_title":"Natur des Jahres 2015 - Naturpark Th\u00fcringer Schiefergebirge\/Obere Saale","og_description":"Um den \"Baum der Liebenden\" ranken sich viele Mythen, auch Traditionen und Br\u00e4uche sind damit verkn\u00fcpft. Er ist bedeutsam f\u00fcr Mensch und Tier - die Winterlinde.","og_url":"https:\/\/www.naturparkmagazin.de\/thueringer-schiefergebirge-obere-saale\/natur-des-jahres-2015-7\/","og_site_name":"Naturpark Th\u00fcringer Schiefergebirge\/Obere Saale","article_published_time":"2015-12-14T00:00:56+00:00","article_modified_time":"2015-12-11T12:53:22+00:00","og_image":[{"width":200,"height":200,"url":"https:\/\/www.naturparkmagazin.de\/thueringer-schiefergebirge-obere-saale\/wp-content\/uploads\/sites\/13\/linde1.jpg","type":"image\/jpeg"}],"author":"D\u00f6rthe Kirstein","twitter_misc":{"Verfasst von":"D\u00f6rthe Kirstein","Gesch\u00e4tzte Lesezeit":"2\u00a0Minuten"},"schema":{"@context":"https:\/\/schema.org","@graph":[{"@type":"WebPage","@id":"https:\/\/www.naturparkmagazin.de\/thueringer-schiefergebirge-obere-saale\/natur-des-jahres-2015-7\/","url":"https:\/\/www.naturparkmagazin.de\/thueringer-schiefergebirge-obere-saale\/natur-des-jahres-2015-7\/","name":"Natur des Jahres 2015 - Naturpark Th\u00fcringer Schiefergebirge\/Obere Saale","isPartOf":{"@id":"https:\/\/www.naturparkmagazin.de\/thueringer-schiefergebirge-obere-saale\/#website"},"datePublished":"2015-12-14T00:00:56+00:00","dateModified":"2015-12-11T12:53:22+00:00","author":{"@id":"https:\/\/www.naturparkmagazin.de\/thueringer-schiefergebirge-obere-saale\/#\/schema\/person\/2144f2a5876d4b820ee5725f8224a275"},"description":"Um den \"Baum der Liebenden\" ranken sich viele Mythen, auch Traditionen und Br\u00e4uche sind damit verkn\u00fcpft. Er ist bedeutsam f\u00fcr Mensch und Tier - die Winterlinde.","breadcrumb":{"@id":"https:\/\/www.naturparkmagazin.de\/thueringer-schiefergebirge-obere-saale\/natur-des-jahres-2015-7\/#breadcrumb"},"inLanguage":"de","potentialAction":[{"@type":"ReadAction","target":["https:\/\/www.naturparkmagazin.de\/thueringer-schiefergebirge-obere-saale\/natur-des-jahres-2015-7\/"]}]},{"@type":"BreadcrumbList","@id":"https:\/\/www.naturparkmagazin.de\/thueringer-schiefergebirge-obere-saale\/natur-des-jahres-2015-7\/#breadcrumb","itemListElement":[{"@type":"ListItem","position":1,"name":"Home","item":"https:\/\/www.naturparkmagazin.de\/thueringer-schiefergebirge-obere-saale\/"},{"@type":"ListItem","position":2,"name":"Natur des Jahres 2015"}]},{"@type":"WebSite","@id":"https:\/\/www.naturparkmagazin.de\/thueringer-schiefergebirge-obere-saale\/#website","url":"https:\/\/www.naturparkmagazin.de\/thueringer-schiefergebirge-obere-saale\/","name":"Naturpark Th\u00fcringer Schiefergebirge\/Obere Saale","description":"","potentialAction":[{"@type":"SearchAction","target":{"@type":"EntryPoint","urlTemplate":"https:\/\/www.naturparkmagazin.de\/thueringer-schiefergebirge-obere-saale\/?s={search_term_string}"},"query-input":"required name=search_term_string"}],"inLanguage":"de"},{"@type":"Person","@id":"https:\/\/www.naturparkmagazin.de\/thueringer-schiefergebirge-obere-saale\/#\/schema\/person\/2144f2a5876d4b820ee5725f8224a275","name":"D\u00f6rthe Kirstein","url":"https:\/\/www.naturparkmagazin.de\/thueringer-schiefergebirge-obere-saale\/author\/frauhess\/"}]}},"_links":{"self":[{"href":"https:\/\/www.naturparkmagazin.de\/thueringer-schiefergebirge-obere-saale\/wp-json\/wp\/v2\/posts\/1863"}],"collection":[{"href":"https:\/\/www.naturparkmagazin.de\/thueringer-schiefergebirge-obere-saale\/wp-json\/wp\/v2\/posts"}],"about":[{"href":"https:\/\/www.naturparkmagazin.de\/thueringer-schiefergebirge-obere-saale\/wp-json\/wp\/v2\/types\/post"}],"author":[{"embeddable":true,"href":"https:\/\/www.naturparkmagazin.de\/thueringer-schiefergebirge-obere-saale\/wp-json\/wp\/v2\/users\/62"}],"replies":[{"embeddable":true,"href":"https:\/\/www.naturparkmagazin.de\/thueringer-schiefergebirge-obere-saale\/wp-json\/wp\/v2\/comments?post=1863"}],"version-history":[{"count":7,"href":"https:\/\/www.naturparkmagazin.de\/thueringer-schiefergebirge-obere-saale\/wp-json\/wp\/v2\/posts\/1863\/revisions"}],"predecessor-version":[{"id":1885,"href":"https:\/\/www.naturparkmagazin.de\/thueringer-schiefergebirge-obere-saale\/wp-json\/wp\/v2\/posts\/1863\/revisions\/1885"}],"wp:featuredmedia":[{"embeddable":true,"href":"https:\/\/www.naturparkmagazin.de\/thueringer-schiefergebirge-obere-saale\/wp-json\/wp\/v2\/media\/1866"}],"wp:attachment":[{"href":"https:\/\/www.naturparkmagazin.de\/thueringer-schiefergebirge-obere-saale\/wp-json\/wp\/v2\/media?parent=1863"}],"wp:term":[{"taxonomy":"category","embeddable":true,"href":"https:\/\/www.naturparkmagazin.de\/thueringer-schiefergebirge-obere-saale\/wp-json\/wp\/v2\/categories?post=1863"},{"taxonomy":"post_tag","embeddable":true,"href":"https:\/\/www.naturparkmagazin.de\/thueringer-schiefergebirge-obere-saale\/wp-json\/wp\/v2\/tags?post=1863"}],"curies":[{"name":"wp","href":"https:\/\/api.w.org\/{rel}","templated":true}]}}