{"id":1917,"date":"2016-01-18T04:00:50","date_gmt":"2016-01-18T03:00:50","guid":{"rendered":"http:\/\/www.naturparkmagazin.de\/thueringer-schiefergebirge-obere-saale\/?p=1917"},"modified":"2016-01-15T14:17:35","modified_gmt":"2016-01-15T13:17:35","slug":"ministerin-anja-siegesmund-uebereicht-urkunde-an-naturpark","status":"publish","type":"post","link":"https:\/\/www.naturparkmagazin.de\/thueringer-schiefergebirge-obere-saale\/ministerin-anja-siegesmund-uebereicht-urkunde-an-naturpark\/","title":{"rendered":"Ministerin Anja Siegesmund \u00fcbereicht Urkunde an Naturpark"},"content":{"rendered":"<div id=\"attachment_831\" style=\"width: 310px\" class=\"wp-caption alignright\"><a href=\"https:\/\/www.naturparkmagazin.de\/thueringer-schiefergebirge-obere-saale\/wp-content\/uploads\/sites\/13\/lgohr.jpg\"><img aria-describedby=\"caption-attachment-831\" decoding=\"async\" loading=\"lazy\" class=\"wp-image-831 size-thumbnail\" src=\"https:\/\/www.naturparkmagazin.de\/thueringer-schiefergebirge-obere-saale\/wp-content\/uploads\/sites\/13\/lgohr-300x223.jpg\" alt=\"Braunes Langohr: Flederm\u00e4use - scheinbar lautlose J\u00e4ger in der Nacht (Foto: Podany&amp;Liebig, VDN)\" width=\"300\" height=\"223\" srcset=\"https:\/\/www.naturparkmagazin.de\/thueringer-schiefergebirge-obere-saale\/wp-content\/uploads\/sites\/13\/lgohr-300x223.jpg 300w, https:\/\/www.naturparkmagazin.de\/thueringer-schiefergebirge-obere-saale\/wp-content\/uploads\/sites\/13\/lgohr-620x461.jpg 620w, https:\/\/www.naturparkmagazin.de\/thueringer-schiefergebirge-obere-saale\/wp-content\/uploads\/sites\/13\/lgohr-940x699.jpg 940w, https:\/\/www.naturparkmagazin.de\/thueringer-schiefergebirge-obere-saale\/wp-content\/uploads\/sites\/13\/lgohr-180x135.jpg 180w, https:\/\/www.naturparkmagazin.de\/thueringer-schiefergebirge-obere-saale\/wp-content\/uploads\/sites\/13\/lgohr-95x71.jpg 95w, https:\/\/www.naturparkmagazin.de\/thueringer-schiefergebirge-obere-saale\/wp-content\/uploads\/sites\/13\/lgohr-670x499.jpg 670w, https:\/\/www.naturparkmagazin.de\/thueringer-schiefergebirge-obere-saale\/wp-content\/uploads\/sites\/13\/lgohr-200x149.jpg 200w, https:\/\/www.naturparkmagazin.de\/thueringer-schiefergebirge-obere-saale\/wp-content\/uploads\/sites\/13\/lgohr.jpg 1192w\" sizes=\"(max-width: 300px) 100vw, 300px\" \/><\/a><p id=\"caption-attachment-831\" class=\"wp-caption-text\">Braunes Langohr: Flederm\u00e4use &#8211; scheinbar lautlose J\u00e4ger in der Nacht (Foto: Podany&amp;Liebig, VDN)<\/p><\/div>\n<p>Am 19. Februar wird die Ministerin des Th\u00fcringer Ministeriums f\u00fcr Umwelt, Energie und Naturschutz, Frau Anja Siegesmund, im \u201eFamilotel Am Rennsteig\u201c dem Naturpark Th\u00fcringer Schiefergebirge\/Obere Saale eine Auszeichnung \u00fcberreichen. Ausgezeichnet wird das Projekt \u201eFlederm\u00e4use selbst entdecken\u201c als UN-Dekadeprojekt Biologische Vielfalt mit dem Qualit\u00e4tssiegel der UN-Dekade. Dazu geh\u00f6rt der Fledermausrucksack, der 2014 im Naturpark Th\u00fcringer Schiefergebirge\/ Obere Saale in Zusammenarbeit mit dem \u201eFamilotel Am Rennsteig\u201c eingef\u00fchrt und getestet wurde. Schrittweise wird das Angebot ausgedehnt, um f\u00fcr die Erhaltung der biologischen Vielfalt in Th\u00fcringen zu werben.<\/p>\n<p>Flederm\u00e4use sind stille J\u00e4ger der Nacht, die lange Zeit f\u00fcr viele Menschen unheimlich und furchteinfl\u00f6\u00dfend waren. Selbst heute sind sie oft unbekannte Wesen, die man kaum zu Gesicht bekommt und deren Rolle in unserer nat\u00fcrlichen Umwelt f\u00fcr die meisten Menschen im Dunkeln verborgen bleibt. Am Tage in Baumh\u00f6hlen, Felsspalten oder auf Dachb\u00f6den versteckt und nachts auf der Jagd nach Insekten, entziehen sie sich geschickt unseren Blicken. Kaum einer wei\u00df, welche Fledermausarten und wie viele in der eigenen Umgebung leben. Sind es einzelne oder tausende? Wieso sind es so wenige oder so viele? Wie leben Flederm\u00e4use \u00fcberhaupt?<\/p>\n<div id=\"attachment_1921\" style=\"width: 310px\" class=\"wp-caption alignleft\"><a href=\"https:\/\/www.naturparkmagazin.de\/thueringer-schiefergebirge-obere-saale\/wp-content\/uploads\/sites\/13\/bat2.png\"><img aria-describedby=\"caption-attachment-1921\" decoding=\"async\" loading=\"lazy\" class=\"wp-image-1921 size-thumbnail\" src=\"https:\/\/www.naturparkmagazin.de\/thueringer-schiefergebirge-obere-saale\/wp-content\/uploads\/sites\/13\/bat2-300x217.png\" alt=\"Die Stiftung Fledermaus pr\u00e4sentiert 5 Fledermausrucks\u00e4cke f\u00fcr die Nationalen Naturlandschaften in Th\u00fcringen. BA Grit Lemnitzer\" width=\"300\" height=\"217\" srcset=\"https:\/\/www.naturparkmagazin.de\/thueringer-schiefergebirge-obere-saale\/wp-content\/uploads\/sites\/13\/bat2-300x217.png 300w, https:\/\/www.naturparkmagazin.de\/thueringer-schiefergebirge-obere-saale\/wp-content\/uploads\/sites\/13\/bat2.png 500w, https:\/\/www.naturparkmagazin.de\/thueringer-schiefergebirge-obere-saale\/wp-content\/uploads\/sites\/13\/bat2-200x145.png 200w\" sizes=\"(max-width: 300px) 100vw, 300px\" \/><\/a><p id=\"caption-attachment-1921\" class=\"wp-caption-text\">Die Stiftung Fledermaus pr\u00e4sentiert 5 Fledermausrucks\u00e4cke f\u00fcr die Nationalen Naturlandschaften in Th\u00fcringen. BA Grit Lemnitzer<\/p><\/div>\n<p>Eine praktikable und dazu spannende M\u00f6glichkeit darauf Antworten zu finden, bietet der Fledermausrucksack, der mittlerweile an mehreren Orten in Th\u00fcringen ausgeliehen und von der ganzen Familie genutzt werden kann. Damit wird man nicht zum &#8222;Batman&#8220;, aber es ist m\u00f6glich, w\u00e4hrend einer abendlichen Wanderung ein St\u00fcck in die Welt der Flederm\u00e4use einzutauchen, indem man ihnen bei ihren Jagdausfl\u00fcgen zuh\u00f6rt. Der Fledermausrucksack enth\u00e4lt einen Detektor, der die Rufe der Fledermaus empf\u00e4ngt und f\u00fcr uns h\u00f6rbar macht. Bestimmungshilfe, Taschen- und Stirnlampen sowie genaue, getestete Routenvorschl\u00e4ge erm\u00f6glichen eine hohe Beobachtungswahrscheinlichkeit. Werden bei der Wanderung Flederm\u00e4use aufgesp\u00fcrt, \u00fcberrascht die Eigenart und Vielfalt der Ger\u00e4usche, mit denen sie sich orientieren und jagen. Die meisten Menschen sind fasziniert, mit welchem rasanten Tempo die kleinen J\u00e4ger im Dunkeln mit Hilfe des Ultraschalls geschickt ihre Insektenbeute verfolgen, und nat\u00fcrlich entdeckt man im Licht der Taschenlampen noch zahlreiche andere gro\u00dfe und kleine Tiere.<\/p>\n<p>Eine solch ungew\u00f6hnliche und erlebnisreiche Wanderung bleibt in Erinnerung, regt zum Nachdenken an und kann das Verst\u00e4ndnis f\u00fcr die Bedeutung der biologischen Vielfalt f\u00f6rdern. Der eine oder andere kann dazu bewegt werden, auch ganz pers\u00f6nlich Ma\u00dfnahmen zum Schutz und den Erhalt der Biodiversit\u00e4t umzusetzen, wie sie in dem begleitenden Informationsmaterial vorgeschlagen werden.<\/p>\n<p>Das Projekt &#8222;Fledermausrucksack&#8220; wird neben dem Naturpark Th\u00fcringer Schiefergebirge\/Obere Saale von den Nationalen Naturlandschaften Naturpark S\u00fcdharz, Naturpark Kyffh\u00e4user, Nationalpark Hainich, Naturpark Eichsfeld-Hainich-Werratal und dem Biosph\u00e4renreservat Rh\u00f6n unterst\u00fctzt und ist damit einer breiten \u00d6ffentlichkeit zug\u00e4nglich.<\/p>\n<p>Auch Sie sind herzlich eingeladen, in der Zeit von 9.00 \u2013 11.00 Uhr zu dieser Veranstaltung im Familotel Am Rennsteig in Wurzbach unser Gast zu sein. Sie erfahren au\u00dferdem Neues von\u00a0 der Arbeit der Naturparkverwaltung: Das deutschlandweite Projekt Naturpark-Partner ist im Naturpark nun soweit gediehen, dass die Ministerin an diesem Tag die ersten drei Naturpark-Partner auszeichnen wird. Fetsgelegte Kriterien kennzeichnen die zuk\u00fcnftige Zusammenarbeit zum beiderseitigen Vorteil.<\/p>\n<p>Was erwartet unsere Touristiker im Themenjahr 2016 \u201eDas ist meine Natur \u2013 Die Nationalen Naturlandschaften in Th\u00fcringen\u201c? \u00a0Im vergangenen Jahr gab es Vorbereitungen f\u00fcr gute Angebote, die in diesem Jahr vermarktet werden. Werden wir dadurch mehr Besucher im Naturpark bekommen?<\/p>\n<p>Lassen wir uns \u00fcberraschen!<\/p>\n<p>Ihr Naturpark-Team<\/p>\n<p>&nbsp;<\/p>\n","protected":false},"excerpt":{"rendered":"<p>Das Projekt \u201eFlederm\u00e4use selbst entdecken\u201c wird ausgezeichnet. Mit dem &#8222;Fledermausrucksack&#8220; kann man ein St\u00fcck weit in die Welt der Flederm\u00e4use eintauchen.<\/p>\n","protected":false},"author":62,"featured_media":1920,"comment_status":"open","ping_status":"open","sticky":false,"template":"","format":"standard","meta":[],"categories":[7],"tags":[],"yoast_head":"<!-- This site is optimized with the Yoast SEO plugin v19.10 - https:\/\/yoast.com\/wordpress\/plugins\/seo\/ -->\n<title>Ministerin Anja Siegesmund \u00fcbereicht Urkunde an Naturpark - Naturpark Th\u00fcringer Schiefergebirge\/Obere Saale<\/title>\n<meta name=\"description\" content=\"Das Projekt \u201eFlederm\u00e4use selbst entdecken\u201c wird ausgezeichnet. Mit dem &quot;Fledermausrucksack&quot; kann man ein St\u00fcck weit in die Welt der Flederm\u00e4use eintauchen.\" \/>\n<meta name=\"robots\" content=\"index, follow, max-snippet:-1, max-image-preview:large, max-video-preview:-1\" \/>\n<link rel=\"canonical\" href=\"https:\/\/www.naturparkmagazin.de\/thueringer-schiefergebirge-obere-saale\/ministerin-anja-siegesmund-uebereicht-urkunde-an-naturpark\/\" \/>\n<meta property=\"og:locale\" content=\"de_DE\" \/>\n<meta property=\"og:type\" content=\"article\" \/>\n<meta property=\"og:title\" content=\"Ministerin Anja Siegesmund \u00fcbereicht Urkunde an Naturpark - Naturpark Th\u00fcringer Schiefergebirge\/Obere Saale\" \/>\n<meta property=\"og:description\" content=\"Das Projekt \u201eFlederm\u00e4use selbst entdecken\u201c wird ausgezeichnet. Mit dem &quot;Fledermausrucksack&quot; kann man ein St\u00fcck weit in die Welt der Flederm\u00e4use eintauchen.\" \/>\n<meta property=\"og:url\" content=\"https:\/\/www.naturparkmagazin.de\/thueringer-schiefergebirge-obere-saale\/ministerin-anja-siegesmund-uebereicht-urkunde-an-naturpark\/\" \/>\n<meta property=\"og:site_name\" content=\"Naturpark Th\u00fcringer Schiefergebirge\/Obere Saale\" \/>\n<meta property=\"article:published_time\" content=\"2016-01-18T03:00:50+00:00\" \/>\n<meta property=\"article:modified_time\" content=\"2016-01-15T13:17:35+00:00\" \/>\n<meta property=\"og:image\" content=\"https:\/\/www.naturparkmagazin.de\/thueringer-schiefergebirge-obere-saale\/wp-content\/uploads\/sites\/13\/bat1.png\" \/>\n\t<meta property=\"og:image:width\" content=\"200\" \/>\n\t<meta property=\"og:image:height\" content=\"200\" \/>\n\t<meta property=\"og:image:type\" content=\"image\/png\" \/>\n<meta name=\"author\" content=\"D\u00f6rthe Kirstein\" \/>\n<meta name=\"twitter:label1\" content=\"Verfasst von\" \/>\n\t<meta name=\"twitter:data1\" content=\"D\u00f6rthe Kirstein\" \/>\n\t<meta name=\"twitter:label2\" content=\"Gesch\u00e4tzte Lesezeit\" \/>\n\t<meta name=\"twitter:data2\" content=\"3\u00a0Minuten\" \/>\n<script type=\"application\/ld+json\" class=\"yoast-schema-graph\">{\"@context\":\"https:\/\/schema.org\",\"@graph\":[{\"@type\":\"WebPage\",\"@id\":\"https:\/\/www.naturparkmagazin.de\/thueringer-schiefergebirge-obere-saale\/ministerin-anja-siegesmund-uebereicht-urkunde-an-naturpark\/\",\"url\":\"https:\/\/www.naturparkmagazin.de\/thueringer-schiefergebirge-obere-saale\/ministerin-anja-siegesmund-uebereicht-urkunde-an-naturpark\/\",\"name\":\"Ministerin Anja Siegesmund \u00fcbereicht Urkunde an Naturpark - Naturpark Th\u00fcringer Schiefergebirge\/Obere Saale\",\"isPartOf\":{\"@id\":\"https:\/\/www.naturparkmagazin.de\/thueringer-schiefergebirge-obere-saale\/#website\"},\"datePublished\":\"2016-01-18T03:00:50+00:00\",\"dateModified\":\"2016-01-15T13:17:35+00:00\",\"author\":{\"@id\":\"https:\/\/www.naturparkmagazin.de\/thueringer-schiefergebirge-obere-saale\/#\/schema\/person\/2144f2a5876d4b820ee5725f8224a275\"},\"description\":\"Das Projekt \u201eFlederm\u00e4use selbst entdecken\u201c wird ausgezeichnet. Mit dem \\\"Fledermausrucksack\\\" kann man ein St\u00fcck weit in die Welt der Flederm\u00e4use eintauchen.\",\"breadcrumb\":{\"@id\":\"https:\/\/www.naturparkmagazin.de\/thueringer-schiefergebirge-obere-saale\/ministerin-anja-siegesmund-uebereicht-urkunde-an-naturpark\/#breadcrumb\"},\"inLanguage\":\"de\",\"potentialAction\":[{\"@type\":\"ReadAction\",\"target\":[\"https:\/\/www.naturparkmagazin.de\/thueringer-schiefergebirge-obere-saale\/ministerin-anja-siegesmund-uebereicht-urkunde-an-naturpark\/\"]}]},{\"@type\":\"BreadcrumbList\",\"@id\":\"https:\/\/www.naturparkmagazin.de\/thueringer-schiefergebirge-obere-saale\/ministerin-anja-siegesmund-uebereicht-urkunde-an-naturpark\/#breadcrumb\",\"itemListElement\":[{\"@type\":\"ListItem\",\"position\":1,\"name\":\"Home\",\"item\":\"https:\/\/www.naturparkmagazin.de\/thueringer-schiefergebirge-obere-saale\/\"},{\"@type\":\"ListItem\",\"position\":2,\"name\":\"Ministerin Anja Siegesmund \u00fcbereicht Urkunde an Naturpark\"}]},{\"@type\":\"WebSite\",\"@id\":\"https:\/\/www.naturparkmagazin.de\/thueringer-schiefergebirge-obere-saale\/#website\",\"url\":\"https:\/\/www.naturparkmagazin.de\/thueringer-schiefergebirge-obere-saale\/\",\"name\":\"Naturpark Th\u00fcringer Schiefergebirge\/Obere Saale\",\"description\":\"\",\"potentialAction\":[{\"@type\":\"SearchAction\",\"target\":{\"@type\":\"EntryPoint\",\"urlTemplate\":\"https:\/\/www.naturparkmagazin.de\/thueringer-schiefergebirge-obere-saale\/?s={search_term_string}\"},\"query-input\":\"required name=search_term_string\"}],\"inLanguage\":\"de\"},{\"@type\":\"Person\",\"@id\":\"https:\/\/www.naturparkmagazin.de\/thueringer-schiefergebirge-obere-saale\/#\/schema\/person\/2144f2a5876d4b820ee5725f8224a275\",\"name\":\"D\u00f6rthe Kirstein\",\"url\":\"https:\/\/www.naturparkmagazin.de\/thueringer-schiefergebirge-obere-saale\/author\/frauhess\/\"}]}<\/script>\n<!-- \/ Yoast SEO plugin. -->","yoast_head_json":{"title":"Ministerin Anja Siegesmund \u00fcbereicht Urkunde an Naturpark - Naturpark Th\u00fcringer Schiefergebirge\/Obere Saale","description":"Das Projekt \u201eFlederm\u00e4use selbst entdecken\u201c wird ausgezeichnet. Mit dem \"Fledermausrucksack\" kann man ein St\u00fcck weit in die Welt der Flederm\u00e4use eintauchen.","robots":{"index":"index","follow":"follow","max-snippet":"max-snippet:-1","max-image-preview":"max-image-preview:large","max-video-preview":"max-video-preview:-1"},"canonical":"https:\/\/www.naturparkmagazin.de\/thueringer-schiefergebirge-obere-saale\/ministerin-anja-siegesmund-uebereicht-urkunde-an-naturpark\/","og_locale":"de_DE","og_type":"article","og_title":"Ministerin Anja Siegesmund \u00fcbereicht Urkunde an Naturpark - Naturpark Th\u00fcringer Schiefergebirge\/Obere Saale","og_description":"Das Projekt \u201eFlederm\u00e4use selbst entdecken\u201c wird ausgezeichnet. Mit dem \"Fledermausrucksack\" kann man ein St\u00fcck weit in die Welt der Flederm\u00e4use eintauchen.","og_url":"https:\/\/www.naturparkmagazin.de\/thueringer-schiefergebirge-obere-saale\/ministerin-anja-siegesmund-uebereicht-urkunde-an-naturpark\/","og_site_name":"Naturpark Th\u00fcringer Schiefergebirge\/Obere Saale","article_published_time":"2016-01-18T03:00:50+00:00","article_modified_time":"2016-01-15T13:17:35+00:00","og_image":[{"width":200,"height":200,"url":"https:\/\/www.naturparkmagazin.de\/thueringer-schiefergebirge-obere-saale\/wp-content\/uploads\/sites\/13\/bat1.png","type":"image\/png"}],"author":"D\u00f6rthe Kirstein","twitter_misc":{"Verfasst von":"D\u00f6rthe Kirstein","Gesch\u00e4tzte Lesezeit":"3\u00a0Minuten"},"schema":{"@context":"https:\/\/schema.org","@graph":[{"@type":"WebPage","@id":"https:\/\/www.naturparkmagazin.de\/thueringer-schiefergebirge-obere-saale\/ministerin-anja-siegesmund-uebereicht-urkunde-an-naturpark\/","url":"https:\/\/www.naturparkmagazin.de\/thueringer-schiefergebirge-obere-saale\/ministerin-anja-siegesmund-uebereicht-urkunde-an-naturpark\/","name":"Ministerin Anja Siegesmund \u00fcbereicht Urkunde an Naturpark - Naturpark Th\u00fcringer Schiefergebirge\/Obere Saale","isPartOf":{"@id":"https:\/\/www.naturparkmagazin.de\/thueringer-schiefergebirge-obere-saale\/#website"},"datePublished":"2016-01-18T03:00:50+00:00","dateModified":"2016-01-15T13:17:35+00:00","author":{"@id":"https:\/\/www.naturparkmagazin.de\/thueringer-schiefergebirge-obere-saale\/#\/schema\/person\/2144f2a5876d4b820ee5725f8224a275"},"description":"Das Projekt \u201eFlederm\u00e4use selbst entdecken\u201c wird ausgezeichnet. Mit dem \"Fledermausrucksack\" kann man ein St\u00fcck weit in die Welt der Flederm\u00e4use eintauchen.","breadcrumb":{"@id":"https:\/\/www.naturparkmagazin.de\/thueringer-schiefergebirge-obere-saale\/ministerin-anja-siegesmund-uebereicht-urkunde-an-naturpark\/#breadcrumb"},"inLanguage":"de","potentialAction":[{"@type":"ReadAction","target":["https:\/\/www.naturparkmagazin.de\/thueringer-schiefergebirge-obere-saale\/ministerin-anja-siegesmund-uebereicht-urkunde-an-naturpark\/"]}]},{"@type":"BreadcrumbList","@id":"https:\/\/www.naturparkmagazin.de\/thueringer-schiefergebirge-obere-saale\/ministerin-anja-siegesmund-uebereicht-urkunde-an-naturpark\/#breadcrumb","itemListElement":[{"@type":"ListItem","position":1,"name":"Home","item":"https:\/\/www.naturparkmagazin.de\/thueringer-schiefergebirge-obere-saale\/"},{"@type":"ListItem","position":2,"name":"Ministerin Anja Siegesmund \u00fcbereicht Urkunde an Naturpark"}]},{"@type":"WebSite","@id":"https:\/\/www.naturparkmagazin.de\/thueringer-schiefergebirge-obere-saale\/#website","url":"https:\/\/www.naturparkmagazin.de\/thueringer-schiefergebirge-obere-saale\/","name":"Naturpark Th\u00fcringer Schiefergebirge\/Obere Saale","description":"","potentialAction":[{"@type":"SearchAction","target":{"@type":"EntryPoint","urlTemplate":"https:\/\/www.naturparkmagazin.de\/thueringer-schiefergebirge-obere-saale\/?s={search_term_string}"},"query-input":"required name=search_term_string"}],"inLanguage":"de"},{"@type":"Person","@id":"https:\/\/www.naturparkmagazin.de\/thueringer-schiefergebirge-obere-saale\/#\/schema\/person\/2144f2a5876d4b820ee5725f8224a275","name":"D\u00f6rthe Kirstein","url":"https:\/\/www.naturparkmagazin.de\/thueringer-schiefergebirge-obere-saale\/author\/frauhess\/"}]}},"_links":{"self":[{"href":"https:\/\/www.naturparkmagazin.de\/thueringer-schiefergebirge-obere-saale\/wp-json\/wp\/v2\/posts\/1917"}],"collection":[{"href":"https:\/\/www.naturparkmagazin.de\/thueringer-schiefergebirge-obere-saale\/wp-json\/wp\/v2\/posts"}],"about":[{"href":"https:\/\/www.naturparkmagazin.de\/thueringer-schiefergebirge-obere-saale\/wp-json\/wp\/v2\/types\/post"}],"author":[{"embeddable":true,"href":"https:\/\/www.naturparkmagazin.de\/thueringer-schiefergebirge-obere-saale\/wp-json\/wp\/v2\/users\/62"}],"replies":[{"embeddable":true,"href":"https:\/\/www.naturparkmagazin.de\/thueringer-schiefergebirge-obere-saale\/wp-json\/wp\/v2\/comments?post=1917"}],"version-history":[{"count":6,"href":"https:\/\/www.naturparkmagazin.de\/thueringer-schiefergebirge-obere-saale\/wp-json\/wp\/v2\/posts\/1917\/revisions"}],"predecessor-version":[{"id":1927,"href":"https:\/\/www.naturparkmagazin.de\/thueringer-schiefergebirge-obere-saale\/wp-json\/wp\/v2\/posts\/1917\/revisions\/1927"}],"wp:featuredmedia":[{"embeddable":true,"href":"https:\/\/www.naturparkmagazin.de\/thueringer-schiefergebirge-obere-saale\/wp-json\/wp\/v2\/media\/1920"}],"wp:attachment":[{"href":"https:\/\/www.naturparkmagazin.de\/thueringer-schiefergebirge-obere-saale\/wp-json\/wp\/v2\/media?parent=1917"}],"wp:term":[{"taxonomy":"category","embeddable":true,"href":"https:\/\/www.naturparkmagazin.de\/thueringer-schiefergebirge-obere-saale\/wp-json\/wp\/v2\/categories?post=1917"},{"taxonomy":"post_tag","embeddable":true,"href":"https:\/\/www.naturparkmagazin.de\/thueringer-schiefergebirge-obere-saale\/wp-json\/wp\/v2\/tags?post=1917"}],"curies":[{"name":"wp","href":"https:\/\/api.w.org\/{rel}","templated":true}]}}