{"id":1967,"date":"2016-03-14T04:00:21","date_gmt":"2016-03-14T03:00:21","guid":{"rendered":"http:\/\/www.naturparkmagazin.de\/thueringer-schiefergebirge-obere-saale\/?p=1967"},"modified":"2016-03-09T09:00:55","modified_gmt":"2016-03-09T08:00:55","slug":"fledermaeuse-selbst-entdecken-als-projekt-der-un-dekade-biologische-vielfalt-ausgezeichnet","status":"publish","type":"post","link":"https:\/\/www.naturparkmagazin.de\/thueringer-schiefergebirge-obere-saale\/fledermaeuse-selbst-entdecken-als-projekt-der-un-dekade-biologische-vielfalt-ausgezeichnet\/","title":{"rendered":"\u201eFlederm\u00e4use selbst entdecken\u201c als Projekt der UN-Dekade Biologische Vielfalt ausgezeichnet"},"content":{"rendered":"<div id=\"attachment_1979\" style=\"width: 510px\" class=\"wp-caption aligncenter\"><a href=\"https:\/\/www.naturparkmagazin.de\/thueringer-schiefergebirge-obere-saale\/wp-content\/uploads\/sites\/13\/ausz2.png\"><img aria-describedby=\"caption-attachment-1979\" decoding=\"async\" loading=\"lazy\" class=\"wp-image-1979 size-full\" src=\"https:\/\/www.naturparkmagazin.de\/thueringer-schiefergebirge-obere-saale\/wp-content\/uploads\/sites\/13\/ausz2.png\" alt=\"Die ersten Naturpark-Partner wurden vorgestellt. BA Grit Lemnitzer\" width=\"500\" height=\"208\" srcset=\"https:\/\/www.naturparkmagazin.de\/thueringer-schiefergebirge-obere-saale\/wp-content\/uploads\/sites\/13\/ausz2.png 500w, https:\/\/www.naturparkmagazin.de\/thueringer-schiefergebirge-obere-saale\/wp-content\/uploads\/sites\/13\/ausz2-300x125.png 300w, https:\/\/www.naturparkmagazin.de\/thueringer-schiefergebirge-obere-saale\/wp-content\/uploads\/sites\/13\/ausz2-200x83.png 200w\" sizes=\"(max-width: 500px) 100vw, 500px\" \/><\/a><p id=\"caption-attachment-1979\" class=\"wp-caption-text\">Die ersten Naturpark-Partner wurden vorgestellt. BA Grit Lemnitzer<\/p><\/div>\n<p>Das Projekt \u201eFlederm\u00e4use selbst entdecken\u201c des Naturparks Th\u00fcringer Schiefergebirge\/Obere Saale ist am 19. Februar 2016 im Rahmen der UN-Dekade Biologischen Vielfalt ausgezeichnet worden. Seit 2014 k\u00f6nnen Interessierte im \u201eFamilotel Am Rennsteig\u201c einen Fledermausrucksack ausleihen. Ausger\u00fcstet mit einem Detektor, der die Rufe von Flederm\u00e4usen h\u00f6rbar macht, k\u00f6nnen sich Touristen und einheimische Naturentdecker mit dem Leben der Flederm\u00e4use vertraut machen. Der Fledermausrucksack enth\u00e4lt weiterhin eine Bestimmungshilfe, Taschenlampe und Routenvorschl\u00e4ge. \u201eTh\u00fcringen ist eines der artenreichsten Bundesl\u00e4nder Deutschlands und R\u00fcckzugsort f\u00fcr viele seltene Fledermausarten. Der Fledermausrucksack tr\u00e4gt dazu bei, unseren Artenreichtum erlebbar zu machen und leistet so einen unsch\u00e4tzbaren Beitrag zum Schutz unserer biologischen Vielfalt\u201c, sagte Th\u00fcringens Umweltministerin Anja Siegesmund in Wurzbach. Perspektivisch soll mit den Saalfelder Feengrotten eine weitere Ausleihstation etabliert und das Projekt auf weitere Nationale Naturlandschaften ausgedehnt werden.<\/p>\n<p>Ausgezeichnet hat die Ministerin au\u00dferdem die ersten Partner des Naturparks Th\u00fcringer Schiefergebirge\/Obere Saale. Damit sollen die Ziele des Naturparks vor Ort verankert und mit einem breiten Partner-Netzwerk verbreitet werden. Die Auszeichnung erhielten der Landgasthof \u201eZur Linde\u201c in Dreba, das \u201eWaldhotel am Stausee\u201c in Bucha, der Gasthof \u201eGark\u00fcche\u201c in Leutenberg, die \u201eDruiden-Werkstatt\u201c in Oberloquitz sowie \u201eQ3 \u2013 Quartier f\u00fcr Medien \u2013 Bildung \u2013 Abenteuer\u201c in Bad Lobenstein.<\/p>\n<p><strong>Hintergrund<\/strong><\/p>\n<p>Die Vereinten Nationen haben die Jahre 2011 bis 2020 zur UN-Dekade f\u00fcr die biologische Vielfalt erkl\u00e4rt. Damit ruft die Staatengemeinschaft dazu auf, die biologische Vielfalt zu sch\u00fctzen. Im Rahmen der UN-Dekade Biologische Vielfalt wird w\u00f6chentlich ein Projekt ausgezeichnet, das einen besonderen Beitrag zum Erhalt oder vorbildhaften Vermittlung der biologischen Vielfalt leistet. Das Jahr 2015\/2016 steht unter dem Motto \u201eVielfalt bewahren &#8211; als Partner der Natur\u201c. Weitere Informationen unter <a href=\"http:\/\/www.undekade-biologischevielfalt.de\">http:\/\/www.undekade-biologischevielfalt.de<\/a><\/p>\n<p>(PI des TMUEN vom 19.2.2016)<\/p>\n","protected":false},"excerpt":{"rendered":"<p>Das Projekt \u201eFlederm\u00e4use selbst entdecken\u201c wurde am 19. Februar 2016 im Rahmen der UN-Dekade Biologische Vielfalt von Th\u00fcringens Umweltministerin Anja Siegesmund ausgezeichnet.<\/p>\n","protected":false},"author":62,"featured_media":1978,"comment_status":"open","ping_status":"open","sticky":false,"template":"","format":"standard","meta":[],"categories":[7],"tags":[],"yoast_head":"<!-- This site is optimized with the Yoast SEO plugin v19.10 - https:\/\/yoast.com\/wordpress\/plugins\/seo\/ -->\n<title>\u201eFlederm\u00e4use selbst entdecken\u201c als Projekt der UN-Dekade Biologische Vielfalt ausgezeichnet - Naturpark Th\u00fcringer Schiefergebirge\/Obere Saale<\/title>\n<meta name=\"description\" content=\"Das Projekt \u201eFlederm\u00e4use selbst entdecken\u201c wurde am 19. Februar 2016 im Rahmen der UN-Dekade Biologische Vielfalt von Th\u00fcringens Umweltministerin ausgezeichnet.\" \/>\n<meta name=\"robots\" content=\"index, follow, max-snippet:-1, max-image-preview:large, max-video-preview:-1\" \/>\n<link rel=\"canonical\" href=\"https:\/\/www.naturparkmagazin.de\/thueringer-schiefergebirge-obere-saale\/fledermaeuse-selbst-entdecken-als-projekt-der-un-dekade-biologische-vielfalt-ausgezeichnet\/\" \/>\n<meta property=\"og:locale\" content=\"de_DE\" \/>\n<meta property=\"og:type\" content=\"article\" \/>\n<meta property=\"og:title\" content=\"\u201eFlederm\u00e4use selbst entdecken\u201c als Projekt der UN-Dekade Biologische Vielfalt ausgezeichnet - Naturpark Th\u00fcringer Schiefergebirge\/Obere Saale\" \/>\n<meta property=\"og:description\" content=\"Das Projekt \u201eFlederm\u00e4use selbst entdecken\u201c wurde am 19. Februar 2016 im Rahmen der UN-Dekade Biologische Vielfalt von Th\u00fcringens Umweltministerin ausgezeichnet.\" \/>\n<meta property=\"og:url\" content=\"https:\/\/www.naturparkmagazin.de\/thueringer-schiefergebirge-obere-saale\/fledermaeuse-selbst-entdecken-als-projekt-der-un-dekade-biologische-vielfalt-ausgezeichnet\/\" \/>\n<meta property=\"og:site_name\" content=\"Naturpark Th\u00fcringer Schiefergebirge\/Obere Saale\" \/>\n<meta property=\"article:published_time\" content=\"2016-03-14T03:00:21+00:00\" \/>\n<meta property=\"article:modified_time\" content=\"2016-03-09T08:00:55+00:00\" \/>\n<meta property=\"og:image\" content=\"https:\/\/www.naturparkmagazin.de\/thueringer-schiefergebirge-obere-saale\/wp-content\/uploads\/sites\/13\/ausz1.png\" \/>\n\t<meta property=\"og:image:width\" content=\"200\" \/>\n\t<meta property=\"og:image:height\" content=\"200\" \/>\n\t<meta property=\"og:image:type\" content=\"image\/png\" \/>\n<meta name=\"author\" content=\"D\u00f6rthe Kirstein\" \/>\n<meta name=\"twitter:label1\" content=\"Verfasst von\" \/>\n\t<meta name=\"twitter:data1\" content=\"D\u00f6rthe Kirstein\" \/>\n\t<meta name=\"twitter:label2\" content=\"Gesch\u00e4tzte Lesezeit\" \/>\n\t<meta name=\"twitter:data2\" content=\"2\u00a0Minuten\" \/>\n<script type=\"application\/ld+json\" class=\"yoast-schema-graph\">{\"@context\":\"https:\/\/schema.org\",\"@graph\":[{\"@type\":\"WebPage\",\"@id\":\"https:\/\/www.naturparkmagazin.de\/thueringer-schiefergebirge-obere-saale\/fledermaeuse-selbst-entdecken-als-projekt-der-un-dekade-biologische-vielfalt-ausgezeichnet\/\",\"url\":\"https:\/\/www.naturparkmagazin.de\/thueringer-schiefergebirge-obere-saale\/fledermaeuse-selbst-entdecken-als-projekt-der-un-dekade-biologische-vielfalt-ausgezeichnet\/\",\"name\":\"\u201eFlederm\u00e4use selbst entdecken\u201c als Projekt der UN-Dekade Biologische Vielfalt ausgezeichnet - Naturpark Th\u00fcringer Schiefergebirge\/Obere Saale\",\"isPartOf\":{\"@id\":\"https:\/\/www.naturparkmagazin.de\/thueringer-schiefergebirge-obere-saale\/#website\"},\"datePublished\":\"2016-03-14T03:00:21+00:00\",\"dateModified\":\"2016-03-09T08:00:55+00:00\",\"author\":{\"@id\":\"https:\/\/www.naturparkmagazin.de\/thueringer-schiefergebirge-obere-saale\/#\/schema\/person\/2144f2a5876d4b820ee5725f8224a275\"},\"description\":\"Das Projekt \u201eFlederm\u00e4use selbst entdecken\u201c wurde am 19. Februar 2016 im Rahmen der UN-Dekade Biologische Vielfalt von Th\u00fcringens Umweltministerin ausgezeichnet.\",\"breadcrumb\":{\"@id\":\"https:\/\/www.naturparkmagazin.de\/thueringer-schiefergebirge-obere-saale\/fledermaeuse-selbst-entdecken-als-projekt-der-un-dekade-biologische-vielfalt-ausgezeichnet\/#breadcrumb\"},\"inLanguage\":\"de\",\"potentialAction\":[{\"@type\":\"ReadAction\",\"target\":[\"https:\/\/www.naturparkmagazin.de\/thueringer-schiefergebirge-obere-saale\/fledermaeuse-selbst-entdecken-als-projekt-der-un-dekade-biologische-vielfalt-ausgezeichnet\/\"]}]},{\"@type\":\"BreadcrumbList\",\"@id\":\"https:\/\/www.naturparkmagazin.de\/thueringer-schiefergebirge-obere-saale\/fledermaeuse-selbst-entdecken-als-projekt-der-un-dekade-biologische-vielfalt-ausgezeichnet\/#breadcrumb\",\"itemListElement\":[{\"@type\":\"ListItem\",\"position\":1,\"name\":\"Home\",\"item\":\"https:\/\/www.naturparkmagazin.de\/thueringer-schiefergebirge-obere-saale\/\"},{\"@type\":\"ListItem\",\"position\":2,\"name\":\"\u201eFlederm\u00e4use selbst entdecken\u201c als Projekt der UN-Dekade Biologische Vielfalt ausgezeichnet\"}]},{\"@type\":\"WebSite\",\"@id\":\"https:\/\/www.naturparkmagazin.de\/thueringer-schiefergebirge-obere-saale\/#website\",\"url\":\"https:\/\/www.naturparkmagazin.de\/thueringer-schiefergebirge-obere-saale\/\",\"name\":\"Naturpark Th\u00fcringer Schiefergebirge\/Obere Saale\",\"description\":\"\",\"potentialAction\":[{\"@type\":\"SearchAction\",\"target\":{\"@type\":\"EntryPoint\",\"urlTemplate\":\"https:\/\/www.naturparkmagazin.de\/thueringer-schiefergebirge-obere-saale\/?s={search_term_string}\"},\"query-input\":\"required name=search_term_string\"}],\"inLanguage\":\"de\"},{\"@type\":\"Person\",\"@id\":\"https:\/\/www.naturparkmagazin.de\/thueringer-schiefergebirge-obere-saale\/#\/schema\/person\/2144f2a5876d4b820ee5725f8224a275\",\"name\":\"D\u00f6rthe Kirstein\",\"url\":\"https:\/\/www.naturparkmagazin.de\/thueringer-schiefergebirge-obere-saale\/author\/frauhess\/\"}]}<\/script>\n<!-- \/ Yoast SEO plugin. -->","yoast_head_json":{"title":"\u201eFlederm\u00e4use selbst entdecken\u201c als Projekt der UN-Dekade Biologische Vielfalt ausgezeichnet - Naturpark Th\u00fcringer Schiefergebirge\/Obere Saale","description":"Das Projekt \u201eFlederm\u00e4use selbst entdecken\u201c wurde am 19. Februar 2016 im Rahmen der UN-Dekade Biologische Vielfalt von Th\u00fcringens Umweltministerin ausgezeichnet.","robots":{"index":"index","follow":"follow","max-snippet":"max-snippet:-1","max-image-preview":"max-image-preview:large","max-video-preview":"max-video-preview:-1"},"canonical":"https:\/\/www.naturparkmagazin.de\/thueringer-schiefergebirge-obere-saale\/fledermaeuse-selbst-entdecken-als-projekt-der-un-dekade-biologische-vielfalt-ausgezeichnet\/","og_locale":"de_DE","og_type":"article","og_title":"\u201eFlederm\u00e4use selbst entdecken\u201c als Projekt der UN-Dekade Biologische Vielfalt ausgezeichnet - Naturpark Th\u00fcringer Schiefergebirge\/Obere Saale","og_description":"Das Projekt \u201eFlederm\u00e4use selbst entdecken\u201c wurde am 19. Februar 2016 im Rahmen der UN-Dekade Biologische Vielfalt von Th\u00fcringens Umweltministerin ausgezeichnet.","og_url":"https:\/\/www.naturparkmagazin.de\/thueringer-schiefergebirge-obere-saale\/fledermaeuse-selbst-entdecken-als-projekt-der-un-dekade-biologische-vielfalt-ausgezeichnet\/","og_site_name":"Naturpark Th\u00fcringer Schiefergebirge\/Obere Saale","article_published_time":"2016-03-14T03:00:21+00:00","article_modified_time":"2016-03-09T08:00:55+00:00","og_image":[{"width":200,"height":200,"url":"https:\/\/www.naturparkmagazin.de\/thueringer-schiefergebirge-obere-saale\/wp-content\/uploads\/sites\/13\/ausz1.png","type":"image\/png"}],"author":"D\u00f6rthe Kirstein","twitter_misc":{"Verfasst von":"D\u00f6rthe Kirstein","Gesch\u00e4tzte Lesezeit":"2\u00a0Minuten"},"schema":{"@context":"https:\/\/schema.org","@graph":[{"@type":"WebPage","@id":"https:\/\/www.naturparkmagazin.de\/thueringer-schiefergebirge-obere-saale\/fledermaeuse-selbst-entdecken-als-projekt-der-un-dekade-biologische-vielfalt-ausgezeichnet\/","url":"https:\/\/www.naturparkmagazin.de\/thueringer-schiefergebirge-obere-saale\/fledermaeuse-selbst-entdecken-als-projekt-der-un-dekade-biologische-vielfalt-ausgezeichnet\/","name":"\u201eFlederm\u00e4use selbst entdecken\u201c als Projekt der UN-Dekade Biologische Vielfalt ausgezeichnet - Naturpark Th\u00fcringer Schiefergebirge\/Obere Saale","isPartOf":{"@id":"https:\/\/www.naturparkmagazin.de\/thueringer-schiefergebirge-obere-saale\/#website"},"datePublished":"2016-03-14T03:00:21+00:00","dateModified":"2016-03-09T08:00:55+00:00","author":{"@id":"https:\/\/www.naturparkmagazin.de\/thueringer-schiefergebirge-obere-saale\/#\/schema\/person\/2144f2a5876d4b820ee5725f8224a275"},"description":"Das Projekt \u201eFlederm\u00e4use selbst entdecken\u201c wurde am 19. Februar 2016 im Rahmen der UN-Dekade Biologische Vielfalt von Th\u00fcringens Umweltministerin ausgezeichnet.","breadcrumb":{"@id":"https:\/\/www.naturparkmagazin.de\/thueringer-schiefergebirge-obere-saale\/fledermaeuse-selbst-entdecken-als-projekt-der-un-dekade-biologische-vielfalt-ausgezeichnet\/#breadcrumb"},"inLanguage":"de","potentialAction":[{"@type":"ReadAction","target":["https:\/\/www.naturparkmagazin.de\/thueringer-schiefergebirge-obere-saale\/fledermaeuse-selbst-entdecken-als-projekt-der-un-dekade-biologische-vielfalt-ausgezeichnet\/"]}]},{"@type":"BreadcrumbList","@id":"https:\/\/www.naturparkmagazin.de\/thueringer-schiefergebirge-obere-saale\/fledermaeuse-selbst-entdecken-als-projekt-der-un-dekade-biologische-vielfalt-ausgezeichnet\/#breadcrumb","itemListElement":[{"@type":"ListItem","position":1,"name":"Home","item":"https:\/\/www.naturparkmagazin.de\/thueringer-schiefergebirge-obere-saale\/"},{"@type":"ListItem","position":2,"name":"\u201eFlederm\u00e4use selbst entdecken\u201c als Projekt der UN-Dekade Biologische Vielfalt ausgezeichnet"}]},{"@type":"WebSite","@id":"https:\/\/www.naturparkmagazin.de\/thueringer-schiefergebirge-obere-saale\/#website","url":"https:\/\/www.naturparkmagazin.de\/thueringer-schiefergebirge-obere-saale\/","name":"Naturpark Th\u00fcringer Schiefergebirge\/Obere Saale","description":"","potentialAction":[{"@type":"SearchAction","target":{"@type":"EntryPoint","urlTemplate":"https:\/\/www.naturparkmagazin.de\/thueringer-schiefergebirge-obere-saale\/?s={search_term_string}"},"query-input":"required name=search_term_string"}],"inLanguage":"de"},{"@type":"Person","@id":"https:\/\/www.naturparkmagazin.de\/thueringer-schiefergebirge-obere-saale\/#\/schema\/person\/2144f2a5876d4b820ee5725f8224a275","name":"D\u00f6rthe Kirstein","url":"https:\/\/www.naturparkmagazin.de\/thueringer-schiefergebirge-obere-saale\/author\/frauhess\/"}]}},"_links":{"self":[{"href":"https:\/\/www.naturparkmagazin.de\/thueringer-schiefergebirge-obere-saale\/wp-json\/wp\/v2\/posts\/1967"}],"collection":[{"href":"https:\/\/www.naturparkmagazin.de\/thueringer-schiefergebirge-obere-saale\/wp-json\/wp\/v2\/posts"}],"about":[{"href":"https:\/\/www.naturparkmagazin.de\/thueringer-schiefergebirge-obere-saale\/wp-json\/wp\/v2\/types\/post"}],"author":[{"embeddable":true,"href":"https:\/\/www.naturparkmagazin.de\/thueringer-schiefergebirge-obere-saale\/wp-json\/wp\/v2\/users\/62"}],"replies":[{"embeddable":true,"href":"https:\/\/www.naturparkmagazin.de\/thueringer-schiefergebirge-obere-saale\/wp-json\/wp\/v2\/comments?post=1967"}],"version-history":[{"count":4,"href":"https:\/\/www.naturparkmagazin.de\/thueringer-schiefergebirge-obere-saale\/wp-json\/wp\/v2\/posts\/1967\/revisions"}],"predecessor-version":[{"id":2004,"href":"https:\/\/www.naturparkmagazin.de\/thueringer-schiefergebirge-obere-saale\/wp-json\/wp\/v2\/posts\/1967\/revisions\/2004"}],"wp:featuredmedia":[{"embeddable":true,"href":"https:\/\/www.naturparkmagazin.de\/thueringer-schiefergebirge-obere-saale\/wp-json\/wp\/v2\/media\/1978"}],"wp:attachment":[{"href":"https:\/\/www.naturparkmagazin.de\/thueringer-schiefergebirge-obere-saale\/wp-json\/wp\/v2\/media?parent=1967"}],"wp:term":[{"taxonomy":"category","embeddable":true,"href":"https:\/\/www.naturparkmagazin.de\/thueringer-schiefergebirge-obere-saale\/wp-json\/wp\/v2\/categories?post=1967"},{"taxonomy":"post_tag","embeddable":true,"href":"https:\/\/www.naturparkmagazin.de\/thueringer-schiefergebirge-obere-saale\/wp-json\/wp\/v2\/tags?post=1967"}],"curies":[{"name":"wp","href":"https:\/\/api.w.org\/{rel}","templated":true}]}}