{"id":2025,"date":"2016-04-18T07:00:10","date_gmt":"2016-04-18T05:00:10","guid":{"rendered":"http:\/\/www.naturparkmagazin.de\/thueringer-schiefergebirge-obere-saale\/?p=2025"},"modified":"2016-04-27T11:00:18","modified_gmt":"2016-04-27T09:00:18","slug":"gruenes-band-aktiv-veranstaltungen-im-naturpark","status":"publish","type":"post","link":"https:\/\/www.naturparkmagazin.de\/thueringer-schiefergebirge-obere-saale\/gruenes-band-aktiv-veranstaltungen-im-naturpark\/","title":{"rendered":"Gr\u00fcnes Band aktiv \u2013 Veranstaltungen im Naturpark"},"content":{"rendered":"<p>Aktionen im Naturpark Schiefergebirge\/Obere Saale<\/p>\n<div id=\"attachment_2026\" style=\"width: 310px\" class=\"wp-caption alignright\"><a href=\"https:\/\/www.naturparkmagazin.de\/thueringer-schiefergebirge-obere-saale\/wp-content\/uploads\/sites\/13\/sense1.png\"><img aria-describedby=\"caption-attachment-2026\" decoding=\"async\" loading=\"lazy\" class=\"wp-image-2026 size-thumbnail\" src=\"https:\/\/www.naturparkmagazin.de\/thueringer-schiefergebirge-obere-saale\/wp-content\/uploads\/sites\/13\/sense1-300x200.png\" alt=\"Bildautor Stella Schmigalle\" width=\"300\" height=\"200\" srcset=\"https:\/\/www.naturparkmagazin.de\/thueringer-schiefergebirge-obere-saale\/wp-content\/uploads\/sites\/13\/sense1-300x200.png 300w, https:\/\/www.naturparkmagazin.de\/thueringer-schiefergebirge-obere-saale\/wp-content\/uploads\/sites\/13\/sense1.png 500w, https:\/\/www.naturparkmagazin.de\/thueringer-schiefergebirge-obere-saale\/wp-content\/uploads\/sites\/13\/sense1-200x134.png 200w\" sizes=\"(max-width: 300px) 100vw, 300px\" \/><\/a><p id=\"caption-attachment-2026\" class=\"wp-caption-text\">Bildautor Stella Schmigalle<\/p><\/div>\n<p><strong>\u2022 Gr\u00fcnes Band Aktiv \u2013 Ihr Einsatz f\u00fcr die biologische Vielfalt<\/strong>\nSie planen einen Firmeneinsatz, Aktionstag der Schule, Vereinsausflug oder \u00e4hnliches? Wir haben etwas f\u00fcr Sie.\nDas Gr\u00fcne Band, der Bereich der ehemaligen innerdeutschen Grenze, ist heute Erinnerungslandschaft und Schatztruhe der Natur zugleich. Ein aktiver Tag im Gr\u00fcnen Band, z.B. auf den bedrohten Heidefl\u00e4chen bei Lichtenhain, bringt Ihnen diesen besonderen Ort n\u00e4her. Sie packen bei der Pflege des Lebensraumes an und erfahren viele Zusammenh\u00e4nge des Naturschutzes. Damit tragen Sie, mit Spa\u00df bei der Arbeit an der frischen Luft, zum Erhalt der Vielfalt von Arten und Biotopen bei. Sprechen Sie uns einfach an!<\/p>\n<p><em>Treffpunkt und Termin: Nach Vereinbarung<\/em>\n<em>Anmeldung bei:<\/em>\n<em>Peggy Faulstich, Stella Schmigalle 0361\/3789293<\/em>\n<em>gruenes-band-aktiv@stiftung-naturschutz-thueringen.de;<\/em>\n<em>www.stiftung-naturschutz-thueringen.de\/selbst-anpacken<\/em>\n<em>MTZ: 12 Pers.; Spende f\u00fcr Verpflegung; Werkzeuge und Arbeitshandschuhe werden gestellt<\/em><\/p>\n<div id=\"attachment_2027\" style=\"width: 310px\" class=\"wp-caption alignleft\"><a href=\"https:\/\/www.naturparkmagazin.de\/thueringer-schiefergebirge-obere-saale\/wp-content\/uploads\/sites\/13\/sense2.png\"><img aria-describedby=\"caption-attachment-2027\" decoding=\"async\" loading=\"lazy\" class=\"wp-image-2027 size-thumbnail\" src=\"https:\/\/www.naturparkmagazin.de\/thueringer-schiefergebirge-obere-saale\/wp-content\/uploads\/sites\/13\/sense2-300x200.png\" alt=\"Foto: Marcus Richter 2015\" width=\"300\" height=\"200\" srcset=\"https:\/\/www.naturparkmagazin.de\/thueringer-schiefergebirge-obere-saale\/wp-content\/uploads\/sites\/13\/sense2-300x200.png 300w, https:\/\/www.naturparkmagazin.de\/thueringer-schiefergebirge-obere-saale\/wp-content\/uploads\/sites\/13\/sense2.png 500w, https:\/\/www.naturparkmagazin.de\/thueringer-schiefergebirge-obere-saale\/wp-content\/uploads\/sites\/13\/sense2-200x134.png 200w\" sizes=\"(max-width: 300px) 100vw, 300px\" \/><\/a><p id=\"caption-attachment-2027\" class=\"wp-caption-text\">Foto: Marcus Richter 2015<\/p><\/div>\n<p><strong>\u2022 Aktionstage im Steinbachsgrund \u2013 Handsensen f\u00fcr die biologische Vielfalt<\/strong>\nSie k\u00f6nnen sensen oder wollen zuk\u00fcnftig \u00f6fter zur Sense greifen?\nSie wollen Ihre Technik verbessern oder es von Grund auf lernen?\nSie kennen den Steinbachsgrund noch in seiner fr\u00fcheren Bl\u00fctenpracht?\nSie sind gerne gemeinsam aktiv?\nKommen Sie in den Steinbachsgrund bei Gr\u00e4fenthal. Wir packen dort gemeinsam an und pflegen ein St\u00fcck wertvollen Lebensraum. Sensenlehrer Gunther R\u00f6del unterst\u00fctzt uns dabei mit Rat und Tat.<\/p>\n<p><em>Datum: 21.05.2016, 9.00 \u2013 16.00 Uhr<\/em>\n<em>Treffpunkt:\u00a0Ortsausgang Gro\u00dfneundorf, Richtung Reichmannsdorf<\/em>\n<em>Ihre Spende f\u00fcr den Sensenworkshop ist willkommen.<\/em>\n<em>Anmeldung und Information bei:<\/em>\n<em>Gunther R\u00f6del 03679\/724935<\/em>\n<em>Peggy Faulstich 0361\/3789293<\/em>\n<em>gruenes-band-aktiv@stiftung-naturschutz-thueringen.de<\/em>\n<em>www.stiftung-naturschutz-thueringen.de\/selbst-anpacken<\/em><\/p>\n<div id=\"attachment_2028\" style=\"width: 310px\" class=\"wp-caption alignright\"><a href=\"https:\/\/www.naturparkmagazin.de\/thueringer-schiefergebirge-obere-saale\/wp-content\/uploads\/sites\/13\/sense3.png\"><img aria-describedby=\"caption-attachment-2028\" decoding=\"async\" loading=\"lazy\" class=\"wp-image-2028 size-thumbnail\" src=\"https:\/\/www.naturparkmagazin.de\/thueringer-schiefergebirge-obere-saale\/wp-content\/uploads\/sites\/13\/sense3-300x200.png\" alt=\"Bildautor Stella Schmigalle\" width=\"300\" height=\"200\" srcset=\"https:\/\/www.naturparkmagazin.de\/thueringer-schiefergebirge-obere-saale\/wp-content\/uploads\/sites\/13\/sense3-300x200.png 300w, https:\/\/www.naturparkmagazin.de\/thueringer-schiefergebirge-obere-saale\/wp-content\/uploads\/sites\/13\/sense3.png 500w, https:\/\/www.naturparkmagazin.de\/thueringer-schiefergebirge-obere-saale\/wp-content\/uploads\/sites\/13\/sense3-200x134.png 200w\" sizes=\"(max-width: 300px) 100vw, 300px\" \/><\/a><p id=\"caption-attachment-2028\" class=\"wp-caption-text\">Bildautor Stella Schmigalle<\/p><\/div>\n<p><strong>\u2022 Sensen, Dengeln und Heiden pflegen \u2013 aktiv im Gr\u00fcnen Band<\/strong>\nDas Sommercamp f\u00fcr die Vielfalt im Schiefergebirge<\/p>\n<p>Bereits zum 3. Mal l\u00e4dt die Stiftung Naturschutz Th\u00fcringen zum Sommercamp der etwas anderen Art, ins Schiefergebirge bei Titschendorf ein. Eine Woche lang, wird gemeinschaftlich praktische Naturschutzarbeit geleistet. Um die Pflege der wertvollen Lebensr\u00e4ume traditionell und gleichzeitig mit enormem Entspannungspotential pflegen zu k\u00f6nnen, gibt es professionelle Anleitung zum Erlernen des Handsensen und des Dengelns, durch Sensenlehrer Gunther R\u00f6del. Auch die verschiedenen Arten und Lebensr\u00e4ume werden mit Experten unter die Lupe genommen.\nJeder kann dabei sein, zusammen mit internationalen Freiwilligen anpacken und viel Neues lernen \u2013 egal ob jung, ob alt oder mit der ganzen Familie. Das Ferienhaus \u201eAm Echo\u201c in Titschendorf dient als optimal gelegene Unterkunft, direkt im ehemaligen Sperrgebiet der innerdeutschen Grenze. Das Entdecken des daraus entstandenen Biotopverbundes, des Gr\u00fcnen Bandes und seiner Geschichte, sowie Exkursionen in die Umgebung, stehen zus\u00e4tzlich auf dem Programm.<\/p>\n<p><em>Datum: 29.07. &#8211; 07.08.2016<\/em>\n<em>Treffpunkt: Titschendorf, Ferienhaus \u201eZum Echo\u201c<\/em>\n<em>Unkosten: F\u00fcr Verpflegung und \u00dcbernachtung im Zelt, bitten wir um Ihre Spende; Zimmer sind zur Anmietung reserviert.<\/em>\n<em>Anmeldung und Informationen bei: <\/em>\n<em>Peggy Faulstich, Stella Schmigalle 0361\/3789293 <\/em>\n<em>gruenes-band-aktiv@stiftung-naturschutz-thueringen.de<\/em>\n<em>www.stiftung-naturschutz-thueringen.de\/selbst-anpacken<\/em>\n<em>Anmeldung bitte \u00fcber das Formular auf der Homepage bis sp\u00e4testens 15.07.2015<\/em><\/p>\n<div id=\"attachment_2031\" style=\"width: 310px\" class=\"wp-caption alignleft\"><a href=\"https:\/\/www.naturparkmagazin.de\/thueringer-schiefergebirge-obere-saale\/wp-content\/uploads\/sites\/13\/sense6.png\"><img aria-describedby=\"caption-attachment-2031\" decoding=\"async\" loading=\"lazy\" class=\"wp-image-2031 size-thumbnail\" src=\"https:\/\/www.naturparkmagazin.de\/thueringer-schiefergebirge-obere-saale\/wp-content\/uploads\/sites\/13\/sense6-300x200.png\" alt=\"Foto: Marcus Richter 2015\" width=\"300\" height=\"200\" srcset=\"https:\/\/www.naturparkmagazin.de\/thueringer-schiefergebirge-obere-saale\/wp-content\/uploads\/sites\/13\/sense6-300x200.png 300w, https:\/\/www.naturparkmagazin.de\/thueringer-schiefergebirge-obere-saale\/wp-content\/uploads\/sites\/13\/sense6.png 500w, https:\/\/www.naturparkmagazin.de\/thueringer-schiefergebirge-obere-saale\/wp-content\/uploads\/sites\/13\/sense6-200x133.png 200w\" sizes=\"(max-width: 300px) 100vw, 300px\" \/><\/a><p id=\"caption-attachment-2031\" class=\"wp-caption-text\">Foto: Marcus Richter 2015<\/p><\/div>\n<p><strong>\u2022 Aktionstage im Steinbachsgrund \u2013 Handsensen f\u00fcr die biologische Vielfalt<\/strong>\nSie k\u00f6nnen sensen oder wollen zuk\u00fcnftig \u00f6fter zur Sense greifen?\nSie wollen Ihre Technik verbessern oder es von Grund auf lernen?\nSie kennen den Steinbachsgrund noch in seiner fr\u00fcheren Bl\u00fctenpracht?\nSie sind gerne gemeinsam aktiv?\nKommen Sie in den Steinbachsgrund bei Gr\u00e4fenthal. Wir packen dort gemeinsam an und pflegen ein St\u00fcck wertvollen Lebensraum. Sensenlehrer Gunther R\u00f6del unterst\u00fctzt uns dabei mit Rat und Tat.<\/p>\n<p><em>Datum: 24.09.2016, 9.00 \u2013 16.00 Uhr<\/em>\n<em>Treffpunkt:\u00a0Ortsausgang Gro\u00dfneundorf, Richtung Reichmannsdorf<\/em>\n<em>Verpflegung wird gestellt. Ihre Spende f\u00fcr den Sensenworkshop ist willkommen.<\/em>\n<em>Anmeldung und Information bei:<\/em>\n<em>Gunther R\u00f6del 03679\/724935<\/em>\n<em>Peggy Faulstich 0361\/3789293<\/em>\n<em>gruenes-band-aktiv@stiftung-naturschutz-thueringen.de<\/em>\n<em>www.stiftung-naturschutz-thueringen.de\/selbst-anpacken<\/em><\/p>\n<div id=\"attachment_2032\" style=\"width: 310px\" class=\"wp-caption alignright\"><a href=\"https:\/\/www.naturparkmagazin.de\/thueringer-schiefergebirge-obere-saale\/wp-content\/uploads\/sites\/13\/sense7.png\"><img aria-describedby=\"caption-attachment-2032\" decoding=\"async\" loading=\"lazy\" class=\"wp-image-2032 size-thumbnail\" src=\"https:\/\/www.naturparkmagazin.de\/thueringer-schiefergebirge-obere-saale\/wp-content\/uploads\/sites\/13\/sense7-300x187.png\" alt=\"Bildautor Stella Schmigalle\" width=\"300\" height=\"187\" srcset=\"https:\/\/www.naturparkmagazin.de\/thueringer-schiefergebirge-obere-saale\/wp-content\/uploads\/sites\/13\/sense7-300x187.png 300w, https:\/\/www.naturparkmagazin.de\/thueringer-schiefergebirge-obere-saale\/wp-content\/uploads\/sites\/13\/sense7.png 500w, https:\/\/www.naturparkmagazin.de\/thueringer-schiefergebirge-obere-saale\/wp-content\/uploads\/sites\/13\/sense7-200x125.png 200w\" sizes=\"(max-width: 300px) 100vw, 300px\" \/><\/a><p id=\"caption-attachment-2032\" class=\"wp-caption-text\">Bildautor Stella Schmigalle<\/p><\/div>\n<p><strong>\u2022 Sensentage am Gr\u00fcnen Band<\/strong>\nSie m\u00f6chten Sensen oder Dengeln lernen und wertvolle Lebensr\u00e4ume pflegen? Sie haben die bisherigen Eins\u00e4tze verpasst? Bei weiterem Bedarf k\u00f6nnen in diesem Zeitraum Sensenworkshops gebucht werden. Bitte melden Sie ihr Interesse zeitnah!<\/p>\n<p><em>Termin: 03. &#8211; 04.09.15 <\/em>\n<em>Anmeldung und Information bei:\u00a0Gunther R\u00f6del 03679\/724935<\/em>\n<em>gruenes-band-aktiv@stiftung-naturschutz-thueringen.de<\/em>\n<em>www.stiftung-naturschutz-thueringen.de\/selbst-anpacken<\/em><\/p>\n<p>&nbsp;<\/p>\n","protected":false},"excerpt":{"rendered":"<p>Sie k\u00f6nnen sensen oder wollen zuk\u00fcnftig \u00f6fter zur Sense greifen? Sie wollen Ihre Technik verbessern oder es von Grund auf lernen? Hier einige Gelegenheiten dazu.<\/p>\n","protected":false},"author":62,"featured_media":2033,"comment_status":"open","ping_status":"open","sticky":false,"template":"","format":"standard","meta":[],"categories":[11],"tags":[],"yoast_head":"<!-- This site is optimized with the Yoast SEO plugin v19.10 - https:\/\/yoast.com\/wordpress\/plugins\/seo\/ -->\n<title>Gr\u00fcnes Band aktiv \u2013 Veranstaltungen im Naturpark - Naturpark Th\u00fcringer Schiefergebirge\/Obere Saale<\/title>\n<meta name=\"description\" content=\"Sie k\u00f6nnen sensen oder wollen zuk\u00fcnftig \u00f6fter zur Sense greifen? Sie wollen Ihre Technik verbessern oder es von Grund auf lernen? Hier einige Gelegenheiten dazu.\" \/>\n<meta name=\"robots\" content=\"index, follow, max-snippet:-1, max-image-preview:large, max-video-preview:-1\" \/>\n<link rel=\"canonical\" href=\"https:\/\/www.naturparkmagazin.de\/thueringer-schiefergebirge-obere-saale\/gruenes-band-aktiv-veranstaltungen-im-naturpark\/\" \/>\n<meta property=\"og:locale\" content=\"de_DE\" \/>\n<meta property=\"og:type\" content=\"article\" \/>\n<meta property=\"og:title\" content=\"Gr\u00fcnes Band aktiv \u2013 Veranstaltungen im Naturpark - Naturpark Th\u00fcringer Schiefergebirge\/Obere Saale\" \/>\n<meta property=\"og:description\" content=\"Sie k\u00f6nnen sensen oder wollen zuk\u00fcnftig \u00f6fter zur Sense greifen? Sie wollen Ihre Technik verbessern oder es von Grund auf lernen? Hier einige Gelegenheiten dazu.\" \/>\n<meta property=\"og:url\" content=\"https:\/\/www.naturparkmagazin.de\/thueringer-schiefergebirge-obere-saale\/gruenes-band-aktiv-veranstaltungen-im-naturpark\/\" \/>\n<meta property=\"og:site_name\" content=\"Naturpark Th\u00fcringer Schiefergebirge\/Obere Saale\" \/>\n<meta property=\"article:published_time\" content=\"2016-04-18T05:00:10+00:00\" \/>\n<meta property=\"article:modified_time\" content=\"2016-04-27T09:00:18+00:00\" \/>\n<meta property=\"og:image\" content=\"https:\/\/www.naturparkmagazin.de\/thueringer-schiefergebirge-obere-saale\/wp-content\/uploads\/sites\/13\/sense0.png\" \/>\n\t<meta property=\"og:image:width\" content=\"200\" \/>\n\t<meta property=\"og:image:height\" content=\"200\" \/>\n\t<meta property=\"og:image:type\" content=\"image\/png\" \/>\n<meta name=\"author\" content=\"D\u00f6rthe Kirstein\" \/>\n<meta name=\"twitter:label1\" content=\"Verfasst von\" \/>\n\t<meta name=\"twitter:data1\" content=\"D\u00f6rthe Kirstein\" \/>\n\t<meta name=\"twitter:label2\" content=\"Gesch\u00e4tzte Lesezeit\" \/>\n\t<meta name=\"twitter:data2\" content=\"3\u00a0Minuten\" \/>\n<script type=\"application\/ld+json\" class=\"yoast-schema-graph\">{\"@context\":\"https:\/\/schema.org\",\"@graph\":[{\"@type\":\"WebPage\",\"@id\":\"https:\/\/www.naturparkmagazin.de\/thueringer-schiefergebirge-obere-saale\/gruenes-band-aktiv-veranstaltungen-im-naturpark\/\",\"url\":\"https:\/\/www.naturparkmagazin.de\/thueringer-schiefergebirge-obere-saale\/gruenes-band-aktiv-veranstaltungen-im-naturpark\/\",\"name\":\"Gr\u00fcnes Band aktiv \u2013 Veranstaltungen im Naturpark - Naturpark Th\u00fcringer Schiefergebirge\/Obere Saale\",\"isPartOf\":{\"@id\":\"https:\/\/www.naturparkmagazin.de\/thueringer-schiefergebirge-obere-saale\/#website\"},\"datePublished\":\"2016-04-18T05:00:10+00:00\",\"dateModified\":\"2016-04-27T09:00:18+00:00\",\"author\":{\"@id\":\"https:\/\/www.naturparkmagazin.de\/thueringer-schiefergebirge-obere-saale\/#\/schema\/person\/2144f2a5876d4b820ee5725f8224a275\"},\"description\":\"Sie k\u00f6nnen sensen oder wollen zuk\u00fcnftig \u00f6fter zur Sense greifen? Sie wollen Ihre Technik verbessern oder es von Grund auf lernen? Hier einige Gelegenheiten dazu.\",\"breadcrumb\":{\"@id\":\"https:\/\/www.naturparkmagazin.de\/thueringer-schiefergebirge-obere-saale\/gruenes-band-aktiv-veranstaltungen-im-naturpark\/#breadcrumb\"},\"inLanguage\":\"de\",\"potentialAction\":[{\"@type\":\"ReadAction\",\"target\":[\"https:\/\/www.naturparkmagazin.de\/thueringer-schiefergebirge-obere-saale\/gruenes-band-aktiv-veranstaltungen-im-naturpark\/\"]}]},{\"@type\":\"BreadcrumbList\",\"@id\":\"https:\/\/www.naturparkmagazin.de\/thueringer-schiefergebirge-obere-saale\/gruenes-band-aktiv-veranstaltungen-im-naturpark\/#breadcrumb\",\"itemListElement\":[{\"@type\":\"ListItem\",\"position\":1,\"name\":\"Home\",\"item\":\"https:\/\/www.naturparkmagazin.de\/thueringer-schiefergebirge-obere-saale\/\"},{\"@type\":\"ListItem\",\"position\":2,\"name\":\"Gr\u00fcnes Band aktiv \u2013 Veranstaltungen im Naturpark\"}]},{\"@type\":\"WebSite\",\"@id\":\"https:\/\/www.naturparkmagazin.de\/thueringer-schiefergebirge-obere-saale\/#website\",\"url\":\"https:\/\/www.naturparkmagazin.de\/thueringer-schiefergebirge-obere-saale\/\",\"name\":\"Naturpark Th\u00fcringer Schiefergebirge\/Obere Saale\",\"description\":\"\",\"potentialAction\":[{\"@type\":\"SearchAction\",\"target\":{\"@type\":\"EntryPoint\",\"urlTemplate\":\"https:\/\/www.naturparkmagazin.de\/thueringer-schiefergebirge-obere-saale\/?s={search_term_string}\"},\"query-input\":\"required name=search_term_string\"}],\"inLanguage\":\"de\"},{\"@type\":\"Person\",\"@id\":\"https:\/\/www.naturparkmagazin.de\/thueringer-schiefergebirge-obere-saale\/#\/schema\/person\/2144f2a5876d4b820ee5725f8224a275\",\"name\":\"D\u00f6rthe Kirstein\",\"url\":\"https:\/\/www.naturparkmagazin.de\/thueringer-schiefergebirge-obere-saale\/author\/frauhess\/\"}]}<\/script>\n<!-- \/ Yoast SEO plugin. -->","yoast_head_json":{"title":"Gr\u00fcnes Band aktiv \u2013 Veranstaltungen im Naturpark - Naturpark Th\u00fcringer Schiefergebirge\/Obere Saale","description":"Sie k\u00f6nnen sensen oder wollen zuk\u00fcnftig \u00f6fter zur Sense greifen? Sie wollen Ihre Technik verbessern oder es von Grund auf lernen? Hier einige Gelegenheiten dazu.","robots":{"index":"index","follow":"follow","max-snippet":"max-snippet:-1","max-image-preview":"max-image-preview:large","max-video-preview":"max-video-preview:-1"},"canonical":"https:\/\/www.naturparkmagazin.de\/thueringer-schiefergebirge-obere-saale\/gruenes-band-aktiv-veranstaltungen-im-naturpark\/","og_locale":"de_DE","og_type":"article","og_title":"Gr\u00fcnes Band aktiv \u2013 Veranstaltungen im Naturpark - Naturpark Th\u00fcringer Schiefergebirge\/Obere Saale","og_description":"Sie k\u00f6nnen sensen oder wollen zuk\u00fcnftig \u00f6fter zur Sense greifen? Sie wollen Ihre Technik verbessern oder es von Grund auf lernen? Hier einige Gelegenheiten dazu.","og_url":"https:\/\/www.naturparkmagazin.de\/thueringer-schiefergebirge-obere-saale\/gruenes-band-aktiv-veranstaltungen-im-naturpark\/","og_site_name":"Naturpark Th\u00fcringer Schiefergebirge\/Obere Saale","article_published_time":"2016-04-18T05:00:10+00:00","article_modified_time":"2016-04-27T09:00:18+00:00","og_image":[{"width":200,"height":200,"url":"https:\/\/www.naturparkmagazin.de\/thueringer-schiefergebirge-obere-saale\/wp-content\/uploads\/sites\/13\/sense0.png","type":"image\/png"}],"author":"D\u00f6rthe Kirstein","twitter_misc":{"Verfasst von":"D\u00f6rthe Kirstein","Gesch\u00e4tzte Lesezeit":"3\u00a0Minuten"},"schema":{"@context":"https:\/\/schema.org","@graph":[{"@type":"WebPage","@id":"https:\/\/www.naturparkmagazin.de\/thueringer-schiefergebirge-obere-saale\/gruenes-band-aktiv-veranstaltungen-im-naturpark\/","url":"https:\/\/www.naturparkmagazin.de\/thueringer-schiefergebirge-obere-saale\/gruenes-band-aktiv-veranstaltungen-im-naturpark\/","name":"Gr\u00fcnes Band aktiv \u2013 Veranstaltungen im Naturpark - Naturpark Th\u00fcringer Schiefergebirge\/Obere Saale","isPartOf":{"@id":"https:\/\/www.naturparkmagazin.de\/thueringer-schiefergebirge-obere-saale\/#website"},"datePublished":"2016-04-18T05:00:10+00:00","dateModified":"2016-04-27T09:00:18+00:00","author":{"@id":"https:\/\/www.naturparkmagazin.de\/thueringer-schiefergebirge-obere-saale\/#\/schema\/person\/2144f2a5876d4b820ee5725f8224a275"},"description":"Sie k\u00f6nnen sensen oder wollen zuk\u00fcnftig \u00f6fter zur Sense greifen? Sie wollen Ihre Technik verbessern oder es von Grund auf lernen? Hier einige Gelegenheiten dazu.","breadcrumb":{"@id":"https:\/\/www.naturparkmagazin.de\/thueringer-schiefergebirge-obere-saale\/gruenes-band-aktiv-veranstaltungen-im-naturpark\/#breadcrumb"},"inLanguage":"de","potentialAction":[{"@type":"ReadAction","target":["https:\/\/www.naturparkmagazin.de\/thueringer-schiefergebirge-obere-saale\/gruenes-band-aktiv-veranstaltungen-im-naturpark\/"]}]},{"@type":"BreadcrumbList","@id":"https:\/\/www.naturparkmagazin.de\/thueringer-schiefergebirge-obere-saale\/gruenes-band-aktiv-veranstaltungen-im-naturpark\/#breadcrumb","itemListElement":[{"@type":"ListItem","position":1,"name":"Home","item":"https:\/\/www.naturparkmagazin.de\/thueringer-schiefergebirge-obere-saale\/"},{"@type":"ListItem","position":2,"name":"Gr\u00fcnes Band aktiv \u2013 Veranstaltungen im Naturpark"}]},{"@type":"WebSite","@id":"https:\/\/www.naturparkmagazin.de\/thueringer-schiefergebirge-obere-saale\/#website","url":"https:\/\/www.naturparkmagazin.de\/thueringer-schiefergebirge-obere-saale\/","name":"Naturpark Th\u00fcringer Schiefergebirge\/Obere Saale","description":"","potentialAction":[{"@type":"SearchAction","target":{"@type":"EntryPoint","urlTemplate":"https:\/\/www.naturparkmagazin.de\/thueringer-schiefergebirge-obere-saale\/?s={search_term_string}"},"query-input":"required name=search_term_string"}],"inLanguage":"de"},{"@type":"Person","@id":"https:\/\/www.naturparkmagazin.de\/thueringer-schiefergebirge-obere-saale\/#\/schema\/person\/2144f2a5876d4b820ee5725f8224a275","name":"D\u00f6rthe Kirstein","url":"https:\/\/www.naturparkmagazin.de\/thueringer-schiefergebirge-obere-saale\/author\/frauhess\/"}]}},"_links":{"self":[{"href":"https:\/\/www.naturparkmagazin.de\/thueringer-schiefergebirge-obere-saale\/wp-json\/wp\/v2\/posts\/2025"}],"collection":[{"href":"https:\/\/www.naturparkmagazin.de\/thueringer-schiefergebirge-obere-saale\/wp-json\/wp\/v2\/posts"}],"about":[{"href":"https:\/\/www.naturparkmagazin.de\/thueringer-schiefergebirge-obere-saale\/wp-json\/wp\/v2\/types\/post"}],"author":[{"embeddable":true,"href":"https:\/\/www.naturparkmagazin.de\/thueringer-schiefergebirge-obere-saale\/wp-json\/wp\/v2\/users\/62"}],"replies":[{"embeddable":true,"href":"https:\/\/www.naturparkmagazin.de\/thueringer-schiefergebirge-obere-saale\/wp-json\/wp\/v2\/comments?post=2025"}],"version-history":[{"count":3,"href":"https:\/\/www.naturparkmagazin.de\/thueringer-schiefergebirge-obere-saale\/wp-json\/wp\/v2\/posts\/2025\/revisions"}],"predecessor-version":[{"id":2036,"href":"https:\/\/www.naturparkmagazin.de\/thueringer-schiefergebirge-obere-saale\/wp-json\/wp\/v2\/posts\/2025\/revisions\/2036"}],"wp:featuredmedia":[{"embeddable":true,"href":"https:\/\/www.naturparkmagazin.de\/thueringer-schiefergebirge-obere-saale\/wp-json\/wp\/v2\/media\/2033"}],"wp:attachment":[{"href":"https:\/\/www.naturparkmagazin.de\/thueringer-schiefergebirge-obere-saale\/wp-json\/wp\/v2\/media?parent=2025"}],"wp:term":[{"taxonomy":"category","embeddable":true,"href":"https:\/\/www.naturparkmagazin.de\/thueringer-schiefergebirge-obere-saale\/wp-json\/wp\/v2\/categories?post=2025"},{"taxonomy":"post_tag","embeddable":true,"href":"https:\/\/www.naturparkmagazin.de\/thueringer-schiefergebirge-obere-saale\/wp-json\/wp\/v2\/tags?post=2025"}],"curies":[{"name":"wp","href":"https:\/\/api.w.org\/{rel}","templated":true}]}}