{"id":2498,"date":"2017-01-16T01:00:14","date_gmt":"2017-01-16T00:00:14","guid":{"rendered":"http:\/\/www.naturparkmagazin.de\/thueringer-schiefergebirge-obere-saale\/?p=2498"},"modified":"2017-01-13T08:20:54","modified_gmt":"2017-01-13T07:20:54","slug":"natur-des-jahres-2017-2","status":"publish","type":"post","link":"https:\/\/www.naturparkmagazin.de\/thueringer-schiefergebirge-obere-saale\/natur-des-jahres-2017-2\/","title":{"rendered":"Natur des Jahres 2017"},"content":{"rendered":"<div id=\"attachment_2508\" style=\"width: 310px\" class=\"wp-caption alignright\"><a href=\"https:\/\/www.naturparkmagazin.de\/thueringer-schiefergebirge-obere-saale\/wp-content\/uploads\/sites\/13\/blume2.png\"><img aria-describedby=\"caption-attachment-2508\" decoding=\"async\" loading=\"lazy\" class=\"wp-image-2508 size-thumbnail\" src=\"https:\/\/www.naturparkmagazin.de\/thueringer-schiefergebirge-obere-saale\/wp-content\/uploads\/sites\/13\/blume2-300x224.png\" alt=\"G\u00e4nsebl\u00fcmchen, Wikipedia Tom K.\" width=\"300\" height=\"224\" srcset=\"https:\/\/www.naturparkmagazin.de\/thueringer-schiefergebirge-obere-saale\/wp-content\/uploads\/sites\/13\/blume2-300x224.png 300w, https:\/\/www.naturparkmagazin.de\/thueringer-schiefergebirge-obere-saale\/wp-content\/uploads\/sites\/13\/blume2-420x315.png 420w, https:\/\/www.naturparkmagazin.de\/thueringer-schiefergebirge-obere-saale\/wp-content\/uploads\/sites\/13\/blume2-180x135.png 180w, https:\/\/www.naturparkmagazin.de\/thueringer-schiefergebirge-obere-saale\/wp-content\/uploads\/sites\/13\/blume2-95x71.png 95w, https:\/\/www.naturparkmagazin.de\/thueringer-schiefergebirge-obere-saale\/wp-content\/uploads\/sites\/13\/blume2.png 500w, https:\/\/www.naturparkmagazin.de\/thueringer-schiefergebirge-obere-saale\/wp-content\/uploads\/sites\/13\/blume2-200x150.png 200w\" sizes=\"(max-width: 300px) 100vw, 300px\" \/><\/a><p id=\"caption-attachment-2508\" class=\"wp-caption-text\">G\u00e4nsebl\u00fcmchen, Wikipedia Tom K.<\/p><\/div>\n<p><strong>Heilpflanze des Jahres \u2013 Das G\u00e4nsebl\u00fcmchen\n<\/strong>(Bellis perennis)<\/p>\n<p>Tausendsch\u00f6nchen, Marienbl\u00fcmlein oder M\u00fchlebl\u00fcmli \u2013 das G\u00e4nsebl\u00fcmchen hat unz\u00e4hlige regionale Beinamen. Die Bezeichnung Sonnenbl\u00fcmchen gibt Hinweis auf eine spezielle Eigenschaft des Korbbl\u00fctlers: Sie wendet sich immer der Sonne entgegen und schlie\u00dft ihre Bl\u00fcten mit Beginn der D\u00e4mmerung sowie bei schlechtem Wetter. Wintermonate mit Schnee und Frost k\u00f6nnen ihr als Speicherpflanze gar nichts anhaben. Damit ist sie ist eine der ersten leuchtenden Farbtupfer in der erbl\u00fchenden Fr\u00fchlingsnatur, so auch im Naturpark Th\u00fcringer Schiefergebirge\/Obere Saale.\nG\u00e4nsebl\u00fcmchen findet man nahezu \u00fcberall, vor allem auf Weiden, in G\u00e4rten und Parkanlagen. Hat die Pflanze einmal Fu\u00df gefasst, vermehrt sie sich durch Selbstbest\u00e4ubung der Bl\u00fcten und zus\u00e4tzliche Verbreitung durch Bienen, Hummeln &amp; Co. rasch \u00fcber gro\u00dfe Fl\u00e4chen. Wichtig f\u00fcr ein gutes Wachstum: ein m\u00f6glichst n\u00e4hrstoffreicher Untergrund und regelm\u00e4\u00dfiger Schnitt oder Beweidung der Standorte, sonst w\u00fcrde sie \u00fcberwuchert von Gr\u00e4sern und anderen Wildpflanzen. Auf landwirtschaftlich genutzten Fl\u00e4chen gilt sie als Anzeiger f\u00fcr verdichtete und \u00fcbernutzte B\u00f6den.<\/p>\n<p>Das Abz\u00e4hlspiel \u201eSie liebt mich, sie liebt mich nicht\u201c kennt fast jeder, jedoch ist vielen Menschen nicht bewusst, dass die Bl\u00fcmchen auch heilend wirken: In der Hom\u00f6opathie kommt das G\u00e4nsebl\u00fcmchen \u00e4u\u00dferlich bei Hautunreinheiten, Wunden und Quetschungen zum Einsatz. Innerlich angewendet st\u00e4rkt ein G\u00e4nsebl\u00fcmchentee das Immunsystem, beispielsweise bei Erk\u00e4ltungen, und regt den Appetit und Stoffwechsel an. F\u00fcr die lindernden Eigenschaften sorgen \u00e4therische \u00d6le, Bitter- und Gerbstoffe sowie das Saponin Bayogenin. Die enthaltenen Stoffe wirken harntreibendend, schleimtreibendend, blutreinigend und entz\u00fcndungshemmend. Und zu guter Letzt ist die Wiesenpflanze auch in der K\u00fcche vielseitig einsetzbar: Ihre Bl\u00fcten schmecken wunderbar im Salat oder in einer Fr\u00fchjahrssuppe, sauer eingelegte Knospen werden als Kapernersatz verwendet.<\/p>\n<p>Autor: Susen Reuter<\/p>\n","protected":false},"excerpt":{"rendered":"<p>Wer kennt es nicht &#8211; das G\u00e4nsebl\u00fcmchen. Aber nicht nur f\u00fcr Kr\u00e4nze und Abz\u00e4hlverse ist es beliebt, sondern auch f\u00fcr seine heilenden Inhaltsstoffe. Und schmecken tut es auch.<\/p>\n","protected":false},"author":62,"featured_media":2507,"comment_status":"open","ping_status":"open","sticky":false,"template":"","format":"standard","meta":[],"categories":[7],"tags":[],"yoast_head":"<!-- This site is optimized with the Yoast SEO plugin v19.10 - https:\/\/yoast.com\/wordpress\/plugins\/seo\/ -->\n<title>Natur des Jahres 2017 - Naturpark Th\u00fcringer Schiefergebirge\/Obere Saale<\/title>\n<meta name=\"description\" content=\"Wer kennt es nicht - das G\u00e4nsebl\u00fcmchen. Aber nicht nur f\u00fcr Kr\u00e4nze und Abz\u00e4hlverse ist es bekannt, sondern auch f\u00fcr seine heilenden Inhaltsstoffe. Und schmecken tut es auch.\" \/>\n<meta name=\"robots\" content=\"index, follow, max-snippet:-1, max-image-preview:large, max-video-preview:-1\" \/>\n<link rel=\"canonical\" href=\"https:\/\/www.naturparkmagazin.de\/thueringer-schiefergebirge-obere-saale\/natur-des-jahres-2017-2\/\" \/>\n<meta property=\"og:locale\" content=\"de_DE\" \/>\n<meta property=\"og:type\" content=\"article\" \/>\n<meta property=\"og:title\" content=\"Natur des Jahres 2017 - Naturpark Th\u00fcringer Schiefergebirge\/Obere Saale\" \/>\n<meta property=\"og:description\" content=\"Wer kennt es nicht - das G\u00e4nsebl\u00fcmchen. Aber nicht nur f\u00fcr Kr\u00e4nze und Abz\u00e4hlverse ist es bekannt, sondern auch f\u00fcr seine heilenden Inhaltsstoffe. Und schmecken tut es auch.\" \/>\n<meta property=\"og:url\" content=\"https:\/\/www.naturparkmagazin.de\/thueringer-schiefergebirge-obere-saale\/natur-des-jahres-2017-2\/\" \/>\n<meta property=\"og:site_name\" content=\"Naturpark Th\u00fcringer Schiefergebirge\/Obere Saale\" \/>\n<meta property=\"article:published_time\" content=\"2017-01-16T00:00:14+00:00\" \/>\n<meta property=\"article:modified_time\" content=\"2017-01-13T07:20:54+00:00\" \/>\n<meta property=\"og:image\" content=\"https:\/\/www.naturparkmagazin.de\/thueringer-schiefergebirge-obere-saale\/wp-content\/uploads\/sites\/13\/blume1.png\" \/>\n\t<meta property=\"og:image:width\" content=\"200\" \/>\n\t<meta property=\"og:image:height\" content=\"200\" \/>\n\t<meta property=\"og:image:type\" content=\"image\/png\" \/>\n<meta name=\"author\" content=\"D\u00f6rthe Kirstein\" \/>\n<meta name=\"twitter:label1\" content=\"Verfasst von\" \/>\n\t<meta name=\"twitter:data1\" content=\"D\u00f6rthe Kirstein\" \/>\n\t<meta name=\"twitter:label2\" content=\"Gesch\u00e4tzte Lesezeit\" \/>\n\t<meta name=\"twitter:data2\" content=\"2\u00a0Minuten\" \/>\n<script type=\"application\/ld+json\" class=\"yoast-schema-graph\">{\"@context\":\"https:\/\/schema.org\",\"@graph\":[{\"@type\":\"WebPage\",\"@id\":\"https:\/\/www.naturparkmagazin.de\/thueringer-schiefergebirge-obere-saale\/natur-des-jahres-2017-2\/\",\"url\":\"https:\/\/www.naturparkmagazin.de\/thueringer-schiefergebirge-obere-saale\/natur-des-jahres-2017-2\/\",\"name\":\"Natur des Jahres 2017 - Naturpark Th\u00fcringer Schiefergebirge\/Obere Saale\",\"isPartOf\":{\"@id\":\"https:\/\/www.naturparkmagazin.de\/thueringer-schiefergebirge-obere-saale\/#website\"},\"datePublished\":\"2017-01-16T00:00:14+00:00\",\"dateModified\":\"2017-01-13T07:20:54+00:00\",\"author\":{\"@id\":\"https:\/\/www.naturparkmagazin.de\/thueringer-schiefergebirge-obere-saale\/#\/schema\/person\/2144f2a5876d4b820ee5725f8224a275\"},\"description\":\"Wer kennt es nicht - das G\u00e4nsebl\u00fcmchen. Aber nicht nur f\u00fcr Kr\u00e4nze und Abz\u00e4hlverse ist es bekannt, sondern auch f\u00fcr seine heilenden Inhaltsstoffe. Und schmecken tut es auch.\",\"breadcrumb\":{\"@id\":\"https:\/\/www.naturparkmagazin.de\/thueringer-schiefergebirge-obere-saale\/natur-des-jahres-2017-2\/#breadcrumb\"},\"inLanguage\":\"de\",\"potentialAction\":[{\"@type\":\"ReadAction\",\"target\":[\"https:\/\/www.naturparkmagazin.de\/thueringer-schiefergebirge-obere-saale\/natur-des-jahres-2017-2\/\"]}]},{\"@type\":\"BreadcrumbList\",\"@id\":\"https:\/\/www.naturparkmagazin.de\/thueringer-schiefergebirge-obere-saale\/natur-des-jahres-2017-2\/#breadcrumb\",\"itemListElement\":[{\"@type\":\"ListItem\",\"position\":1,\"name\":\"Home\",\"item\":\"https:\/\/www.naturparkmagazin.de\/thueringer-schiefergebirge-obere-saale\/\"},{\"@type\":\"ListItem\",\"position\":2,\"name\":\"Natur des Jahres 2017\"}]},{\"@type\":\"WebSite\",\"@id\":\"https:\/\/www.naturparkmagazin.de\/thueringer-schiefergebirge-obere-saale\/#website\",\"url\":\"https:\/\/www.naturparkmagazin.de\/thueringer-schiefergebirge-obere-saale\/\",\"name\":\"Naturpark Th\u00fcringer Schiefergebirge\/Obere Saale\",\"description\":\"\",\"potentialAction\":[{\"@type\":\"SearchAction\",\"target\":{\"@type\":\"EntryPoint\",\"urlTemplate\":\"https:\/\/www.naturparkmagazin.de\/thueringer-schiefergebirge-obere-saale\/?s={search_term_string}\"},\"query-input\":\"required name=search_term_string\"}],\"inLanguage\":\"de\"},{\"@type\":\"Person\",\"@id\":\"https:\/\/www.naturparkmagazin.de\/thueringer-schiefergebirge-obere-saale\/#\/schema\/person\/2144f2a5876d4b820ee5725f8224a275\",\"name\":\"D\u00f6rthe Kirstein\",\"url\":\"https:\/\/www.naturparkmagazin.de\/thueringer-schiefergebirge-obere-saale\/author\/frauhess\/\"}]}<\/script>\n<!-- \/ Yoast SEO plugin. -->","yoast_head_json":{"title":"Natur des Jahres 2017 - Naturpark Th\u00fcringer Schiefergebirge\/Obere Saale","description":"Wer kennt es nicht - das G\u00e4nsebl\u00fcmchen. Aber nicht nur f\u00fcr Kr\u00e4nze und Abz\u00e4hlverse ist es bekannt, sondern auch f\u00fcr seine heilenden Inhaltsstoffe. Und schmecken tut es auch.","robots":{"index":"index","follow":"follow","max-snippet":"max-snippet:-1","max-image-preview":"max-image-preview:large","max-video-preview":"max-video-preview:-1"},"canonical":"https:\/\/www.naturparkmagazin.de\/thueringer-schiefergebirge-obere-saale\/natur-des-jahres-2017-2\/","og_locale":"de_DE","og_type":"article","og_title":"Natur des Jahres 2017 - Naturpark Th\u00fcringer Schiefergebirge\/Obere Saale","og_description":"Wer kennt es nicht - das G\u00e4nsebl\u00fcmchen. Aber nicht nur f\u00fcr Kr\u00e4nze und Abz\u00e4hlverse ist es bekannt, sondern auch f\u00fcr seine heilenden Inhaltsstoffe. Und schmecken tut es auch.","og_url":"https:\/\/www.naturparkmagazin.de\/thueringer-schiefergebirge-obere-saale\/natur-des-jahres-2017-2\/","og_site_name":"Naturpark Th\u00fcringer Schiefergebirge\/Obere Saale","article_published_time":"2017-01-16T00:00:14+00:00","article_modified_time":"2017-01-13T07:20:54+00:00","og_image":[{"width":200,"height":200,"url":"https:\/\/www.naturparkmagazin.de\/thueringer-schiefergebirge-obere-saale\/wp-content\/uploads\/sites\/13\/blume1.png","type":"image\/png"}],"author":"D\u00f6rthe Kirstein","twitter_misc":{"Verfasst von":"D\u00f6rthe Kirstein","Gesch\u00e4tzte Lesezeit":"2\u00a0Minuten"},"schema":{"@context":"https:\/\/schema.org","@graph":[{"@type":"WebPage","@id":"https:\/\/www.naturparkmagazin.de\/thueringer-schiefergebirge-obere-saale\/natur-des-jahres-2017-2\/","url":"https:\/\/www.naturparkmagazin.de\/thueringer-schiefergebirge-obere-saale\/natur-des-jahres-2017-2\/","name":"Natur des Jahres 2017 - Naturpark Th\u00fcringer Schiefergebirge\/Obere Saale","isPartOf":{"@id":"https:\/\/www.naturparkmagazin.de\/thueringer-schiefergebirge-obere-saale\/#website"},"datePublished":"2017-01-16T00:00:14+00:00","dateModified":"2017-01-13T07:20:54+00:00","author":{"@id":"https:\/\/www.naturparkmagazin.de\/thueringer-schiefergebirge-obere-saale\/#\/schema\/person\/2144f2a5876d4b820ee5725f8224a275"},"description":"Wer kennt es nicht - das G\u00e4nsebl\u00fcmchen. Aber nicht nur f\u00fcr Kr\u00e4nze und Abz\u00e4hlverse ist es bekannt, sondern auch f\u00fcr seine heilenden Inhaltsstoffe. Und schmecken tut es auch.","breadcrumb":{"@id":"https:\/\/www.naturparkmagazin.de\/thueringer-schiefergebirge-obere-saale\/natur-des-jahres-2017-2\/#breadcrumb"},"inLanguage":"de","potentialAction":[{"@type":"ReadAction","target":["https:\/\/www.naturparkmagazin.de\/thueringer-schiefergebirge-obere-saale\/natur-des-jahres-2017-2\/"]}]},{"@type":"BreadcrumbList","@id":"https:\/\/www.naturparkmagazin.de\/thueringer-schiefergebirge-obere-saale\/natur-des-jahres-2017-2\/#breadcrumb","itemListElement":[{"@type":"ListItem","position":1,"name":"Home","item":"https:\/\/www.naturparkmagazin.de\/thueringer-schiefergebirge-obere-saale\/"},{"@type":"ListItem","position":2,"name":"Natur des Jahres 2017"}]},{"@type":"WebSite","@id":"https:\/\/www.naturparkmagazin.de\/thueringer-schiefergebirge-obere-saale\/#website","url":"https:\/\/www.naturparkmagazin.de\/thueringer-schiefergebirge-obere-saale\/","name":"Naturpark Th\u00fcringer Schiefergebirge\/Obere Saale","description":"","potentialAction":[{"@type":"SearchAction","target":{"@type":"EntryPoint","urlTemplate":"https:\/\/www.naturparkmagazin.de\/thueringer-schiefergebirge-obere-saale\/?s={search_term_string}"},"query-input":"required name=search_term_string"}],"inLanguage":"de"},{"@type":"Person","@id":"https:\/\/www.naturparkmagazin.de\/thueringer-schiefergebirge-obere-saale\/#\/schema\/person\/2144f2a5876d4b820ee5725f8224a275","name":"D\u00f6rthe Kirstein","url":"https:\/\/www.naturparkmagazin.de\/thueringer-schiefergebirge-obere-saale\/author\/frauhess\/"}]}},"_links":{"self":[{"href":"https:\/\/www.naturparkmagazin.de\/thueringer-schiefergebirge-obere-saale\/wp-json\/wp\/v2\/posts\/2498"}],"collection":[{"href":"https:\/\/www.naturparkmagazin.de\/thueringer-schiefergebirge-obere-saale\/wp-json\/wp\/v2\/posts"}],"about":[{"href":"https:\/\/www.naturparkmagazin.de\/thueringer-schiefergebirge-obere-saale\/wp-json\/wp\/v2\/types\/post"}],"author":[{"embeddable":true,"href":"https:\/\/www.naturparkmagazin.de\/thueringer-schiefergebirge-obere-saale\/wp-json\/wp\/v2\/users\/62"}],"replies":[{"embeddable":true,"href":"https:\/\/www.naturparkmagazin.de\/thueringer-schiefergebirge-obere-saale\/wp-json\/wp\/v2\/comments?post=2498"}],"version-history":[{"count":3,"href":"https:\/\/www.naturparkmagazin.de\/thueringer-schiefergebirge-obere-saale\/wp-json\/wp\/v2\/posts\/2498\/revisions"}],"predecessor-version":[{"id":2519,"href":"https:\/\/www.naturparkmagazin.de\/thueringer-schiefergebirge-obere-saale\/wp-json\/wp\/v2\/posts\/2498\/revisions\/2519"}],"wp:featuredmedia":[{"embeddable":true,"href":"https:\/\/www.naturparkmagazin.de\/thueringer-schiefergebirge-obere-saale\/wp-json\/wp\/v2\/media\/2507"}],"wp:attachment":[{"href":"https:\/\/www.naturparkmagazin.de\/thueringer-schiefergebirge-obere-saale\/wp-json\/wp\/v2\/media?parent=2498"}],"wp:term":[{"taxonomy":"category","embeddable":true,"href":"https:\/\/www.naturparkmagazin.de\/thueringer-schiefergebirge-obere-saale\/wp-json\/wp\/v2\/categories?post=2498"},{"taxonomy":"post_tag","embeddable":true,"href":"https:\/\/www.naturparkmagazin.de\/thueringer-schiefergebirge-obere-saale\/wp-json\/wp\/v2\/tags?post=2498"}],"curies":[{"name":"wp","href":"https:\/\/api.w.org\/{rel}","templated":true}]}}