{"id":2575,"date":"2017-04-18T14:00:22","date_gmt":"2017-04-18T12:00:22","guid":{"rendered":"http:\/\/www.naturparkmagazin.de\/thueringer-schiefergebirge-obere-saale\/?p=2575"},"modified":"2017-04-28T13:08:15","modified_gmt":"2017-04-28T11:08:15","slug":"natur-des-jahres-2017-5","status":"publish","type":"post","link":"https:\/\/www.naturparkmagazin.de\/thueringer-schiefergebirge-obere-saale\/natur-des-jahres-2017-5\/","title":{"rendered":"Natur des Jahres 2017"},"content":{"rendered":"<p><a href=\"https:\/\/www.naturparkmagazin.de\/thueringer-schiefergebirge-obere-saale\/wp-content\/uploads\/sites\/13\/orchidee2.png\"><img decoding=\"async\" loading=\"lazy\" class=\"alignright wp-image-2590 size-thumbnail\" title=\"Wei\u00dfes Waldv\u00f6glein, BA Susen Reuter\" src=\"https:\/\/www.naturparkmagazin.de\/thueringer-schiefergebirge-obere-saale\/wp-content\/uploads\/sites\/13\/orchidee2-300x400.png\" alt=\"Wei\u00dfes Waldv\u00f6glein, BA Susen Reuter\" width=\"300\" height=\"400\" srcset=\"https:\/\/www.naturparkmagazin.de\/thueringer-schiefergebirge-obere-saale\/wp-content\/uploads\/sites\/13\/orchidee2-300x400.png 300w, https:\/\/www.naturparkmagazin.de\/thueringer-schiefergebirge-obere-saale\/wp-content\/uploads\/sites\/13\/orchidee2-420x560.png 420w, https:\/\/www.naturparkmagazin.de\/thueringer-schiefergebirge-obere-saale\/wp-content\/uploads\/sites\/13\/orchidee2-135x180.png 135w, https:\/\/www.naturparkmagazin.de\/thueringer-schiefergebirge-obere-saale\/wp-content\/uploads\/sites\/13\/orchidee2-53x71.png 53w, https:\/\/www.naturparkmagazin.de\/thueringer-schiefergebirge-obere-saale\/wp-content\/uploads\/sites\/13\/orchidee2-200x267.png 200w, https:\/\/www.naturparkmagazin.de\/thueringer-schiefergebirge-obere-saale\/wp-content\/uploads\/sites\/13\/orchidee2.png 500w\" sizes=\"(max-width: 300px) 100vw, 300px\" \/><\/a><\/p>\n<p><strong>Das Wei\u00dfe Waldv\u00f6glein<\/strong>\n<em>(Cephalanthera damasonium)<\/em><\/p>\n<p>Den lieblichen Name verdankt die Orchideenart ihrer Gattung Waldv\u00f6glein: Die meisten ihrer Vertreter besitzen weit ge\u00f6ffnete Bl\u00fcten, die an kleine V\u00f6gel erinnern. Das Wei\u00dfe Waldv\u00f6glein hat sein Zuhause in Buchenw\u00e4ldern mit kalkhaltigen B\u00f6den \u2013 zumindest fast immer. Es kann schon mal vorkommen, dass man es in Geb\u00fcschen auf Halbtrocken- und Trockenrasen findet. Auch in jungen Fichtenmonokulturen kann es sich kurzzeitig stark ausbreiten. Haupts\u00e4chlich aber werden alte Waldbest\u00e4nde mit einer guten Bodenschicht bevorzugt. Und dies hat seinen Grund, schlie\u00dflich ist die Orchidee auf spezielle Wurzelpilze angewiesen. Mit ihnen bildet sie eine feste Lebensgemeinschaft, eine Symbiose. Orchidee und Pilz tauschen N\u00e4hrstoffe aus, was gelegentlich sogar zu chlorophylllosen Exemplaren f\u00fchrt, die sich v\u00f6llig auf die Kohlenstoffzufuhr durch ihren Wurzelpilz verlassen. An extrem schattigen Standorten ist dies nat\u00fcrlich von gro\u00dfem Nutzen!<\/p>\n<p>Je nach Bodenbeschaffenheit und Lichtverh\u00e4ltnissen erreicht die Orchidee Wuchsh\u00f6hen zwischen 15 und 60 Zentimeter. Ihre Bl\u00e4tter sind schmal und l\u00e4nglich. Die Bl\u00fcten entwickeln sich zwischen Mai und Juni, sie variieren farblich zwischen reinem Wei\u00df und cremefarbenen Nuancen. Die Lippe leuchtet in einem intensiven Gelb \u2013 ein perfekter Landeplatz f\u00fcr Insekten, die sich am Nektar laben. Doch nur selten ergibt sich der Anblick ge\u00f6ffneter Bl\u00fcten, daf\u00fcr m\u00fcssen es schon sommerliche Temperaturen von mindestens 25 Grad sein.<\/p>\n<p>Das Wei\u00dfe Waldv\u00f6glein ist, im Vergleich zu vielen anderen heimischen Orchideen, in einigen Gebieten noch h\u00e4ufig anzutreffen \u2013 auch im Gebiet des Naturparks Th\u00fcringer Schiefergebirge\/Obere Saale konnte die Orchidee nachgewiesen werden. Und dennoch steht sie unter dem strengen Schutz europ\u00e4ischer und nationaler Gesetze. Denn wo Waldwirtschaft intensiviert und Kahlschl\u00e4ge Lebensr\u00e4ume zerst\u00f6ren, sieht es schlecht aus f\u00fcr wildwachsende Orchideen. Der Stickstoffeintrag \u00fcber die Luft macht sich ebenfalls bemerkbar. Hinzu kommt das Pfl\u00fccken von unwissenden Sammlern. Wer also das Wei\u00dfe Waldv\u00f6glein in der Natur antrifft: Gegen ein Foto hat es sicherlich nichts einzuwenden.<\/p>\n<p>Autor: Susen Reuter<\/p>\n<p>&nbsp;<\/p>\n<p>&nbsp;<\/p>\n","protected":false},"excerpt":{"rendered":"<p>Diese heimische Orchideenart ist relativ h\u00e4ufig anzutreffen &#8211; das Wei\u00dfe Waldv\u00f6glein. Ungew\u00f6hnlicher Name &#8211; die weit ge\u00f6ffnete Bl\u00fcten erinnern an kleine V\u00f6gel.<\/p>\n","protected":false},"author":62,"featured_media":2589,"comment_status":"open","ping_status":"open","sticky":false,"template":"","format":"standard","meta":[],"categories":[7],"tags":[],"yoast_head":"<!-- This site is optimized with the Yoast SEO plugin v19.10 - https:\/\/yoast.com\/wordpress\/plugins\/seo\/ -->\n<title>Natur des Jahres 2017 - Naturpark Th\u00fcringer Schiefergebirge\/Obere Saale<\/title>\n<meta name=\"description\" content=\"Diese heimische Orchideenart ist relativ h\u00e4ufig anzutreffen - das Wei\u00dfe Waldv\u00f6glein. Ungew\u00f6hnlicher Name - die weit ge\u00f6ffnete Bl\u00fcten erinnern an kleine V\u00f6gel.\" \/>\n<meta name=\"robots\" content=\"index, follow, max-snippet:-1, max-image-preview:large, max-video-preview:-1\" \/>\n<link rel=\"canonical\" href=\"https:\/\/www.naturparkmagazin.de\/thueringer-schiefergebirge-obere-saale\/natur-des-jahres-2017-5\/\" \/>\n<meta property=\"og:locale\" content=\"de_DE\" \/>\n<meta property=\"og:type\" content=\"article\" \/>\n<meta property=\"og:title\" content=\"Natur des Jahres 2017 - Naturpark Th\u00fcringer Schiefergebirge\/Obere Saale\" \/>\n<meta property=\"og:description\" content=\"Diese heimische Orchideenart ist relativ h\u00e4ufig anzutreffen - das Wei\u00dfe Waldv\u00f6glein. Ungew\u00f6hnlicher Name - die weit ge\u00f6ffnete Bl\u00fcten erinnern an kleine V\u00f6gel.\" \/>\n<meta property=\"og:url\" content=\"https:\/\/www.naturparkmagazin.de\/thueringer-schiefergebirge-obere-saale\/natur-des-jahres-2017-5\/\" \/>\n<meta property=\"og:site_name\" content=\"Naturpark Th\u00fcringer Schiefergebirge\/Obere Saale\" \/>\n<meta property=\"article:published_time\" content=\"2017-04-18T12:00:22+00:00\" \/>\n<meta property=\"article:modified_time\" content=\"2017-04-28T11:08:15+00:00\" \/>\n<meta property=\"og:image\" content=\"https:\/\/www.naturparkmagazin.de\/thueringer-schiefergebirge-obere-saale\/wp-content\/uploads\/sites\/13\/orchidee1.png\" \/>\n\t<meta property=\"og:image:width\" content=\"200\" \/>\n\t<meta property=\"og:image:height\" content=\"200\" \/>\n\t<meta property=\"og:image:type\" content=\"image\/png\" \/>\n<meta name=\"author\" content=\"D\u00f6rthe Kirstein\" \/>\n<meta name=\"twitter:label1\" content=\"Verfasst von\" \/>\n\t<meta name=\"twitter:data1\" content=\"D\u00f6rthe Kirstein\" \/>\n\t<meta name=\"twitter:label2\" content=\"Gesch\u00e4tzte Lesezeit\" \/>\n\t<meta name=\"twitter:data2\" content=\"2\u00a0Minuten\" \/>\n<script type=\"application\/ld+json\" class=\"yoast-schema-graph\">{\"@context\":\"https:\/\/schema.org\",\"@graph\":[{\"@type\":\"WebPage\",\"@id\":\"https:\/\/www.naturparkmagazin.de\/thueringer-schiefergebirge-obere-saale\/natur-des-jahres-2017-5\/\",\"url\":\"https:\/\/www.naturparkmagazin.de\/thueringer-schiefergebirge-obere-saale\/natur-des-jahres-2017-5\/\",\"name\":\"Natur des Jahres 2017 - Naturpark Th\u00fcringer Schiefergebirge\/Obere Saale\",\"isPartOf\":{\"@id\":\"https:\/\/www.naturparkmagazin.de\/thueringer-schiefergebirge-obere-saale\/#website\"},\"datePublished\":\"2017-04-18T12:00:22+00:00\",\"dateModified\":\"2017-04-28T11:08:15+00:00\",\"author\":{\"@id\":\"https:\/\/www.naturparkmagazin.de\/thueringer-schiefergebirge-obere-saale\/#\/schema\/person\/2144f2a5876d4b820ee5725f8224a275\"},\"description\":\"Diese heimische Orchideenart ist relativ h\u00e4ufig anzutreffen - das Wei\u00dfe Waldv\u00f6glein. Ungew\u00f6hnlicher Name - die weit ge\u00f6ffnete Bl\u00fcten erinnern an kleine V\u00f6gel.\",\"breadcrumb\":{\"@id\":\"https:\/\/www.naturparkmagazin.de\/thueringer-schiefergebirge-obere-saale\/natur-des-jahres-2017-5\/#breadcrumb\"},\"inLanguage\":\"de\",\"potentialAction\":[{\"@type\":\"ReadAction\",\"target\":[\"https:\/\/www.naturparkmagazin.de\/thueringer-schiefergebirge-obere-saale\/natur-des-jahres-2017-5\/\"]}]},{\"@type\":\"BreadcrumbList\",\"@id\":\"https:\/\/www.naturparkmagazin.de\/thueringer-schiefergebirge-obere-saale\/natur-des-jahres-2017-5\/#breadcrumb\",\"itemListElement\":[{\"@type\":\"ListItem\",\"position\":1,\"name\":\"Home\",\"item\":\"https:\/\/www.naturparkmagazin.de\/thueringer-schiefergebirge-obere-saale\/\"},{\"@type\":\"ListItem\",\"position\":2,\"name\":\"Natur des Jahres 2017\"}]},{\"@type\":\"WebSite\",\"@id\":\"https:\/\/www.naturparkmagazin.de\/thueringer-schiefergebirge-obere-saale\/#website\",\"url\":\"https:\/\/www.naturparkmagazin.de\/thueringer-schiefergebirge-obere-saale\/\",\"name\":\"Naturpark Th\u00fcringer Schiefergebirge\/Obere Saale\",\"description\":\"\",\"potentialAction\":[{\"@type\":\"SearchAction\",\"target\":{\"@type\":\"EntryPoint\",\"urlTemplate\":\"https:\/\/www.naturparkmagazin.de\/thueringer-schiefergebirge-obere-saale\/?s={search_term_string}\"},\"query-input\":\"required name=search_term_string\"}],\"inLanguage\":\"de\"},{\"@type\":\"Person\",\"@id\":\"https:\/\/www.naturparkmagazin.de\/thueringer-schiefergebirge-obere-saale\/#\/schema\/person\/2144f2a5876d4b820ee5725f8224a275\",\"name\":\"D\u00f6rthe Kirstein\",\"url\":\"https:\/\/www.naturparkmagazin.de\/thueringer-schiefergebirge-obere-saale\/author\/frauhess\/\"}]}<\/script>\n<!-- \/ Yoast SEO plugin. -->","yoast_head_json":{"title":"Natur des Jahres 2017 - Naturpark Th\u00fcringer Schiefergebirge\/Obere Saale","description":"Diese heimische Orchideenart ist relativ h\u00e4ufig anzutreffen - das Wei\u00dfe Waldv\u00f6glein. Ungew\u00f6hnlicher Name - die weit ge\u00f6ffnete Bl\u00fcten erinnern an kleine V\u00f6gel.","robots":{"index":"index","follow":"follow","max-snippet":"max-snippet:-1","max-image-preview":"max-image-preview:large","max-video-preview":"max-video-preview:-1"},"canonical":"https:\/\/www.naturparkmagazin.de\/thueringer-schiefergebirge-obere-saale\/natur-des-jahres-2017-5\/","og_locale":"de_DE","og_type":"article","og_title":"Natur des Jahres 2017 - Naturpark Th\u00fcringer Schiefergebirge\/Obere Saale","og_description":"Diese heimische Orchideenart ist relativ h\u00e4ufig anzutreffen - das Wei\u00dfe Waldv\u00f6glein. Ungew\u00f6hnlicher Name - die weit ge\u00f6ffnete Bl\u00fcten erinnern an kleine V\u00f6gel.","og_url":"https:\/\/www.naturparkmagazin.de\/thueringer-schiefergebirge-obere-saale\/natur-des-jahres-2017-5\/","og_site_name":"Naturpark Th\u00fcringer Schiefergebirge\/Obere Saale","article_published_time":"2017-04-18T12:00:22+00:00","article_modified_time":"2017-04-28T11:08:15+00:00","og_image":[{"width":200,"height":200,"url":"https:\/\/www.naturparkmagazin.de\/thueringer-schiefergebirge-obere-saale\/wp-content\/uploads\/sites\/13\/orchidee1.png","type":"image\/png"}],"author":"D\u00f6rthe Kirstein","twitter_misc":{"Verfasst von":"D\u00f6rthe Kirstein","Gesch\u00e4tzte Lesezeit":"2\u00a0Minuten"},"schema":{"@context":"https:\/\/schema.org","@graph":[{"@type":"WebPage","@id":"https:\/\/www.naturparkmagazin.de\/thueringer-schiefergebirge-obere-saale\/natur-des-jahres-2017-5\/","url":"https:\/\/www.naturparkmagazin.de\/thueringer-schiefergebirge-obere-saale\/natur-des-jahres-2017-5\/","name":"Natur des Jahres 2017 - Naturpark Th\u00fcringer Schiefergebirge\/Obere Saale","isPartOf":{"@id":"https:\/\/www.naturparkmagazin.de\/thueringer-schiefergebirge-obere-saale\/#website"},"datePublished":"2017-04-18T12:00:22+00:00","dateModified":"2017-04-28T11:08:15+00:00","author":{"@id":"https:\/\/www.naturparkmagazin.de\/thueringer-schiefergebirge-obere-saale\/#\/schema\/person\/2144f2a5876d4b820ee5725f8224a275"},"description":"Diese heimische Orchideenart ist relativ h\u00e4ufig anzutreffen - das Wei\u00dfe Waldv\u00f6glein. Ungew\u00f6hnlicher Name - die weit ge\u00f6ffnete Bl\u00fcten erinnern an kleine V\u00f6gel.","breadcrumb":{"@id":"https:\/\/www.naturparkmagazin.de\/thueringer-schiefergebirge-obere-saale\/natur-des-jahres-2017-5\/#breadcrumb"},"inLanguage":"de","potentialAction":[{"@type":"ReadAction","target":["https:\/\/www.naturparkmagazin.de\/thueringer-schiefergebirge-obere-saale\/natur-des-jahres-2017-5\/"]}]},{"@type":"BreadcrumbList","@id":"https:\/\/www.naturparkmagazin.de\/thueringer-schiefergebirge-obere-saale\/natur-des-jahres-2017-5\/#breadcrumb","itemListElement":[{"@type":"ListItem","position":1,"name":"Home","item":"https:\/\/www.naturparkmagazin.de\/thueringer-schiefergebirge-obere-saale\/"},{"@type":"ListItem","position":2,"name":"Natur des Jahres 2017"}]},{"@type":"WebSite","@id":"https:\/\/www.naturparkmagazin.de\/thueringer-schiefergebirge-obere-saale\/#website","url":"https:\/\/www.naturparkmagazin.de\/thueringer-schiefergebirge-obere-saale\/","name":"Naturpark Th\u00fcringer Schiefergebirge\/Obere Saale","description":"","potentialAction":[{"@type":"SearchAction","target":{"@type":"EntryPoint","urlTemplate":"https:\/\/www.naturparkmagazin.de\/thueringer-schiefergebirge-obere-saale\/?s={search_term_string}"},"query-input":"required name=search_term_string"}],"inLanguage":"de"},{"@type":"Person","@id":"https:\/\/www.naturparkmagazin.de\/thueringer-schiefergebirge-obere-saale\/#\/schema\/person\/2144f2a5876d4b820ee5725f8224a275","name":"D\u00f6rthe Kirstein","url":"https:\/\/www.naturparkmagazin.de\/thueringer-schiefergebirge-obere-saale\/author\/frauhess\/"}]}},"_links":{"self":[{"href":"https:\/\/www.naturparkmagazin.de\/thueringer-schiefergebirge-obere-saale\/wp-json\/wp\/v2\/posts\/2575"}],"collection":[{"href":"https:\/\/www.naturparkmagazin.de\/thueringer-schiefergebirge-obere-saale\/wp-json\/wp\/v2\/posts"}],"about":[{"href":"https:\/\/www.naturparkmagazin.de\/thueringer-schiefergebirge-obere-saale\/wp-json\/wp\/v2\/types\/post"}],"author":[{"embeddable":true,"href":"https:\/\/www.naturparkmagazin.de\/thueringer-schiefergebirge-obere-saale\/wp-json\/wp\/v2\/users\/62"}],"replies":[{"embeddable":true,"href":"https:\/\/www.naturparkmagazin.de\/thueringer-schiefergebirge-obere-saale\/wp-json\/wp\/v2\/comments?post=2575"}],"version-history":[{"count":6,"href":"https:\/\/www.naturparkmagazin.de\/thueringer-schiefergebirge-obere-saale\/wp-json\/wp\/v2\/posts\/2575\/revisions"}],"predecessor-version":[{"id":2652,"href":"https:\/\/www.naturparkmagazin.de\/thueringer-schiefergebirge-obere-saale\/wp-json\/wp\/v2\/posts\/2575\/revisions\/2652"}],"wp:featuredmedia":[{"embeddable":true,"href":"https:\/\/www.naturparkmagazin.de\/thueringer-schiefergebirge-obere-saale\/wp-json\/wp\/v2\/media\/2589"}],"wp:attachment":[{"href":"https:\/\/www.naturparkmagazin.de\/thueringer-schiefergebirge-obere-saale\/wp-json\/wp\/v2\/media?parent=2575"}],"wp:term":[{"taxonomy":"category","embeddable":true,"href":"https:\/\/www.naturparkmagazin.de\/thueringer-schiefergebirge-obere-saale\/wp-json\/wp\/v2\/categories?post=2575"},{"taxonomy":"post_tag","embeddable":true,"href":"https:\/\/www.naturparkmagazin.de\/thueringer-schiefergebirge-obere-saale\/wp-json\/wp\/v2\/tags?post=2575"}],"curies":[{"name":"wp","href":"https:\/\/api.w.org\/{rel}","templated":true}]}}