{"id":2622,"date":"2017-05-16T03:00:16","date_gmt":"2017-05-16T01:00:16","guid":{"rendered":"http:\/\/www.naturparkmagazin.de\/thueringer-schiefergebirge-obere-saale\/?p=2622"},"modified":"2017-05-09T10:57:59","modified_gmt":"2017-05-09T08:57:59","slug":"thueringer-wandertag-zur-biologischen-vielfalt","status":"publish","type":"post","link":"https:\/\/www.naturparkmagazin.de\/thueringer-schiefergebirge-obere-saale\/thueringer-wandertag-zur-biologischen-vielfalt\/","title":{"rendered":"Th\u00fcringer Wandertag zur biologischen Vielfalt"},"content":{"rendered":"<div id=\"attachment_2632\" style=\"width: 310px\" class=\"wp-caption alignright\"><a href=\"https:\/\/www.naturparkmagazin.de\/thueringer-schiefergebirge-obere-saale\/wp-content\/uploads\/sites\/13\/biodiv2.png\"><img aria-describedby=\"caption-attachment-2632\" decoding=\"async\" loading=\"lazy\" class=\"wp-image-2632 size-thumbnail\" src=\"https:\/\/www.naturparkmagazin.de\/thueringer-schiefergebirge-obere-saale\/wp-content\/uploads\/sites\/13\/biodiv2-300x225.png\" alt=\"Brotzeitteller, BA Franziska Jacob\" width=\"300\" height=\"225\" srcset=\"https:\/\/www.naturparkmagazin.de\/thueringer-schiefergebirge-obere-saale\/wp-content\/uploads\/sites\/13\/biodiv2-300x225.png 300w, https:\/\/www.naturparkmagazin.de\/thueringer-schiefergebirge-obere-saale\/wp-content\/uploads\/sites\/13\/biodiv2-420x315.png 420w, https:\/\/www.naturparkmagazin.de\/thueringer-schiefergebirge-obere-saale\/wp-content\/uploads\/sites\/13\/biodiv2-180x135.png 180w, https:\/\/www.naturparkmagazin.de\/thueringer-schiefergebirge-obere-saale\/wp-content\/uploads\/sites\/13\/biodiv2-95x71.png 95w, https:\/\/www.naturparkmagazin.de\/thueringer-schiefergebirge-obere-saale\/wp-content\/uploads\/sites\/13\/biodiv2.png 500w, https:\/\/www.naturparkmagazin.de\/thueringer-schiefergebirge-obere-saale\/wp-content\/uploads\/sites\/13\/biodiv2-200x150.png 200w\" sizes=\"(max-width: 300px) 100vw, 300px\" \/><\/a><p id=\"caption-attachment-2632\" class=\"wp-caption-text\">Brotzeitteller, BA Franziska Jacob<\/p><\/div>\n<p>In diesem Jahr findet der Wandertag im Naturpark Th\u00fcringer Schiefergebirge\/Obere Saale statt.\nAm Sonntag, den 25. Juni 2017, startet eine Genusswanderung am Gr\u00fcnen Band im Raum Lehesten mit kulinarischen \u00dcberraschungen.\nBitte beachten Sie im Vorfeld Hinweise in der Presse, auf der Naturpark-Internetseite und Aush\u00e4nge mit genauen Angaben zu dieser au\u00dfergew\u00f6hnlichen Wanderung.<\/p>\n<p>F\u00fcr die genaue Planung bitten wir unbedingt um Anmeldung: Tel.: 0361\/573925090<\/p>\n<p>Weiterf\u00fchrende Informationen zur biologischen Vielfalt: <a href=\"http:\/\/www.undekade-biologischevielfalt.de\/un-dekade\/die-un-dekade-biologische-vielfalt\/kurzueberblick\/\" target=\"_blank\">www.undekade-biologischevielfalt.de\/un-dekade\/die-un-dekade-biologische-vielfalt\/kurzueberblick\/<\/a><\/p>\n","protected":false},"excerpt":{"rendered":"<p>Am Sonntag, den 25. Juni 2017, startet eine Genusswanderung am Gr\u00fcnen Band im Raum Lehesten mit kulinarischen \u00dcberraschungen. <\/p>\n","protected":false},"author":62,"featured_media":2631,"comment_status":"open","ping_status":"open","sticky":false,"template":"","format":"standard","meta":[],"categories":[11],"tags":[],"yoast_head":"<!-- This site is optimized with the Yoast SEO plugin v19.10 - https:\/\/yoast.com\/wordpress\/plugins\/seo\/ -->\n<title>Th\u00fcringer Wandertag zur biologischen Vielfalt - Naturpark Th\u00fcringer Schiefergebirge\/Obere Saale<\/title>\n<meta name=\"description\" content=\"Am Sonntag, den 25. Juni 2017, startet eine Genusswanderung am Gr\u00fcnen Band im Raum Lehesten mit kulinarischen \u00dcberraschungen.\" \/>\n<meta name=\"robots\" content=\"index, follow, max-snippet:-1, max-image-preview:large, max-video-preview:-1\" \/>\n<link rel=\"canonical\" href=\"https:\/\/www.naturparkmagazin.de\/thueringer-schiefergebirge-obere-saale\/thueringer-wandertag-zur-biologischen-vielfalt\/\" \/>\n<meta property=\"og:locale\" content=\"de_DE\" \/>\n<meta property=\"og:type\" content=\"article\" \/>\n<meta property=\"og:title\" content=\"Th\u00fcringer Wandertag zur biologischen Vielfalt - Naturpark Th\u00fcringer Schiefergebirge\/Obere Saale\" \/>\n<meta property=\"og:description\" content=\"Am Sonntag, den 25. Juni 2017, startet eine Genusswanderung am Gr\u00fcnen Band im Raum Lehesten mit kulinarischen \u00dcberraschungen.\" \/>\n<meta property=\"og:url\" content=\"https:\/\/www.naturparkmagazin.de\/thueringer-schiefergebirge-obere-saale\/thueringer-wandertag-zur-biologischen-vielfalt\/\" \/>\n<meta property=\"og:site_name\" content=\"Naturpark Th\u00fcringer Schiefergebirge\/Obere Saale\" \/>\n<meta property=\"article:published_time\" content=\"2017-05-16T01:00:16+00:00\" \/>\n<meta property=\"article:modified_time\" content=\"2017-05-09T08:57:59+00:00\" \/>\n<meta property=\"og:image\" content=\"https:\/\/www.naturparkmagazin.de\/thueringer-schiefergebirge-obere-saale\/wp-content\/uploads\/sites\/13\/biodiv1.png\" \/>\n\t<meta property=\"og:image:width\" content=\"200\" \/>\n\t<meta property=\"og:image:height\" content=\"200\" \/>\n\t<meta property=\"og:image:type\" content=\"image\/png\" \/>\n<meta name=\"author\" content=\"D\u00f6rthe Kirstein\" \/>\n<meta name=\"twitter:label1\" content=\"Verfasst von\" \/>\n\t<meta name=\"twitter:data1\" content=\"D\u00f6rthe Kirstein\" \/>\n<script type=\"application\/ld+json\" class=\"yoast-schema-graph\">{\"@context\":\"https:\/\/schema.org\",\"@graph\":[{\"@type\":\"WebPage\",\"@id\":\"https:\/\/www.naturparkmagazin.de\/thueringer-schiefergebirge-obere-saale\/thueringer-wandertag-zur-biologischen-vielfalt\/\",\"url\":\"https:\/\/www.naturparkmagazin.de\/thueringer-schiefergebirge-obere-saale\/thueringer-wandertag-zur-biologischen-vielfalt\/\",\"name\":\"Th\u00fcringer Wandertag zur biologischen Vielfalt - Naturpark Th\u00fcringer Schiefergebirge\/Obere Saale\",\"isPartOf\":{\"@id\":\"https:\/\/www.naturparkmagazin.de\/thueringer-schiefergebirge-obere-saale\/#website\"},\"datePublished\":\"2017-05-16T01:00:16+00:00\",\"dateModified\":\"2017-05-09T08:57:59+00:00\",\"author\":{\"@id\":\"https:\/\/www.naturparkmagazin.de\/thueringer-schiefergebirge-obere-saale\/#\/schema\/person\/2144f2a5876d4b820ee5725f8224a275\"},\"description\":\"Am Sonntag, den 25. Juni 2017, startet eine Genusswanderung am Gr\u00fcnen Band im Raum Lehesten mit kulinarischen \u00dcberraschungen.\",\"breadcrumb\":{\"@id\":\"https:\/\/www.naturparkmagazin.de\/thueringer-schiefergebirge-obere-saale\/thueringer-wandertag-zur-biologischen-vielfalt\/#breadcrumb\"},\"inLanguage\":\"de\",\"potentialAction\":[{\"@type\":\"ReadAction\",\"target\":[\"https:\/\/www.naturparkmagazin.de\/thueringer-schiefergebirge-obere-saale\/thueringer-wandertag-zur-biologischen-vielfalt\/\"]}]},{\"@type\":\"BreadcrumbList\",\"@id\":\"https:\/\/www.naturparkmagazin.de\/thueringer-schiefergebirge-obere-saale\/thueringer-wandertag-zur-biologischen-vielfalt\/#breadcrumb\",\"itemListElement\":[{\"@type\":\"ListItem\",\"position\":1,\"name\":\"Home\",\"item\":\"https:\/\/www.naturparkmagazin.de\/thueringer-schiefergebirge-obere-saale\/\"},{\"@type\":\"ListItem\",\"position\":2,\"name\":\"Th\u00fcringer Wandertag zur biologischen Vielfalt\"}]},{\"@type\":\"WebSite\",\"@id\":\"https:\/\/www.naturparkmagazin.de\/thueringer-schiefergebirge-obere-saale\/#website\",\"url\":\"https:\/\/www.naturparkmagazin.de\/thueringer-schiefergebirge-obere-saale\/\",\"name\":\"Naturpark Th\u00fcringer Schiefergebirge\/Obere Saale\",\"description\":\"\",\"potentialAction\":[{\"@type\":\"SearchAction\",\"target\":{\"@type\":\"EntryPoint\",\"urlTemplate\":\"https:\/\/www.naturparkmagazin.de\/thueringer-schiefergebirge-obere-saale\/?s={search_term_string}\"},\"query-input\":\"required name=search_term_string\"}],\"inLanguage\":\"de\"},{\"@type\":\"Person\",\"@id\":\"https:\/\/www.naturparkmagazin.de\/thueringer-schiefergebirge-obere-saale\/#\/schema\/person\/2144f2a5876d4b820ee5725f8224a275\",\"name\":\"D\u00f6rthe Kirstein\",\"url\":\"https:\/\/www.naturparkmagazin.de\/thueringer-schiefergebirge-obere-saale\/author\/frauhess\/\"}]}<\/script>\n<!-- \/ Yoast SEO plugin. -->","yoast_head_json":{"title":"Th\u00fcringer Wandertag zur biologischen Vielfalt - Naturpark Th\u00fcringer Schiefergebirge\/Obere Saale","description":"Am Sonntag, den 25. Juni 2017, startet eine Genusswanderung am Gr\u00fcnen Band im Raum Lehesten mit kulinarischen \u00dcberraschungen.","robots":{"index":"index","follow":"follow","max-snippet":"max-snippet:-1","max-image-preview":"max-image-preview:large","max-video-preview":"max-video-preview:-1"},"canonical":"https:\/\/www.naturparkmagazin.de\/thueringer-schiefergebirge-obere-saale\/thueringer-wandertag-zur-biologischen-vielfalt\/","og_locale":"de_DE","og_type":"article","og_title":"Th\u00fcringer Wandertag zur biologischen Vielfalt - Naturpark Th\u00fcringer Schiefergebirge\/Obere Saale","og_description":"Am Sonntag, den 25. Juni 2017, startet eine Genusswanderung am Gr\u00fcnen Band im Raum Lehesten mit kulinarischen \u00dcberraschungen.","og_url":"https:\/\/www.naturparkmagazin.de\/thueringer-schiefergebirge-obere-saale\/thueringer-wandertag-zur-biologischen-vielfalt\/","og_site_name":"Naturpark Th\u00fcringer Schiefergebirge\/Obere Saale","article_published_time":"2017-05-16T01:00:16+00:00","article_modified_time":"2017-05-09T08:57:59+00:00","og_image":[{"width":200,"height":200,"url":"https:\/\/www.naturparkmagazin.de\/thueringer-schiefergebirge-obere-saale\/wp-content\/uploads\/sites\/13\/biodiv1.png","type":"image\/png"}],"author":"D\u00f6rthe Kirstein","twitter_misc":{"Verfasst von":"D\u00f6rthe Kirstein"},"schema":{"@context":"https:\/\/schema.org","@graph":[{"@type":"WebPage","@id":"https:\/\/www.naturparkmagazin.de\/thueringer-schiefergebirge-obere-saale\/thueringer-wandertag-zur-biologischen-vielfalt\/","url":"https:\/\/www.naturparkmagazin.de\/thueringer-schiefergebirge-obere-saale\/thueringer-wandertag-zur-biologischen-vielfalt\/","name":"Th\u00fcringer Wandertag zur biologischen Vielfalt - Naturpark Th\u00fcringer Schiefergebirge\/Obere Saale","isPartOf":{"@id":"https:\/\/www.naturparkmagazin.de\/thueringer-schiefergebirge-obere-saale\/#website"},"datePublished":"2017-05-16T01:00:16+00:00","dateModified":"2017-05-09T08:57:59+00:00","author":{"@id":"https:\/\/www.naturparkmagazin.de\/thueringer-schiefergebirge-obere-saale\/#\/schema\/person\/2144f2a5876d4b820ee5725f8224a275"},"description":"Am Sonntag, den 25. Juni 2017, startet eine Genusswanderung am Gr\u00fcnen Band im Raum Lehesten mit kulinarischen \u00dcberraschungen.","breadcrumb":{"@id":"https:\/\/www.naturparkmagazin.de\/thueringer-schiefergebirge-obere-saale\/thueringer-wandertag-zur-biologischen-vielfalt\/#breadcrumb"},"inLanguage":"de","potentialAction":[{"@type":"ReadAction","target":["https:\/\/www.naturparkmagazin.de\/thueringer-schiefergebirge-obere-saale\/thueringer-wandertag-zur-biologischen-vielfalt\/"]}]},{"@type":"BreadcrumbList","@id":"https:\/\/www.naturparkmagazin.de\/thueringer-schiefergebirge-obere-saale\/thueringer-wandertag-zur-biologischen-vielfalt\/#breadcrumb","itemListElement":[{"@type":"ListItem","position":1,"name":"Home","item":"https:\/\/www.naturparkmagazin.de\/thueringer-schiefergebirge-obere-saale\/"},{"@type":"ListItem","position":2,"name":"Th\u00fcringer Wandertag zur biologischen Vielfalt"}]},{"@type":"WebSite","@id":"https:\/\/www.naturparkmagazin.de\/thueringer-schiefergebirge-obere-saale\/#website","url":"https:\/\/www.naturparkmagazin.de\/thueringer-schiefergebirge-obere-saale\/","name":"Naturpark Th\u00fcringer Schiefergebirge\/Obere Saale","description":"","potentialAction":[{"@type":"SearchAction","target":{"@type":"EntryPoint","urlTemplate":"https:\/\/www.naturparkmagazin.de\/thueringer-schiefergebirge-obere-saale\/?s={search_term_string}"},"query-input":"required name=search_term_string"}],"inLanguage":"de"},{"@type":"Person","@id":"https:\/\/www.naturparkmagazin.de\/thueringer-schiefergebirge-obere-saale\/#\/schema\/person\/2144f2a5876d4b820ee5725f8224a275","name":"D\u00f6rthe Kirstein","url":"https:\/\/www.naturparkmagazin.de\/thueringer-schiefergebirge-obere-saale\/author\/frauhess\/"}]}},"_links":{"self":[{"href":"https:\/\/www.naturparkmagazin.de\/thueringer-schiefergebirge-obere-saale\/wp-json\/wp\/v2\/posts\/2622"}],"collection":[{"href":"https:\/\/www.naturparkmagazin.de\/thueringer-schiefergebirge-obere-saale\/wp-json\/wp\/v2\/posts"}],"about":[{"href":"https:\/\/www.naturparkmagazin.de\/thueringer-schiefergebirge-obere-saale\/wp-json\/wp\/v2\/types\/post"}],"author":[{"embeddable":true,"href":"https:\/\/www.naturparkmagazin.de\/thueringer-schiefergebirge-obere-saale\/wp-json\/wp\/v2\/users\/62"}],"replies":[{"embeddable":true,"href":"https:\/\/www.naturparkmagazin.de\/thueringer-schiefergebirge-obere-saale\/wp-json\/wp\/v2\/comments?post=2622"}],"version-history":[{"count":4,"href":"https:\/\/www.naturparkmagazin.de\/thueringer-schiefergebirge-obere-saale\/wp-json\/wp\/v2\/posts\/2622\/revisions"}],"predecessor-version":[{"id":2659,"href":"https:\/\/www.naturparkmagazin.de\/thueringer-schiefergebirge-obere-saale\/wp-json\/wp\/v2\/posts\/2622\/revisions\/2659"}],"wp:featuredmedia":[{"embeddable":true,"href":"https:\/\/www.naturparkmagazin.de\/thueringer-schiefergebirge-obere-saale\/wp-json\/wp\/v2\/media\/2631"}],"wp:attachment":[{"href":"https:\/\/www.naturparkmagazin.de\/thueringer-schiefergebirge-obere-saale\/wp-json\/wp\/v2\/media?parent=2622"}],"wp:term":[{"taxonomy":"category","embeddable":true,"href":"https:\/\/www.naturparkmagazin.de\/thueringer-schiefergebirge-obere-saale\/wp-json\/wp\/v2\/categories?post=2622"},{"taxonomy":"post_tag","embeddable":true,"href":"https:\/\/www.naturparkmagazin.de\/thueringer-schiefergebirge-obere-saale\/wp-json\/wp\/v2\/tags?post=2622"}],"curies":[{"name":"wp","href":"https:\/\/api.w.org\/{rel}","templated":true}]}}