{"id":268,"date":"2013-07-01T10:00:00","date_gmt":"2013-07-01T08:00:00","guid":{"rendered":"http:\/\/www.naturparkmagazin.de\/thueringer-schiefergebirge-obere-saale\/?p=268"},"modified":"2014-04-07T13:05:47","modified_gmt":"2014-04-07T11:05:47","slug":"klick-in-die-vielfalt-2013-mensch-und-natur-2","status":"publish","type":"post","link":"https:\/\/www.naturparkmagazin.de\/thueringer-schiefergebirge-obere-saale\/klick-in-die-vielfalt-2013-mensch-und-natur-2\/","title":{"rendered":"Klick in die Vielfalt 2013 \u2013 Mensch und Natur"},"content":{"rendered":"<p><a href=\"https:\/\/www.naturparkmagazin.de\/thueringer-schiefergebirge-obere-saale\/wp-content\/uploads\/sites\/13\/Donnerblume-01.jpg\"><img decoding=\"async\" loading=\"lazy\" class=\"alignnone size-medium wp-image-185\" alt=\"Wildpflanzen als wichtige Nahrungsquelle f\u00fcr Insekten\" src=\"https:\/\/www.naturparkmagazin.de\/thueringer-schiefergebirge-obere-saale\/wp-content\/uploads\/sites\/13\/Donnerblume-01-620x659.jpg\" width=\"620\" height=\"659\" \/><\/a><\/p>\n<p>Fotowettbewerb zur UN-Dekade Biologische Vielfalt (Osnabr\u00fcck):<\/p>\n<p>Kreative Naturfotograf(innen) sind eingeladen, sich ab dem 1. Mai 2013 an dem Fotowettbewerb zur UN-Dekade Biologische Vielfalt \u201eKlick in die Vielfalt 2013 \u2013 Mensch und Natur\u201c zu beteiligen. Eingereicht werden k\u00f6nnen Fotos, die das Miteinander von Mensch und Natur beleuchten. Der Mensch gestaltet die Natur und nutzt ihre Ressourcen in vielf\u00e4ltiger Weise. Natur und Landschaft mit ihrer lebendigen Vielfalt wiederum pr\u00e4gen den Charakter von Menschen und Kulturen. Bei dem diesj\u00e4hrigen Fotowettbewerb der UN-Dekade Biologische Vielfalt \u201eKlick in die Vielfalt 2013 \u2013 Mensch und Natur\u201c suchen wir Fotos, die das Verh\u00e4ltnis von Mensch und Natur widerspiegeln. Es k\u00f6nnen Bilder eingereicht werden, die zeigen, wie der Mensch die biologische Vielfalt nutzt, gestaltet oder erforscht. Fotograf(innen) sind eingeladen, mit ihrer Kamera die Begegnung der Menschen mit der Vielf\u00e4ltigkeit des Lebens einzufangen &#8211; ob bei Entdeckungstouren oder sportlichen Aktivit\u00e4ten in der Natur, beim Gestalten oder der Pflege und Nutzung von vielf\u00e4ltigen Lebensr\u00e4umen, bei der Bewirtschaftung von Wald und Wiese oder einfach beim Genie\u00dfen der Natur. Bis zum 31. Oktober 2013 k\u00f6nnen jeweils bis zu drei Fotos auf den Webseiten der UNDekade Biologische Vielfalt hochgeladen werden. Eine Fachjury w\u00e4hlt aus allen Einsendungen eine Auswahl von mindestens 30 Fotos aus, die ausgezeichnet werden. Die ausgezeichneten Fotos werden auf der Webseite der UN-Dekade Biologische Vielfalt pr\u00e4sentiert und mit jeweils 100 Euro pr\u00e4miert. Aus diesen Fotos werden zwei Siegerfotos ausgew\u00e4hlt, eines von der UN-Dekade-Jury und das zweite im Rahmen einer Online-Abstimmung durch die Besucher(innen) der Webseite. Die beiden Sieger(innen) werden zu einem Fotoausflug mit Norbert Rosing und Florian M\u00f6llers eingeladen. Zudem ist geplant, die Bilder im Rahmen einer bundesweiten Fotoausstellung zu ver\u00f6ffentlichen. Der Fotowettbewerb greift das Schwerpunktthema der UN-Dekade f\u00fcr die Jahre 2013\/14 \u201eVielfalt nutzen \u2013 die Angebote der Natur\u201c auf und strebt eine bildhafte Umsetzung an. Die Fotos zum Wettbewerb k\u00f6nnen online eingereicht werden unter: https:\/\/www.un-dekade-biologische-vielfalt.de\/2036.html (Quelle: PM 30. April 2013, https:\/\/www.un-dekade-biologische-vielfalt.de)<\/p>\n","protected":false},"excerpt":{"rendered":"<p>Fotowettbewerb zur UN-Dekade Biologische Vielfalt (Osnabr\u00fcck): Kreative Naturfotograf(innen) sind eingeladen, sich ab dem 1. Mai 2013 an dem Fotowettbewerb zur UN-Dekade Biologische Vielfalt \u201eKlick in die Vielfalt 2013 \u2013 Mensch und Natur\u201c zu beteiligen. Eingereicht werden k\u00f6nnen Fotos, die das Miteinander von Mensch und Natur beleuchten. Der Mensch gestaltet die Natur und nutzt ihre Ressourcen<\/p>\n","protected":false},"author":30,"featured_media":185,"comment_status":"open","ping_status":"open","sticky":false,"template":"","format":"standard","meta":[],"categories":[11],"tags":[88],"yoast_head":"<!-- This site is optimized with the Yoast SEO plugin v19.10 - https:\/\/yoast.com\/wordpress\/plugins\/seo\/ -->\n<title>Klick in die Vielfalt 2013 \u2013 Mensch und Natur - Naturpark Th\u00fcringer Schiefergebirge\/Obere Saale<\/title>\n<meta name=\"robots\" content=\"index, follow, max-snippet:-1, max-image-preview:large, max-video-preview:-1\" \/>\n<link rel=\"canonical\" href=\"https:\/\/www.naturparkmagazin.de\/thueringer-schiefergebirge-obere-saale\/klick-in-die-vielfalt-2013-mensch-und-natur-2\/\" \/>\n<meta property=\"og:locale\" content=\"de_DE\" \/>\n<meta property=\"og:type\" content=\"article\" \/>\n<meta property=\"og:title\" content=\"Klick in die Vielfalt 2013 \u2013 Mensch und Natur - Naturpark Th\u00fcringer Schiefergebirge\/Obere Saale\" \/>\n<meta property=\"og:description\" content=\"Fotowettbewerb zur UN-Dekade Biologische Vielfalt (Osnabr\u00fcck): Kreative Naturfotograf(innen) sind eingeladen, sich ab dem 1. Mai 2013 an dem Fotowettbewerb zur UN-Dekade Biologische Vielfalt \u201eKlick in die Vielfalt 2013 \u2013 Mensch und Natur\u201c zu beteiligen. Eingereicht werden k\u00f6nnen Fotos, die das Miteinander von Mensch und Natur beleuchten. Der Mensch gestaltet die Natur und nutzt ihre Ressourcen\" \/>\n<meta property=\"og:url\" content=\"https:\/\/www.naturparkmagazin.de\/thueringer-schiefergebirge-obere-saale\/klick-in-die-vielfalt-2013-mensch-und-natur-2\/\" \/>\n<meta property=\"og:site_name\" content=\"Naturpark Th\u00fcringer Schiefergebirge\/Obere Saale\" \/>\n<meta property=\"article:published_time\" content=\"2013-07-01T08:00:00+00:00\" \/>\n<meta property=\"article:modified_time\" content=\"2014-04-07T11:05:47+00:00\" \/>\n<meta property=\"og:image\" content=\"https:\/\/www.naturparkmagazin.de\/thueringer-schiefergebirge-obere-saale\/wp-content\/uploads\/sites\/13\/Donnerblume-01-e1404112549947.jpg\" \/>\n\t<meta property=\"og:image:width\" content=\"600\" \/>\n\t<meta property=\"og:image:height\" content=\"638\" \/>\n\t<meta property=\"og:image:type\" content=\"image\/jpeg\" \/>\n<meta name=\"author\" content=\"beategraumann\" \/>\n<meta name=\"twitter:label1\" content=\"Verfasst von\" \/>\n\t<meta name=\"twitter:data1\" content=\"beategraumann\" \/>\n\t<meta name=\"twitter:label2\" content=\"Gesch\u00e4tzte Lesezeit\" \/>\n\t<meta name=\"twitter:data2\" content=\"2\u00a0Minuten\" \/>\n<script type=\"application\/ld+json\" class=\"yoast-schema-graph\">{\"@context\":\"https:\/\/schema.org\",\"@graph\":[{\"@type\":\"WebPage\",\"@id\":\"https:\/\/www.naturparkmagazin.de\/thueringer-schiefergebirge-obere-saale\/klick-in-die-vielfalt-2013-mensch-und-natur-2\/\",\"url\":\"https:\/\/www.naturparkmagazin.de\/thueringer-schiefergebirge-obere-saale\/klick-in-die-vielfalt-2013-mensch-und-natur-2\/\",\"name\":\"Klick in die Vielfalt 2013 \u2013 Mensch und Natur - Naturpark Th\u00fcringer Schiefergebirge\/Obere Saale\",\"isPartOf\":{\"@id\":\"https:\/\/www.naturparkmagazin.de\/thueringer-schiefergebirge-obere-saale\/#website\"},\"datePublished\":\"2013-07-01T08:00:00+00:00\",\"dateModified\":\"2014-04-07T11:05:47+00:00\",\"author\":{\"@id\":\"https:\/\/www.naturparkmagazin.de\/thueringer-schiefergebirge-obere-saale\/#\/schema\/person\/9d2988ec047274b29ed24aa0cb0a9b74\"},\"breadcrumb\":{\"@id\":\"https:\/\/www.naturparkmagazin.de\/thueringer-schiefergebirge-obere-saale\/klick-in-die-vielfalt-2013-mensch-und-natur-2\/#breadcrumb\"},\"inLanguage\":\"de\",\"potentialAction\":[{\"@type\":\"ReadAction\",\"target\":[\"https:\/\/www.naturparkmagazin.de\/thueringer-schiefergebirge-obere-saale\/klick-in-die-vielfalt-2013-mensch-und-natur-2\/\"]}]},{\"@type\":\"BreadcrumbList\",\"@id\":\"https:\/\/www.naturparkmagazin.de\/thueringer-schiefergebirge-obere-saale\/klick-in-die-vielfalt-2013-mensch-und-natur-2\/#breadcrumb\",\"itemListElement\":[{\"@type\":\"ListItem\",\"position\":1,\"name\":\"Home\",\"item\":\"https:\/\/www.naturparkmagazin.de\/thueringer-schiefergebirge-obere-saale\/\"},{\"@type\":\"ListItem\",\"position\":2,\"name\":\"Klick in die Vielfalt 2013 \u2013 Mensch und Natur\"}]},{\"@type\":\"WebSite\",\"@id\":\"https:\/\/www.naturparkmagazin.de\/thueringer-schiefergebirge-obere-saale\/#website\",\"url\":\"https:\/\/www.naturparkmagazin.de\/thueringer-schiefergebirge-obere-saale\/\",\"name\":\"Naturpark Th\u00fcringer Schiefergebirge\/Obere Saale\",\"description\":\"\",\"potentialAction\":[{\"@type\":\"SearchAction\",\"target\":{\"@type\":\"EntryPoint\",\"urlTemplate\":\"https:\/\/www.naturparkmagazin.de\/thueringer-schiefergebirge-obere-saale\/?s={search_term_string}\"},\"query-input\":\"required name=search_term_string\"}],\"inLanguage\":\"de\"},{\"@type\":\"Person\",\"@id\":\"https:\/\/www.naturparkmagazin.de\/thueringer-schiefergebirge-obere-saale\/#\/schema\/person\/9d2988ec047274b29ed24aa0cb0a9b74\",\"name\":\"beategraumann\",\"description\":\"Sachbearbeiterin in der Naturparkverwaltung Sachgebiete \u00d6ffentlichkeitsarbeit, Tourismus, Umweltbildung\",\"sameAs\":[\"http:\/\/www.thueringer-schiefergebirge-obere-saale.de\"],\"url\":\"https:\/\/www.naturparkmagazin.de\/thueringer-schiefergebirge-obere-saale\/author\/beategraumann\/\"}]}<\/script>\n<!-- \/ Yoast SEO plugin. -->","yoast_head_json":{"title":"Klick in die Vielfalt 2013 \u2013 Mensch und Natur - Naturpark Th\u00fcringer Schiefergebirge\/Obere Saale","robots":{"index":"index","follow":"follow","max-snippet":"max-snippet:-1","max-image-preview":"max-image-preview:large","max-video-preview":"max-video-preview:-1"},"canonical":"https:\/\/www.naturparkmagazin.de\/thueringer-schiefergebirge-obere-saale\/klick-in-die-vielfalt-2013-mensch-und-natur-2\/","og_locale":"de_DE","og_type":"article","og_title":"Klick in die Vielfalt 2013 \u2013 Mensch und Natur - Naturpark Th\u00fcringer Schiefergebirge\/Obere Saale","og_description":"Fotowettbewerb zur UN-Dekade Biologische Vielfalt (Osnabr\u00fcck): Kreative Naturfotograf(innen) sind eingeladen, sich ab dem 1. Mai 2013 an dem Fotowettbewerb zur UN-Dekade Biologische Vielfalt \u201eKlick in die Vielfalt 2013 \u2013 Mensch und Natur\u201c zu beteiligen. Eingereicht werden k\u00f6nnen Fotos, die das Miteinander von Mensch und Natur beleuchten. Der Mensch gestaltet die Natur und nutzt ihre Ressourcen","og_url":"https:\/\/www.naturparkmagazin.de\/thueringer-schiefergebirge-obere-saale\/klick-in-die-vielfalt-2013-mensch-und-natur-2\/","og_site_name":"Naturpark Th\u00fcringer Schiefergebirge\/Obere Saale","article_published_time":"2013-07-01T08:00:00+00:00","article_modified_time":"2014-04-07T11:05:47+00:00","og_image":[{"width":600,"height":638,"url":"https:\/\/www.naturparkmagazin.de\/thueringer-schiefergebirge-obere-saale\/wp-content\/uploads\/sites\/13\/Donnerblume-01-e1404112549947.jpg","type":"image\/jpeg"}],"author":"beategraumann","twitter_misc":{"Verfasst von":"beategraumann","Gesch\u00e4tzte Lesezeit":"2\u00a0Minuten"},"schema":{"@context":"https:\/\/schema.org","@graph":[{"@type":"WebPage","@id":"https:\/\/www.naturparkmagazin.de\/thueringer-schiefergebirge-obere-saale\/klick-in-die-vielfalt-2013-mensch-und-natur-2\/","url":"https:\/\/www.naturparkmagazin.de\/thueringer-schiefergebirge-obere-saale\/klick-in-die-vielfalt-2013-mensch-und-natur-2\/","name":"Klick in die Vielfalt 2013 \u2013 Mensch und Natur - Naturpark Th\u00fcringer Schiefergebirge\/Obere Saale","isPartOf":{"@id":"https:\/\/www.naturparkmagazin.de\/thueringer-schiefergebirge-obere-saale\/#website"},"datePublished":"2013-07-01T08:00:00+00:00","dateModified":"2014-04-07T11:05:47+00:00","author":{"@id":"https:\/\/www.naturparkmagazin.de\/thueringer-schiefergebirge-obere-saale\/#\/schema\/person\/9d2988ec047274b29ed24aa0cb0a9b74"},"breadcrumb":{"@id":"https:\/\/www.naturparkmagazin.de\/thueringer-schiefergebirge-obere-saale\/klick-in-die-vielfalt-2013-mensch-und-natur-2\/#breadcrumb"},"inLanguage":"de","potentialAction":[{"@type":"ReadAction","target":["https:\/\/www.naturparkmagazin.de\/thueringer-schiefergebirge-obere-saale\/klick-in-die-vielfalt-2013-mensch-und-natur-2\/"]}]},{"@type":"BreadcrumbList","@id":"https:\/\/www.naturparkmagazin.de\/thueringer-schiefergebirge-obere-saale\/klick-in-die-vielfalt-2013-mensch-und-natur-2\/#breadcrumb","itemListElement":[{"@type":"ListItem","position":1,"name":"Home","item":"https:\/\/www.naturparkmagazin.de\/thueringer-schiefergebirge-obere-saale\/"},{"@type":"ListItem","position":2,"name":"Klick in die Vielfalt 2013 \u2013 Mensch und Natur"}]},{"@type":"WebSite","@id":"https:\/\/www.naturparkmagazin.de\/thueringer-schiefergebirge-obere-saale\/#website","url":"https:\/\/www.naturparkmagazin.de\/thueringer-schiefergebirge-obere-saale\/","name":"Naturpark Th\u00fcringer Schiefergebirge\/Obere Saale","description":"","potentialAction":[{"@type":"SearchAction","target":{"@type":"EntryPoint","urlTemplate":"https:\/\/www.naturparkmagazin.de\/thueringer-schiefergebirge-obere-saale\/?s={search_term_string}"},"query-input":"required name=search_term_string"}],"inLanguage":"de"},{"@type":"Person","@id":"https:\/\/www.naturparkmagazin.de\/thueringer-schiefergebirge-obere-saale\/#\/schema\/person\/9d2988ec047274b29ed24aa0cb0a9b74","name":"beategraumann","description":"Sachbearbeiterin in der Naturparkverwaltung Sachgebiete \u00d6ffentlichkeitsarbeit, Tourismus, Umweltbildung","sameAs":["http:\/\/www.thueringer-schiefergebirge-obere-saale.de"],"url":"https:\/\/www.naturparkmagazin.de\/thueringer-schiefergebirge-obere-saale\/author\/beategraumann\/"}]}},"_links":{"self":[{"href":"https:\/\/www.naturparkmagazin.de\/thueringer-schiefergebirge-obere-saale\/wp-json\/wp\/v2\/posts\/268"}],"collection":[{"href":"https:\/\/www.naturparkmagazin.de\/thueringer-schiefergebirge-obere-saale\/wp-json\/wp\/v2\/posts"}],"about":[{"href":"https:\/\/www.naturparkmagazin.de\/thueringer-schiefergebirge-obere-saale\/wp-json\/wp\/v2\/types\/post"}],"author":[{"embeddable":true,"href":"https:\/\/www.naturparkmagazin.de\/thueringer-schiefergebirge-obere-saale\/wp-json\/wp\/v2\/users\/30"}],"replies":[{"embeddable":true,"href":"https:\/\/www.naturparkmagazin.de\/thueringer-schiefergebirge-obere-saale\/wp-json\/wp\/v2\/comments?post=268"}],"version-history":[{"count":12,"href":"https:\/\/www.naturparkmagazin.de\/thueringer-schiefergebirge-obere-saale\/wp-json\/wp\/v2\/posts\/268\/revisions"}],"predecessor-version":[{"id":292,"href":"https:\/\/www.naturparkmagazin.de\/thueringer-schiefergebirge-obere-saale\/wp-json\/wp\/v2\/posts\/268\/revisions\/292"}],"wp:featuredmedia":[{"embeddable":true,"href":"https:\/\/www.naturparkmagazin.de\/thueringer-schiefergebirge-obere-saale\/wp-json\/wp\/v2\/media\/185"}],"wp:attachment":[{"href":"https:\/\/www.naturparkmagazin.de\/thueringer-schiefergebirge-obere-saale\/wp-json\/wp\/v2\/media?parent=268"}],"wp:term":[{"taxonomy":"category","embeddable":true,"href":"https:\/\/www.naturparkmagazin.de\/thueringer-schiefergebirge-obere-saale\/wp-json\/wp\/v2\/categories?post=268"},{"taxonomy":"post_tag","embeddable":true,"href":"https:\/\/www.naturparkmagazin.de\/thueringer-schiefergebirge-obere-saale\/wp-json\/wp\/v2\/tags?post=268"}],"curies":[{"name":"wp","href":"https:\/\/api.w.org\/{rel}","templated":true}]}}