{"id":2895,"date":"2017-11-15T01:00:41","date_gmt":"2017-11-15T00:00:41","guid":{"rendered":"http:\/\/www.naturparkmagazin.de\/thueringer-schiefergebirge-obere-saale\/?p=2895"},"modified":"2017-11-28T10:43:28","modified_gmt":"2017-11-28T09:43:28","slug":"natur-des-jahres-2017-11","status":"publish","type":"post","link":"https:\/\/www.naturparkmagazin.de\/thueringer-schiefergebirge-obere-saale\/natur-des-jahres-2017-11\/","title":{"rendered":"Natur des Jahres 2017"},"content":{"rendered":"<div id=\"attachment_2903\" style=\"width: 310px\" class=\"wp-caption alignright\"><a href=\"https:\/\/www.naturparkmagazin.de\/thueringer-schiefergebirge-obere-saale\/wp-content\/uploads\/sites\/13\/moos21.jpg\"><img aria-describedby=\"caption-attachment-2903\" decoding=\"async\" loading=\"lazy\" class=\"size-thumbnail wp-image-2903\" src=\"https:\/\/www.naturparkmagazin.de\/thueringer-schiefergebirge-obere-saale\/wp-content\/uploads\/sites\/13\/moos21-300x200.jpg\" alt=\"Weiches Kammmoos\/Wikipedia Hermann Schachner\" width=\"300\" height=\"200\" srcset=\"https:\/\/www.naturparkmagazin.de\/thueringer-schiefergebirge-obere-saale\/wp-content\/uploads\/sites\/13\/moos21-300x200.jpg 300w, https:\/\/www.naturparkmagazin.de\/thueringer-schiefergebirge-obere-saale\/wp-content\/uploads\/sites\/13\/moos21.jpg 500w, https:\/\/www.naturparkmagazin.de\/thueringer-schiefergebirge-obere-saale\/wp-content\/uploads\/sites\/13\/moos21-200x134.jpg 200w\" sizes=\"(max-width: 300px) 100vw, 300px\" \/><\/a><p id=\"caption-attachment-2903\" class=\"wp-caption-text\">Weiches Kammmoos\/Wikipedia Hermann Schachner<\/p><\/div>\n<p><strong>Das Weiche Kammmoos\n<\/strong><em>(Ctenidium molluscum)<\/em><\/p>\n<p>Das Weiche Kammmoos gilt zu Recht als eines der sch\u00f6nsten Moose. Die feingegliederten, spitz zulaufenden und an Farnwedel erinnernden Einzelpflanzen sind es, die zu einem witzigen Beinamen gef\u00fchrt haben: Strau\u00dfenfedermoos. Und tats\u00e4chlich: Schaut man sich ein Einzelpflanzen aus n\u00e4chster N\u00e4he an \u2013 oder besser noch: mit der Lupe \u2013 so erinnern sie unweigerlich an die Form von Strau\u00dfenfedern. Im Antlitz der Sonne zeigt das Moos einen seidigen Glanz und schimmert gelbgr\u00fcn bis golden.<\/p>\n<div id=\"attachment_2901\" style=\"width: 310px\" class=\"wp-caption alignleft\"><a href=\"https:\/\/www.naturparkmagazin.de\/thueringer-schiefergebirge-obere-saale\/wp-content\/uploads\/sites\/13\/moos3.jpg\"><img aria-describedby=\"caption-attachment-2901\" decoding=\"async\" loading=\"lazy\" class=\"size-thumbnail wp-image-2901\" src=\"https:\/\/www.naturparkmagazin.de\/thueringer-schiefergebirge-obere-saale\/wp-content\/uploads\/sites\/13\/moos3-300x197.jpg\" alt=\"Weiches Kammmoos\/BLAM Walter Obermayer\" width=\"300\" height=\"197\" srcset=\"https:\/\/www.naturparkmagazin.de\/thueringer-schiefergebirge-obere-saale\/wp-content\/uploads\/sites\/13\/moos3-300x197.jpg 300w, https:\/\/www.naturparkmagazin.de\/thueringer-schiefergebirge-obere-saale\/wp-content\/uploads\/sites\/13\/moos3.jpg 500w, https:\/\/www.naturparkmagazin.de\/thueringer-schiefergebirge-obere-saale\/wp-content\/uploads\/sites\/13\/moos3-200x131.jpg 200w\" sizes=\"(max-width: 300px) 100vw, 300px\" \/><\/a><p id=\"caption-attachment-2901\" class=\"wp-caption-text\">Weiches Kammmoos\/BLAM Walter Obermayer<\/p><\/div>\n<p>Dieses Moos liebt Kalk! Teils gro\u00dffl\u00e4chig werden Kalkfelsen mit einem Teppich \u00fcberzogen. Es w\u00e4chst sogar dort, wo die meisten Pflanzen arge Schwierigkeiten h\u00e4tten zu gedeihen: an steilen und besonnten Felsh\u00e4ngen mit fehlendem Wurzelraum und arm an N\u00e4hrstoffen. Dort sucht es sich allerdings Stellen, die leicht beschattet sind. Die \u201egoldene Mitte\u201c sollte es sein: nicht zu trocken und zu hei\u00df sein, aber auch nicht zu dunkel und k\u00fchl. Perfekt sind geneigte Kalkfelsen, die geringe Vertiefungen, Spalten und Ritze aufweisen. Genau diese Standorte findet man auch in bewaldeten Gebieten des Naturparks Th\u00fcringer Schiefergebirge\/Obere Saale \u2013 hier l\u00e4sst sich das Weiche Kammmoos bestaunen.<\/p>\n<p>Zwar ist das Weiche Kammmoos eine auf der Nordhalbkugel weit verbreitete Art \u2013 man findet es von den Kanaren bis zum Polarkreis \u2013 aber es wird in der Roten Liste Deutschlands bereits auf der Vorwarnliste gef\u00fchrt. Zum Moos des Jahres 2017 wurde es deshalb gew\u00e4hlt, weil es stellvertretend f\u00fcr die Lebensgemeinschaften an Kalkfelsen steht und auf deren starke Bedrohung hinweist. Wichtig ist au\u00dferdem der Schutz der wenigen nat\u00fcrlichen Vorkommen des Weichen Kammmooses im Flachland und in den Flachmooren.<\/p>\n<p>Autor: Susen Reuter<\/p>\n<p>&nbsp;<\/p>\n","protected":false},"excerpt":{"rendered":"<p>Diese sch\u00f6ne, feingliedrige Pflanze mit dem Beinamen &#8222;Strau\u00dfenfedermoos&#8220; findet sich auch auf kargen Kalkfelsen zurecht &#8211; das Weiche Kammmoos.<\/p>\n","protected":false},"author":62,"featured_media":2902,"comment_status":"open","ping_status":"open","sticky":false,"template":"","format":"standard","meta":[],"categories":[7],"tags":[],"yoast_head":"<!-- This site is optimized with the Yoast SEO plugin v19.10 - https:\/\/yoast.com\/wordpress\/plugins\/seo\/ -->\n<title>Natur des Jahres 2017 - Naturpark Th\u00fcringer Schiefergebirge\/Obere Saale<\/title>\n<meta name=\"description\" content=\"Diese sch\u00f6ne, feingliedrige Pflanze mit dem Beinamen &quot;Strau\u00dfenfedermoos&quot; findet sich auch auf kargen Kalkfelsen zurecht - das Weiche Kammmoos\" \/>\n<meta name=\"robots\" content=\"index, follow, max-snippet:-1, max-image-preview:large, max-video-preview:-1\" \/>\n<link rel=\"canonical\" href=\"https:\/\/www.naturparkmagazin.de\/thueringer-schiefergebirge-obere-saale\/natur-des-jahres-2017-11\/\" \/>\n<meta property=\"og:locale\" content=\"de_DE\" \/>\n<meta property=\"og:type\" content=\"article\" \/>\n<meta property=\"og:title\" content=\"Natur des Jahres 2017 - Naturpark Th\u00fcringer Schiefergebirge\/Obere Saale\" \/>\n<meta property=\"og:description\" content=\"Diese sch\u00f6ne, feingliedrige Pflanze mit dem Beinamen &quot;Strau\u00dfenfedermoos&quot; findet sich auch auf kargen Kalkfelsen zurecht - das Weiche Kammmoos\" \/>\n<meta property=\"og:url\" content=\"https:\/\/www.naturparkmagazin.de\/thueringer-schiefergebirge-obere-saale\/natur-des-jahres-2017-11\/\" \/>\n<meta property=\"og:site_name\" content=\"Naturpark Th\u00fcringer Schiefergebirge\/Obere Saale\" \/>\n<meta property=\"article:published_time\" content=\"2017-11-15T00:00:41+00:00\" \/>\n<meta property=\"article:modified_time\" content=\"2017-11-28T09:43:28+00:00\" \/>\n<meta property=\"og:image\" content=\"https:\/\/www.naturparkmagazin.de\/thueringer-schiefergebirge-obere-saale\/wp-content\/uploads\/sites\/13\/moos11.jpg\" \/>\n\t<meta property=\"og:image:width\" content=\"200\" \/>\n\t<meta property=\"og:image:height\" content=\"200\" \/>\n\t<meta property=\"og:image:type\" content=\"image\/jpeg\" \/>\n<meta name=\"author\" content=\"D\u00f6rthe Kirstein\" \/>\n<meta name=\"twitter:label1\" content=\"Verfasst von\" \/>\n\t<meta name=\"twitter:data1\" content=\"D\u00f6rthe Kirstein\" \/>\n\t<meta name=\"twitter:label2\" content=\"Gesch\u00e4tzte Lesezeit\" \/>\n\t<meta name=\"twitter:data2\" content=\"2\u00a0Minuten\" \/>\n<script type=\"application\/ld+json\" class=\"yoast-schema-graph\">{\"@context\":\"https:\/\/schema.org\",\"@graph\":[{\"@type\":\"WebPage\",\"@id\":\"https:\/\/www.naturparkmagazin.de\/thueringer-schiefergebirge-obere-saale\/natur-des-jahres-2017-11\/\",\"url\":\"https:\/\/www.naturparkmagazin.de\/thueringer-schiefergebirge-obere-saale\/natur-des-jahres-2017-11\/\",\"name\":\"Natur des Jahres 2017 - Naturpark Th\u00fcringer Schiefergebirge\/Obere Saale\",\"isPartOf\":{\"@id\":\"https:\/\/www.naturparkmagazin.de\/thueringer-schiefergebirge-obere-saale\/#website\"},\"datePublished\":\"2017-11-15T00:00:41+00:00\",\"dateModified\":\"2017-11-28T09:43:28+00:00\",\"author\":{\"@id\":\"https:\/\/www.naturparkmagazin.de\/thueringer-schiefergebirge-obere-saale\/#\/schema\/person\/2144f2a5876d4b820ee5725f8224a275\"},\"description\":\"Diese sch\u00f6ne, feingliedrige Pflanze mit dem Beinamen \\\"Strau\u00dfenfedermoos\\\" findet sich auch auf kargen Kalkfelsen zurecht - das Weiche Kammmoos\",\"breadcrumb\":{\"@id\":\"https:\/\/www.naturparkmagazin.de\/thueringer-schiefergebirge-obere-saale\/natur-des-jahres-2017-11\/#breadcrumb\"},\"inLanguage\":\"de\",\"potentialAction\":[{\"@type\":\"ReadAction\",\"target\":[\"https:\/\/www.naturparkmagazin.de\/thueringer-schiefergebirge-obere-saale\/natur-des-jahres-2017-11\/\"]}]},{\"@type\":\"BreadcrumbList\",\"@id\":\"https:\/\/www.naturparkmagazin.de\/thueringer-schiefergebirge-obere-saale\/natur-des-jahres-2017-11\/#breadcrumb\",\"itemListElement\":[{\"@type\":\"ListItem\",\"position\":1,\"name\":\"Home\",\"item\":\"https:\/\/www.naturparkmagazin.de\/thueringer-schiefergebirge-obere-saale\/\"},{\"@type\":\"ListItem\",\"position\":2,\"name\":\"Natur des Jahres 2017\"}]},{\"@type\":\"WebSite\",\"@id\":\"https:\/\/www.naturparkmagazin.de\/thueringer-schiefergebirge-obere-saale\/#website\",\"url\":\"https:\/\/www.naturparkmagazin.de\/thueringer-schiefergebirge-obere-saale\/\",\"name\":\"Naturpark Th\u00fcringer Schiefergebirge\/Obere Saale\",\"description\":\"\",\"potentialAction\":[{\"@type\":\"SearchAction\",\"target\":{\"@type\":\"EntryPoint\",\"urlTemplate\":\"https:\/\/www.naturparkmagazin.de\/thueringer-schiefergebirge-obere-saale\/?s={search_term_string}\"},\"query-input\":\"required name=search_term_string\"}],\"inLanguage\":\"de\"},{\"@type\":\"Person\",\"@id\":\"https:\/\/www.naturparkmagazin.de\/thueringer-schiefergebirge-obere-saale\/#\/schema\/person\/2144f2a5876d4b820ee5725f8224a275\",\"name\":\"D\u00f6rthe Kirstein\",\"url\":\"https:\/\/www.naturparkmagazin.de\/thueringer-schiefergebirge-obere-saale\/author\/frauhess\/\"}]}<\/script>\n<!-- \/ Yoast SEO plugin. -->","yoast_head_json":{"title":"Natur des Jahres 2017 - Naturpark Th\u00fcringer Schiefergebirge\/Obere Saale","description":"Diese sch\u00f6ne, feingliedrige Pflanze mit dem Beinamen \"Strau\u00dfenfedermoos\" findet sich auch auf kargen Kalkfelsen zurecht - das Weiche Kammmoos","robots":{"index":"index","follow":"follow","max-snippet":"max-snippet:-1","max-image-preview":"max-image-preview:large","max-video-preview":"max-video-preview:-1"},"canonical":"https:\/\/www.naturparkmagazin.de\/thueringer-schiefergebirge-obere-saale\/natur-des-jahres-2017-11\/","og_locale":"de_DE","og_type":"article","og_title":"Natur des Jahres 2017 - Naturpark Th\u00fcringer Schiefergebirge\/Obere Saale","og_description":"Diese sch\u00f6ne, feingliedrige Pflanze mit dem Beinamen \"Strau\u00dfenfedermoos\" findet sich auch auf kargen Kalkfelsen zurecht - das Weiche Kammmoos","og_url":"https:\/\/www.naturparkmagazin.de\/thueringer-schiefergebirge-obere-saale\/natur-des-jahres-2017-11\/","og_site_name":"Naturpark Th\u00fcringer Schiefergebirge\/Obere Saale","article_published_time":"2017-11-15T00:00:41+00:00","article_modified_time":"2017-11-28T09:43:28+00:00","og_image":[{"width":200,"height":200,"url":"https:\/\/www.naturparkmagazin.de\/thueringer-schiefergebirge-obere-saale\/wp-content\/uploads\/sites\/13\/moos11.jpg","type":"image\/jpeg"}],"author":"D\u00f6rthe Kirstein","twitter_misc":{"Verfasst von":"D\u00f6rthe Kirstein","Gesch\u00e4tzte Lesezeit":"2\u00a0Minuten"},"schema":{"@context":"https:\/\/schema.org","@graph":[{"@type":"WebPage","@id":"https:\/\/www.naturparkmagazin.de\/thueringer-schiefergebirge-obere-saale\/natur-des-jahres-2017-11\/","url":"https:\/\/www.naturparkmagazin.de\/thueringer-schiefergebirge-obere-saale\/natur-des-jahres-2017-11\/","name":"Natur des Jahres 2017 - Naturpark Th\u00fcringer Schiefergebirge\/Obere Saale","isPartOf":{"@id":"https:\/\/www.naturparkmagazin.de\/thueringer-schiefergebirge-obere-saale\/#website"},"datePublished":"2017-11-15T00:00:41+00:00","dateModified":"2017-11-28T09:43:28+00:00","author":{"@id":"https:\/\/www.naturparkmagazin.de\/thueringer-schiefergebirge-obere-saale\/#\/schema\/person\/2144f2a5876d4b820ee5725f8224a275"},"description":"Diese sch\u00f6ne, feingliedrige Pflanze mit dem Beinamen \"Strau\u00dfenfedermoos\" findet sich auch auf kargen Kalkfelsen zurecht - das Weiche Kammmoos","breadcrumb":{"@id":"https:\/\/www.naturparkmagazin.de\/thueringer-schiefergebirge-obere-saale\/natur-des-jahres-2017-11\/#breadcrumb"},"inLanguage":"de","potentialAction":[{"@type":"ReadAction","target":["https:\/\/www.naturparkmagazin.de\/thueringer-schiefergebirge-obere-saale\/natur-des-jahres-2017-11\/"]}]},{"@type":"BreadcrumbList","@id":"https:\/\/www.naturparkmagazin.de\/thueringer-schiefergebirge-obere-saale\/natur-des-jahres-2017-11\/#breadcrumb","itemListElement":[{"@type":"ListItem","position":1,"name":"Home","item":"https:\/\/www.naturparkmagazin.de\/thueringer-schiefergebirge-obere-saale\/"},{"@type":"ListItem","position":2,"name":"Natur des Jahres 2017"}]},{"@type":"WebSite","@id":"https:\/\/www.naturparkmagazin.de\/thueringer-schiefergebirge-obere-saale\/#website","url":"https:\/\/www.naturparkmagazin.de\/thueringer-schiefergebirge-obere-saale\/","name":"Naturpark Th\u00fcringer Schiefergebirge\/Obere Saale","description":"","potentialAction":[{"@type":"SearchAction","target":{"@type":"EntryPoint","urlTemplate":"https:\/\/www.naturparkmagazin.de\/thueringer-schiefergebirge-obere-saale\/?s={search_term_string}"},"query-input":"required name=search_term_string"}],"inLanguage":"de"},{"@type":"Person","@id":"https:\/\/www.naturparkmagazin.de\/thueringer-schiefergebirge-obere-saale\/#\/schema\/person\/2144f2a5876d4b820ee5725f8224a275","name":"D\u00f6rthe Kirstein","url":"https:\/\/www.naturparkmagazin.de\/thueringer-schiefergebirge-obere-saale\/author\/frauhess\/"}]}},"_links":{"self":[{"href":"https:\/\/www.naturparkmagazin.de\/thueringer-schiefergebirge-obere-saale\/wp-json\/wp\/v2\/posts\/2895"}],"collection":[{"href":"https:\/\/www.naturparkmagazin.de\/thueringer-schiefergebirge-obere-saale\/wp-json\/wp\/v2\/posts"}],"about":[{"href":"https:\/\/www.naturparkmagazin.de\/thueringer-schiefergebirge-obere-saale\/wp-json\/wp\/v2\/types\/post"}],"author":[{"embeddable":true,"href":"https:\/\/www.naturparkmagazin.de\/thueringer-schiefergebirge-obere-saale\/wp-json\/wp\/v2\/users\/62"}],"replies":[{"embeddable":true,"href":"https:\/\/www.naturparkmagazin.de\/thueringer-schiefergebirge-obere-saale\/wp-json\/wp\/v2\/comments?post=2895"}],"version-history":[{"count":6,"href":"https:\/\/www.naturparkmagazin.de\/thueringer-schiefergebirge-obere-saale\/wp-json\/wp\/v2\/posts\/2895\/revisions"}],"predecessor-version":[{"id":2908,"href":"https:\/\/www.naturparkmagazin.de\/thueringer-schiefergebirge-obere-saale\/wp-json\/wp\/v2\/posts\/2895\/revisions\/2908"}],"wp:featuredmedia":[{"embeddable":true,"href":"https:\/\/www.naturparkmagazin.de\/thueringer-schiefergebirge-obere-saale\/wp-json\/wp\/v2\/media\/2902"}],"wp:attachment":[{"href":"https:\/\/www.naturparkmagazin.de\/thueringer-schiefergebirge-obere-saale\/wp-json\/wp\/v2\/media?parent=2895"}],"wp:term":[{"taxonomy":"category","embeddable":true,"href":"https:\/\/www.naturparkmagazin.de\/thueringer-schiefergebirge-obere-saale\/wp-json\/wp\/v2\/categories?post=2895"},{"taxonomy":"post_tag","embeddable":true,"href":"https:\/\/www.naturparkmagazin.de\/thueringer-schiefergebirge-obere-saale\/wp-json\/wp\/v2\/tags?post=2895"}],"curies":[{"name":"wp","href":"https:\/\/api.w.org\/{rel}","templated":true}]}}