{"id":2914,"date":"2017-12-11T00:00:16","date_gmt":"2017-12-10T23:00:16","guid":{"rendered":"http:\/\/www.naturparkmagazin.de\/thueringer-schiefergebirge-obere-saale\/?p=2914"},"modified":"2017-12-12T08:20:11","modified_gmt":"2017-12-12T07:20:11","slug":"natur-des-jahres-2018","status":"publish","type":"post","link":"https:\/\/www.naturparkmagazin.de\/thueringer-schiefergebirge-obere-saale\/natur-des-jahres-2018\/","title":{"rendered":"Natur des Jahres 2018"},"content":{"rendered":"<div id=\"attachment_2918\" style=\"width: 310px\" class=\"wp-caption alignright\"><a href=\"https:\/\/www.naturparkmagazin.de\/thueringer-schiefergebirge-obere-saale\/wp-content\/uploads\/sites\/13\/flechte2.png\"><img aria-describedby=\"caption-attachment-2918\" decoding=\"async\" loading=\"lazy\" class=\"size-thumbnail wp-image-2918\" src=\"https:\/\/www.naturparkmagazin.de\/thueringer-schiefergebirge-obere-saale\/wp-content\/uploads\/sites\/13\/flechte2-300x224.png\" alt=\"Fransen-Nabelflechte\/BLAM Wolfgang von Brackel\" width=\"300\" height=\"224\" srcset=\"https:\/\/www.naturparkmagazin.de\/thueringer-schiefergebirge-obere-saale\/wp-content\/uploads\/sites\/13\/flechte2-300x224.png 300w, https:\/\/www.naturparkmagazin.de\/thueringer-schiefergebirge-obere-saale\/wp-content\/uploads\/sites\/13\/flechte2-420x315.png 420w, https:\/\/www.naturparkmagazin.de\/thueringer-schiefergebirge-obere-saale\/wp-content\/uploads\/sites\/13\/flechte2-180x135.png 180w, https:\/\/www.naturparkmagazin.de\/thueringer-schiefergebirge-obere-saale\/wp-content\/uploads\/sites\/13\/flechte2-95x71.png 95w, https:\/\/www.naturparkmagazin.de\/thueringer-schiefergebirge-obere-saale\/wp-content\/uploads\/sites\/13\/flechte2.png 500w, https:\/\/www.naturparkmagazin.de\/thueringer-schiefergebirge-obere-saale\/wp-content\/uploads\/sites\/13\/flechte2-200x150.png 200w\" sizes=\"(max-width: 300px) 100vw, 300px\" \/><\/a><p id=\"caption-attachment-2918\" class=\"wp-caption-text\">Fransen-Nabelflechte\/BLAM Wolfgang von Brackel<\/p><\/div>\n<p><strong>Die Fransen-Nabelflechte\n<\/strong><em>(Umbilicaria cylindrica)<\/em><\/p>\n<p>Der Name dieser besonderen Flechte tr\u00e4gt die wichtigsten Merkmale des Aussehens bereits in sich: Mit Fransen sind die seitlich abstehenden, wimpernartigen Borsten gemeint, die man mit blo\u00dfem Auge gut erkennen kann. Und der Nabel ist nichts anderes, als das verbindende Element, mit dem sich die Flechte auf dem jeweiligen Gesteinsuntergrund festh\u00e4lt \u2013 darauf verweist auch die wissenschaftliche Bezeichnung Umbilicaria (lateinisch umbilicus = Nabel). Normalerweise sind Blattflechten komplett mit dem Untergrund verwachsen, doch nicht so bei den Nabelflechten, die zentral an einer Stelle (Nabel) am Gestein festsitzen.<\/p>\n<div id=\"attachment_2916\" style=\"width: 310px\" class=\"wp-caption alignleft\"><a href=\"https:\/\/www.naturparkmagazin.de\/thueringer-schiefergebirge-obere-saale\/wp-content\/uploads\/sites\/13\/flechte3.png\"><img aria-describedby=\"caption-attachment-2916\" decoding=\"async\" loading=\"lazy\" class=\"size-thumbnail wp-image-2916\" src=\"https:\/\/www.naturparkmagazin.de\/thueringer-schiefergebirge-obere-saale\/wp-content\/uploads\/sites\/13\/flechte3-300x225.png\" alt=\"Fransen-Nabelflechte\/Wikipedia Jerzy Opiola\" width=\"300\" height=\"225\" srcset=\"https:\/\/www.naturparkmagazin.de\/thueringer-schiefergebirge-obere-saale\/wp-content\/uploads\/sites\/13\/flechte3-300x225.png 300w, https:\/\/www.naturparkmagazin.de\/thueringer-schiefergebirge-obere-saale\/wp-content\/uploads\/sites\/13\/flechte3-420x315.png 420w, https:\/\/www.naturparkmagazin.de\/thueringer-schiefergebirge-obere-saale\/wp-content\/uploads\/sites\/13\/flechte3-180x135.png 180w, https:\/\/www.naturparkmagazin.de\/thueringer-schiefergebirge-obere-saale\/wp-content\/uploads\/sites\/13\/flechte3-95x71.png 95w, https:\/\/www.naturparkmagazin.de\/thueringer-schiefergebirge-obere-saale\/wp-content\/uploads\/sites\/13\/flechte3.png 500w, https:\/\/www.naturparkmagazin.de\/thueringer-schiefergebirge-obere-saale\/wp-content\/uploads\/sites\/13\/flechte3-200x150.png 200w\" sizes=\"(max-width: 300px) 100vw, 300px\" \/><\/a><p id=\"caption-attachment-2916\" class=\"wp-caption-text\">Fransen-Nabelflechte\/Wikipedia Jerzy Opiola<\/p><\/div>\n<p>Das graue Lager der Fransen-Nabelflechte ist in gewellten, lappen\u00e4hnlichen Gebilden angelegt. An der Unterseite sind diese Lappen hellbraun bis blassrosa gef\u00e4rbt. Die Gr\u00f6\u00dfe der Lager variiert zwischen 2 und 6 Zentimetern im Durchmesser. Auffallend sind die darauf befindlichen schwarzen Fruchtk\u00f6rper. Mit der Zeit wachsen diese empor und entwickeln kleine Stiele mit einer rilligen Scheibe.<\/p>\n<p>Die Fransen-Nabelflechte f\u00fchlt sich dort am wohlsten, wo es relativ k\u00fchl ist und eine gewisse Luftfeuchte vorherrscht. Man findet sie daher h\u00e4ufig in h\u00f6heren Lagen an kalkfreien Silikatfelsen \u2013 in Europa betrifft dies vor allem Alpenl\u00e4nder, Skandinavien und einige Mittelgebirge. Hier besiedelt sie schr\u00e4ge bis fast senkrechte Felsw\u00e4nde, die gut belichtet sind. Sekund\u00e4rstandorte, zu denen die Vorkommen auf den Schiefertrockenmauern im Naturpark Th\u00fcringer Schiefergebirge\/Obere Saale z\u00e4hlen, sind da schon eher selten der Fall. In den norddeutschen Bundesl\u00e4ndern fehlt sie g\u00e4nzlich, weshalb sie insgesamt als \u201egef\u00e4hrdet\u201c eingestuft wird. \u00dcbrigens: Als echter \u00dcberlebensk\u00fcnstler ist diese Flechte auf extreme Witterungsverh\u00e4ltnisse eingestellt: Im Sommer trocknet sie bei gro\u00dfen Hitzeperioden v\u00f6llig aus und verf\u00e4llt in eine Art Ruhezustand \u2013 bis zum n\u00e4chsten Regenguss.<\/p>\n<p>Autor: Susen Reuter<\/p>\n<p>&nbsp;<\/p>\n","protected":false},"excerpt":{"rendered":"<p>Normalerweise sind Blattflechten komplett mit dem Untergrund verwachsen, doch nicht so bei der Fransen-Nabelflechte, die zentral an einer Stelle (Nabel) am Gestein festsitzen. <\/p>\n","protected":false},"author":62,"featured_media":2917,"comment_status":"open","ping_status":"open","sticky":false,"template":"","format":"standard","meta":[],"categories":[7],"tags":[],"yoast_head":"<!-- This site is optimized with the Yoast SEO plugin v19.10 - https:\/\/yoast.com\/wordpress\/plugins\/seo\/ -->\n<title>Natur des Jahres 2018 - Naturpark Th\u00fcringer Schiefergebirge\/Obere Saale<\/title>\n<meta name=\"description\" content=\"Normalerweise sind Blattflechten komplett mit dem Untergrund verwachsen, doch nicht so bei den Nabelflechten, die zentral an einer Stelle (Nabel) am Gestein festsitzen.\" \/>\n<meta name=\"robots\" content=\"index, follow, max-snippet:-1, max-image-preview:large, max-video-preview:-1\" \/>\n<link rel=\"canonical\" href=\"https:\/\/www.naturparkmagazin.de\/thueringer-schiefergebirge-obere-saale\/natur-des-jahres-2018\/\" \/>\n<meta property=\"og:locale\" content=\"de_DE\" \/>\n<meta property=\"og:type\" content=\"article\" \/>\n<meta property=\"og:title\" content=\"Natur des Jahres 2018 - Naturpark Th\u00fcringer Schiefergebirge\/Obere Saale\" \/>\n<meta property=\"og:description\" content=\"Normalerweise sind Blattflechten komplett mit dem Untergrund verwachsen, doch nicht so bei den Nabelflechten, die zentral an einer Stelle (Nabel) am Gestein festsitzen.\" \/>\n<meta property=\"og:url\" content=\"https:\/\/www.naturparkmagazin.de\/thueringer-schiefergebirge-obere-saale\/natur-des-jahres-2018\/\" \/>\n<meta property=\"og:site_name\" content=\"Naturpark Th\u00fcringer Schiefergebirge\/Obere Saale\" \/>\n<meta property=\"article:published_time\" content=\"2017-12-10T23:00:16+00:00\" \/>\n<meta property=\"article:modified_time\" content=\"2017-12-12T07:20:11+00:00\" \/>\n<meta property=\"og:image\" content=\"https:\/\/www.naturparkmagazin.de\/thueringer-schiefergebirge-obere-saale\/wp-content\/uploads\/sites\/13\/flechte1.png\" \/>\n\t<meta property=\"og:image:width\" content=\"200\" \/>\n\t<meta property=\"og:image:height\" content=\"200\" \/>\n\t<meta property=\"og:image:type\" content=\"image\/png\" \/>\n<meta name=\"author\" content=\"D\u00f6rthe Kirstein\" \/>\n<meta name=\"twitter:label1\" content=\"Verfasst von\" \/>\n\t<meta name=\"twitter:data1\" content=\"D\u00f6rthe Kirstein\" \/>\n\t<meta name=\"twitter:label2\" content=\"Gesch\u00e4tzte Lesezeit\" \/>\n\t<meta name=\"twitter:data2\" content=\"2\u00a0Minuten\" \/>\n<script type=\"application\/ld+json\" class=\"yoast-schema-graph\">{\"@context\":\"https:\/\/schema.org\",\"@graph\":[{\"@type\":\"WebPage\",\"@id\":\"https:\/\/www.naturparkmagazin.de\/thueringer-schiefergebirge-obere-saale\/natur-des-jahres-2018\/\",\"url\":\"https:\/\/www.naturparkmagazin.de\/thueringer-schiefergebirge-obere-saale\/natur-des-jahres-2018\/\",\"name\":\"Natur des Jahres 2018 - Naturpark Th\u00fcringer Schiefergebirge\/Obere Saale\",\"isPartOf\":{\"@id\":\"https:\/\/www.naturparkmagazin.de\/thueringer-schiefergebirge-obere-saale\/#website\"},\"datePublished\":\"2017-12-10T23:00:16+00:00\",\"dateModified\":\"2017-12-12T07:20:11+00:00\",\"author\":{\"@id\":\"https:\/\/www.naturparkmagazin.de\/thueringer-schiefergebirge-obere-saale\/#\/schema\/person\/2144f2a5876d4b820ee5725f8224a275\"},\"description\":\"Normalerweise sind Blattflechten komplett mit dem Untergrund verwachsen, doch nicht so bei den Nabelflechten, die zentral an einer Stelle (Nabel) am Gestein festsitzen.\",\"breadcrumb\":{\"@id\":\"https:\/\/www.naturparkmagazin.de\/thueringer-schiefergebirge-obere-saale\/natur-des-jahres-2018\/#breadcrumb\"},\"inLanguage\":\"de\",\"potentialAction\":[{\"@type\":\"ReadAction\",\"target\":[\"https:\/\/www.naturparkmagazin.de\/thueringer-schiefergebirge-obere-saale\/natur-des-jahres-2018\/\"]}]},{\"@type\":\"BreadcrumbList\",\"@id\":\"https:\/\/www.naturparkmagazin.de\/thueringer-schiefergebirge-obere-saale\/natur-des-jahres-2018\/#breadcrumb\",\"itemListElement\":[{\"@type\":\"ListItem\",\"position\":1,\"name\":\"Home\",\"item\":\"https:\/\/www.naturparkmagazin.de\/thueringer-schiefergebirge-obere-saale\/\"},{\"@type\":\"ListItem\",\"position\":2,\"name\":\"Natur des Jahres 2018\"}]},{\"@type\":\"WebSite\",\"@id\":\"https:\/\/www.naturparkmagazin.de\/thueringer-schiefergebirge-obere-saale\/#website\",\"url\":\"https:\/\/www.naturparkmagazin.de\/thueringer-schiefergebirge-obere-saale\/\",\"name\":\"Naturpark Th\u00fcringer Schiefergebirge\/Obere Saale\",\"description\":\"\",\"potentialAction\":[{\"@type\":\"SearchAction\",\"target\":{\"@type\":\"EntryPoint\",\"urlTemplate\":\"https:\/\/www.naturparkmagazin.de\/thueringer-schiefergebirge-obere-saale\/?s={search_term_string}\"},\"query-input\":\"required name=search_term_string\"}],\"inLanguage\":\"de\"},{\"@type\":\"Person\",\"@id\":\"https:\/\/www.naturparkmagazin.de\/thueringer-schiefergebirge-obere-saale\/#\/schema\/person\/2144f2a5876d4b820ee5725f8224a275\",\"name\":\"D\u00f6rthe Kirstein\",\"url\":\"https:\/\/www.naturparkmagazin.de\/thueringer-schiefergebirge-obere-saale\/author\/frauhess\/\"}]}<\/script>\n<!-- \/ Yoast SEO plugin. -->","yoast_head_json":{"title":"Natur des Jahres 2018 - Naturpark Th\u00fcringer Schiefergebirge\/Obere Saale","description":"Normalerweise sind Blattflechten komplett mit dem Untergrund verwachsen, doch nicht so bei den Nabelflechten, die zentral an einer Stelle (Nabel) am Gestein festsitzen.","robots":{"index":"index","follow":"follow","max-snippet":"max-snippet:-1","max-image-preview":"max-image-preview:large","max-video-preview":"max-video-preview:-1"},"canonical":"https:\/\/www.naturparkmagazin.de\/thueringer-schiefergebirge-obere-saale\/natur-des-jahres-2018\/","og_locale":"de_DE","og_type":"article","og_title":"Natur des Jahres 2018 - Naturpark Th\u00fcringer Schiefergebirge\/Obere Saale","og_description":"Normalerweise sind Blattflechten komplett mit dem Untergrund verwachsen, doch nicht so bei den Nabelflechten, die zentral an einer Stelle (Nabel) am Gestein festsitzen.","og_url":"https:\/\/www.naturparkmagazin.de\/thueringer-schiefergebirge-obere-saale\/natur-des-jahres-2018\/","og_site_name":"Naturpark Th\u00fcringer Schiefergebirge\/Obere Saale","article_published_time":"2017-12-10T23:00:16+00:00","article_modified_time":"2017-12-12T07:20:11+00:00","og_image":[{"width":200,"height":200,"url":"https:\/\/www.naturparkmagazin.de\/thueringer-schiefergebirge-obere-saale\/wp-content\/uploads\/sites\/13\/flechte1.png","type":"image\/png"}],"author":"D\u00f6rthe Kirstein","twitter_misc":{"Verfasst von":"D\u00f6rthe Kirstein","Gesch\u00e4tzte Lesezeit":"2\u00a0Minuten"},"schema":{"@context":"https:\/\/schema.org","@graph":[{"@type":"WebPage","@id":"https:\/\/www.naturparkmagazin.de\/thueringer-schiefergebirge-obere-saale\/natur-des-jahres-2018\/","url":"https:\/\/www.naturparkmagazin.de\/thueringer-schiefergebirge-obere-saale\/natur-des-jahres-2018\/","name":"Natur des Jahres 2018 - Naturpark Th\u00fcringer Schiefergebirge\/Obere Saale","isPartOf":{"@id":"https:\/\/www.naturparkmagazin.de\/thueringer-schiefergebirge-obere-saale\/#website"},"datePublished":"2017-12-10T23:00:16+00:00","dateModified":"2017-12-12T07:20:11+00:00","author":{"@id":"https:\/\/www.naturparkmagazin.de\/thueringer-schiefergebirge-obere-saale\/#\/schema\/person\/2144f2a5876d4b820ee5725f8224a275"},"description":"Normalerweise sind Blattflechten komplett mit dem Untergrund verwachsen, doch nicht so bei den Nabelflechten, die zentral an einer Stelle (Nabel) am Gestein festsitzen.","breadcrumb":{"@id":"https:\/\/www.naturparkmagazin.de\/thueringer-schiefergebirge-obere-saale\/natur-des-jahres-2018\/#breadcrumb"},"inLanguage":"de","potentialAction":[{"@type":"ReadAction","target":["https:\/\/www.naturparkmagazin.de\/thueringer-schiefergebirge-obere-saale\/natur-des-jahres-2018\/"]}]},{"@type":"BreadcrumbList","@id":"https:\/\/www.naturparkmagazin.de\/thueringer-schiefergebirge-obere-saale\/natur-des-jahres-2018\/#breadcrumb","itemListElement":[{"@type":"ListItem","position":1,"name":"Home","item":"https:\/\/www.naturparkmagazin.de\/thueringer-schiefergebirge-obere-saale\/"},{"@type":"ListItem","position":2,"name":"Natur des Jahres 2018"}]},{"@type":"WebSite","@id":"https:\/\/www.naturparkmagazin.de\/thueringer-schiefergebirge-obere-saale\/#website","url":"https:\/\/www.naturparkmagazin.de\/thueringer-schiefergebirge-obere-saale\/","name":"Naturpark Th\u00fcringer Schiefergebirge\/Obere Saale","description":"","potentialAction":[{"@type":"SearchAction","target":{"@type":"EntryPoint","urlTemplate":"https:\/\/www.naturparkmagazin.de\/thueringer-schiefergebirge-obere-saale\/?s={search_term_string}"},"query-input":"required name=search_term_string"}],"inLanguage":"de"},{"@type":"Person","@id":"https:\/\/www.naturparkmagazin.de\/thueringer-schiefergebirge-obere-saale\/#\/schema\/person\/2144f2a5876d4b820ee5725f8224a275","name":"D\u00f6rthe Kirstein","url":"https:\/\/www.naturparkmagazin.de\/thueringer-schiefergebirge-obere-saale\/author\/frauhess\/"}]}},"_links":{"self":[{"href":"https:\/\/www.naturparkmagazin.de\/thueringer-schiefergebirge-obere-saale\/wp-json\/wp\/v2\/posts\/2914"}],"collection":[{"href":"https:\/\/www.naturparkmagazin.de\/thueringer-schiefergebirge-obere-saale\/wp-json\/wp\/v2\/posts"}],"about":[{"href":"https:\/\/www.naturparkmagazin.de\/thueringer-schiefergebirge-obere-saale\/wp-json\/wp\/v2\/types\/post"}],"author":[{"embeddable":true,"href":"https:\/\/www.naturparkmagazin.de\/thueringer-schiefergebirge-obere-saale\/wp-json\/wp\/v2\/users\/62"}],"replies":[{"embeddable":true,"href":"https:\/\/www.naturparkmagazin.de\/thueringer-schiefergebirge-obere-saale\/wp-json\/wp\/v2\/comments?post=2914"}],"version-history":[{"count":4,"href":"https:\/\/www.naturparkmagazin.de\/thueringer-schiefergebirge-obere-saale\/wp-json\/wp\/v2\/posts\/2914\/revisions"}],"predecessor-version":[{"id":2924,"href":"https:\/\/www.naturparkmagazin.de\/thueringer-schiefergebirge-obere-saale\/wp-json\/wp\/v2\/posts\/2914\/revisions\/2924"}],"wp:featuredmedia":[{"embeddable":true,"href":"https:\/\/www.naturparkmagazin.de\/thueringer-schiefergebirge-obere-saale\/wp-json\/wp\/v2\/media\/2917"}],"wp:attachment":[{"href":"https:\/\/www.naturparkmagazin.de\/thueringer-schiefergebirge-obere-saale\/wp-json\/wp\/v2\/media?parent=2914"}],"wp:term":[{"taxonomy":"category","embeddable":true,"href":"https:\/\/www.naturparkmagazin.de\/thueringer-schiefergebirge-obere-saale\/wp-json\/wp\/v2\/categories?post=2914"},{"taxonomy":"post_tag","embeddable":true,"href":"https:\/\/www.naturparkmagazin.de\/thueringer-schiefergebirge-obere-saale\/wp-json\/wp\/v2\/tags?post=2914"}],"curies":[{"name":"wp","href":"https:\/\/api.w.org\/{rel}","templated":true}]}}