{"id":3003,"date":"2018-05-16T01:00:41","date_gmt":"2018-05-15T23:00:41","guid":{"rendered":"http:\/\/www.naturparkmagazin.de\/thueringer-schiefergebirge-obere-saale\/?p=3003"},"modified":"2018-05-09T09:42:09","modified_gmt":"2018-05-09T07:42:09","slug":"natur-des-jahres-2018-6","status":"publish","type":"post","link":"https:\/\/www.naturparkmagazin.de\/thueringer-schiefergebirge-obere-saale\/natur-des-jahres-2018-6\/","title":{"rendered":"Natur des Jahres 2018"},"content":{"rendered":"<div id=\"attachment_3012\" style=\"width: 310px\" class=\"wp-caption alignright\"><a href=\"https:\/\/www.naturparkmagazin.de\/thueringer-schiefergebirge-obere-saale\/wp-content\/uploads\/sites\/13\/fuchs1.png\"><img aria-describedby=\"caption-attachment-3012\" decoding=\"async\" loading=\"lazy\" class=\"size-thumbnail wp-image-3012\" src=\"https:\/\/www.naturparkmagazin.de\/thueringer-schiefergebirge-obere-saale\/wp-content\/uploads\/sites\/13\/fuchs1-300x224.png\" alt=\"Gro\u00dfer Fuchs\/BUND, R. Manderbach\" width=\"300\" height=\"224\" srcset=\"https:\/\/www.naturparkmagazin.de\/thueringer-schiefergebirge-obere-saale\/wp-content\/uploads\/sites\/13\/fuchs1-300x224.png 300w, https:\/\/www.naturparkmagazin.de\/thueringer-schiefergebirge-obere-saale\/wp-content\/uploads\/sites\/13\/fuchs1-420x315.png 420w, https:\/\/www.naturparkmagazin.de\/thueringer-schiefergebirge-obere-saale\/wp-content\/uploads\/sites\/13\/fuchs1-180x135.png 180w, https:\/\/www.naturparkmagazin.de\/thueringer-schiefergebirge-obere-saale\/wp-content\/uploads\/sites\/13\/fuchs1-95x71.png 95w, https:\/\/www.naturparkmagazin.de\/thueringer-schiefergebirge-obere-saale\/wp-content\/uploads\/sites\/13\/fuchs1.png 500w, https:\/\/www.naturparkmagazin.de\/thueringer-schiefergebirge-obere-saale\/wp-content\/uploads\/sites\/13\/fuchs1-200x150.png 200w\" sizes=\"(max-width: 300px) 100vw, 300px\" \/><\/a><p id=\"caption-attachment-3012\" class=\"wp-caption-text\">Gro\u00dfer Fuchs\/BUND, R. Manderbach<\/p><\/div>\n<p><strong>Der Gro\u00dfe Fuchs\n<\/strong><em>(Nymphalis polychloros)<\/em><\/p>\n<p>Schaut man sich diesen Tagfalter genauer an, so l\u00e4sst sich in etwa erahnen, warum es zu dieser au\u00dfergew\u00f6hnlichen Namensgebung gekommen ist: Die gesamte K\u00f6rpermitte ist dicht behaart und r\u00f6tlich- bis dunkelbraun gef\u00e4rbt \u2013 \u00e4hnlich dem Fell des vierbeinigen, schlauen Waldbewohners. Der Gro\u00dfe Fuchs weist eine Fl\u00fcgelspannweite von 50 bis 55 Millimetern auf. Verwechseln kann man ihn h\u00f6chstens mit dem Kleinen Fuchs, ebenfalls ein farbenfreudiger Tagfalter, jedoch ist der gr\u00f6\u00dfere Namensvetter stumpfer gef\u00e4rbt.<\/p>\n<div id=\"attachment_3013\" style=\"width: 310px\" class=\"wp-caption alignleft\"><a href=\"https:\/\/www.naturparkmagazin.de\/thueringer-schiefergebirge-obere-saale\/wp-content\/uploads\/sites\/13\/fuchs2.png\"><img aria-describedby=\"caption-attachment-3013\" decoding=\"async\" loading=\"lazy\" class=\"size-thumbnail wp-image-3013\" src=\"https:\/\/www.naturparkmagazin.de\/thueringer-schiefergebirge-obere-saale\/wp-content\/uploads\/sites\/13\/fuchs2-300x200.png\" alt=\"Gro\u00dfer Fuchs als Raupe\/BUND, W, Sch\u00f6n\" width=\"300\" height=\"200\" srcset=\"https:\/\/www.naturparkmagazin.de\/thueringer-schiefergebirge-obere-saale\/wp-content\/uploads\/sites\/13\/fuchs2-300x200.png 300w, https:\/\/www.naturparkmagazin.de\/thueringer-schiefergebirge-obere-saale\/wp-content\/uploads\/sites\/13\/fuchs2.png 500w, https:\/\/www.naturparkmagazin.de\/thueringer-schiefergebirge-obere-saale\/wp-content\/uploads\/sites\/13\/fuchs2-200x134.png 200w\" sizes=\"(max-width: 300px) 100vw, 300px\" \/><\/a><p id=\"caption-attachment-3013\" class=\"wp-caption-text\">Gro\u00dfer Fuchs als Raupe\/BUND, W, Sch\u00f6n<\/p><\/div>\n<p>Der Gro\u00dfe Fuchs f\u00fchlt sich an Waldr\u00e4ndern, in Obstg\u00e4rten und in der N\u00e4he von Gew\u00e4ssern, die von Geh\u00f6lzen ges\u00e4umt werden, am wohlsten. Sobald es kalt wird und der Winter Einzug h\u00e4lt, versteckt er sich an einem gesch\u00fctzten Ort und verbringt die n\u00e4chsten Monate in K\u00e4ltestarre. Da er bereits im M\u00e4rz wieder aktiv wird, braucht er schon fr\u00fchzeitig Nahrung. Die erste Futterquelle sind bl\u00fchende Weidenk\u00e4tzchen. Danach ern\u00e4hrt er sich vor allem von Baums\u00e4ften, Exkrementen und Aas. Er fliegt bis in den Mai hinein, dann steht die Paarung bevor. Das Weibchen legt die Eier um den Stamm der Futterpflanze der Raupen oder auf die Rinde d\u00fcnner Zweige von Ulme, Salweide, Espe, Apfel- oder Birnbaum. Ende Juli ist es schlie\u00dflich soweit und die Falter der neuen Generation beginnen zu schl\u00fcpfen.<\/p>\n<p>In Mitteleuropa kommt der Gro\u00dfe Fuchs insbesondere in den w\u00e4rmeren Regionen vor, jedoch sind sie sehr selten geworden. Lediglich im Mittelmeergebiet und den S\u00fcdalpen trifft man sie noch h\u00e4ufiger an.<\/p>\n<div id=\"attachment_3014\" style=\"width: 310px\" class=\"wp-caption alignright\"><a href=\"https:\/\/www.naturparkmagazin.de\/thueringer-schiefergebirge-obere-saale\/wp-content\/uploads\/sites\/13\/fuchs3.png\"><img aria-describedby=\"caption-attachment-3014\" decoding=\"async\" loading=\"lazy\" class=\"size-thumbnail wp-image-3014\" src=\"https:\/\/www.naturparkmagazin.de\/thueringer-schiefergebirge-obere-saale\/wp-content\/uploads\/sites\/13\/fuchs3-300x408.png\" alt=\"Gro\u00dfer Fuchs als Puppe\/BUND, W. Sch\u00f6n\" width=\"300\" height=\"408\" srcset=\"https:\/\/www.naturparkmagazin.de\/thueringer-schiefergebirge-obere-saale\/wp-content\/uploads\/sites\/13\/fuchs3-300x408.png 300w, https:\/\/www.naturparkmagazin.de\/thueringer-schiefergebirge-obere-saale\/wp-content\/uploads\/sites\/13\/fuchs3-53x71.png 53w, https:\/\/www.naturparkmagazin.de\/thueringer-schiefergebirge-obere-saale\/wp-content\/uploads\/sites\/13\/fuchs3-200x272.png 200w, https:\/\/www.naturparkmagazin.de\/thueringer-schiefergebirge-obere-saale\/wp-content\/uploads\/sites\/13\/fuchs3.png 500w\" sizes=\"(max-width: 300px) 100vw, 300px\" \/><\/a><p id=\"caption-attachment-3014\" class=\"wp-caption-text\">Gro\u00dfer Fuchs als Puppe\/BUND, W. Sch\u00f6n<\/p><\/div>\n<p>Mit der Ernennung zum Schmetterling des Jahres 2018 soll auf die schlechte \u00dcberlebensprognose dieser Tagfalterart aufmerksam gemacht werden. In Deutschland steht der Gro\u00dfe Fuchs auf der Vorwarnliste der bedrohten Tierarten; in Th\u00fcringen gilt er bereits als stark gef\u00e4hrdet! Gr\u00fcnde f\u00fcr das Verschwinden sind in der intensiven Land- und Forstwirtschaft zu suchen, da diese die Lebensr\u00e4ume erheblich beeintr\u00e4chtigen: Streuobstbest\u00e4nde werden durch Umwandlung in Ackerland oder Siedlungsanlagen vernichtet, Salweiden entfernt und verst\u00e4rkt Biozide im Obst- und Gartenbau eingesetzt. \u00dcbrigens: Salweiden gelten zusammen mit Eichen als wichtigste B\u00e4ume f\u00fcr Schmetterlinge \u2013 rund 100 Arten ern\u00e4hren sich davon, entweder als Futterpflanze der Raupen oder Nektarpflanze. In den gew\u00e4sserreichen Gegenden des Naturparks Th\u00fcringer Schiefergebirge\/Obere Saale kommen diese B\u00e4ume erfreulicherweise h\u00e4ufig vor.<\/p>\n<p>Autor: Susen Reuter<\/p>\n<p>&nbsp;<\/p>\n","protected":false},"excerpt":{"rendered":"<p>Dieser haarige, leider selten gewordene Geselle zeigt sich gleich im Fr\u00fchjahr nach der Winterstarre vor allem an Weidenk\u00e4tzchen &#8211; der Gro\u00dfe Fuchs.<\/p>\n","protected":false},"author":62,"featured_media":3011,"comment_status":"open","ping_status":"open","sticky":false,"template":"","format":"standard","meta":[],"categories":[7],"tags":[],"yoast_head":"<!-- This site is optimized with the Yoast SEO plugin v19.10 - https:\/\/yoast.com\/wordpress\/plugins\/seo\/ -->\n<title>Natur des Jahres 2018 - Naturpark Th\u00fcringer Schiefergebirge\/Obere Saale<\/title>\n<meta name=\"description\" content=\"Dieser haarige, leider selten gewordene Geselle zeigt sich gleich im Fr\u00fchjahr nach der Winterstarre vor allem an Weidenk\u00e4tzchen - der Gro\u00dfe Fuchs.\" \/>\n<meta name=\"robots\" content=\"index, follow, max-snippet:-1, max-image-preview:large, max-video-preview:-1\" \/>\n<link rel=\"canonical\" href=\"https:\/\/www.naturparkmagazin.de\/thueringer-schiefergebirge-obere-saale\/natur-des-jahres-2018-6\/\" \/>\n<meta property=\"og:locale\" content=\"de_DE\" \/>\n<meta property=\"og:type\" content=\"article\" \/>\n<meta property=\"og:title\" content=\"Natur des Jahres 2018 - Naturpark Th\u00fcringer Schiefergebirge\/Obere Saale\" \/>\n<meta property=\"og:description\" content=\"Dieser haarige, leider selten gewordene Geselle zeigt sich gleich im Fr\u00fchjahr nach der Winterstarre vor allem an Weidenk\u00e4tzchen - der Gro\u00dfe Fuchs.\" \/>\n<meta property=\"og:url\" content=\"https:\/\/www.naturparkmagazin.de\/thueringer-schiefergebirge-obere-saale\/natur-des-jahres-2018-6\/\" \/>\n<meta property=\"og:site_name\" content=\"Naturpark Th\u00fcringer Schiefergebirge\/Obere Saale\" \/>\n<meta property=\"article:published_time\" content=\"2018-05-15T23:00:41+00:00\" \/>\n<meta property=\"article:modified_time\" content=\"2018-05-09T07:42:09+00:00\" \/>\n<meta property=\"og:image\" content=\"https:\/\/www.naturparkmagazin.de\/thueringer-schiefergebirge-obere-saale\/wp-content\/uploads\/sites\/13\/fuchs0.png\" \/>\n\t<meta property=\"og:image:width\" content=\"200\" \/>\n\t<meta property=\"og:image:height\" content=\"200\" \/>\n\t<meta property=\"og:image:type\" content=\"image\/png\" \/>\n<meta name=\"author\" content=\"D\u00f6rthe Kirstein\" \/>\n<meta name=\"twitter:label1\" content=\"Verfasst von\" \/>\n\t<meta name=\"twitter:data1\" content=\"D\u00f6rthe Kirstein\" \/>\n\t<meta name=\"twitter:label2\" content=\"Gesch\u00e4tzte Lesezeit\" \/>\n\t<meta name=\"twitter:data2\" content=\"2\u00a0Minuten\" \/>\n<script type=\"application\/ld+json\" class=\"yoast-schema-graph\">{\"@context\":\"https:\/\/schema.org\",\"@graph\":[{\"@type\":\"WebPage\",\"@id\":\"https:\/\/www.naturparkmagazin.de\/thueringer-schiefergebirge-obere-saale\/natur-des-jahres-2018-6\/\",\"url\":\"https:\/\/www.naturparkmagazin.de\/thueringer-schiefergebirge-obere-saale\/natur-des-jahres-2018-6\/\",\"name\":\"Natur des Jahres 2018 - Naturpark Th\u00fcringer Schiefergebirge\/Obere Saale\",\"isPartOf\":{\"@id\":\"https:\/\/www.naturparkmagazin.de\/thueringer-schiefergebirge-obere-saale\/#website\"},\"datePublished\":\"2018-05-15T23:00:41+00:00\",\"dateModified\":\"2018-05-09T07:42:09+00:00\",\"author\":{\"@id\":\"https:\/\/www.naturparkmagazin.de\/thueringer-schiefergebirge-obere-saale\/#\/schema\/person\/2144f2a5876d4b820ee5725f8224a275\"},\"description\":\"Dieser haarige, leider selten gewordene Geselle zeigt sich gleich im Fr\u00fchjahr nach der Winterstarre vor allem an Weidenk\u00e4tzchen - der Gro\u00dfe Fuchs.\",\"breadcrumb\":{\"@id\":\"https:\/\/www.naturparkmagazin.de\/thueringer-schiefergebirge-obere-saale\/natur-des-jahres-2018-6\/#breadcrumb\"},\"inLanguage\":\"de\",\"potentialAction\":[{\"@type\":\"ReadAction\",\"target\":[\"https:\/\/www.naturparkmagazin.de\/thueringer-schiefergebirge-obere-saale\/natur-des-jahres-2018-6\/\"]}]},{\"@type\":\"BreadcrumbList\",\"@id\":\"https:\/\/www.naturparkmagazin.de\/thueringer-schiefergebirge-obere-saale\/natur-des-jahres-2018-6\/#breadcrumb\",\"itemListElement\":[{\"@type\":\"ListItem\",\"position\":1,\"name\":\"Home\",\"item\":\"https:\/\/www.naturparkmagazin.de\/thueringer-schiefergebirge-obere-saale\/\"},{\"@type\":\"ListItem\",\"position\":2,\"name\":\"Natur des Jahres 2018\"}]},{\"@type\":\"WebSite\",\"@id\":\"https:\/\/www.naturparkmagazin.de\/thueringer-schiefergebirge-obere-saale\/#website\",\"url\":\"https:\/\/www.naturparkmagazin.de\/thueringer-schiefergebirge-obere-saale\/\",\"name\":\"Naturpark Th\u00fcringer Schiefergebirge\/Obere Saale\",\"description\":\"\",\"potentialAction\":[{\"@type\":\"SearchAction\",\"target\":{\"@type\":\"EntryPoint\",\"urlTemplate\":\"https:\/\/www.naturparkmagazin.de\/thueringer-schiefergebirge-obere-saale\/?s={search_term_string}\"},\"query-input\":\"required name=search_term_string\"}],\"inLanguage\":\"de\"},{\"@type\":\"Person\",\"@id\":\"https:\/\/www.naturparkmagazin.de\/thueringer-schiefergebirge-obere-saale\/#\/schema\/person\/2144f2a5876d4b820ee5725f8224a275\",\"name\":\"D\u00f6rthe Kirstein\",\"url\":\"https:\/\/www.naturparkmagazin.de\/thueringer-schiefergebirge-obere-saale\/author\/frauhess\/\"}]}<\/script>\n<!-- \/ Yoast SEO plugin. -->","yoast_head_json":{"title":"Natur des Jahres 2018 - Naturpark Th\u00fcringer Schiefergebirge\/Obere Saale","description":"Dieser haarige, leider selten gewordene Geselle zeigt sich gleich im Fr\u00fchjahr nach der Winterstarre vor allem an Weidenk\u00e4tzchen - der Gro\u00dfe Fuchs.","robots":{"index":"index","follow":"follow","max-snippet":"max-snippet:-1","max-image-preview":"max-image-preview:large","max-video-preview":"max-video-preview:-1"},"canonical":"https:\/\/www.naturparkmagazin.de\/thueringer-schiefergebirge-obere-saale\/natur-des-jahres-2018-6\/","og_locale":"de_DE","og_type":"article","og_title":"Natur des Jahres 2018 - Naturpark Th\u00fcringer Schiefergebirge\/Obere Saale","og_description":"Dieser haarige, leider selten gewordene Geselle zeigt sich gleich im Fr\u00fchjahr nach der Winterstarre vor allem an Weidenk\u00e4tzchen - der Gro\u00dfe Fuchs.","og_url":"https:\/\/www.naturparkmagazin.de\/thueringer-schiefergebirge-obere-saale\/natur-des-jahres-2018-6\/","og_site_name":"Naturpark Th\u00fcringer Schiefergebirge\/Obere Saale","article_published_time":"2018-05-15T23:00:41+00:00","article_modified_time":"2018-05-09T07:42:09+00:00","og_image":[{"width":200,"height":200,"url":"https:\/\/www.naturparkmagazin.de\/thueringer-schiefergebirge-obere-saale\/wp-content\/uploads\/sites\/13\/fuchs0.png","type":"image\/png"}],"author":"D\u00f6rthe Kirstein","twitter_misc":{"Verfasst von":"D\u00f6rthe Kirstein","Gesch\u00e4tzte Lesezeit":"2\u00a0Minuten"},"schema":{"@context":"https:\/\/schema.org","@graph":[{"@type":"WebPage","@id":"https:\/\/www.naturparkmagazin.de\/thueringer-schiefergebirge-obere-saale\/natur-des-jahres-2018-6\/","url":"https:\/\/www.naturparkmagazin.de\/thueringer-schiefergebirge-obere-saale\/natur-des-jahres-2018-6\/","name":"Natur des Jahres 2018 - Naturpark Th\u00fcringer Schiefergebirge\/Obere Saale","isPartOf":{"@id":"https:\/\/www.naturparkmagazin.de\/thueringer-schiefergebirge-obere-saale\/#website"},"datePublished":"2018-05-15T23:00:41+00:00","dateModified":"2018-05-09T07:42:09+00:00","author":{"@id":"https:\/\/www.naturparkmagazin.de\/thueringer-schiefergebirge-obere-saale\/#\/schema\/person\/2144f2a5876d4b820ee5725f8224a275"},"description":"Dieser haarige, leider selten gewordene Geselle zeigt sich gleich im Fr\u00fchjahr nach der Winterstarre vor allem an Weidenk\u00e4tzchen - der Gro\u00dfe Fuchs.","breadcrumb":{"@id":"https:\/\/www.naturparkmagazin.de\/thueringer-schiefergebirge-obere-saale\/natur-des-jahres-2018-6\/#breadcrumb"},"inLanguage":"de","potentialAction":[{"@type":"ReadAction","target":["https:\/\/www.naturparkmagazin.de\/thueringer-schiefergebirge-obere-saale\/natur-des-jahres-2018-6\/"]}]},{"@type":"BreadcrumbList","@id":"https:\/\/www.naturparkmagazin.de\/thueringer-schiefergebirge-obere-saale\/natur-des-jahres-2018-6\/#breadcrumb","itemListElement":[{"@type":"ListItem","position":1,"name":"Home","item":"https:\/\/www.naturparkmagazin.de\/thueringer-schiefergebirge-obere-saale\/"},{"@type":"ListItem","position":2,"name":"Natur des Jahres 2018"}]},{"@type":"WebSite","@id":"https:\/\/www.naturparkmagazin.de\/thueringer-schiefergebirge-obere-saale\/#website","url":"https:\/\/www.naturparkmagazin.de\/thueringer-schiefergebirge-obere-saale\/","name":"Naturpark Th\u00fcringer Schiefergebirge\/Obere Saale","description":"","potentialAction":[{"@type":"SearchAction","target":{"@type":"EntryPoint","urlTemplate":"https:\/\/www.naturparkmagazin.de\/thueringer-schiefergebirge-obere-saale\/?s={search_term_string}"},"query-input":"required name=search_term_string"}],"inLanguage":"de"},{"@type":"Person","@id":"https:\/\/www.naturparkmagazin.de\/thueringer-schiefergebirge-obere-saale\/#\/schema\/person\/2144f2a5876d4b820ee5725f8224a275","name":"D\u00f6rthe Kirstein","url":"https:\/\/www.naturparkmagazin.de\/thueringer-schiefergebirge-obere-saale\/author\/frauhess\/"}]}},"_links":{"self":[{"href":"https:\/\/www.naturparkmagazin.de\/thueringer-schiefergebirge-obere-saale\/wp-json\/wp\/v2\/posts\/3003"}],"collection":[{"href":"https:\/\/www.naturparkmagazin.de\/thueringer-schiefergebirge-obere-saale\/wp-json\/wp\/v2\/posts"}],"about":[{"href":"https:\/\/www.naturparkmagazin.de\/thueringer-schiefergebirge-obere-saale\/wp-json\/wp\/v2\/types\/post"}],"author":[{"embeddable":true,"href":"https:\/\/www.naturparkmagazin.de\/thueringer-schiefergebirge-obere-saale\/wp-json\/wp\/v2\/users\/62"}],"replies":[{"embeddable":true,"href":"https:\/\/www.naturparkmagazin.de\/thueringer-schiefergebirge-obere-saale\/wp-json\/wp\/v2\/comments?post=3003"}],"version-history":[{"count":3,"href":"https:\/\/www.naturparkmagazin.de\/thueringer-schiefergebirge-obere-saale\/wp-json\/wp\/v2\/posts\/3003\/revisions"}],"predecessor-version":[{"id":3025,"href":"https:\/\/www.naturparkmagazin.de\/thueringer-schiefergebirge-obere-saale\/wp-json\/wp\/v2\/posts\/3003\/revisions\/3025"}],"wp:featuredmedia":[{"embeddable":true,"href":"https:\/\/www.naturparkmagazin.de\/thueringer-schiefergebirge-obere-saale\/wp-json\/wp\/v2\/media\/3011"}],"wp:attachment":[{"href":"https:\/\/www.naturparkmagazin.de\/thueringer-schiefergebirge-obere-saale\/wp-json\/wp\/v2\/media?parent=3003"}],"wp:term":[{"taxonomy":"category","embeddable":true,"href":"https:\/\/www.naturparkmagazin.de\/thueringer-schiefergebirge-obere-saale\/wp-json\/wp\/v2\/categories?post=3003"},{"taxonomy":"post_tag","embeddable":true,"href":"https:\/\/www.naturparkmagazin.de\/thueringer-schiefergebirge-obere-saale\/wp-json\/wp\/v2\/tags?post=3003"}],"curies":[{"name":"wp","href":"https:\/\/api.w.org\/{rel}","templated":true}]}}