{"id":3083,"date":"2018-07-16T13:50:09","date_gmt":"2018-07-16T11:50:09","guid":{"rendered":"https:\/\/www.naturparkmagazin.de\/thueringer-schiefergebirge-obere-saale\/?p=3083"},"modified":"2018-07-25T14:00:33","modified_gmt":"2018-07-25T12:00:33","slug":"leutenberger-wald-und-wiesenfest-2","status":"publish","type":"post","link":"https:\/\/www.naturparkmagazin.de\/thueringer-schiefergebirge-obere-saale\/leutenberger-wald-und-wiesenfest-2\/","title":{"rendered":"Leutenberger Wald- und Wiesenfest"},"content":{"rendered":"<div id=\"attachment_3084\" style=\"width: 310px\" class=\"wp-caption alignright\"><a href=\"https:\/\/www.naturparkmagazin.de\/thueringer-schiefergebirge-obere-saale\/wp-content\/uploads\/sites\/13\/Wald-und-Wiesenfest-2013-Grit-Lemnitzer-56.jpg\"><img aria-describedby=\"caption-attachment-3084\" decoding=\"async\" loading=\"lazy\" class=\"size-thumbnail wp-image-3084\" src=\"https:\/\/www.naturparkmagazin.de\/thueringer-schiefergebirge-obere-saale\/wp-content\/uploads\/sites\/13\/Wald-und-Wiesenfest-2013-Grit-Lemnitzer-56-300x169.jpg\" alt=\"Wald-und Wiesenfest 2013, Foto von Grit Lemnitzer\" width=\"300\" height=\"169\" srcset=\"https:\/\/www.naturparkmagazin.de\/thueringer-schiefergebirge-obere-saale\/wp-content\/uploads\/sites\/13\/Wald-und-Wiesenfest-2013-Grit-Lemnitzer-56-300x169.jpg 300w, https:\/\/www.naturparkmagazin.de\/thueringer-schiefergebirge-obere-saale\/wp-content\/uploads\/sites\/13\/Wald-und-Wiesenfest-2013-Grit-Lemnitzer-56-620x349.jpg 620w, https:\/\/www.naturparkmagazin.de\/thueringer-schiefergebirge-obere-saale\/wp-content\/uploads\/sites\/13\/Wald-und-Wiesenfest-2013-Grit-Lemnitzer-56-940x529.jpg 940w, https:\/\/www.naturparkmagazin.de\/thueringer-schiefergebirge-obere-saale\/wp-content\/uploads\/sites\/13\/Wald-und-Wiesenfest-2013-Grit-Lemnitzer-56-670x377.jpg 670w, https:\/\/www.naturparkmagazin.de\/thueringer-schiefergebirge-obere-saale\/wp-content\/uploads\/sites\/13\/Wald-und-Wiesenfest-2013-Grit-Lemnitzer-56-200x113.jpg 200w, https:\/\/www.naturparkmagazin.de\/thueringer-schiefergebirge-obere-saale\/wp-content\/uploads\/sites\/13\/Wald-und-Wiesenfest-2013-Grit-Lemnitzer-56.jpg 1920w\" sizes=\"(max-width: 300px) 100vw, 300px\" \/><\/a><p id=\"caption-attachment-3084\" class=\"wp-caption-text\">Wald-und Wiesenfest 2013, Foto von Grit Lemnitzer<\/p><\/div>\n<p><strong>19. August 2018 von 14 &#8211; 18 Uhr<\/strong>\n<strong>Festwiese am Naturpark-Haus<\/strong><\/p>\n<p>Einweihung des neuen Wanderwegenetzes &#8222;Rund um Leutenberg&#8220;\nWanderung \u00fcber die Goldkuppe zum Wald- und Wiesenfest\nStart: 11 Uhr auf dem Bahnhofsvorplatz in Leutenberg\nDie Save Nature Group l\u00e4dt zu einer Rast auf der Rodabergh\u00fctte ein.<\/p>\n<p>&nbsp;<\/p>\n<h3>Unterhaltungsprogramm<\/h3>\n<ul>\n<li>Auftritt der Naturpark-Schule Leutenberg<\/li>\n<li>Auftritt von \u201eHerricht &amp; Preil\u201c<\/li>\n<li>musikalische Unterhaltung durch Bernd Hoffmann und die Leutenberger Sormitzspatzen<\/li>\n<li>Naturpark-Rallye<\/li>\n<li>Wald-Mobil<\/li>\n<li>Frischer Kuchen und Kaffee, Rostbratw\u00fcrste, Rostbr\u00e4tel, Getr\u00e4nke<\/li>\n<li>Gew\u00fcrze und Kr\u00e4uter der Kr\u00e4uterstube Remptendorf<\/li>\n<li>K\u00e4se Leo b\u00e4ckt vor Ort frisches Brot und hat seinen K\u00e4se dabei<\/li>\n<li>Pilzausstellung und -beratung<\/li>\n<li>Foto-Ausstellung von Nicole Kloss<\/li>\n<li>\u201eKisten klettern\u201c mit elan e.V.<\/li>\n<li>Tombola des Tierschutzvereins<\/li>\n<li>verschiedene Bastelaktionen f\u00fcr Gro\u00df und Klein<\/li>\n<li>Kinderschminken mit Feengrotten-Fee<\/li>\n<li>Th\u00fcringer Honig von Familie Wirth<\/li>\n<li>Armbrustschie\u00dfen mit dem Sch\u00fctzenverein<\/li>\n<\/ul>\n<div id=\"attachment_3085\" style=\"width: 310px\" class=\"wp-caption alignleft\"><a href=\"https:\/\/www.naturparkmagazin.de\/thueringer-schiefergebirge-obere-saale\/wp-content\/uploads\/sites\/13\/WWF-2015-Grit-Lemnitzer-19.jpg\"><img aria-describedby=\"caption-attachment-3085\" decoding=\"async\" loading=\"lazy\" class=\"size-thumbnail wp-image-3085\" src=\"https:\/\/www.naturparkmagazin.de\/thueringer-schiefergebirge-obere-saale\/wp-content\/uploads\/sites\/13\/WWF-2015-Grit-Lemnitzer-19-300x169.jpg\" alt=\"Wald- und Wiesenfest 2015, Foto von Grit Lemnitzer\" width=\"300\" height=\"169\" srcset=\"https:\/\/www.naturparkmagazin.de\/thueringer-schiefergebirge-obere-saale\/wp-content\/uploads\/sites\/13\/WWF-2015-Grit-Lemnitzer-19-300x169.jpg 300w, https:\/\/www.naturparkmagazin.de\/thueringer-schiefergebirge-obere-saale\/wp-content\/uploads\/sites\/13\/WWF-2015-Grit-Lemnitzer-19-620x349.jpg 620w, https:\/\/www.naturparkmagazin.de\/thueringer-schiefergebirge-obere-saale\/wp-content\/uploads\/sites\/13\/WWF-2015-Grit-Lemnitzer-19-940x529.jpg 940w, https:\/\/www.naturparkmagazin.de\/thueringer-schiefergebirge-obere-saale\/wp-content\/uploads\/sites\/13\/WWF-2015-Grit-Lemnitzer-19-670x377.jpg 670w, https:\/\/www.naturparkmagazin.de\/thueringer-schiefergebirge-obere-saale\/wp-content\/uploads\/sites\/13\/WWF-2015-Grit-Lemnitzer-19-200x113.jpg 200w, https:\/\/www.naturparkmagazin.de\/thueringer-schiefergebirge-obere-saale\/wp-content\/uploads\/sites\/13\/WWF-2015-Grit-Lemnitzer-19.jpg 1500w\" sizes=\"(max-width: 300px) 100vw, 300px\" \/><\/a><p id=\"caption-attachment-3085\" class=\"wp-caption-text\">Wald- und Wiesenfest 2015, Foto von Grit Lemnitzer<\/p><\/div>\n<p>Das Fest findet im Freien auf der Wiese hinter dem Naturpark-Haus (Wurzbacher Str. 16) statt.\nBitte benutzen Sie den Parkplatz am Netto-Markt. Der Fu\u00dfweg dauert ca. 15 min.\nEs f\u00e4hrt ein Shuttle. Bitte beachten Sie dazu die Aush\u00e4nge.<\/p>\n<p>Die wenigen Parkpl\u00e4tze am Naturpark-Haus (B 90) sind f\u00fcr gehbehinderte G\u00e4ste vorgesehen.\nEs laden herzlich ein: Naturpark Th\u00fcringer Schiefergebirge\/Obere Saale Tel.: 0361\/573925090\nFremdenverkehrsverein und Stadt Leutenberg, Forstamt Saalfeld-Rudolstadt\nWanderung: Th\u00fcringerwald-Verein, Ortsgruppe Leutenberg: 036734\/30478<\/p>\n<p>&nbsp;<\/p>\n","protected":false},"excerpt":{"rendered":"<p>Zur Einweihung des neuen Wanderwegenetzes &#8222;Rund um Leutenberg&#8220; startet am 19. August 2018 um 11.00 Uhr eine Wanderung \u00fcber die Goldkuppe zum Wald- und Wiesenfest.<\/p>\n","protected":false},"author":62,"featured_media":3084,"comment_status":"open","ping_status":"open","sticky":false,"template":"","format":"standard","meta":[],"categories":[617],"tags":[],"yoast_head":"<!-- This site is optimized with the Yoast SEO plugin v19.10 - https:\/\/yoast.com\/wordpress\/plugins\/seo\/ -->\n<title>Leutenberger Wald- und Wiesenfest - Naturpark Th\u00fcringer Schiefergebirge\/Obere Saale<\/title>\n<meta name=\"description\" content=\"Zur Einweihung des neuen Wanderwegenetzes &quot;Rund um Leutenberg&quot; startet am 19. August 2018 um 11.00 Uhr eine Wanderung \u00fcber die Goldkuppe zum Wald- und Wiesenfest.\" \/>\n<meta name=\"robots\" content=\"index, follow, max-snippet:-1, max-image-preview:large, max-video-preview:-1\" \/>\n<link rel=\"canonical\" href=\"https:\/\/www.naturparkmagazin.de\/thueringer-schiefergebirge-obere-saale\/leutenberger-wald-und-wiesenfest-2\/\" \/>\n<meta property=\"og:locale\" content=\"de_DE\" \/>\n<meta property=\"og:type\" content=\"article\" \/>\n<meta property=\"og:title\" content=\"Leutenberger Wald- und Wiesenfest - Naturpark Th\u00fcringer Schiefergebirge\/Obere Saale\" \/>\n<meta property=\"og:description\" content=\"Zur Einweihung des neuen Wanderwegenetzes &quot;Rund um Leutenberg&quot; startet am 19. August 2018 um 11.00 Uhr eine Wanderung \u00fcber die Goldkuppe zum Wald- und Wiesenfest.\" \/>\n<meta property=\"og:url\" content=\"https:\/\/www.naturparkmagazin.de\/thueringer-schiefergebirge-obere-saale\/leutenberger-wald-und-wiesenfest-2\/\" \/>\n<meta property=\"og:site_name\" content=\"Naturpark Th\u00fcringer Schiefergebirge\/Obere Saale\" \/>\n<meta property=\"article:published_time\" content=\"2018-07-16T11:50:09+00:00\" \/>\n<meta property=\"article:modified_time\" content=\"2018-07-25T12:00:33+00:00\" \/>\n<meta property=\"og:image\" content=\"https:\/\/www.naturparkmagazin.de\/thueringer-schiefergebirge-obere-saale\/wp-content\/uploads\/sites\/13\/Wald-und-Wiesenfest-2013-Grit-Lemnitzer-56.jpg\" \/>\n\t<meta property=\"og:image:width\" content=\"1920\" \/>\n\t<meta property=\"og:image:height\" content=\"1080\" \/>\n\t<meta property=\"og:image:type\" content=\"image\/jpeg\" \/>\n<meta name=\"author\" content=\"D\u00f6rthe Kirstein\" \/>\n<meta name=\"twitter:label1\" content=\"Verfasst von\" \/>\n\t<meta name=\"twitter:data1\" content=\"D\u00f6rthe Kirstein\" \/>\n\t<meta name=\"twitter:label2\" content=\"Gesch\u00e4tzte Lesezeit\" \/>\n\t<meta name=\"twitter:data2\" content=\"1\u00a0Minute\" \/>\n<script type=\"application\/ld+json\" class=\"yoast-schema-graph\">{\"@context\":\"https:\/\/schema.org\",\"@graph\":[{\"@type\":\"WebPage\",\"@id\":\"https:\/\/www.naturparkmagazin.de\/thueringer-schiefergebirge-obere-saale\/leutenberger-wald-und-wiesenfest-2\/\",\"url\":\"https:\/\/www.naturparkmagazin.de\/thueringer-schiefergebirge-obere-saale\/leutenberger-wald-und-wiesenfest-2\/\",\"name\":\"Leutenberger Wald- und Wiesenfest - Naturpark Th\u00fcringer Schiefergebirge\/Obere Saale\",\"isPartOf\":{\"@id\":\"https:\/\/www.naturparkmagazin.de\/thueringer-schiefergebirge-obere-saale\/#website\"},\"datePublished\":\"2018-07-16T11:50:09+00:00\",\"dateModified\":\"2018-07-25T12:00:33+00:00\",\"author\":{\"@id\":\"https:\/\/www.naturparkmagazin.de\/thueringer-schiefergebirge-obere-saale\/#\/schema\/person\/2144f2a5876d4b820ee5725f8224a275\"},\"description\":\"Zur Einweihung des neuen Wanderwegenetzes \\\"Rund um Leutenberg\\\" startet am 19. August 2018 um 11.00 Uhr eine Wanderung \u00fcber die Goldkuppe zum Wald- und Wiesenfest.\",\"breadcrumb\":{\"@id\":\"https:\/\/www.naturparkmagazin.de\/thueringer-schiefergebirge-obere-saale\/leutenberger-wald-und-wiesenfest-2\/#breadcrumb\"},\"inLanguage\":\"de\",\"potentialAction\":[{\"@type\":\"ReadAction\",\"target\":[\"https:\/\/www.naturparkmagazin.de\/thueringer-schiefergebirge-obere-saale\/leutenberger-wald-und-wiesenfest-2\/\"]}]},{\"@type\":\"BreadcrumbList\",\"@id\":\"https:\/\/www.naturparkmagazin.de\/thueringer-schiefergebirge-obere-saale\/leutenberger-wald-und-wiesenfest-2\/#breadcrumb\",\"itemListElement\":[{\"@type\":\"ListItem\",\"position\":1,\"name\":\"Home\",\"item\":\"https:\/\/www.naturparkmagazin.de\/thueringer-schiefergebirge-obere-saale\/\"},{\"@type\":\"ListItem\",\"position\":2,\"name\":\"Leutenberger Wald- und Wiesenfest\"}]},{\"@type\":\"WebSite\",\"@id\":\"https:\/\/www.naturparkmagazin.de\/thueringer-schiefergebirge-obere-saale\/#website\",\"url\":\"https:\/\/www.naturparkmagazin.de\/thueringer-schiefergebirge-obere-saale\/\",\"name\":\"Naturpark Th\u00fcringer Schiefergebirge\/Obere Saale\",\"description\":\"\",\"potentialAction\":[{\"@type\":\"SearchAction\",\"target\":{\"@type\":\"EntryPoint\",\"urlTemplate\":\"https:\/\/www.naturparkmagazin.de\/thueringer-schiefergebirge-obere-saale\/?s={search_term_string}\"},\"query-input\":\"required name=search_term_string\"}],\"inLanguage\":\"de\"},{\"@type\":\"Person\",\"@id\":\"https:\/\/www.naturparkmagazin.de\/thueringer-schiefergebirge-obere-saale\/#\/schema\/person\/2144f2a5876d4b820ee5725f8224a275\",\"name\":\"D\u00f6rthe Kirstein\",\"url\":\"https:\/\/www.naturparkmagazin.de\/thueringer-schiefergebirge-obere-saale\/author\/frauhess\/\"}]}<\/script>\n<!-- \/ Yoast SEO plugin. -->","yoast_head_json":{"title":"Leutenberger Wald- und Wiesenfest - Naturpark Th\u00fcringer Schiefergebirge\/Obere Saale","description":"Zur Einweihung des neuen Wanderwegenetzes \"Rund um Leutenberg\" startet am 19. August 2018 um 11.00 Uhr eine Wanderung \u00fcber die Goldkuppe zum Wald- und Wiesenfest.","robots":{"index":"index","follow":"follow","max-snippet":"max-snippet:-1","max-image-preview":"max-image-preview:large","max-video-preview":"max-video-preview:-1"},"canonical":"https:\/\/www.naturparkmagazin.de\/thueringer-schiefergebirge-obere-saale\/leutenberger-wald-und-wiesenfest-2\/","og_locale":"de_DE","og_type":"article","og_title":"Leutenberger Wald- und Wiesenfest - Naturpark Th\u00fcringer Schiefergebirge\/Obere Saale","og_description":"Zur Einweihung des neuen Wanderwegenetzes \"Rund um Leutenberg\" startet am 19. August 2018 um 11.00 Uhr eine Wanderung \u00fcber die Goldkuppe zum Wald- und Wiesenfest.","og_url":"https:\/\/www.naturparkmagazin.de\/thueringer-schiefergebirge-obere-saale\/leutenberger-wald-und-wiesenfest-2\/","og_site_name":"Naturpark Th\u00fcringer Schiefergebirge\/Obere Saale","article_published_time":"2018-07-16T11:50:09+00:00","article_modified_time":"2018-07-25T12:00:33+00:00","og_image":[{"width":1920,"height":1080,"url":"https:\/\/www.naturparkmagazin.de\/thueringer-schiefergebirge-obere-saale\/wp-content\/uploads\/sites\/13\/Wald-und-Wiesenfest-2013-Grit-Lemnitzer-56.jpg","type":"image\/jpeg"}],"author":"D\u00f6rthe Kirstein","twitter_misc":{"Verfasst von":"D\u00f6rthe Kirstein","Gesch\u00e4tzte Lesezeit":"1\u00a0Minute"},"schema":{"@context":"https:\/\/schema.org","@graph":[{"@type":"WebPage","@id":"https:\/\/www.naturparkmagazin.de\/thueringer-schiefergebirge-obere-saale\/leutenberger-wald-und-wiesenfest-2\/","url":"https:\/\/www.naturparkmagazin.de\/thueringer-schiefergebirge-obere-saale\/leutenberger-wald-und-wiesenfest-2\/","name":"Leutenberger Wald- und Wiesenfest - Naturpark Th\u00fcringer Schiefergebirge\/Obere Saale","isPartOf":{"@id":"https:\/\/www.naturparkmagazin.de\/thueringer-schiefergebirge-obere-saale\/#website"},"datePublished":"2018-07-16T11:50:09+00:00","dateModified":"2018-07-25T12:00:33+00:00","author":{"@id":"https:\/\/www.naturparkmagazin.de\/thueringer-schiefergebirge-obere-saale\/#\/schema\/person\/2144f2a5876d4b820ee5725f8224a275"},"description":"Zur Einweihung des neuen Wanderwegenetzes \"Rund um Leutenberg\" startet am 19. August 2018 um 11.00 Uhr eine Wanderung \u00fcber die Goldkuppe zum Wald- und Wiesenfest.","breadcrumb":{"@id":"https:\/\/www.naturparkmagazin.de\/thueringer-schiefergebirge-obere-saale\/leutenberger-wald-und-wiesenfest-2\/#breadcrumb"},"inLanguage":"de","potentialAction":[{"@type":"ReadAction","target":["https:\/\/www.naturparkmagazin.de\/thueringer-schiefergebirge-obere-saale\/leutenberger-wald-und-wiesenfest-2\/"]}]},{"@type":"BreadcrumbList","@id":"https:\/\/www.naturparkmagazin.de\/thueringer-schiefergebirge-obere-saale\/leutenberger-wald-und-wiesenfest-2\/#breadcrumb","itemListElement":[{"@type":"ListItem","position":1,"name":"Home","item":"https:\/\/www.naturparkmagazin.de\/thueringer-schiefergebirge-obere-saale\/"},{"@type":"ListItem","position":2,"name":"Leutenberger Wald- und Wiesenfest"}]},{"@type":"WebSite","@id":"https:\/\/www.naturparkmagazin.de\/thueringer-schiefergebirge-obere-saale\/#website","url":"https:\/\/www.naturparkmagazin.de\/thueringer-schiefergebirge-obere-saale\/","name":"Naturpark Th\u00fcringer Schiefergebirge\/Obere Saale","description":"","potentialAction":[{"@type":"SearchAction","target":{"@type":"EntryPoint","urlTemplate":"https:\/\/www.naturparkmagazin.de\/thueringer-schiefergebirge-obere-saale\/?s={search_term_string}"},"query-input":"required name=search_term_string"}],"inLanguage":"de"},{"@type":"Person","@id":"https:\/\/www.naturparkmagazin.de\/thueringer-schiefergebirge-obere-saale\/#\/schema\/person\/2144f2a5876d4b820ee5725f8224a275","name":"D\u00f6rthe Kirstein","url":"https:\/\/www.naturparkmagazin.de\/thueringer-schiefergebirge-obere-saale\/author\/frauhess\/"}]}},"_links":{"self":[{"href":"https:\/\/www.naturparkmagazin.de\/thueringer-schiefergebirge-obere-saale\/wp-json\/wp\/v2\/posts\/3083"}],"collection":[{"href":"https:\/\/www.naturparkmagazin.de\/thueringer-schiefergebirge-obere-saale\/wp-json\/wp\/v2\/posts"}],"about":[{"href":"https:\/\/www.naturparkmagazin.de\/thueringer-schiefergebirge-obere-saale\/wp-json\/wp\/v2\/types\/post"}],"author":[{"embeddable":true,"href":"https:\/\/www.naturparkmagazin.de\/thueringer-schiefergebirge-obere-saale\/wp-json\/wp\/v2\/users\/62"}],"replies":[{"embeddable":true,"href":"https:\/\/www.naturparkmagazin.de\/thueringer-schiefergebirge-obere-saale\/wp-json\/wp\/v2\/comments?post=3083"}],"version-history":[{"count":11,"href":"https:\/\/www.naturparkmagazin.de\/thueringer-schiefergebirge-obere-saale\/wp-json\/wp\/v2\/posts\/3083\/revisions"}],"predecessor-version":[{"id":3113,"href":"https:\/\/www.naturparkmagazin.de\/thueringer-schiefergebirge-obere-saale\/wp-json\/wp\/v2\/posts\/3083\/revisions\/3113"}],"wp:featuredmedia":[{"embeddable":true,"href":"https:\/\/www.naturparkmagazin.de\/thueringer-schiefergebirge-obere-saale\/wp-json\/wp\/v2\/media\/3084"}],"wp:attachment":[{"href":"https:\/\/www.naturparkmagazin.de\/thueringer-schiefergebirge-obere-saale\/wp-json\/wp\/v2\/media?parent=3083"}],"wp:term":[{"taxonomy":"category","embeddable":true,"href":"https:\/\/www.naturparkmagazin.de\/thueringer-schiefergebirge-obere-saale\/wp-json\/wp\/v2\/categories?post=3083"},{"taxonomy":"post_tag","embeddable":true,"href":"https:\/\/www.naturparkmagazin.de\/thueringer-schiefergebirge-obere-saale\/wp-json\/wp\/v2\/tags?post=3083"}],"curies":[{"name":"wp","href":"https:\/\/api.w.org\/{rel}","templated":true}]}}