{"id":3217,"date":"2019-01-16T02:00:21","date_gmt":"2019-01-16T01:00:21","guid":{"rendered":"https:\/\/www.naturparkmagazin.de\/thueringer-schiefergebirge-obere-saale\/?p=3217"},"modified":"2019-01-23T08:32:51","modified_gmt":"2019-01-23T07:32:51","slug":"natur-des-jahres-2019-2","status":"publish","type":"post","link":"https:\/\/www.naturparkmagazin.de\/thueringer-schiefergebirge-obere-saale\/natur-des-jahres-2019-2\/","title":{"rendered":"Natur des Jahres 2019"},"content":{"rendered":"<div id=\"attachment_3221\" style=\"width: 310px\" class=\"wp-caption alignright\"><a href=\"https:\/\/www.naturparkmagazin.de\/thueringer-schiefergebirge-obere-saale\/wp-content\/uploads\/sites\/13\/reh1.png\"><img aria-describedby=\"caption-attachment-3221\" decoding=\"async\" loading=\"lazy\" class=\"size-thumbnail wp-image-3221\" src=\"https:\/\/www.naturparkmagazin.de\/thueringer-schiefergebirge-obere-saale\/wp-content\/uploads\/sites\/13\/reh1-300x232.png\" alt=\"Reh\/Wikipedia Marek Szczepanek\" width=\"300\" height=\"232\" srcset=\"https:\/\/www.naturparkmagazin.de\/thueringer-schiefergebirge-obere-saale\/wp-content\/uploads\/sites\/13\/reh1-300x232.png 300w, https:\/\/www.naturparkmagazin.de\/thueringer-schiefergebirge-obere-saale\/wp-content\/uploads\/sites\/13\/reh1.png 500w, https:\/\/www.naturparkmagazin.de\/thueringer-schiefergebirge-obere-saale\/wp-content\/uploads\/sites\/13\/reh1-200x155.png 200w\" sizes=\"(max-width: 300px) 100vw, 300px\" \/><\/a><p id=\"caption-attachment-3221\" class=\"wp-caption-text\">Reh\/Wikipedia Marek Szczepanek<\/p><\/div>\n<p><strong>Das Reh \u2013 Wildtier des Jahres 2019\n<\/strong><em>(Capreolus capreolus)<\/em><\/p>\n<p>Das Reh ist uns vermeintlich bestens bekannt. Gerade in der kalten Jahreszeit sind Rehe auf Feldern und an Waldr\u00e4ndern h\u00e4ufig zu beobachten. Doch wieviel wissen wir tats\u00e4chlich \u00fcber diese heimische Tierart? Nicht umsonst ist es zum Wildtier des Jahres 2019 auserkoren worden. Abgesehen von interessanten Fakten zu Aussehen, Lebensweise und Verhalten m\u00f6chte man auf die Probleme rund um den Lebensraum von Rehen aufmerksam machen.<\/p>\n<p>Das Europ\u00e4ische Reh ist die h\u00e4ufigste und kleinste Art der Hirsche des Kontinents. Jeder kennt das Bild von aufgeschreckten und in schnellen Spr\u00fcngen davonrennenden Rehen \u2013 ruckzuck befinden sie sich gut getarnt im Dickicht. Daran ist die keilf\u00f6rmige K\u00f6rperform, die ein fast lautloses Durchwinden dichter Vegetation erm\u00f6glicht, perfekt angepasst. Zudem sind Rehe ausgesprochen gute \u201eSp\u00fcrnasen\u201c. Sie orientieren sich anhand von Duftreizen und k\u00f6nnen Menschen schon aus 400 Metern Entfernung wahrnehmen. Die Nasenschleimhaut ist \u00fcberzogen von einem ganzen Netz aus Riechzellen, man spricht von circa 320 Millionen! Daher geh\u00f6ren Rehe zu den sogenannten Makrosmatikern \u2013 Lebewesen, bei denen der Geruchssinn ausgesprochen stark entwickelt ist.<\/p>\n<div id=\"attachment_3219\" style=\"width: 310px\" class=\"wp-caption alignleft\"><a href=\"https:\/\/www.naturparkmagazin.de\/thueringer-schiefergebirge-obere-saale\/wp-content\/uploads\/sites\/13\/reh2.png\"><img aria-describedby=\"caption-attachment-3219\" decoding=\"async\" loading=\"lazy\" class=\"size-thumbnail wp-image-3219\" src=\"https:\/\/www.naturparkmagazin.de\/thueringer-schiefergebirge-obere-saale\/wp-content\/uploads\/sites\/13\/reh2-300x200.png\" alt=\"Reh\/Wikipedia Vera Buhl\" width=\"300\" height=\"200\" srcset=\"https:\/\/www.naturparkmagazin.de\/thueringer-schiefergebirge-obere-saale\/wp-content\/uploads\/sites\/13\/reh2-300x200.png 300w, https:\/\/www.naturparkmagazin.de\/thueringer-schiefergebirge-obere-saale\/wp-content\/uploads\/sites\/13\/reh2.png 500w, https:\/\/www.naturparkmagazin.de\/thueringer-schiefergebirge-obere-saale\/wp-content\/uploads\/sites\/13\/reh2-200x133.png 200w\" sizes=\"(max-width: 300px) 100vw, 300px\" \/><\/a><p id=\"caption-attachment-3219\" class=\"wp-caption-text\">Reh\/Wikipedia Vera Buhl<\/p><\/div>\n<p>Typische Lebensr\u00e4ume sind W\u00e4lder und die Feldflur \u2013 und in beiden kommt es zu Konflikten mit dem Menschen: Sind es im Wald die J\u00e4ger, die Rehe aufgrund des Verbisses von Jungb\u00e4umen verfolgen, droht insbesondere Rehkitzen im offenen Gr\u00fcnland Gefahr durch Grasmahd. Dabei werden Kitze oft get\u00f6tet oder verst\u00fcmmelt. \u201eWiesen d\u00fcrfen nicht l\u00e4nger zur Todesfalle f\u00fcr die Rehkitze werden\u201c, so der Gesch\u00e4ftsf\u00fchrer der Deutschen Wildtier Stiftung. Und dabei betrifft es nicht nur Rehe, sondern auch Feldhase, Feldlerche und Wiesenweihe, die unter einer fr\u00fchen Mahd zu leiden haben. Eine Wiesenmahd Anfang Juli w\u00fcrde also nicht nur Rehkitze retten, sondern auch die Gelege und K\u00fcken von hoch bedrohten Vogelarten. Allein in Deutschland wird der Umfang der Wildtierverluste durch die Gr\u00fcnlandbewirtschaftung auf 500.000 Individuen gesch\u00e4tzt, davon ca. 90.000 Rehkitze. Es gibt zahlreiche M\u00f6glichkeiten, um den M\u00e4htod zu unterbinden: Eine nicht zu niedrige Schnitth\u00f6he, eine von innen nach au\u00dfen gerichtete Mahd, die Verwendung von Messerbalken-M\u00e4hwerken anstelle von Rotationsm\u00e4hwerken sowie Rehe einen Tag vor der Mahd verblenden, also mit Blinklichtern oder raschelnden Plastiks\u00e4cken aufscheuchen und vertreiben. Eine Aufgabe des Naturparks Th\u00fcringer Schiefergebirge\/Obere Saale ist es, Landwirte zu sensibilisieren, um Wildtiere wie das Reh, bodenbr\u00fctende Vogelarten und Reptilien vor dem M\u00e4htod zu bewahren.<\/p>\n<p>Autor Susen Reuter<\/p>\n<p>&nbsp;<\/p>\n","protected":false},"excerpt":{"rendered":"<p>Trotz guter Anpassung an die Umwelt und guter Sp\u00fcrnase &#8211; der Rasenm\u00e4her z\u00e4hlt mit zur h\u00e4ufigsten Todesursache dieses Tieres &#8211; das Reh.<\/p>\n","protected":false},"author":62,"featured_media":3220,"comment_status":"open","ping_status":"open","sticky":false,"template":"","format":"standard","meta":[],"categories":[7],"tags":[],"yoast_head":"<!-- This site is optimized with the Yoast SEO plugin v19.10 - https:\/\/yoast.com\/wordpress\/plugins\/seo\/ -->\n<title>Natur des Jahres 2019 - Naturpark Th\u00fcringer Schiefergebirge\/Obere Saale<\/title>\n<meta name=\"description\" content=\"Trotz guter Anpassung an die Umwelt und guter Sp\u00fcrnase - der Rasenm\u00e4her z\u00e4hlt mit zur h\u00e4ufigsten Todesursache dieses Tieres - das Reh.\" \/>\n<meta name=\"robots\" content=\"index, follow, max-snippet:-1, max-image-preview:large, max-video-preview:-1\" \/>\n<link rel=\"canonical\" href=\"https:\/\/www.naturparkmagazin.de\/thueringer-schiefergebirge-obere-saale\/natur-des-jahres-2019-2\/\" \/>\n<meta property=\"og:locale\" content=\"de_DE\" \/>\n<meta property=\"og:type\" content=\"article\" \/>\n<meta property=\"og:title\" content=\"Natur des Jahres 2019 - Naturpark Th\u00fcringer Schiefergebirge\/Obere Saale\" \/>\n<meta property=\"og:description\" content=\"Trotz guter Anpassung an die Umwelt und guter Sp\u00fcrnase - der Rasenm\u00e4her z\u00e4hlt mit zur h\u00e4ufigsten Todesursache dieses Tieres - das Reh.\" \/>\n<meta property=\"og:url\" content=\"https:\/\/www.naturparkmagazin.de\/thueringer-schiefergebirge-obere-saale\/natur-des-jahres-2019-2\/\" \/>\n<meta property=\"og:site_name\" content=\"Naturpark Th\u00fcringer Schiefergebirge\/Obere Saale\" \/>\n<meta property=\"article:published_time\" content=\"2019-01-16T01:00:21+00:00\" \/>\n<meta property=\"article:modified_time\" content=\"2019-01-23T07:32:51+00:00\" \/>\n<meta property=\"og:image\" content=\"https:\/\/www.naturparkmagazin.de\/thueringer-schiefergebirge-obere-saale\/wp-content\/uploads\/sites\/13\/reh0.png\" \/>\n\t<meta property=\"og:image:width\" content=\"200\" \/>\n\t<meta property=\"og:image:height\" content=\"200\" \/>\n\t<meta property=\"og:image:type\" content=\"image\/png\" \/>\n<meta name=\"author\" content=\"D\u00f6rthe Kirstein\" \/>\n<meta name=\"twitter:label1\" content=\"Verfasst von\" \/>\n\t<meta name=\"twitter:data1\" content=\"D\u00f6rthe Kirstein\" \/>\n\t<meta name=\"twitter:label2\" content=\"Gesch\u00e4tzte Lesezeit\" \/>\n\t<meta name=\"twitter:data2\" content=\"2\u00a0Minuten\" \/>\n<script type=\"application\/ld+json\" class=\"yoast-schema-graph\">{\"@context\":\"https:\/\/schema.org\",\"@graph\":[{\"@type\":\"WebPage\",\"@id\":\"https:\/\/www.naturparkmagazin.de\/thueringer-schiefergebirge-obere-saale\/natur-des-jahres-2019-2\/\",\"url\":\"https:\/\/www.naturparkmagazin.de\/thueringer-schiefergebirge-obere-saale\/natur-des-jahres-2019-2\/\",\"name\":\"Natur des Jahres 2019 - Naturpark Th\u00fcringer Schiefergebirge\/Obere Saale\",\"isPartOf\":{\"@id\":\"https:\/\/www.naturparkmagazin.de\/thueringer-schiefergebirge-obere-saale\/#website\"},\"datePublished\":\"2019-01-16T01:00:21+00:00\",\"dateModified\":\"2019-01-23T07:32:51+00:00\",\"author\":{\"@id\":\"https:\/\/www.naturparkmagazin.de\/thueringer-schiefergebirge-obere-saale\/#\/schema\/person\/2144f2a5876d4b820ee5725f8224a275\"},\"description\":\"Trotz guter Anpassung an die Umwelt und guter Sp\u00fcrnase - der Rasenm\u00e4her z\u00e4hlt mit zur h\u00e4ufigsten Todesursache dieses Tieres - das Reh.\",\"breadcrumb\":{\"@id\":\"https:\/\/www.naturparkmagazin.de\/thueringer-schiefergebirge-obere-saale\/natur-des-jahres-2019-2\/#breadcrumb\"},\"inLanguage\":\"de\",\"potentialAction\":[{\"@type\":\"ReadAction\",\"target\":[\"https:\/\/www.naturparkmagazin.de\/thueringer-schiefergebirge-obere-saale\/natur-des-jahres-2019-2\/\"]}]},{\"@type\":\"BreadcrumbList\",\"@id\":\"https:\/\/www.naturparkmagazin.de\/thueringer-schiefergebirge-obere-saale\/natur-des-jahres-2019-2\/#breadcrumb\",\"itemListElement\":[{\"@type\":\"ListItem\",\"position\":1,\"name\":\"Home\",\"item\":\"https:\/\/www.naturparkmagazin.de\/thueringer-schiefergebirge-obere-saale\/\"},{\"@type\":\"ListItem\",\"position\":2,\"name\":\"Natur des Jahres 2019\"}]},{\"@type\":\"WebSite\",\"@id\":\"https:\/\/www.naturparkmagazin.de\/thueringer-schiefergebirge-obere-saale\/#website\",\"url\":\"https:\/\/www.naturparkmagazin.de\/thueringer-schiefergebirge-obere-saale\/\",\"name\":\"Naturpark Th\u00fcringer Schiefergebirge\/Obere Saale\",\"description\":\"\",\"potentialAction\":[{\"@type\":\"SearchAction\",\"target\":{\"@type\":\"EntryPoint\",\"urlTemplate\":\"https:\/\/www.naturparkmagazin.de\/thueringer-schiefergebirge-obere-saale\/?s={search_term_string}\"},\"query-input\":\"required name=search_term_string\"}],\"inLanguage\":\"de\"},{\"@type\":\"Person\",\"@id\":\"https:\/\/www.naturparkmagazin.de\/thueringer-schiefergebirge-obere-saale\/#\/schema\/person\/2144f2a5876d4b820ee5725f8224a275\",\"name\":\"D\u00f6rthe Kirstein\",\"url\":\"https:\/\/www.naturparkmagazin.de\/thueringer-schiefergebirge-obere-saale\/author\/frauhess\/\"}]}<\/script>\n<!-- \/ Yoast SEO plugin. -->","yoast_head_json":{"title":"Natur des Jahres 2019 - Naturpark Th\u00fcringer Schiefergebirge\/Obere Saale","description":"Trotz guter Anpassung an die Umwelt und guter Sp\u00fcrnase - der Rasenm\u00e4her z\u00e4hlt mit zur h\u00e4ufigsten Todesursache dieses Tieres - das Reh.","robots":{"index":"index","follow":"follow","max-snippet":"max-snippet:-1","max-image-preview":"max-image-preview:large","max-video-preview":"max-video-preview:-1"},"canonical":"https:\/\/www.naturparkmagazin.de\/thueringer-schiefergebirge-obere-saale\/natur-des-jahres-2019-2\/","og_locale":"de_DE","og_type":"article","og_title":"Natur des Jahres 2019 - Naturpark Th\u00fcringer Schiefergebirge\/Obere Saale","og_description":"Trotz guter Anpassung an die Umwelt und guter Sp\u00fcrnase - der Rasenm\u00e4her z\u00e4hlt mit zur h\u00e4ufigsten Todesursache dieses Tieres - das Reh.","og_url":"https:\/\/www.naturparkmagazin.de\/thueringer-schiefergebirge-obere-saale\/natur-des-jahres-2019-2\/","og_site_name":"Naturpark Th\u00fcringer Schiefergebirge\/Obere Saale","article_published_time":"2019-01-16T01:00:21+00:00","article_modified_time":"2019-01-23T07:32:51+00:00","og_image":[{"width":200,"height":200,"url":"https:\/\/www.naturparkmagazin.de\/thueringer-schiefergebirge-obere-saale\/wp-content\/uploads\/sites\/13\/reh0.png","type":"image\/png"}],"author":"D\u00f6rthe Kirstein","twitter_misc":{"Verfasst von":"D\u00f6rthe Kirstein","Gesch\u00e4tzte Lesezeit":"2\u00a0Minuten"},"schema":{"@context":"https:\/\/schema.org","@graph":[{"@type":"WebPage","@id":"https:\/\/www.naturparkmagazin.de\/thueringer-schiefergebirge-obere-saale\/natur-des-jahres-2019-2\/","url":"https:\/\/www.naturparkmagazin.de\/thueringer-schiefergebirge-obere-saale\/natur-des-jahres-2019-2\/","name":"Natur des Jahres 2019 - Naturpark Th\u00fcringer Schiefergebirge\/Obere Saale","isPartOf":{"@id":"https:\/\/www.naturparkmagazin.de\/thueringer-schiefergebirge-obere-saale\/#website"},"datePublished":"2019-01-16T01:00:21+00:00","dateModified":"2019-01-23T07:32:51+00:00","author":{"@id":"https:\/\/www.naturparkmagazin.de\/thueringer-schiefergebirge-obere-saale\/#\/schema\/person\/2144f2a5876d4b820ee5725f8224a275"},"description":"Trotz guter Anpassung an die Umwelt und guter Sp\u00fcrnase - der Rasenm\u00e4her z\u00e4hlt mit zur h\u00e4ufigsten Todesursache dieses Tieres - das Reh.","breadcrumb":{"@id":"https:\/\/www.naturparkmagazin.de\/thueringer-schiefergebirge-obere-saale\/natur-des-jahres-2019-2\/#breadcrumb"},"inLanguage":"de","potentialAction":[{"@type":"ReadAction","target":["https:\/\/www.naturparkmagazin.de\/thueringer-schiefergebirge-obere-saale\/natur-des-jahres-2019-2\/"]}]},{"@type":"BreadcrumbList","@id":"https:\/\/www.naturparkmagazin.de\/thueringer-schiefergebirge-obere-saale\/natur-des-jahres-2019-2\/#breadcrumb","itemListElement":[{"@type":"ListItem","position":1,"name":"Home","item":"https:\/\/www.naturparkmagazin.de\/thueringer-schiefergebirge-obere-saale\/"},{"@type":"ListItem","position":2,"name":"Natur des Jahres 2019"}]},{"@type":"WebSite","@id":"https:\/\/www.naturparkmagazin.de\/thueringer-schiefergebirge-obere-saale\/#website","url":"https:\/\/www.naturparkmagazin.de\/thueringer-schiefergebirge-obere-saale\/","name":"Naturpark Th\u00fcringer Schiefergebirge\/Obere Saale","description":"","potentialAction":[{"@type":"SearchAction","target":{"@type":"EntryPoint","urlTemplate":"https:\/\/www.naturparkmagazin.de\/thueringer-schiefergebirge-obere-saale\/?s={search_term_string}"},"query-input":"required name=search_term_string"}],"inLanguage":"de"},{"@type":"Person","@id":"https:\/\/www.naturparkmagazin.de\/thueringer-schiefergebirge-obere-saale\/#\/schema\/person\/2144f2a5876d4b820ee5725f8224a275","name":"D\u00f6rthe Kirstein","url":"https:\/\/www.naturparkmagazin.de\/thueringer-schiefergebirge-obere-saale\/author\/frauhess\/"}]}},"_links":{"self":[{"href":"https:\/\/www.naturparkmagazin.de\/thueringer-schiefergebirge-obere-saale\/wp-json\/wp\/v2\/posts\/3217"}],"collection":[{"href":"https:\/\/www.naturparkmagazin.de\/thueringer-schiefergebirge-obere-saale\/wp-json\/wp\/v2\/posts"}],"about":[{"href":"https:\/\/www.naturparkmagazin.de\/thueringer-schiefergebirge-obere-saale\/wp-json\/wp\/v2\/types\/post"}],"author":[{"embeddable":true,"href":"https:\/\/www.naturparkmagazin.de\/thueringer-schiefergebirge-obere-saale\/wp-json\/wp\/v2\/users\/62"}],"replies":[{"embeddable":true,"href":"https:\/\/www.naturparkmagazin.de\/thueringer-schiefergebirge-obere-saale\/wp-json\/wp\/v2\/comments?post=3217"}],"version-history":[{"count":3,"href":"https:\/\/www.naturparkmagazin.de\/thueringer-schiefergebirge-obere-saale\/wp-json\/wp\/v2\/posts\/3217\/revisions"}],"predecessor-version":[{"id":3224,"href":"https:\/\/www.naturparkmagazin.de\/thueringer-schiefergebirge-obere-saale\/wp-json\/wp\/v2\/posts\/3217\/revisions\/3224"}],"wp:featuredmedia":[{"embeddable":true,"href":"https:\/\/www.naturparkmagazin.de\/thueringer-schiefergebirge-obere-saale\/wp-json\/wp\/v2\/media\/3220"}],"wp:attachment":[{"href":"https:\/\/www.naturparkmagazin.de\/thueringer-schiefergebirge-obere-saale\/wp-json\/wp\/v2\/media?parent=3217"}],"wp:term":[{"taxonomy":"category","embeddable":true,"href":"https:\/\/www.naturparkmagazin.de\/thueringer-schiefergebirge-obere-saale\/wp-json\/wp\/v2\/categories?post=3217"},{"taxonomy":"post_tag","embeddable":true,"href":"https:\/\/www.naturparkmagazin.de\/thueringer-schiefergebirge-obere-saale\/wp-json\/wp\/v2\/tags?post=3217"}],"curies":[{"name":"wp","href":"https:\/\/api.w.org\/{rel}","templated":true}]}}