{"id":3279,"date":"2019-03-18T13:00:57","date_gmt":"2019-03-18T12:00:57","guid":{"rendered":"https:\/\/www.naturparkmagazin.de\/thueringer-schiefergebirge-obere-saale\/?p=3279"},"modified":"2019-03-18T14:00:40","modified_gmt":"2019-03-18T13:00:40","slug":"kulturdenkmal-des-jahres-2019","status":"publish","type":"post","link":"https:\/\/www.naturparkmagazin.de\/thueringer-schiefergebirge-obere-saale\/kulturdenkmal-des-jahres-2019\/","title":{"rendered":"Kulturdenkmal des Jahres 2019"},"content":{"rendered":"<div id=\"attachment_3284\" style=\"width: 310px\" class=\"wp-caption alignright\"><a href=\"https:\/\/www.naturparkmagazin.de\/thueringer-schiefergebirge-obere-saale\/wp-content\/uploads\/sites\/13\/garten11.png\"><img aria-describedby=\"caption-attachment-3284\" decoding=\"async\" loading=\"lazy\" class=\"size-thumbnail wp-image-3284\" src=\"https:\/\/www.naturparkmagazin.de\/thueringer-schiefergebirge-obere-saale\/wp-content\/uploads\/sites\/13\/garten11-300x225.png\" alt=\"Naturlehrgarten Ranis, Stauden und Kr\u00e4uter\/Archiv Naturlehrgarten Ranis\" width=\"300\" height=\"225\" srcset=\"https:\/\/www.naturparkmagazin.de\/thueringer-schiefergebirge-obere-saale\/wp-content\/uploads\/sites\/13\/garten11-300x225.png 300w, https:\/\/www.naturparkmagazin.de\/thueringer-schiefergebirge-obere-saale\/wp-content\/uploads\/sites\/13\/garten11-420x315.png 420w, https:\/\/www.naturparkmagazin.de\/thueringer-schiefergebirge-obere-saale\/wp-content\/uploads\/sites\/13\/garten11-180x135.png 180w, https:\/\/www.naturparkmagazin.de\/thueringer-schiefergebirge-obere-saale\/wp-content\/uploads\/sites\/13\/garten11-95x71.png 95w, https:\/\/www.naturparkmagazin.de\/thueringer-schiefergebirge-obere-saale\/wp-content\/uploads\/sites\/13\/garten11.png 500w, https:\/\/www.naturparkmagazin.de\/thueringer-schiefergebirge-obere-saale\/wp-content\/uploads\/sites\/13\/garten11-200x150.png 200w\" sizes=\"(max-width: 300px) 100vw, 300px\" \/><\/a><p id=\"caption-attachment-3284\" class=\"wp-caption-text\">Naturlehrgarten Ranis, Stauden und Kr\u00e4uter\/Archiv Naturlehrgarten Ranis<\/p><\/div>\n<p><strong>Historische Nutzg\u00e4rten \u2013 Kulturdenkmal des Jahres 2019<\/strong><\/p>\n<p>In bunten K\u00fcchen- und Kr\u00e4uterbeeten summt es, Radieschen und Karotten gedeihen in Reih und Glied. An Str\u00e4uchern und B\u00e4umen h\u00e4ngen saftige Fr\u00fcchte und reifen im Sonnenlicht. \u2013 Eine Idylle, die jedoch immer seltener zu finden ist. Ganz bewusst hat sich der Bund Heimat und Umwelt in Deutschland (BHU) daf\u00fcr entschieden, &#8222;Historische Nutzg\u00e4rten&#8220; als Kulturdenkmal des Jahres 2019 auszuw\u00e4hlen. Nutzg\u00e4rten sind bedeutsame Elemente der Kulturlandschaft, sie stellen die Urform der G\u00e4rten dar und haben eine lange Tradition.<\/p>\n<p>Historische Nutzg\u00e4rten sind unglaublich vielf\u00e4ltig in ihrem Erscheinungsbild: Mal treten sie als Bauerngarten auf, mal als Pfarr- und Klostergarten, oder als herrschaftlicher Schloss- und Amtsgarten. Es gedeihen Gem\u00fcsepflanzen, Heil- und K\u00fcchenkr\u00e4uter, aber auch F\u00e4rbe- und Faserpflanzen. Leider sind diese G\u00e4rten immer seltener zu finden. An ihre Stelle treten zunehmend pflegeleichte Rasenanlagen und versiegelte Fl\u00e4chen. Der Verlust der Nutzg\u00e4rten bedeutet im Umkehrschluss auch eine zunehmende Armut an Arten- und Sortenvielfalt sowie des g\u00e4rtnerischen Wissens, wie die BHU-Pr\u00e4sidentin Dr. Herlind Gundelach, Senatorin a. D. betonte. Ein R\u00fcckgang der historischen Nutzg\u00e4rten ist daher nicht nur aus denkmalpflegerischer Sicht dramatisch, sondern auch aus Naturschutzsicht.<\/p>\n<div id=\"attachment_3285\" style=\"width: 310px\" class=\"wp-caption alignleft\"><a href=\"https:\/\/www.naturparkmagazin.de\/thueringer-schiefergebirge-obere-saale\/wp-content\/uploads\/sites\/13\/garten2.png\"><img aria-describedby=\"caption-attachment-3285\" decoding=\"async\" loading=\"lazy\" class=\"size-thumbnail wp-image-3285\" src=\"https:\/\/www.naturparkmagazin.de\/thueringer-schiefergebirge-obere-saale\/wp-content\/uploads\/sites\/13\/garten2-300x400.png\" alt=\"Naturlehrgarten Ranis, Bauerngarten\/Archiv Naturlehrgarten Ranis\" width=\"300\" height=\"400\" srcset=\"https:\/\/www.naturparkmagazin.de\/thueringer-schiefergebirge-obere-saale\/wp-content\/uploads\/sites\/13\/garten2-300x400.png 300w, https:\/\/www.naturparkmagazin.de\/thueringer-schiefergebirge-obere-saale\/wp-content\/uploads\/sites\/13\/garten2-420x560.png 420w, https:\/\/www.naturparkmagazin.de\/thueringer-schiefergebirge-obere-saale\/wp-content\/uploads\/sites\/13\/garten2-135x180.png 135w, https:\/\/www.naturparkmagazin.de\/thueringer-schiefergebirge-obere-saale\/wp-content\/uploads\/sites\/13\/garten2-53x71.png 53w, https:\/\/www.naturparkmagazin.de\/thueringer-schiefergebirge-obere-saale\/wp-content\/uploads\/sites\/13\/garten2-200x267.png 200w, https:\/\/www.naturparkmagazin.de\/thueringer-schiefergebirge-obere-saale\/wp-content\/uploads\/sites\/13\/garten2.png 500w\" sizes=\"(max-width: 300px) 100vw, 300px\" \/><\/a><p id=\"caption-attachment-3285\" class=\"wp-caption-text\">Naturlehrgarten Ranis, Bauerngarten\/Archiv Naturlehrgarten Ranis<\/p><\/div>\n<p>Im Naturpark Th\u00fcringer Schiefergebirge\/Obere Saale tr\u00e4gt unter anderem der Naturlehrgarten vom BUND Kreisverband Saale-Orla in Ranis dazu bei, dass das g\u00e4rtnerische Wissen weitergegeben und die Artenvielfalt erhalten bleibt. Beispielhaft zeigt dieser 2000 Quadratmeter gro\u00dfe Naturlehrgarten, wie es anders gehen kann: Die Anlage umfasst etwa 65 heimische Wildstr\u00e4ucher-Arten. Hinzu kommen 20 Wildrosen- und 12 Weiden-Arten. Aufgeteilt ist das Gel\u00e4nde in verschiedene Themenbereiche: Steingarten, Kr\u00e4utergarten, Schulgarten, wilde Beete, Sommer- und Staudenblumen, Spontanvegetation und ein Teich-Biotop. Verbunden sind die Bereiche durch Wege aus unterschiedlichen Naturmaterialien. Man kann sich leicht vorstellen, wie sich unz\u00e4hlige Insekten und Kleintiere tummeln und hier ein Zuhause gefunden haben. Schwerpunkt der Arbeit des Naturlehrgartens in Ranis ist es, das Grundwissen f\u00fcr die Gestaltung von naturnahen G\u00e4rten zu vermitteln. Die Philosophie des Naturg\u00e4rtnerns hei\u00dft, es darf alles wachsen. Es geht schlie\u00dflich nicht um eine konstruierte Parkanlage, sondern um nat\u00fcrliches Wachstum, um Vielfalt, Mischkultur und Wechselbeziehungen. Wer sich nicht sicher ist, welche Wildstr\u00e4ucher die richtigen f\u00fcr den eigenen Garten sind, kann diese hier direkt vor Ort in Augenschein nehmen. Besichtigungen mit F\u00fchrungen f\u00fcr Gruppen werden ebenso angeboten.<\/p>\n<p>Autor: Susen Reuter<\/p>\n<p>&nbsp;<\/p>\n","protected":false},"excerpt":{"rendered":"<p>In bunten K\u00fcchen- und Kr\u00e4uterbeeten summt es, Radieschen und Karotten gedeihen in Reih und Glied \u2013 eine Idylle, die jedoch immer seltener zu finden ist. <\/p>\n","protected":false},"author":62,"featured_media":3283,"comment_status":"open","ping_status":"open","sticky":false,"template":"","format":"standard","meta":[],"categories":[7],"tags":[],"yoast_head":"<!-- This site is optimized with the Yoast SEO plugin v19.10 - https:\/\/yoast.com\/wordpress\/plugins\/seo\/ -->\n<title>Kulturdenkmal des Jahres 2019 - Naturpark Th\u00fcringer Schiefergebirge\/Obere Saale<\/title>\n<meta name=\"description\" content=\"In bunten K\u00fcchen- und Kr\u00e4uterbeeten summt es, Radieschen und Karotten gedeihen in Reih und Glied \u2013 eine Idylle, die jedoch immer seltener zu finden ist.\" \/>\n<meta name=\"robots\" content=\"index, follow, max-snippet:-1, max-image-preview:large, max-video-preview:-1\" \/>\n<link rel=\"canonical\" href=\"https:\/\/www.naturparkmagazin.de\/thueringer-schiefergebirge-obere-saale\/kulturdenkmal-des-jahres-2019\/\" \/>\n<meta property=\"og:locale\" content=\"de_DE\" \/>\n<meta property=\"og:type\" content=\"article\" \/>\n<meta property=\"og:title\" content=\"Kulturdenkmal des Jahres 2019 - Naturpark Th\u00fcringer Schiefergebirge\/Obere Saale\" \/>\n<meta property=\"og:description\" content=\"In bunten K\u00fcchen- und Kr\u00e4uterbeeten summt es, Radieschen und Karotten gedeihen in Reih und Glied \u2013 eine Idylle, die jedoch immer seltener zu finden ist.\" \/>\n<meta property=\"og:url\" content=\"https:\/\/www.naturparkmagazin.de\/thueringer-schiefergebirge-obere-saale\/kulturdenkmal-des-jahres-2019\/\" \/>\n<meta property=\"og:site_name\" content=\"Naturpark Th\u00fcringer Schiefergebirge\/Obere Saale\" \/>\n<meta property=\"article:published_time\" content=\"2019-03-18T12:00:57+00:00\" \/>\n<meta property=\"article:modified_time\" content=\"2019-03-18T13:00:40+00:00\" \/>\n<meta property=\"og:image\" content=\"https:\/\/www.naturparkmagazin.de\/thueringer-schiefergebirge-obere-saale\/wp-content\/uploads\/sites\/13\/garten01.png\" \/>\n\t<meta property=\"og:image:width\" content=\"200\" \/>\n\t<meta property=\"og:image:height\" content=\"200\" \/>\n\t<meta property=\"og:image:type\" content=\"image\/png\" \/>\n<meta name=\"author\" content=\"D\u00f6rthe Kirstein\" \/>\n<meta name=\"twitter:label1\" content=\"Verfasst von\" \/>\n\t<meta name=\"twitter:data1\" content=\"D\u00f6rthe Kirstein\" \/>\n\t<meta name=\"twitter:label2\" content=\"Gesch\u00e4tzte Lesezeit\" \/>\n\t<meta name=\"twitter:data2\" content=\"2\u00a0Minuten\" \/>\n<script type=\"application\/ld+json\" class=\"yoast-schema-graph\">{\"@context\":\"https:\/\/schema.org\",\"@graph\":[{\"@type\":\"WebPage\",\"@id\":\"https:\/\/www.naturparkmagazin.de\/thueringer-schiefergebirge-obere-saale\/kulturdenkmal-des-jahres-2019\/\",\"url\":\"https:\/\/www.naturparkmagazin.de\/thueringer-schiefergebirge-obere-saale\/kulturdenkmal-des-jahres-2019\/\",\"name\":\"Kulturdenkmal des Jahres 2019 - Naturpark Th\u00fcringer Schiefergebirge\/Obere Saale\",\"isPartOf\":{\"@id\":\"https:\/\/www.naturparkmagazin.de\/thueringer-schiefergebirge-obere-saale\/#website\"},\"datePublished\":\"2019-03-18T12:00:57+00:00\",\"dateModified\":\"2019-03-18T13:00:40+00:00\",\"author\":{\"@id\":\"https:\/\/www.naturparkmagazin.de\/thueringer-schiefergebirge-obere-saale\/#\/schema\/person\/2144f2a5876d4b820ee5725f8224a275\"},\"description\":\"In bunten K\u00fcchen- und Kr\u00e4uterbeeten summt es, Radieschen und Karotten gedeihen in Reih und Glied \u2013 eine Idylle, die jedoch immer seltener zu finden ist.\",\"breadcrumb\":{\"@id\":\"https:\/\/www.naturparkmagazin.de\/thueringer-schiefergebirge-obere-saale\/kulturdenkmal-des-jahres-2019\/#breadcrumb\"},\"inLanguage\":\"de\",\"potentialAction\":[{\"@type\":\"ReadAction\",\"target\":[\"https:\/\/www.naturparkmagazin.de\/thueringer-schiefergebirge-obere-saale\/kulturdenkmal-des-jahres-2019\/\"]}]},{\"@type\":\"BreadcrumbList\",\"@id\":\"https:\/\/www.naturparkmagazin.de\/thueringer-schiefergebirge-obere-saale\/kulturdenkmal-des-jahres-2019\/#breadcrumb\",\"itemListElement\":[{\"@type\":\"ListItem\",\"position\":1,\"name\":\"Home\",\"item\":\"https:\/\/www.naturparkmagazin.de\/thueringer-schiefergebirge-obere-saale\/\"},{\"@type\":\"ListItem\",\"position\":2,\"name\":\"Kulturdenkmal des Jahres 2019\"}]},{\"@type\":\"WebSite\",\"@id\":\"https:\/\/www.naturparkmagazin.de\/thueringer-schiefergebirge-obere-saale\/#website\",\"url\":\"https:\/\/www.naturparkmagazin.de\/thueringer-schiefergebirge-obere-saale\/\",\"name\":\"Naturpark Th\u00fcringer Schiefergebirge\/Obere Saale\",\"description\":\"\",\"potentialAction\":[{\"@type\":\"SearchAction\",\"target\":{\"@type\":\"EntryPoint\",\"urlTemplate\":\"https:\/\/www.naturparkmagazin.de\/thueringer-schiefergebirge-obere-saale\/?s={search_term_string}\"},\"query-input\":\"required name=search_term_string\"}],\"inLanguage\":\"de\"},{\"@type\":\"Person\",\"@id\":\"https:\/\/www.naturparkmagazin.de\/thueringer-schiefergebirge-obere-saale\/#\/schema\/person\/2144f2a5876d4b820ee5725f8224a275\",\"name\":\"D\u00f6rthe Kirstein\",\"url\":\"https:\/\/www.naturparkmagazin.de\/thueringer-schiefergebirge-obere-saale\/author\/frauhess\/\"}]}<\/script>\n<!-- \/ Yoast SEO plugin. -->","yoast_head_json":{"title":"Kulturdenkmal des Jahres 2019 - Naturpark Th\u00fcringer Schiefergebirge\/Obere Saale","description":"In bunten K\u00fcchen- und Kr\u00e4uterbeeten summt es, Radieschen und Karotten gedeihen in Reih und Glied \u2013 eine Idylle, die jedoch immer seltener zu finden ist.","robots":{"index":"index","follow":"follow","max-snippet":"max-snippet:-1","max-image-preview":"max-image-preview:large","max-video-preview":"max-video-preview:-1"},"canonical":"https:\/\/www.naturparkmagazin.de\/thueringer-schiefergebirge-obere-saale\/kulturdenkmal-des-jahres-2019\/","og_locale":"de_DE","og_type":"article","og_title":"Kulturdenkmal des Jahres 2019 - Naturpark Th\u00fcringer Schiefergebirge\/Obere Saale","og_description":"In bunten K\u00fcchen- und Kr\u00e4uterbeeten summt es, Radieschen und Karotten gedeihen in Reih und Glied \u2013 eine Idylle, die jedoch immer seltener zu finden ist.","og_url":"https:\/\/www.naturparkmagazin.de\/thueringer-schiefergebirge-obere-saale\/kulturdenkmal-des-jahres-2019\/","og_site_name":"Naturpark Th\u00fcringer Schiefergebirge\/Obere Saale","article_published_time":"2019-03-18T12:00:57+00:00","article_modified_time":"2019-03-18T13:00:40+00:00","og_image":[{"width":200,"height":200,"url":"https:\/\/www.naturparkmagazin.de\/thueringer-schiefergebirge-obere-saale\/wp-content\/uploads\/sites\/13\/garten01.png","type":"image\/png"}],"author":"D\u00f6rthe Kirstein","twitter_misc":{"Verfasst von":"D\u00f6rthe Kirstein","Gesch\u00e4tzte Lesezeit":"2\u00a0Minuten"},"schema":{"@context":"https:\/\/schema.org","@graph":[{"@type":"WebPage","@id":"https:\/\/www.naturparkmagazin.de\/thueringer-schiefergebirge-obere-saale\/kulturdenkmal-des-jahres-2019\/","url":"https:\/\/www.naturparkmagazin.de\/thueringer-schiefergebirge-obere-saale\/kulturdenkmal-des-jahres-2019\/","name":"Kulturdenkmal des Jahres 2019 - Naturpark Th\u00fcringer Schiefergebirge\/Obere Saale","isPartOf":{"@id":"https:\/\/www.naturparkmagazin.de\/thueringer-schiefergebirge-obere-saale\/#website"},"datePublished":"2019-03-18T12:00:57+00:00","dateModified":"2019-03-18T13:00:40+00:00","author":{"@id":"https:\/\/www.naturparkmagazin.de\/thueringer-schiefergebirge-obere-saale\/#\/schema\/person\/2144f2a5876d4b820ee5725f8224a275"},"description":"In bunten K\u00fcchen- und Kr\u00e4uterbeeten summt es, Radieschen und Karotten gedeihen in Reih und Glied \u2013 eine Idylle, die jedoch immer seltener zu finden ist.","breadcrumb":{"@id":"https:\/\/www.naturparkmagazin.de\/thueringer-schiefergebirge-obere-saale\/kulturdenkmal-des-jahres-2019\/#breadcrumb"},"inLanguage":"de","potentialAction":[{"@type":"ReadAction","target":["https:\/\/www.naturparkmagazin.de\/thueringer-schiefergebirge-obere-saale\/kulturdenkmal-des-jahres-2019\/"]}]},{"@type":"BreadcrumbList","@id":"https:\/\/www.naturparkmagazin.de\/thueringer-schiefergebirge-obere-saale\/kulturdenkmal-des-jahres-2019\/#breadcrumb","itemListElement":[{"@type":"ListItem","position":1,"name":"Home","item":"https:\/\/www.naturparkmagazin.de\/thueringer-schiefergebirge-obere-saale\/"},{"@type":"ListItem","position":2,"name":"Kulturdenkmal des Jahres 2019"}]},{"@type":"WebSite","@id":"https:\/\/www.naturparkmagazin.de\/thueringer-schiefergebirge-obere-saale\/#website","url":"https:\/\/www.naturparkmagazin.de\/thueringer-schiefergebirge-obere-saale\/","name":"Naturpark Th\u00fcringer Schiefergebirge\/Obere Saale","description":"","potentialAction":[{"@type":"SearchAction","target":{"@type":"EntryPoint","urlTemplate":"https:\/\/www.naturparkmagazin.de\/thueringer-schiefergebirge-obere-saale\/?s={search_term_string}"},"query-input":"required name=search_term_string"}],"inLanguage":"de"},{"@type":"Person","@id":"https:\/\/www.naturparkmagazin.de\/thueringer-schiefergebirge-obere-saale\/#\/schema\/person\/2144f2a5876d4b820ee5725f8224a275","name":"D\u00f6rthe Kirstein","url":"https:\/\/www.naturparkmagazin.de\/thueringer-schiefergebirge-obere-saale\/author\/frauhess\/"}]}},"_links":{"self":[{"href":"https:\/\/www.naturparkmagazin.de\/thueringer-schiefergebirge-obere-saale\/wp-json\/wp\/v2\/posts\/3279"}],"collection":[{"href":"https:\/\/www.naturparkmagazin.de\/thueringer-schiefergebirge-obere-saale\/wp-json\/wp\/v2\/posts"}],"about":[{"href":"https:\/\/www.naturparkmagazin.de\/thueringer-schiefergebirge-obere-saale\/wp-json\/wp\/v2\/types\/post"}],"author":[{"embeddable":true,"href":"https:\/\/www.naturparkmagazin.de\/thueringer-schiefergebirge-obere-saale\/wp-json\/wp\/v2\/users\/62"}],"replies":[{"embeddable":true,"href":"https:\/\/www.naturparkmagazin.de\/thueringer-schiefergebirge-obere-saale\/wp-json\/wp\/v2\/comments?post=3279"}],"version-history":[{"count":5,"href":"https:\/\/www.naturparkmagazin.de\/thueringer-schiefergebirge-obere-saale\/wp-json\/wp\/v2\/posts\/3279\/revisions"}],"predecessor-version":[{"id":3293,"href":"https:\/\/www.naturparkmagazin.de\/thueringer-schiefergebirge-obere-saale\/wp-json\/wp\/v2\/posts\/3279\/revisions\/3293"}],"wp:featuredmedia":[{"embeddable":true,"href":"https:\/\/www.naturparkmagazin.de\/thueringer-schiefergebirge-obere-saale\/wp-json\/wp\/v2\/media\/3283"}],"wp:attachment":[{"href":"https:\/\/www.naturparkmagazin.de\/thueringer-schiefergebirge-obere-saale\/wp-json\/wp\/v2\/media?parent=3279"}],"wp:term":[{"taxonomy":"category","embeddable":true,"href":"https:\/\/www.naturparkmagazin.de\/thueringer-schiefergebirge-obere-saale\/wp-json\/wp\/v2\/categories?post=3279"},{"taxonomy":"post_tag","embeddable":true,"href":"https:\/\/www.naturparkmagazin.de\/thueringer-schiefergebirge-obere-saale\/wp-json\/wp\/v2\/tags?post=3279"}],"curies":[{"name":"wp","href":"https:\/\/api.w.org\/{rel}","templated":true}]}}