{"id":3303,"date":"2019-04-12T00:00:14","date_gmt":"2019-04-11T22:00:14","guid":{"rendered":"https:\/\/www.naturparkmagazin.de\/thueringer-schiefergebirge-obere-saale\/?p=3303"},"modified":"2019-04-16T07:22:33","modified_gmt":"2019-04-16T05:22:33","slug":"natur-des-jahres-2019-4","status":"publish","type":"post","link":"https:\/\/www.naturparkmagazin.de\/thueringer-schiefergebirge-obere-saale\/natur-des-jahres-2019-4\/","title":{"rendered":"Natur des Jahres 2019"},"content":{"rendered":"<div id=\"attachment_3312\" style=\"width: 310px\" class=\"wp-caption alignright\"><a href=\"https:\/\/www.naturparkmagazin.de\/thueringer-schiefergebirge-obere-saale\/wp-content\/uploads\/sites\/13\/molch1.png\"><img aria-describedby=\"caption-attachment-3312\" decoding=\"async\" loading=\"lazy\" class=\"size-thumbnail wp-image-3312\" src=\"https:\/\/www.naturparkmagazin.de\/thueringer-schiefergebirge-obere-saale\/wp-content\/uploads\/sites\/13\/molch1-300x196.png\" alt=\"Bergmolch (Wassertracht) \/\/ Wikipedia \/\/ Joxerra Aihartza\" width=\"300\" height=\"196\" srcset=\"https:\/\/www.naturparkmagazin.de\/thueringer-schiefergebirge-obere-saale\/wp-content\/uploads\/sites\/13\/molch1-300x196.png 300w, https:\/\/www.naturparkmagazin.de\/thueringer-schiefergebirge-obere-saale\/wp-content\/uploads\/sites\/13\/molch1.png 500w, https:\/\/www.naturparkmagazin.de\/thueringer-schiefergebirge-obere-saale\/wp-content\/uploads\/sites\/13\/molch1-200x131.png 200w\" sizes=\"(max-width: 300px) 100vw, 300px\" \/><\/a><p id=\"caption-attachment-3312\" class=\"wp-caption-text\">Bergmolch (Wassertracht) \/\/ Wikipedia \/\/ Joxerra Aihartza<\/p><\/div>\n<p><strong>Der Bergmolch<\/strong>\n<em>Ichthyosaura alpestris<\/em><\/p>\n<p>Wie der Name dieses imposanten Tierchens bereits vermuten l\u00e4sst, f\u00fchlt es sich in h\u00fcgeligen bis bergigen Regionen wohl. So verwundert es nicht, dass man Bergmolche in der wald- und gew\u00e4sserreichen Mittelgebirgslandschaft des Naturparks Th\u00fcringer Schiefergebirge\/Obere Saale vorfindet. Bergmolche halten ausgiebig Winterstarre, ihre Lebensgeister beginnen erst an Februar bzw. M\u00e4rz wieder zu erwachen. Sofort begeben sie sich auf die Suche nach geeigneten Gew\u00e4ssern, vorzugsweise Waldt\u00fcmpel und Weiher, mit Wasser gef\u00fcllte Wildsuhlen und Forstwege, oder aber Gartenteiche mit Unterwasservegetation.<\/p>\n<div id=\"attachment_3310\" style=\"width: 310px\" class=\"wp-caption alignleft\"><a href=\"https:\/\/www.naturparkmagazin.de\/thueringer-schiefergebirge-obere-saale\/wp-content\/uploads\/sites\/13\/molch2.png\"><img aria-describedby=\"caption-attachment-3310\" decoding=\"async\" loading=\"lazy\" class=\"size-thumbnail wp-image-3310\" src=\"https:\/\/www.naturparkmagazin.de\/thueringer-schiefergebirge-obere-saale\/wp-content\/uploads\/sites\/13\/molch2-300x176.png\" alt=\"Bergmolch (Landtracht) \/\/ Wikipedia \/\/ H. Krisp\" width=\"300\" height=\"176\" srcset=\"https:\/\/www.naturparkmagazin.de\/thueringer-schiefergebirge-obere-saale\/wp-content\/uploads\/sites\/13\/molch2-300x176.png 300w, https:\/\/www.naturparkmagazin.de\/thueringer-schiefergebirge-obere-saale\/wp-content\/uploads\/sites\/13\/molch2.png 500w, https:\/\/www.naturparkmagazin.de\/thueringer-schiefergebirge-obere-saale\/wp-content\/uploads\/sites\/13\/molch2-200x117.png 200w\" sizes=\"(max-width: 300px) 100vw, 300px\" \/><\/a><p id=\"caption-attachment-3310\" class=\"wp-caption-text\">Bergmolch (Landtracht) \/\/ Wikipedia \/\/ H. Krisp<\/p><\/div>\n<p>Etwas eitel sind diese Lurche schon \u2013 zur Paarungszeit im Fr\u00fchjahr wirft sich das M\u00e4nnchen extra in Schale, um seine Auserw\u00e4hlte zu beeindrucken: Die bis zu neun Zentimeter lange R\u00fcckenpartie ist leuchtend blau gef\u00e4rbt. Die Flanken sind schwarz-wei\u00df gepunktet, w\u00e4hrend die Bauchseite beider Geschlechter in kr\u00e4ftigem Orange bis Zinnoberrot gef\u00e4rbt ist. Nach der Hochzeit legt das Weibchen bis zu 250 Eier ab und heftet sie einzeln an Wasserpflanzen oder Falllaub. Daf\u00fcr gibt sie sich ganz besonders M\u00fche: Sie faltet mit ihren Hinterbeinen und einer Engelsgeduld kleine Taschen in die Bl\u00e4tter. Anfang Mai ist die Laichzeit vor\u00fcber, dann verlassen die erwachsenen Tiere das Gew\u00e4sser und legen nach und nach ihre unscheinbare Landtracht an. Die Oberseite erscheint wieder dunkel, ja fast schwarz; der Bauch bleibt noch etwas orange, ist aber weniger farbintensiv als in der Wassertracht.<\/p>\n<p>Warum der Bergmolch so selten zu beobachten ist? Das liegt an seiner Marotte, au\u00dferhalb der Laichzeit ein echter Nachtschw\u00e4rmer zu sein. Tags\u00fcber wird in schattigen Verstecken ged\u00f6st. Sobald die Dunkelheit einsetzt, wird er putzmunter. Dann wird gejagt nach allerlei Kleingetier, nach K\u00e4fern und Regenw\u00fcrmern. Man trifft ihn aber auch deshalb immer seltener an, da er unter der Zerst\u00f6rung oder Beeintr\u00e4chtigung von Kleingew\u00e4ssern leidet. Diese werden zugesch\u00fcttet, unbefestigte Forstwege werden mit Bauschutt aufgef\u00fcllt. Auch das Einsetzen von Fischen in Kleingew\u00e4sser, die dort nat\u00fcrlicherweise nicht vorkommen w\u00fcrden, f\u00fchrt zum Zusammenbruch der Molchpopulation, da Laich und Larven von den meisten Fischen gefressen werden. Hohe Verluste gibt es zudem jedes Jahr durch den Stra\u00dfenverkehr w\u00e4hrend der Wanderrungen vom Winterquartier zum Laichgew\u00e4sser. Wo fr\u00fcher tausende Molche lebten, sind es heute nur noch Hunderte. Geeignete Schutzma\u00dfnahmen wie Durchl\u00e4sse unter Stra\u00dfen in bewaldeten Gebieten und eine naturnahe Forstwirtschaft k\u00f6nnen helfen, die Best\u00e4nde der Bergmolche wieder zu stabilisieren und aufrecht zu erhalten.<\/p>\n<p>Autor: Susen Reuter<\/p>\n","protected":false},"excerpt":{"rendered":"<p>Dieser gepunktete, nachtaktive Schw\u00e4rmer hat zwei Kleider und faltet Taschen f\u00fcr seinen Nachwuchs &#8211; der Bergmolch.<\/p>\n","protected":false},"author":62,"featured_media":3311,"comment_status":"open","ping_status":"open","sticky":false,"template":"","format":"standard","meta":[],"categories":[7],"tags":[],"yoast_head":"<!-- This site is optimized with the Yoast SEO plugin v19.10 - https:\/\/yoast.com\/wordpress\/plugins\/seo\/ -->\n<title>Natur des Jahres 2019 - Naturpark Th\u00fcringer Schiefergebirge\/Obere Saale<\/title>\n<meta name=\"description\" content=\"Dieser gepunktete, nachtaktive Schw\u00e4rmer hat zwei Kleider und faltet Taschen f\u00fcr seinen Nachwuchs - der Bergmolch.\" \/>\n<meta name=\"robots\" content=\"index, follow, max-snippet:-1, max-image-preview:large, max-video-preview:-1\" \/>\n<link rel=\"canonical\" href=\"https:\/\/www.naturparkmagazin.de\/thueringer-schiefergebirge-obere-saale\/natur-des-jahres-2019-4\/\" \/>\n<meta property=\"og:locale\" content=\"de_DE\" \/>\n<meta property=\"og:type\" content=\"article\" \/>\n<meta property=\"og:title\" content=\"Natur des Jahres 2019 - Naturpark Th\u00fcringer Schiefergebirge\/Obere Saale\" \/>\n<meta property=\"og:description\" content=\"Dieser gepunktete, nachtaktive Schw\u00e4rmer hat zwei Kleider und faltet Taschen f\u00fcr seinen Nachwuchs - der Bergmolch.\" \/>\n<meta property=\"og:url\" content=\"https:\/\/www.naturparkmagazin.de\/thueringer-schiefergebirge-obere-saale\/natur-des-jahres-2019-4\/\" \/>\n<meta property=\"og:site_name\" content=\"Naturpark Th\u00fcringer Schiefergebirge\/Obere Saale\" \/>\n<meta property=\"article:published_time\" content=\"2019-04-11T22:00:14+00:00\" \/>\n<meta property=\"article:modified_time\" content=\"2019-04-16T05:22:33+00:00\" \/>\n<meta property=\"og:image\" content=\"https:\/\/www.naturparkmagazin.de\/thueringer-schiefergebirge-obere-saale\/wp-content\/uploads\/sites\/13\/molch0.png\" \/>\n\t<meta property=\"og:image:width\" content=\"200\" \/>\n\t<meta property=\"og:image:height\" content=\"200\" \/>\n\t<meta property=\"og:image:type\" content=\"image\/png\" \/>\n<meta name=\"author\" content=\"D\u00f6rthe Kirstein\" \/>\n<meta name=\"twitter:label1\" content=\"Verfasst von\" \/>\n\t<meta name=\"twitter:data1\" content=\"D\u00f6rthe Kirstein\" \/>\n\t<meta name=\"twitter:label2\" content=\"Gesch\u00e4tzte Lesezeit\" \/>\n\t<meta name=\"twitter:data2\" content=\"2\u00a0Minuten\" \/>\n<script type=\"application\/ld+json\" class=\"yoast-schema-graph\">{\"@context\":\"https:\/\/schema.org\",\"@graph\":[{\"@type\":\"WebPage\",\"@id\":\"https:\/\/www.naturparkmagazin.de\/thueringer-schiefergebirge-obere-saale\/natur-des-jahres-2019-4\/\",\"url\":\"https:\/\/www.naturparkmagazin.de\/thueringer-schiefergebirge-obere-saale\/natur-des-jahres-2019-4\/\",\"name\":\"Natur des Jahres 2019 - Naturpark Th\u00fcringer Schiefergebirge\/Obere Saale\",\"isPartOf\":{\"@id\":\"https:\/\/www.naturparkmagazin.de\/thueringer-schiefergebirge-obere-saale\/#website\"},\"datePublished\":\"2019-04-11T22:00:14+00:00\",\"dateModified\":\"2019-04-16T05:22:33+00:00\",\"author\":{\"@id\":\"https:\/\/www.naturparkmagazin.de\/thueringer-schiefergebirge-obere-saale\/#\/schema\/person\/2144f2a5876d4b820ee5725f8224a275\"},\"description\":\"Dieser gepunktete, nachtaktive Schw\u00e4rmer hat zwei Kleider und faltet Taschen f\u00fcr seinen Nachwuchs - der Bergmolch.\",\"breadcrumb\":{\"@id\":\"https:\/\/www.naturparkmagazin.de\/thueringer-schiefergebirge-obere-saale\/natur-des-jahres-2019-4\/#breadcrumb\"},\"inLanguage\":\"de\",\"potentialAction\":[{\"@type\":\"ReadAction\",\"target\":[\"https:\/\/www.naturparkmagazin.de\/thueringer-schiefergebirge-obere-saale\/natur-des-jahres-2019-4\/\"]}]},{\"@type\":\"BreadcrumbList\",\"@id\":\"https:\/\/www.naturparkmagazin.de\/thueringer-schiefergebirge-obere-saale\/natur-des-jahres-2019-4\/#breadcrumb\",\"itemListElement\":[{\"@type\":\"ListItem\",\"position\":1,\"name\":\"Home\",\"item\":\"https:\/\/www.naturparkmagazin.de\/thueringer-schiefergebirge-obere-saale\/\"},{\"@type\":\"ListItem\",\"position\":2,\"name\":\"Natur des Jahres 2019\"}]},{\"@type\":\"WebSite\",\"@id\":\"https:\/\/www.naturparkmagazin.de\/thueringer-schiefergebirge-obere-saale\/#website\",\"url\":\"https:\/\/www.naturparkmagazin.de\/thueringer-schiefergebirge-obere-saale\/\",\"name\":\"Naturpark Th\u00fcringer Schiefergebirge\/Obere Saale\",\"description\":\"\",\"potentialAction\":[{\"@type\":\"SearchAction\",\"target\":{\"@type\":\"EntryPoint\",\"urlTemplate\":\"https:\/\/www.naturparkmagazin.de\/thueringer-schiefergebirge-obere-saale\/?s={search_term_string}\"},\"query-input\":\"required name=search_term_string\"}],\"inLanguage\":\"de\"},{\"@type\":\"Person\",\"@id\":\"https:\/\/www.naturparkmagazin.de\/thueringer-schiefergebirge-obere-saale\/#\/schema\/person\/2144f2a5876d4b820ee5725f8224a275\",\"name\":\"D\u00f6rthe Kirstein\",\"url\":\"https:\/\/www.naturparkmagazin.de\/thueringer-schiefergebirge-obere-saale\/author\/frauhess\/\"}]}<\/script>\n<!-- \/ Yoast SEO plugin. -->","yoast_head_json":{"title":"Natur des Jahres 2019 - Naturpark Th\u00fcringer Schiefergebirge\/Obere Saale","description":"Dieser gepunktete, nachtaktive Schw\u00e4rmer hat zwei Kleider und faltet Taschen f\u00fcr seinen Nachwuchs - der Bergmolch.","robots":{"index":"index","follow":"follow","max-snippet":"max-snippet:-1","max-image-preview":"max-image-preview:large","max-video-preview":"max-video-preview:-1"},"canonical":"https:\/\/www.naturparkmagazin.de\/thueringer-schiefergebirge-obere-saale\/natur-des-jahres-2019-4\/","og_locale":"de_DE","og_type":"article","og_title":"Natur des Jahres 2019 - Naturpark Th\u00fcringer Schiefergebirge\/Obere Saale","og_description":"Dieser gepunktete, nachtaktive Schw\u00e4rmer hat zwei Kleider und faltet Taschen f\u00fcr seinen Nachwuchs - der Bergmolch.","og_url":"https:\/\/www.naturparkmagazin.de\/thueringer-schiefergebirge-obere-saale\/natur-des-jahres-2019-4\/","og_site_name":"Naturpark Th\u00fcringer Schiefergebirge\/Obere Saale","article_published_time":"2019-04-11T22:00:14+00:00","article_modified_time":"2019-04-16T05:22:33+00:00","og_image":[{"width":200,"height":200,"url":"https:\/\/www.naturparkmagazin.de\/thueringer-schiefergebirge-obere-saale\/wp-content\/uploads\/sites\/13\/molch0.png","type":"image\/png"}],"author":"D\u00f6rthe Kirstein","twitter_misc":{"Verfasst von":"D\u00f6rthe Kirstein","Gesch\u00e4tzte Lesezeit":"2\u00a0Minuten"},"schema":{"@context":"https:\/\/schema.org","@graph":[{"@type":"WebPage","@id":"https:\/\/www.naturparkmagazin.de\/thueringer-schiefergebirge-obere-saale\/natur-des-jahres-2019-4\/","url":"https:\/\/www.naturparkmagazin.de\/thueringer-schiefergebirge-obere-saale\/natur-des-jahres-2019-4\/","name":"Natur des Jahres 2019 - Naturpark Th\u00fcringer Schiefergebirge\/Obere Saale","isPartOf":{"@id":"https:\/\/www.naturparkmagazin.de\/thueringer-schiefergebirge-obere-saale\/#website"},"datePublished":"2019-04-11T22:00:14+00:00","dateModified":"2019-04-16T05:22:33+00:00","author":{"@id":"https:\/\/www.naturparkmagazin.de\/thueringer-schiefergebirge-obere-saale\/#\/schema\/person\/2144f2a5876d4b820ee5725f8224a275"},"description":"Dieser gepunktete, nachtaktive Schw\u00e4rmer hat zwei Kleider und faltet Taschen f\u00fcr seinen Nachwuchs - der Bergmolch.","breadcrumb":{"@id":"https:\/\/www.naturparkmagazin.de\/thueringer-schiefergebirge-obere-saale\/natur-des-jahres-2019-4\/#breadcrumb"},"inLanguage":"de","potentialAction":[{"@type":"ReadAction","target":["https:\/\/www.naturparkmagazin.de\/thueringer-schiefergebirge-obere-saale\/natur-des-jahres-2019-4\/"]}]},{"@type":"BreadcrumbList","@id":"https:\/\/www.naturparkmagazin.de\/thueringer-schiefergebirge-obere-saale\/natur-des-jahres-2019-4\/#breadcrumb","itemListElement":[{"@type":"ListItem","position":1,"name":"Home","item":"https:\/\/www.naturparkmagazin.de\/thueringer-schiefergebirge-obere-saale\/"},{"@type":"ListItem","position":2,"name":"Natur des Jahres 2019"}]},{"@type":"WebSite","@id":"https:\/\/www.naturparkmagazin.de\/thueringer-schiefergebirge-obere-saale\/#website","url":"https:\/\/www.naturparkmagazin.de\/thueringer-schiefergebirge-obere-saale\/","name":"Naturpark Th\u00fcringer Schiefergebirge\/Obere Saale","description":"","potentialAction":[{"@type":"SearchAction","target":{"@type":"EntryPoint","urlTemplate":"https:\/\/www.naturparkmagazin.de\/thueringer-schiefergebirge-obere-saale\/?s={search_term_string}"},"query-input":"required name=search_term_string"}],"inLanguage":"de"},{"@type":"Person","@id":"https:\/\/www.naturparkmagazin.de\/thueringer-schiefergebirge-obere-saale\/#\/schema\/person\/2144f2a5876d4b820ee5725f8224a275","name":"D\u00f6rthe Kirstein","url":"https:\/\/www.naturparkmagazin.de\/thueringer-schiefergebirge-obere-saale\/author\/frauhess\/"}]}},"_links":{"self":[{"href":"https:\/\/www.naturparkmagazin.de\/thueringer-schiefergebirge-obere-saale\/wp-json\/wp\/v2\/posts\/3303"}],"collection":[{"href":"https:\/\/www.naturparkmagazin.de\/thueringer-schiefergebirge-obere-saale\/wp-json\/wp\/v2\/posts"}],"about":[{"href":"https:\/\/www.naturparkmagazin.de\/thueringer-schiefergebirge-obere-saale\/wp-json\/wp\/v2\/types\/post"}],"author":[{"embeddable":true,"href":"https:\/\/www.naturparkmagazin.de\/thueringer-schiefergebirge-obere-saale\/wp-json\/wp\/v2\/users\/62"}],"replies":[{"embeddable":true,"href":"https:\/\/www.naturparkmagazin.de\/thueringer-schiefergebirge-obere-saale\/wp-json\/wp\/v2\/comments?post=3303"}],"version-history":[{"count":4,"href":"https:\/\/www.naturparkmagazin.de\/thueringer-schiefergebirge-obere-saale\/wp-json\/wp\/v2\/posts\/3303\/revisions"}],"predecessor-version":[{"id":3315,"href":"https:\/\/www.naturparkmagazin.de\/thueringer-schiefergebirge-obere-saale\/wp-json\/wp\/v2\/posts\/3303\/revisions\/3315"}],"wp:featuredmedia":[{"embeddable":true,"href":"https:\/\/www.naturparkmagazin.de\/thueringer-schiefergebirge-obere-saale\/wp-json\/wp\/v2\/media\/3311"}],"wp:attachment":[{"href":"https:\/\/www.naturparkmagazin.de\/thueringer-schiefergebirge-obere-saale\/wp-json\/wp\/v2\/media?parent=3303"}],"wp:term":[{"taxonomy":"category","embeddable":true,"href":"https:\/\/www.naturparkmagazin.de\/thueringer-schiefergebirge-obere-saale\/wp-json\/wp\/v2\/categories?post=3303"},{"taxonomy":"post_tag","embeddable":true,"href":"https:\/\/www.naturparkmagazin.de\/thueringer-schiefergebirge-obere-saale\/wp-json\/wp\/v2\/tags?post=3303"}],"curies":[{"name":"wp","href":"https:\/\/api.w.org\/{rel}","templated":true}]}}