{"id":3324,"date":"2019-05-16T02:00:01","date_gmt":"2019-05-16T00:00:01","guid":{"rendered":"https:\/\/www.naturparkmagazin.de\/thueringer-schiefergebirge-obere-saale\/?p=3324"},"modified":"2019-05-08T08:24:47","modified_gmt":"2019-05-08T06:24:47","slug":"natur-des-jahres-2019-5","status":"publish","type":"post","link":"https:\/\/www.naturparkmagazin.de\/thueringer-schiefergebirge-obere-saale\/natur-des-jahres-2019-5\/","title":{"rendered":"Natur des Jahres 2019"},"content":{"rendered":"<div id=\"attachment_3328\" style=\"width: 310px\" class=\"wp-caption alignright\"><a href=\"https:\/\/www.naturparkmagazin.de\/thueringer-schiefergebirge-obere-saale\/wp-content\/uploads\/sites\/13\/schmett1.png\"><img aria-describedby=\"caption-attachment-3328\" decoding=\"async\" loading=\"lazy\" class=\"size-thumbnail wp-image-3328\" src=\"https:\/\/www.naturparkmagazin.de\/thueringer-schiefergebirge-obere-saale\/wp-content\/uploads\/sites\/13\/schmett1-300x225.png\" alt=\"Schachbrettfalter \/\/ Susen Reuter\" width=\"300\" height=\"225\" srcset=\"https:\/\/www.naturparkmagazin.de\/thueringer-schiefergebirge-obere-saale\/wp-content\/uploads\/sites\/13\/schmett1-300x225.png 300w, https:\/\/www.naturparkmagazin.de\/thueringer-schiefergebirge-obere-saale\/wp-content\/uploads\/sites\/13\/schmett1-420x315.png 420w, https:\/\/www.naturparkmagazin.de\/thueringer-schiefergebirge-obere-saale\/wp-content\/uploads\/sites\/13\/schmett1-180x135.png 180w, https:\/\/www.naturparkmagazin.de\/thueringer-schiefergebirge-obere-saale\/wp-content\/uploads\/sites\/13\/schmett1-95x71.png 95w, https:\/\/www.naturparkmagazin.de\/thueringer-schiefergebirge-obere-saale\/wp-content\/uploads\/sites\/13\/schmett1.png 500w, https:\/\/www.naturparkmagazin.de\/thueringer-schiefergebirge-obere-saale\/wp-content\/uploads\/sites\/13\/schmett1-200x150.png 200w\" sizes=\"(max-width: 300px) 100vw, 300px\" \/><\/a><p id=\"caption-attachment-3328\" class=\"wp-caption-text\">Schachbrettfalter \/\/ Susen Reuter<\/p><\/div>\n<p><strong>Der Schachbrettfalter<\/strong>\n<em>Melanargia galathea<\/em><\/p>\n<p>Es muss nicht immer bunt sein \u2013 Wiesensch\u00f6nheiten gibt es auch in schwarz-wei\u00df! Das beweist der Schachbrettfalter eindeutig. Wie lange wir den Schmetterling des Jahres 2019 noch zu Gesicht bekommen? Das h\u00e4ngt ganz von der Entwicklung der Landwirtschaft ab. Wird diese weiter intensiviert, werden Wiesen weiter ged\u00fcngt oder zu fr\u00fch gem\u00e4ht, sieht die Zukunft nicht gerade rosig aus. Noch ist die Art in Deutschland nicht gef\u00e4hrdet, auch im Naturpark Th\u00fcringer Schiefergebirge\/Obere Saale trifft man ihn zum Teil h\u00e4ufig an. Die Best\u00e4nde gehen jedoch jedes Jahr nachweislich zur\u00fcck.<\/p>\n<div id=\"attachment_3326\" style=\"width: 310px\" class=\"wp-caption alignleft\"><a href=\"https:\/\/www.naturparkmagazin.de\/thueringer-schiefergebirge-obere-saale\/wp-content\/uploads\/sites\/13\/schmett2.png\"><img aria-describedby=\"caption-attachment-3326\" decoding=\"async\" loading=\"lazy\" class=\"size-thumbnail wp-image-3326\" src=\"https:\/\/www.naturparkmagazin.de\/thueringer-schiefergebirge-obere-saale\/wp-content\/uploads\/sites\/13\/schmett2-300x214.png\" alt=\"Schachbrettfalter (Fl\u00fcgelunterseite) \/\/ Wikipedia \/\/ Robert Flogaus-Faust\" width=\"300\" height=\"214\" srcset=\"https:\/\/www.naturparkmagazin.de\/thueringer-schiefergebirge-obere-saale\/wp-content\/uploads\/sites\/13\/schmett2-300x214.png 300w, https:\/\/www.naturparkmagazin.de\/thueringer-schiefergebirge-obere-saale\/wp-content\/uploads\/sites\/13\/schmett2.png 500w, https:\/\/www.naturparkmagazin.de\/thueringer-schiefergebirge-obere-saale\/wp-content\/uploads\/sites\/13\/schmett2-200x143.png 200w\" sizes=\"(max-width: 300px) 100vw, 300px\" \/><\/a><p id=\"caption-attachment-3326\" class=\"wp-caption-text\">Schachbrettfalter (Fl\u00fcgelunterseite) \/\/ Wikipedia \/\/ Robert Flogaus-Faust<\/p><\/div>\n<p>Schachbrettfalter leben auf blumenreichen Kalkmagerrasen, auf sonnigen Lichtungen und Stra\u00dfenr\u00e4ndern. Hier kann man sie von Ende Juni bis August beobachten: Flatternd fliegen sie von Distel zu Distel, saugen an Skabiosen und laben sich am Nektar von Flockenblumen. Man k\u00f6nnte meinen, Schachbrettfalter haben eine Vorliebe f\u00fcr lilafarbene Bl\u00fcten. Wichtig ist, dass diese artenreichen Wiesen und B\u00f6schungen nicht vor Ende Juli gem\u00e4ht werden. Denn nur dort lassen die Weibchen ihre Eier einzeln zu Boden fallen, teilweise w\u00e4hrend des Fluges. Die rosa gef\u00e4rbten Raupen des Schachbretts schl\u00fcpfen im Sommer aus den Eiern. Sie \u00fcberwintern in der Streu am Erdboden. Erst im M\u00e4rz des Folgejahres beginnen sie, an verschiedenen Gr\u00e4sern zu fressen: an Trespe, Fieder-Zwenke, Wiesen-Rispengras, Schwingel und am Blaues Pfeifengras. \u00c4ltere Raupen sind dicht behaart und entweder graubraun, oder gr\u00fcn bis gelblich gef\u00e4rbt.<\/p>\n<p>Die schachbrettartige, schwarz-wei\u00dfe Musterung der Fl\u00fcgel hat diesem Falter seinen Namen gegeben. Dabei wird der Schmetterling nicht nur Schachbrett, sondern auch Damenbrett genannt. Unter Auskennern und Schmetterlingsfreunden f\u00e4llt schon mal der Kosename \u201eSchachi\u201c. Die wissenschaftliche Bezeichnung \u201eMelanargia galathea\u201c geht zur\u00fcck auf Galatea, eine wei\u00dfe strahlende Nymphe aus der griechischen Mythologie.<\/p>\n<p>Autor: Susen Reuter<\/p>\n<p>&nbsp;<\/p>\n","protected":false},"excerpt":{"rendered":"<p>Er wird liebevoll &#8222;Schachi&#8220; genannt, liebt lila Bl\u00fcten, tr\u00e4gt eher schwarz-wei\u00df statt bunt und l\u00e4\u00dft den Nachwuchs auf den Boden fallen &#8211; der Schachbrettfalter.<\/p>\n","protected":false},"author":62,"featured_media":3327,"comment_status":"open","ping_status":"open","sticky":false,"template":"","format":"standard","meta":[],"categories":[7],"tags":[],"yoast_head":"<!-- This site is optimized with the Yoast SEO plugin v19.10 - https:\/\/yoast.com\/wordpress\/plugins\/seo\/ -->\n<title>Natur des Jahres 2019 - Naturpark Th\u00fcringer Schiefergebirge\/Obere Saale<\/title>\n<meta name=\"description\" content=\"Er wird liebevoll &quot;Schachi&quot; genannt, liebt lila Bl\u00fcten, tr\u00e4gt eher schwarz-wei\u00df statt bunt und l\u00e4\u00dft den Nachwuchs auf den Boden fallen - der Schachbrettfalter.\" \/>\n<meta name=\"robots\" content=\"index, follow, max-snippet:-1, max-image-preview:large, max-video-preview:-1\" \/>\n<link rel=\"canonical\" href=\"https:\/\/www.naturparkmagazin.de\/thueringer-schiefergebirge-obere-saale\/natur-des-jahres-2019-5\/\" \/>\n<meta property=\"og:locale\" content=\"de_DE\" \/>\n<meta property=\"og:type\" content=\"article\" \/>\n<meta property=\"og:title\" content=\"Natur des Jahres 2019 - Naturpark Th\u00fcringer Schiefergebirge\/Obere Saale\" \/>\n<meta property=\"og:description\" content=\"Er wird liebevoll &quot;Schachi&quot; genannt, liebt lila Bl\u00fcten, tr\u00e4gt eher schwarz-wei\u00df statt bunt und l\u00e4\u00dft den Nachwuchs auf den Boden fallen - der Schachbrettfalter.\" \/>\n<meta property=\"og:url\" content=\"https:\/\/www.naturparkmagazin.de\/thueringer-schiefergebirge-obere-saale\/natur-des-jahres-2019-5\/\" \/>\n<meta property=\"og:site_name\" content=\"Naturpark Th\u00fcringer Schiefergebirge\/Obere Saale\" \/>\n<meta property=\"article:published_time\" content=\"2019-05-16T00:00:01+00:00\" \/>\n<meta property=\"article:modified_time\" content=\"2019-05-08T06:24:47+00:00\" \/>\n<meta property=\"og:image\" content=\"https:\/\/www.naturparkmagazin.de\/thueringer-schiefergebirge-obere-saale\/wp-content\/uploads\/sites\/13\/schmett0.png\" \/>\n\t<meta property=\"og:image:width\" content=\"200\" \/>\n\t<meta property=\"og:image:height\" content=\"200\" \/>\n\t<meta property=\"og:image:type\" content=\"image\/png\" \/>\n<meta name=\"author\" content=\"D\u00f6rthe Kirstein\" \/>\n<meta name=\"twitter:label1\" content=\"Verfasst von\" \/>\n\t<meta name=\"twitter:data1\" content=\"D\u00f6rthe Kirstein\" \/>\n\t<meta name=\"twitter:label2\" content=\"Gesch\u00e4tzte Lesezeit\" \/>\n\t<meta name=\"twitter:data2\" content=\"2\u00a0Minuten\" \/>\n<script type=\"application\/ld+json\" class=\"yoast-schema-graph\">{\"@context\":\"https:\/\/schema.org\",\"@graph\":[{\"@type\":\"WebPage\",\"@id\":\"https:\/\/www.naturparkmagazin.de\/thueringer-schiefergebirge-obere-saale\/natur-des-jahres-2019-5\/\",\"url\":\"https:\/\/www.naturparkmagazin.de\/thueringer-schiefergebirge-obere-saale\/natur-des-jahres-2019-5\/\",\"name\":\"Natur des Jahres 2019 - Naturpark Th\u00fcringer Schiefergebirge\/Obere Saale\",\"isPartOf\":{\"@id\":\"https:\/\/www.naturparkmagazin.de\/thueringer-schiefergebirge-obere-saale\/#website\"},\"datePublished\":\"2019-05-16T00:00:01+00:00\",\"dateModified\":\"2019-05-08T06:24:47+00:00\",\"author\":{\"@id\":\"https:\/\/www.naturparkmagazin.de\/thueringer-schiefergebirge-obere-saale\/#\/schema\/person\/2144f2a5876d4b820ee5725f8224a275\"},\"description\":\"Er wird liebevoll \\\"Schachi\\\" genannt, liebt lila Bl\u00fcten, tr\u00e4gt eher schwarz-wei\u00df statt bunt und l\u00e4\u00dft den Nachwuchs auf den Boden fallen - der Schachbrettfalter.\",\"breadcrumb\":{\"@id\":\"https:\/\/www.naturparkmagazin.de\/thueringer-schiefergebirge-obere-saale\/natur-des-jahres-2019-5\/#breadcrumb\"},\"inLanguage\":\"de\",\"potentialAction\":[{\"@type\":\"ReadAction\",\"target\":[\"https:\/\/www.naturparkmagazin.de\/thueringer-schiefergebirge-obere-saale\/natur-des-jahres-2019-5\/\"]}]},{\"@type\":\"BreadcrumbList\",\"@id\":\"https:\/\/www.naturparkmagazin.de\/thueringer-schiefergebirge-obere-saale\/natur-des-jahres-2019-5\/#breadcrumb\",\"itemListElement\":[{\"@type\":\"ListItem\",\"position\":1,\"name\":\"Home\",\"item\":\"https:\/\/www.naturparkmagazin.de\/thueringer-schiefergebirge-obere-saale\/\"},{\"@type\":\"ListItem\",\"position\":2,\"name\":\"Natur des Jahres 2019\"}]},{\"@type\":\"WebSite\",\"@id\":\"https:\/\/www.naturparkmagazin.de\/thueringer-schiefergebirge-obere-saale\/#website\",\"url\":\"https:\/\/www.naturparkmagazin.de\/thueringer-schiefergebirge-obere-saale\/\",\"name\":\"Naturpark Th\u00fcringer Schiefergebirge\/Obere Saale\",\"description\":\"\",\"potentialAction\":[{\"@type\":\"SearchAction\",\"target\":{\"@type\":\"EntryPoint\",\"urlTemplate\":\"https:\/\/www.naturparkmagazin.de\/thueringer-schiefergebirge-obere-saale\/?s={search_term_string}\"},\"query-input\":\"required name=search_term_string\"}],\"inLanguage\":\"de\"},{\"@type\":\"Person\",\"@id\":\"https:\/\/www.naturparkmagazin.de\/thueringer-schiefergebirge-obere-saale\/#\/schema\/person\/2144f2a5876d4b820ee5725f8224a275\",\"name\":\"D\u00f6rthe Kirstein\",\"url\":\"https:\/\/www.naturparkmagazin.de\/thueringer-schiefergebirge-obere-saale\/author\/frauhess\/\"}]}<\/script>\n<!-- \/ Yoast SEO plugin. -->","yoast_head_json":{"title":"Natur des Jahres 2019 - Naturpark Th\u00fcringer Schiefergebirge\/Obere Saale","description":"Er wird liebevoll \"Schachi\" genannt, liebt lila Bl\u00fcten, tr\u00e4gt eher schwarz-wei\u00df statt bunt und l\u00e4\u00dft den Nachwuchs auf den Boden fallen - der Schachbrettfalter.","robots":{"index":"index","follow":"follow","max-snippet":"max-snippet:-1","max-image-preview":"max-image-preview:large","max-video-preview":"max-video-preview:-1"},"canonical":"https:\/\/www.naturparkmagazin.de\/thueringer-schiefergebirge-obere-saale\/natur-des-jahres-2019-5\/","og_locale":"de_DE","og_type":"article","og_title":"Natur des Jahres 2019 - Naturpark Th\u00fcringer Schiefergebirge\/Obere Saale","og_description":"Er wird liebevoll \"Schachi\" genannt, liebt lila Bl\u00fcten, tr\u00e4gt eher schwarz-wei\u00df statt bunt und l\u00e4\u00dft den Nachwuchs auf den Boden fallen - der Schachbrettfalter.","og_url":"https:\/\/www.naturparkmagazin.de\/thueringer-schiefergebirge-obere-saale\/natur-des-jahres-2019-5\/","og_site_name":"Naturpark Th\u00fcringer Schiefergebirge\/Obere Saale","article_published_time":"2019-05-16T00:00:01+00:00","article_modified_time":"2019-05-08T06:24:47+00:00","og_image":[{"width":200,"height":200,"url":"https:\/\/www.naturparkmagazin.de\/thueringer-schiefergebirge-obere-saale\/wp-content\/uploads\/sites\/13\/schmett0.png","type":"image\/png"}],"author":"D\u00f6rthe Kirstein","twitter_misc":{"Verfasst von":"D\u00f6rthe Kirstein","Gesch\u00e4tzte Lesezeit":"2\u00a0Minuten"},"schema":{"@context":"https:\/\/schema.org","@graph":[{"@type":"WebPage","@id":"https:\/\/www.naturparkmagazin.de\/thueringer-schiefergebirge-obere-saale\/natur-des-jahres-2019-5\/","url":"https:\/\/www.naturparkmagazin.de\/thueringer-schiefergebirge-obere-saale\/natur-des-jahres-2019-5\/","name":"Natur des Jahres 2019 - Naturpark Th\u00fcringer Schiefergebirge\/Obere Saale","isPartOf":{"@id":"https:\/\/www.naturparkmagazin.de\/thueringer-schiefergebirge-obere-saale\/#website"},"datePublished":"2019-05-16T00:00:01+00:00","dateModified":"2019-05-08T06:24:47+00:00","author":{"@id":"https:\/\/www.naturparkmagazin.de\/thueringer-schiefergebirge-obere-saale\/#\/schema\/person\/2144f2a5876d4b820ee5725f8224a275"},"description":"Er wird liebevoll \"Schachi\" genannt, liebt lila Bl\u00fcten, tr\u00e4gt eher schwarz-wei\u00df statt bunt und l\u00e4\u00dft den Nachwuchs auf den Boden fallen - der Schachbrettfalter.","breadcrumb":{"@id":"https:\/\/www.naturparkmagazin.de\/thueringer-schiefergebirge-obere-saale\/natur-des-jahres-2019-5\/#breadcrumb"},"inLanguage":"de","potentialAction":[{"@type":"ReadAction","target":["https:\/\/www.naturparkmagazin.de\/thueringer-schiefergebirge-obere-saale\/natur-des-jahres-2019-5\/"]}]},{"@type":"BreadcrumbList","@id":"https:\/\/www.naturparkmagazin.de\/thueringer-schiefergebirge-obere-saale\/natur-des-jahres-2019-5\/#breadcrumb","itemListElement":[{"@type":"ListItem","position":1,"name":"Home","item":"https:\/\/www.naturparkmagazin.de\/thueringer-schiefergebirge-obere-saale\/"},{"@type":"ListItem","position":2,"name":"Natur des Jahres 2019"}]},{"@type":"WebSite","@id":"https:\/\/www.naturparkmagazin.de\/thueringer-schiefergebirge-obere-saale\/#website","url":"https:\/\/www.naturparkmagazin.de\/thueringer-schiefergebirge-obere-saale\/","name":"Naturpark Th\u00fcringer Schiefergebirge\/Obere Saale","description":"","potentialAction":[{"@type":"SearchAction","target":{"@type":"EntryPoint","urlTemplate":"https:\/\/www.naturparkmagazin.de\/thueringer-schiefergebirge-obere-saale\/?s={search_term_string}"},"query-input":"required name=search_term_string"}],"inLanguage":"de"},{"@type":"Person","@id":"https:\/\/www.naturparkmagazin.de\/thueringer-schiefergebirge-obere-saale\/#\/schema\/person\/2144f2a5876d4b820ee5725f8224a275","name":"D\u00f6rthe Kirstein","url":"https:\/\/www.naturparkmagazin.de\/thueringer-schiefergebirge-obere-saale\/author\/frauhess\/"}]}},"_links":{"self":[{"href":"https:\/\/www.naturparkmagazin.de\/thueringer-schiefergebirge-obere-saale\/wp-json\/wp\/v2\/posts\/3324"}],"collection":[{"href":"https:\/\/www.naturparkmagazin.de\/thueringer-schiefergebirge-obere-saale\/wp-json\/wp\/v2\/posts"}],"about":[{"href":"https:\/\/www.naturparkmagazin.de\/thueringer-schiefergebirge-obere-saale\/wp-json\/wp\/v2\/types\/post"}],"author":[{"embeddable":true,"href":"https:\/\/www.naturparkmagazin.de\/thueringer-schiefergebirge-obere-saale\/wp-json\/wp\/v2\/users\/62"}],"replies":[{"embeddable":true,"href":"https:\/\/www.naturparkmagazin.de\/thueringer-schiefergebirge-obere-saale\/wp-json\/wp\/v2\/comments?post=3324"}],"version-history":[{"count":4,"href":"https:\/\/www.naturparkmagazin.de\/thueringer-schiefergebirge-obere-saale\/wp-json\/wp\/v2\/posts\/3324\/revisions"}],"predecessor-version":[{"id":3332,"href":"https:\/\/www.naturparkmagazin.de\/thueringer-schiefergebirge-obere-saale\/wp-json\/wp\/v2\/posts\/3324\/revisions\/3332"}],"wp:featuredmedia":[{"embeddable":true,"href":"https:\/\/www.naturparkmagazin.de\/thueringer-schiefergebirge-obere-saale\/wp-json\/wp\/v2\/media\/3327"}],"wp:attachment":[{"href":"https:\/\/www.naturparkmagazin.de\/thueringer-schiefergebirge-obere-saale\/wp-json\/wp\/v2\/media?parent=3324"}],"wp:term":[{"taxonomy":"category","embeddable":true,"href":"https:\/\/www.naturparkmagazin.de\/thueringer-schiefergebirge-obere-saale\/wp-json\/wp\/v2\/categories?post=3324"},{"taxonomy":"post_tag","embeddable":true,"href":"https:\/\/www.naturparkmagazin.de\/thueringer-schiefergebirge-obere-saale\/wp-json\/wp\/v2\/tags?post=3324"}],"curies":[{"name":"wp","href":"https:\/\/api.w.org\/{rel}","templated":true}]}}