{"id":3369,"date":"2019-07-17T01:00:26","date_gmt":"2019-07-16T23:00:26","guid":{"rendered":"https:\/\/www.naturparkmagazin.de\/thueringer-schiefergebirge-obere-saale\/?p=3369"},"modified":"2019-07-03T10:10:45","modified_gmt":"2019-07-03T08:10:45","slug":"libelle-des-jahres-2019","status":"publish","type":"post","link":"https:\/\/www.naturparkmagazin.de\/thueringer-schiefergebirge-obere-saale\/libelle-des-jahres-2019\/","title":{"rendered":"Libelle des Jahres 2019"},"content":{"rendered":"<div id=\"attachment_3375\" style=\"width: 310px\" class=\"wp-caption alignright\"><a href=\"https:\/\/www.naturparkmagazin.de\/thueringer-schiefergebirge-obere-saale\/wp-content\/uploads\/sites\/13\/libelle1.png\"><img aria-describedby=\"caption-attachment-3375\" decoding=\"async\" loading=\"lazy\" class=\"size-thumbnail wp-image-3375\" src=\"https:\/\/www.naturparkmagazin.de\/thueringer-schiefergebirge-obere-saale\/wp-content\/uploads\/sites\/13\/libelle1-300x254.png\" alt=\"Schwarze Heidelibelle, Weibchen \/\/ Wikipedia \/\/ Andreas Eichler\" width=\"300\" height=\"254\" srcset=\"https:\/\/www.naturparkmagazin.de\/thueringer-schiefergebirge-obere-saale\/wp-content\/uploads\/sites\/13\/libelle1-300x254.png 300w, https:\/\/www.naturparkmagazin.de\/thueringer-schiefergebirge-obere-saale\/wp-content\/uploads\/sites\/13\/libelle1.png 500w, https:\/\/www.naturparkmagazin.de\/thueringer-schiefergebirge-obere-saale\/wp-content\/uploads\/sites\/13\/libelle1-200x169.png 200w\" sizes=\"(max-width: 300px) 100vw, 300px\" \/><\/a><p id=\"caption-attachment-3375\" class=\"wp-caption-text\">Schwarze Heidelibelle, Weibchen \/\/ Wikipedia \/\/ Andreas Eichler<\/p><\/div>\n<p><strong>Die Schwarze Heidelibelle<\/strong>\n<em>Sympetrum danae<\/em><\/p>\n<p>Die Schwarze Heidelibelle geh\u00f6rt zur Gruppe der Segellibellen. Der ber\u00fchmte Heidedichter Hermann L\u00f6ns verpasste den Heidelibellen einst ihren Namen. Er beobachtete, wie die geschl\u00fcpften Insekten zur Zeit der Heidebl\u00fcte in den Mooren bzw. \u00fcber dem mit Heidekraut bewachsenem \u00d6dland flogen. Der Artname der Schwarzen Heidelibelle bezieht sich auf den K\u00f6rper der M\u00e4nnchen: Innerhalb von 8 bis 10 Tagen nach dem Schlupf f\u00e4rbt sich dieser vollkommen schwarz. Die Weibchen dunkeln in ihrer Gelbf\u00e4rbung mit der Zeit stark nach. Von insgesamt 9 Heidelibellenarten in Deutschland ist sie ist eine der kleinsten \u2013 ihre K\u00f6rperl\u00e4nge betr\u00e4gt nur rund 3 Zentimeter und die Fl\u00fcgelspannweite bis zu 5 Zentimeter.<\/p>\n<div id=\"attachment_3373\" style=\"width: 310px\" class=\"wp-caption alignleft\"><a href=\"https:\/\/www.naturparkmagazin.de\/thueringer-schiefergebirge-obere-saale\/wp-content\/uploads\/sites\/13\/libelle2.png\"><img aria-describedby=\"caption-attachment-3373\" decoding=\"async\" loading=\"lazy\" class=\"size-thumbnail wp-image-3373\" src=\"https:\/\/www.naturparkmagazin.de\/thueringer-schiefergebirge-obere-saale\/wp-content\/uploads\/sites\/13\/libelle2-300x208.png\" alt=\"Schwarze Heidelibelle, M\u00e4nnchen \/\/ Wikipedia \/\/ Friedrich B\u00f6hringer\" width=\"300\" height=\"208\" srcset=\"https:\/\/www.naturparkmagazin.de\/thueringer-schiefergebirge-obere-saale\/wp-content\/uploads\/sites\/13\/libelle2-300x208.png 300w, https:\/\/www.naturparkmagazin.de\/thueringer-schiefergebirge-obere-saale\/wp-content\/uploads\/sites\/13\/libelle2.png 500w, https:\/\/www.naturparkmagazin.de\/thueringer-schiefergebirge-obere-saale\/wp-content\/uploads\/sites\/13\/libelle2-200x138.png 200w\" sizes=\"(max-width: 300px) 100vw, 300px\" \/><\/a><p id=\"caption-attachment-3373\" class=\"wp-caption-text\">Schwarze Heidelibelle, M\u00e4nnchen \/\/ Wikipedia \/\/ Friedrich B\u00f6hringer<\/p><\/div>\n<p>Die Schwarze Heidelibelle ist ein echter Sp\u00e4tz\u00fcnder. Mit dem Schlupf hat sie es ganz und gar nicht eilig, sch\u00e4lt sich \u2013 zumindest aus Sicht der Libellen \u2013 erst sehr sp\u00e4t im Jahr aus ihrer Larvenhaut. Die Schlupfperiode beginnt in der Regel erst Mitte Juli und zieht sich bis Ende August hin. Nach dem Jungfernflug verlassen sie ihr angestammtes Gew\u00e4sser, um in angrenzenden W\u00e4ldern und \u00fcber trockenen Heidefl\u00e4chen zu jagen und zu reifen. Nach etwa 10 Tagen erscheinen zun\u00e4chst die M\u00e4nnchen am Wasser. Neugierig suchen sie den Uferrand nach Weibchen ab, w\u00e4hrend diese zun\u00e4chst auf Distanz bleiben. Daher dehnen die M\u00e4nnchen ihre Suchfl\u00fcge auf angrenzende Gebiete aus, sodass viele Paarungen abseits der Gew\u00e4sser stattfinden. Nach der Paarung fliegen die Tiere in Tandemformation zum Wasser und beginnen mit der Eiablage. Die Flugzeit kann bis in den November hinein andauern. Am liebsten sitzen die Tiere an exponierten Stellen auf Steinen, Holzst\u00fccken oder einfach auf dem Boden und sonnen sich.<\/p>\n<p>Die Gesellschaft deutschsprachiger Odonatologen hat die Schwarze Heidelibelle gemeinsam mit dem BUND zur Libelle des Jahres 2019 gek\u00fcrt. Ihren Lebensr\u00e4umen, sauren flachen T\u00fcmpeln, Weihern und Sumpfzonen, geht es zunehmend an den Kragen. Randzonen von Hoch- und \u00dcbergangsmooren oder langsam flie\u00dfende Wiesenb\u00e4che werden ebenfalls gerne besiedelt. In Th\u00fcringen findet man die Schwarze Heidelibelle unter anderem im Naturpark Th\u00fcringer Schiefergebirge\/Obere Saale vor \u2013 bevorzugt an gering bewirtschafteten und langsam versauernden Teichen. Um die vorhandenen Best\u00e4nde zu sichern, k\u00f6nnen Programme zur Extensivierung der Teichwirtschaft einen erheblichen Beitrag leisten.<\/p>\n<p>Autor: Susen Reuter<\/p>\n<p>&nbsp;<\/p>\n","protected":false},"excerpt":{"rendered":"<p>Sie ist Deutschlands kleinste Libellenart,  ein Sp\u00e4tz\u00fcnder und beh\u00e4lt gern den \u00dcberblick &#8211; die Schwarze Heidelibelle.<\/p>\n","protected":false},"author":62,"featured_media":3374,"comment_status":"open","ping_status":"open","sticky":false,"template":"","format":"standard","meta":[],"categories":[7],"tags":[],"yoast_head":"<!-- This site is optimized with the Yoast SEO plugin v19.10 - https:\/\/yoast.com\/wordpress\/plugins\/seo\/ -->\n<title>Libelle des Jahres 2019 - Naturpark Th\u00fcringer Schiefergebirge\/Obere Saale<\/title>\n<meta name=\"description\" content=\"Sie ist Deutschlands kleinste Libellenart, ein Sp\u00e4tz\u00fcnder und beh\u00e4lt gern den \u00dcberblick - die Schwarze Heidelibelle.\" \/>\n<meta name=\"robots\" content=\"index, follow, max-snippet:-1, max-image-preview:large, max-video-preview:-1\" \/>\n<link rel=\"canonical\" href=\"https:\/\/www.naturparkmagazin.de\/thueringer-schiefergebirge-obere-saale\/libelle-des-jahres-2019\/\" \/>\n<meta property=\"og:locale\" content=\"de_DE\" \/>\n<meta property=\"og:type\" content=\"article\" \/>\n<meta property=\"og:title\" content=\"Libelle des Jahres 2019 - Naturpark Th\u00fcringer Schiefergebirge\/Obere Saale\" \/>\n<meta property=\"og:description\" content=\"Sie ist Deutschlands kleinste Libellenart, ein Sp\u00e4tz\u00fcnder und beh\u00e4lt gern den \u00dcberblick - die Schwarze Heidelibelle.\" \/>\n<meta property=\"og:url\" content=\"https:\/\/www.naturparkmagazin.de\/thueringer-schiefergebirge-obere-saale\/libelle-des-jahres-2019\/\" \/>\n<meta property=\"og:site_name\" content=\"Naturpark Th\u00fcringer Schiefergebirge\/Obere Saale\" \/>\n<meta property=\"article:published_time\" content=\"2019-07-16T23:00:26+00:00\" \/>\n<meta property=\"article:modified_time\" content=\"2019-07-03T08:10:45+00:00\" \/>\n<meta property=\"og:image\" content=\"https:\/\/www.naturparkmagazin.de\/thueringer-schiefergebirge-obere-saale\/wp-content\/uploads\/sites\/13\/libelle0.png\" \/>\n\t<meta property=\"og:image:width\" content=\"200\" \/>\n\t<meta property=\"og:image:height\" content=\"200\" \/>\n\t<meta property=\"og:image:type\" content=\"image\/png\" \/>\n<meta name=\"author\" content=\"D\u00f6rthe Kirstein\" \/>\n<meta name=\"twitter:label1\" content=\"Verfasst von\" \/>\n\t<meta name=\"twitter:data1\" content=\"D\u00f6rthe Kirstein\" \/>\n\t<meta name=\"twitter:label2\" content=\"Gesch\u00e4tzte Lesezeit\" \/>\n\t<meta name=\"twitter:data2\" content=\"2\u00a0Minuten\" \/>\n<script type=\"application\/ld+json\" class=\"yoast-schema-graph\">{\"@context\":\"https:\/\/schema.org\",\"@graph\":[{\"@type\":\"WebPage\",\"@id\":\"https:\/\/www.naturparkmagazin.de\/thueringer-schiefergebirge-obere-saale\/libelle-des-jahres-2019\/\",\"url\":\"https:\/\/www.naturparkmagazin.de\/thueringer-schiefergebirge-obere-saale\/libelle-des-jahres-2019\/\",\"name\":\"Libelle des Jahres 2019 - Naturpark Th\u00fcringer Schiefergebirge\/Obere Saale\",\"isPartOf\":{\"@id\":\"https:\/\/www.naturparkmagazin.de\/thueringer-schiefergebirge-obere-saale\/#website\"},\"datePublished\":\"2019-07-16T23:00:26+00:00\",\"dateModified\":\"2019-07-03T08:10:45+00:00\",\"author\":{\"@id\":\"https:\/\/www.naturparkmagazin.de\/thueringer-schiefergebirge-obere-saale\/#\/schema\/person\/2144f2a5876d4b820ee5725f8224a275\"},\"description\":\"Sie ist Deutschlands kleinste Libellenart, ein Sp\u00e4tz\u00fcnder und beh\u00e4lt gern den \u00dcberblick - die Schwarze Heidelibelle.\",\"breadcrumb\":{\"@id\":\"https:\/\/www.naturparkmagazin.de\/thueringer-schiefergebirge-obere-saale\/libelle-des-jahres-2019\/#breadcrumb\"},\"inLanguage\":\"de\",\"potentialAction\":[{\"@type\":\"ReadAction\",\"target\":[\"https:\/\/www.naturparkmagazin.de\/thueringer-schiefergebirge-obere-saale\/libelle-des-jahres-2019\/\"]}]},{\"@type\":\"BreadcrumbList\",\"@id\":\"https:\/\/www.naturparkmagazin.de\/thueringer-schiefergebirge-obere-saale\/libelle-des-jahres-2019\/#breadcrumb\",\"itemListElement\":[{\"@type\":\"ListItem\",\"position\":1,\"name\":\"Home\",\"item\":\"https:\/\/www.naturparkmagazin.de\/thueringer-schiefergebirge-obere-saale\/\"},{\"@type\":\"ListItem\",\"position\":2,\"name\":\"Libelle des Jahres 2019\"}]},{\"@type\":\"WebSite\",\"@id\":\"https:\/\/www.naturparkmagazin.de\/thueringer-schiefergebirge-obere-saale\/#website\",\"url\":\"https:\/\/www.naturparkmagazin.de\/thueringer-schiefergebirge-obere-saale\/\",\"name\":\"Naturpark Th\u00fcringer Schiefergebirge\/Obere Saale\",\"description\":\"\",\"potentialAction\":[{\"@type\":\"SearchAction\",\"target\":{\"@type\":\"EntryPoint\",\"urlTemplate\":\"https:\/\/www.naturparkmagazin.de\/thueringer-schiefergebirge-obere-saale\/?s={search_term_string}\"},\"query-input\":\"required name=search_term_string\"}],\"inLanguage\":\"de\"},{\"@type\":\"Person\",\"@id\":\"https:\/\/www.naturparkmagazin.de\/thueringer-schiefergebirge-obere-saale\/#\/schema\/person\/2144f2a5876d4b820ee5725f8224a275\",\"name\":\"D\u00f6rthe Kirstein\",\"url\":\"https:\/\/www.naturparkmagazin.de\/thueringer-schiefergebirge-obere-saale\/author\/frauhess\/\"}]}<\/script>\n<!-- \/ Yoast SEO plugin. -->","yoast_head_json":{"title":"Libelle des Jahres 2019 - Naturpark Th\u00fcringer Schiefergebirge\/Obere Saale","description":"Sie ist Deutschlands kleinste Libellenart, ein Sp\u00e4tz\u00fcnder und beh\u00e4lt gern den \u00dcberblick - die Schwarze Heidelibelle.","robots":{"index":"index","follow":"follow","max-snippet":"max-snippet:-1","max-image-preview":"max-image-preview:large","max-video-preview":"max-video-preview:-1"},"canonical":"https:\/\/www.naturparkmagazin.de\/thueringer-schiefergebirge-obere-saale\/libelle-des-jahres-2019\/","og_locale":"de_DE","og_type":"article","og_title":"Libelle des Jahres 2019 - Naturpark Th\u00fcringer Schiefergebirge\/Obere Saale","og_description":"Sie ist Deutschlands kleinste Libellenart, ein Sp\u00e4tz\u00fcnder und beh\u00e4lt gern den \u00dcberblick - die Schwarze Heidelibelle.","og_url":"https:\/\/www.naturparkmagazin.de\/thueringer-schiefergebirge-obere-saale\/libelle-des-jahres-2019\/","og_site_name":"Naturpark Th\u00fcringer Schiefergebirge\/Obere Saale","article_published_time":"2019-07-16T23:00:26+00:00","article_modified_time":"2019-07-03T08:10:45+00:00","og_image":[{"width":200,"height":200,"url":"https:\/\/www.naturparkmagazin.de\/thueringer-schiefergebirge-obere-saale\/wp-content\/uploads\/sites\/13\/libelle0.png","type":"image\/png"}],"author":"D\u00f6rthe Kirstein","twitter_misc":{"Verfasst von":"D\u00f6rthe Kirstein","Gesch\u00e4tzte Lesezeit":"2\u00a0Minuten"},"schema":{"@context":"https:\/\/schema.org","@graph":[{"@type":"WebPage","@id":"https:\/\/www.naturparkmagazin.de\/thueringer-schiefergebirge-obere-saale\/libelle-des-jahres-2019\/","url":"https:\/\/www.naturparkmagazin.de\/thueringer-schiefergebirge-obere-saale\/libelle-des-jahres-2019\/","name":"Libelle des Jahres 2019 - Naturpark Th\u00fcringer Schiefergebirge\/Obere Saale","isPartOf":{"@id":"https:\/\/www.naturparkmagazin.de\/thueringer-schiefergebirge-obere-saale\/#website"},"datePublished":"2019-07-16T23:00:26+00:00","dateModified":"2019-07-03T08:10:45+00:00","author":{"@id":"https:\/\/www.naturparkmagazin.de\/thueringer-schiefergebirge-obere-saale\/#\/schema\/person\/2144f2a5876d4b820ee5725f8224a275"},"description":"Sie ist Deutschlands kleinste Libellenart, ein Sp\u00e4tz\u00fcnder und beh\u00e4lt gern den \u00dcberblick - die Schwarze Heidelibelle.","breadcrumb":{"@id":"https:\/\/www.naturparkmagazin.de\/thueringer-schiefergebirge-obere-saale\/libelle-des-jahres-2019\/#breadcrumb"},"inLanguage":"de","potentialAction":[{"@type":"ReadAction","target":["https:\/\/www.naturparkmagazin.de\/thueringer-schiefergebirge-obere-saale\/libelle-des-jahres-2019\/"]}]},{"@type":"BreadcrumbList","@id":"https:\/\/www.naturparkmagazin.de\/thueringer-schiefergebirge-obere-saale\/libelle-des-jahres-2019\/#breadcrumb","itemListElement":[{"@type":"ListItem","position":1,"name":"Home","item":"https:\/\/www.naturparkmagazin.de\/thueringer-schiefergebirge-obere-saale\/"},{"@type":"ListItem","position":2,"name":"Libelle des Jahres 2019"}]},{"@type":"WebSite","@id":"https:\/\/www.naturparkmagazin.de\/thueringer-schiefergebirge-obere-saale\/#website","url":"https:\/\/www.naturparkmagazin.de\/thueringer-schiefergebirge-obere-saale\/","name":"Naturpark Th\u00fcringer Schiefergebirge\/Obere Saale","description":"","potentialAction":[{"@type":"SearchAction","target":{"@type":"EntryPoint","urlTemplate":"https:\/\/www.naturparkmagazin.de\/thueringer-schiefergebirge-obere-saale\/?s={search_term_string}"},"query-input":"required name=search_term_string"}],"inLanguage":"de"},{"@type":"Person","@id":"https:\/\/www.naturparkmagazin.de\/thueringer-schiefergebirge-obere-saale\/#\/schema\/person\/2144f2a5876d4b820ee5725f8224a275","name":"D\u00f6rthe Kirstein","url":"https:\/\/www.naturparkmagazin.de\/thueringer-schiefergebirge-obere-saale\/author\/frauhess\/"}]}},"_links":{"self":[{"href":"https:\/\/www.naturparkmagazin.de\/thueringer-schiefergebirge-obere-saale\/wp-json\/wp\/v2\/posts\/3369"}],"collection":[{"href":"https:\/\/www.naturparkmagazin.de\/thueringer-schiefergebirge-obere-saale\/wp-json\/wp\/v2\/posts"}],"about":[{"href":"https:\/\/www.naturparkmagazin.de\/thueringer-schiefergebirge-obere-saale\/wp-json\/wp\/v2\/types\/post"}],"author":[{"embeddable":true,"href":"https:\/\/www.naturparkmagazin.de\/thueringer-schiefergebirge-obere-saale\/wp-json\/wp\/v2\/users\/62"}],"replies":[{"embeddable":true,"href":"https:\/\/www.naturparkmagazin.de\/thueringer-schiefergebirge-obere-saale\/wp-json\/wp\/v2\/comments?post=3369"}],"version-history":[{"count":4,"href":"https:\/\/www.naturparkmagazin.de\/thueringer-schiefergebirge-obere-saale\/wp-json\/wp\/v2\/posts\/3369\/revisions"}],"predecessor-version":[{"id":3379,"href":"https:\/\/www.naturparkmagazin.de\/thueringer-schiefergebirge-obere-saale\/wp-json\/wp\/v2\/posts\/3369\/revisions\/3379"}],"wp:featuredmedia":[{"embeddable":true,"href":"https:\/\/www.naturparkmagazin.de\/thueringer-schiefergebirge-obere-saale\/wp-json\/wp\/v2\/media\/3374"}],"wp:attachment":[{"href":"https:\/\/www.naturparkmagazin.de\/thueringer-schiefergebirge-obere-saale\/wp-json\/wp\/v2\/media?parent=3369"}],"wp:term":[{"taxonomy":"category","embeddable":true,"href":"https:\/\/www.naturparkmagazin.de\/thueringer-schiefergebirge-obere-saale\/wp-json\/wp\/v2\/categories?post=3369"},{"taxonomy":"post_tag","embeddable":true,"href":"https:\/\/www.naturparkmagazin.de\/thueringer-schiefergebirge-obere-saale\/wp-json\/wp\/v2\/tags?post=3369"}],"curies":[{"name":"wp","href":"https:\/\/api.w.org\/{rel}","templated":true}]}}