{"id":3622,"date":"2020-11-13T00:00:49","date_gmt":"2020-11-12T23:00:49","guid":{"rendered":"https:\/\/www.naturparkmagazin.de\/thueringer-schiefergebirge-obere-saale\/?p=3622"},"modified":"2020-11-02T15:11:33","modified_gmt":"2020-11-02T14:11:33","slug":"flechte-des-jahres-2020","status":"publish","type":"post","link":"https:\/\/www.naturparkmagazin.de\/thueringer-schiefergebirge-obere-saale\/flechte-des-jahres-2020\/","title":{"rendered":"Flechte des Jahres 2020"},"content":{"rendered":"<p><strong>Die Finger-Scharlachflechte<\/strong>\n<em>(Cladonia digitata)<\/em><\/p>\n<div id=\"attachment_3624\" style=\"width: 310px\" class=\"wp-caption alignright\"><a href=\"https:\/\/www.naturparkmagazin.de\/thueringer-schiefergebirge-obere-saale\/wp-content\/uploads\/sites\/13\/flechte11.png\"><img aria-describedby=\"caption-attachment-3624\" decoding=\"async\" loading=\"lazy\" class=\"size-thumbnail wp-image-3624\" src=\"https:\/\/www.naturparkmagazin.de\/thueringer-schiefergebirge-obere-saale\/wp-content\/uploads\/sites\/13\/flechte11-300x225.png\" alt=\"Finger-Scharlachflechte \/\/ BLAM \/\/ Wolfgang von Brackel\" width=\"300\" height=\"225\" srcset=\"https:\/\/www.naturparkmagazin.de\/thueringer-schiefergebirge-obere-saale\/wp-content\/uploads\/sites\/13\/flechte11-300x225.png 300w, https:\/\/www.naturparkmagazin.de\/thueringer-schiefergebirge-obere-saale\/wp-content\/uploads\/sites\/13\/flechte11-420x315.png 420w, https:\/\/www.naturparkmagazin.de\/thueringer-schiefergebirge-obere-saale\/wp-content\/uploads\/sites\/13\/flechte11-180x135.png 180w, https:\/\/www.naturparkmagazin.de\/thueringer-schiefergebirge-obere-saale\/wp-content\/uploads\/sites\/13\/flechte11-95x71.png 95w, https:\/\/www.naturparkmagazin.de\/thueringer-schiefergebirge-obere-saale\/wp-content\/uploads\/sites\/13\/flechte11.png 500w, https:\/\/www.naturparkmagazin.de\/thueringer-schiefergebirge-obere-saale\/wp-content\/uploads\/sites\/13\/flechte11-200x150.png 200w\" sizes=\"(max-width: 300px) 100vw, 300px\" \/><\/a><p id=\"caption-attachment-3624\" class=\"wp-caption-text\">Finger-Scharlachflechte \/\/ BLAM \/\/ Wolfgang von Brackel<\/p><\/div>\n<p>Die Finger-Scharlachflechte f\u00e4llt beim genauen Durchstreifen ihrer Lebensr\u00e4ume schnell ins Auge: Knallrote\u00a0Fruchtk\u00f6rper sitzen wie kleine K\u00fcgelchen auf den aufrechten St\u00e4mmchen. Die St\u00e4mmchen selbst sind am\u00a0oberen Ende wie kleine Becher oder Trichter geformt und haben \u2013 daher der Name \u2013 fingerartige Fortsetze.<\/p>\n<p>Am wohlsten f\u00fchlt sich die Flechtenart dort, wo es n\u00e4hrstoffarm ist. Hier besiedelt sie morsches Holz oder\u00a0den Stammbereich von B\u00e4umen, insbesondere von Kiefern, Fichten und Birken. Ansonsten gedeiht sie auch\u00a0auf Rohhumus, Moosen und Torf. Obwohl die Finger-Scharlachflechte viel Feuchtigkeit aus der Luft\u00a0ben\u00f6tigt, kann sie mit trockenen Perioden gut umgehen und diese unbeschadet \u00fcberstehen.<\/p>\n<div id=\"attachment_3627\" style=\"width: 310px\" class=\"wp-caption alignleft\"><a href=\"https:\/\/www.naturparkmagazin.de\/thueringer-schiefergebirge-obere-saale\/wp-content\/uploads\/sites\/13\/flechte21.png\"><img aria-describedby=\"caption-attachment-3627\" decoding=\"async\" loading=\"lazy\" class=\"size-thumbnail wp-image-3627\" src=\"https:\/\/www.naturparkmagazin.de\/thueringer-schiefergebirge-obere-saale\/wp-content\/uploads\/sites\/13\/flechte21-300x200.png\" alt=\"Finger-Scharlachflechte \/\/ Susen Reuter\" width=\"300\" height=\"200\" srcset=\"https:\/\/www.naturparkmagazin.de\/thueringer-schiefergebirge-obere-saale\/wp-content\/uploads\/sites\/13\/flechte21-300x200.png 300w, https:\/\/www.naturparkmagazin.de\/thueringer-schiefergebirge-obere-saale\/wp-content\/uploads\/sites\/13\/flechte21.png 500w, https:\/\/www.naturparkmagazin.de\/thueringer-schiefergebirge-obere-saale\/wp-content\/uploads\/sites\/13\/flechte21-200x133.png 200w\" sizes=\"(max-width: 300px) 100vw, 300px\" \/><\/a><p id=\"caption-attachment-3627\" class=\"wp-caption-text\">Finger-Scharlachflechte \/\/ Susen Reuter<\/p><\/div>\n<p>Ihre Lebensr\u00e4ume ziehen sich \u00fcber weite Teile Europas, Nordamerikas und Asiens, wobei grunds\u00e4tzlich\u00a0k\u00fchlere Regionen bevorzugt werden. So kommt sie Europa von den h\u00f6heren Gebirgen Siziliens bis in den\u00a0n\u00f6rdlichsten Zipfel Spitzbergens vor. Mit dem massenhaften Anlegen von Nadelholz-Monokulturen hat sich\u00a0die Finger-Scharlachflechte in der zweiten H\u00e4lfte des 20. Jahrhunderts gut in den W\u00e4ldern Deutschlands\u00a0ausbreiten k\u00f6nnen. Allerdings bleibt abzuwarten, wie sie mit der Klimaerw\u00e4rmung einerseits, und einem\u00a0steigenden N\u00e4hrstoffeintrag andererseits zurechtkommt. Experten gehen davon aus, dass es vor allem in\u00a0trocken-warmen Regionen zu einem R\u00fcckgang der Art kommen kann.<\/p>\n<p>Autor: Susen Reuter<\/p>\n<p>&nbsp;<\/p>\n","protected":false},"excerpt":{"rendered":"<p>Sie ist klein, aber auff\u00e4llig durch ihre roten Fruchtk\u00f6rper und in Europa noch weit verbreitet &#8211; die Finger-Scharlachflechte.<\/p>\n","protected":false},"author":62,"featured_media":3625,"comment_status":"open","ping_status":"open","sticky":false,"template":"","format":"standard","meta":[],"categories":[7],"tags":[],"yoast_head":"<!-- This site is optimized with the Yoast SEO plugin v19.10 - https:\/\/yoast.com\/wordpress\/plugins\/seo\/ -->\n<title>Flechte des Jahres 2020 - Naturpark Th\u00fcringer Schiefergebirge\/Obere Saale<\/title>\n<meta name=\"description\" content=\"Sie ist klein, aber auff\u00e4llig durch ihre roten Fruchtk\u00f6rper und in Europa noch weit verbreitet - die Finger-Scharlachflechte.\" \/>\n<meta name=\"robots\" content=\"index, follow, max-snippet:-1, max-image-preview:large, max-video-preview:-1\" \/>\n<link rel=\"canonical\" href=\"https:\/\/www.naturparkmagazin.de\/thueringer-schiefergebirge-obere-saale\/flechte-des-jahres-2020\/\" \/>\n<meta property=\"og:locale\" content=\"de_DE\" \/>\n<meta property=\"og:type\" content=\"article\" \/>\n<meta property=\"og:title\" content=\"Flechte des Jahres 2020 - Naturpark Th\u00fcringer Schiefergebirge\/Obere Saale\" \/>\n<meta property=\"og:description\" content=\"Sie ist klein, aber auff\u00e4llig durch ihre roten Fruchtk\u00f6rper und in Europa noch weit verbreitet - die Finger-Scharlachflechte.\" \/>\n<meta property=\"og:url\" content=\"https:\/\/www.naturparkmagazin.de\/thueringer-schiefergebirge-obere-saale\/flechte-des-jahres-2020\/\" \/>\n<meta property=\"og:site_name\" content=\"Naturpark Th\u00fcringer Schiefergebirge\/Obere Saale\" \/>\n<meta property=\"article:published_time\" content=\"2020-11-12T23:00:49+00:00\" \/>\n<meta property=\"article:modified_time\" content=\"2020-11-02T14:11:33+00:00\" \/>\n<meta property=\"og:image\" content=\"https:\/\/www.naturparkmagazin.de\/thueringer-schiefergebirge-obere-saale\/wp-content\/uploads\/sites\/13\/flechte0.png\" \/>\n\t<meta property=\"og:image:width\" content=\"200\" \/>\n\t<meta property=\"og:image:height\" content=\"200\" \/>\n\t<meta property=\"og:image:type\" content=\"image\/png\" \/>\n<meta name=\"author\" content=\"D\u00f6rthe Kirstein\" \/>\n<meta name=\"twitter:label1\" content=\"Verfasst von\" \/>\n\t<meta name=\"twitter:data1\" content=\"D\u00f6rthe Kirstein\" \/>\n\t<meta name=\"twitter:label2\" content=\"Gesch\u00e4tzte Lesezeit\" \/>\n\t<meta name=\"twitter:data2\" content=\"1\u00a0Minute\" \/>\n<script type=\"application\/ld+json\" class=\"yoast-schema-graph\">{\"@context\":\"https:\/\/schema.org\",\"@graph\":[{\"@type\":\"WebPage\",\"@id\":\"https:\/\/www.naturparkmagazin.de\/thueringer-schiefergebirge-obere-saale\/flechte-des-jahres-2020\/\",\"url\":\"https:\/\/www.naturparkmagazin.de\/thueringer-schiefergebirge-obere-saale\/flechte-des-jahres-2020\/\",\"name\":\"Flechte des Jahres 2020 - Naturpark Th\u00fcringer Schiefergebirge\/Obere Saale\",\"isPartOf\":{\"@id\":\"https:\/\/www.naturparkmagazin.de\/thueringer-schiefergebirge-obere-saale\/#website\"},\"datePublished\":\"2020-11-12T23:00:49+00:00\",\"dateModified\":\"2020-11-02T14:11:33+00:00\",\"author\":{\"@id\":\"https:\/\/www.naturparkmagazin.de\/thueringer-schiefergebirge-obere-saale\/#\/schema\/person\/2144f2a5876d4b820ee5725f8224a275\"},\"description\":\"Sie ist klein, aber auff\u00e4llig durch ihre roten Fruchtk\u00f6rper und in Europa noch weit verbreitet - die Finger-Scharlachflechte.\",\"breadcrumb\":{\"@id\":\"https:\/\/www.naturparkmagazin.de\/thueringer-schiefergebirge-obere-saale\/flechte-des-jahres-2020\/#breadcrumb\"},\"inLanguage\":\"de\",\"potentialAction\":[{\"@type\":\"ReadAction\",\"target\":[\"https:\/\/www.naturparkmagazin.de\/thueringer-schiefergebirge-obere-saale\/flechte-des-jahres-2020\/\"]}]},{\"@type\":\"BreadcrumbList\",\"@id\":\"https:\/\/www.naturparkmagazin.de\/thueringer-schiefergebirge-obere-saale\/flechte-des-jahres-2020\/#breadcrumb\",\"itemListElement\":[{\"@type\":\"ListItem\",\"position\":1,\"name\":\"Home\",\"item\":\"https:\/\/www.naturparkmagazin.de\/thueringer-schiefergebirge-obere-saale\/\"},{\"@type\":\"ListItem\",\"position\":2,\"name\":\"Flechte des Jahres 2020\"}]},{\"@type\":\"WebSite\",\"@id\":\"https:\/\/www.naturparkmagazin.de\/thueringer-schiefergebirge-obere-saale\/#website\",\"url\":\"https:\/\/www.naturparkmagazin.de\/thueringer-schiefergebirge-obere-saale\/\",\"name\":\"Naturpark Th\u00fcringer Schiefergebirge\/Obere Saale\",\"description\":\"\",\"potentialAction\":[{\"@type\":\"SearchAction\",\"target\":{\"@type\":\"EntryPoint\",\"urlTemplate\":\"https:\/\/www.naturparkmagazin.de\/thueringer-schiefergebirge-obere-saale\/?s={search_term_string}\"},\"query-input\":\"required name=search_term_string\"}],\"inLanguage\":\"de\"},{\"@type\":\"Person\",\"@id\":\"https:\/\/www.naturparkmagazin.de\/thueringer-schiefergebirge-obere-saale\/#\/schema\/person\/2144f2a5876d4b820ee5725f8224a275\",\"name\":\"D\u00f6rthe Kirstein\",\"url\":\"https:\/\/www.naturparkmagazin.de\/thueringer-schiefergebirge-obere-saale\/author\/frauhess\/\"}]}<\/script>\n<!-- \/ Yoast SEO plugin. -->","yoast_head_json":{"title":"Flechte des Jahres 2020 - Naturpark Th\u00fcringer Schiefergebirge\/Obere Saale","description":"Sie ist klein, aber auff\u00e4llig durch ihre roten Fruchtk\u00f6rper und in Europa noch weit verbreitet - die Finger-Scharlachflechte.","robots":{"index":"index","follow":"follow","max-snippet":"max-snippet:-1","max-image-preview":"max-image-preview:large","max-video-preview":"max-video-preview:-1"},"canonical":"https:\/\/www.naturparkmagazin.de\/thueringer-schiefergebirge-obere-saale\/flechte-des-jahres-2020\/","og_locale":"de_DE","og_type":"article","og_title":"Flechte des Jahres 2020 - Naturpark Th\u00fcringer Schiefergebirge\/Obere Saale","og_description":"Sie ist klein, aber auff\u00e4llig durch ihre roten Fruchtk\u00f6rper und in Europa noch weit verbreitet - die Finger-Scharlachflechte.","og_url":"https:\/\/www.naturparkmagazin.de\/thueringer-schiefergebirge-obere-saale\/flechte-des-jahres-2020\/","og_site_name":"Naturpark Th\u00fcringer Schiefergebirge\/Obere Saale","article_published_time":"2020-11-12T23:00:49+00:00","article_modified_time":"2020-11-02T14:11:33+00:00","og_image":[{"width":200,"height":200,"url":"https:\/\/www.naturparkmagazin.de\/thueringer-schiefergebirge-obere-saale\/wp-content\/uploads\/sites\/13\/flechte0.png","type":"image\/png"}],"author":"D\u00f6rthe Kirstein","twitter_misc":{"Verfasst von":"D\u00f6rthe Kirstein","Gesch\u00e4tzte Lesezeit":"1\u00a0Minute"},"schema":{"@context":"https:\/\/schema.org","@graph":[{"@type":"WebPage","@id":"https:\/\/www.naturparkmagazin.de\/thueringer-schiefergebirge-obere-saale\/flechte-des-jahres-2020\/","url":"https:\/\/www.naturparkmagazin.de\/thueringer-schiefergebirge-obere-saale\/flechte-des-jahres-2020\/","name":"Flechte des Jahres 2020 - Naturpark Th\u00fcringer Schiefergebirge\/Obere Saale","isPartOf":{"@id":"https:\/\/www.naturparkmagazin.de\/thueringer-schiefergebirge-obere-saale\/#website"},"datePublished":"2020-11-12T23:00:49+00:00","dateModified":"2020-11-02T14:11:33+00:00","author":{"@id":"https:\/\/www.naturparkmagazin.de\/thueringer-schiefergebirge-obere-saale\/#\/schema\/person\/2144f2a5876d4b820ee5725f8224a275"},"description":"Sie ist klein, aber auff\u00e4llig durch ihre roten Fruchtk\u00f6rper und in Europa noch weit verbreitet - die Finger-Scharlachflechte.","breadcrumb":{"@id":"https:\/\/www.naturparkmagazin.de\/thueringer-schiefergebirge-obere-saale\/flechte-des-jahres-2020\/#breadcrumb"},"inLanguage":"de","potentialAction":[{"@type":"ReadAction","target":["https:\/\/www.naturparkmagazin.de\/thueringer-schiefergebirge-obere-saale\/flechte-des-jahres-2020\/"]}]},{"@type":"BreadcrumbList","@id":"https:\/\/www.naturparkmagazin.de\/thueringer-schiefergebirge-obere-saale\/flechte-des-jahres-2020\/#breadcrumb","itemListElement":[{"@type":"ListItem","position":1,"name":"Home","item":"https:\/\/www.naturparkmagazin.de\/thueringer-schiefergebirge-obere-saale\/"},{"@type":"ListItem","position":2,"name":"Flechte des Jahres 2020"}]},{"@type":"WebSite","@id":"https:\/\/www.naturparkmagazin.de\/thueringer-schiefergebirge-obere-saale\/#website","url":"https:\/\/www.naturparkmagazin.de\/thueringer-schiefergebirge-obere-saale\/","name":"Naturpark Th\u00fcringer Schiefergebirge\/Obere Saale","description":"","potentialAction":[{"@type":"SearchAction","target":{"@type":"EntryPoint","urlTemplate":"https:\/\/www.naturparkmagazin.de\/thueringer-schiefergebirge-obere-saale\/?s={search_term_string}"},"query-input":"required name=search_term_string"}],"inLanguage":"de"},{"@type":"Person","@id":"https:\/\/www.naturparkmagazin.de\/thueringer-schiefergebirge-obere-saale\/#\/schema\/person\/2144f2a5876d4b820ee5725f8224a275","name":"D\u00f6rthe Kirstein","url":"https:\/\/www.naturparkmagazin.de\/thueringer-schiefergebirge-obere-saale\/author\/frauhess\/"}]}},"_links":{"self":[{"href":"https:\/\/www.naturparkmagazin.de\/thueringer-schiefergebirge-obere-saale\/wp-json\/wp\/v2\/posts\/3622"}],"collection":[{"href":"https:\/\/www.naturparkmagazin.de\/thueringer-schiefergebirge-obere-saale\/wp-json\/wp\/v2\/posts"}],"about":[{"href":"https:\/\/www.naturparkmagazin.de\/thueringer-schiefergebirge-obere-saale\/wp-json\/wp\/v2\/types\/post"}],"author":[{"embeddable":true,"href":"https:\/\/www.naturparkmagazin.de\/thueringer-schiefergebirge-obere-saale\/wp-json\/wp\/v2\/users\/62"}],"replies":[{"embeddable":true,"href":"https:\/\/www.naturparkmagazin.de\/thueringer-schiefergebirge-obere-saale\/wp-json\/wp\/v2\/comments?post=3622"}],"version-history":[{"count":2,"href":"https:\/\/www.naturparkmagazin.de\/thueringer-schiefergebirge-obere-saale\/wp-json\/wp\/v2\/posts\/3622\/revisions"}],"predecessor-version":[{"id":3628,"href":"https:\/\/www.naturparkmagazin.de\/thueringer-schiefergebirge-obere-saale\/wp-json\/wp\/v2\/posts\/3622\/revisions\/3628"}],"wp:featuredmedia":[{"embeddable":true,"href":"https:\/\/www.naturparkmagazin.de\/thueringer-schiefergebirge-obere-saale\/wp-json\/wp\/v2\/media\/3625"}],"wp:attachment":[{"href":"https:\/\/www.naturparkmagazin.de\/thueringer-schiefergebirge-obere-saale\/wp-json\/wp\/v2\/media?parent=3622"}],"wp:term":[{"taxonomy":"category","embeddable":true,"href":"https:\/\/www.naturparkmagazin.de\/thueringer-schiefergebirge-obere-saale\/wp-json\/wp\/v2\/categories?post=3622"},{"taxonomy":"post_tag","embeddable":true,"href":"https:\/\/www.naturparkmagazin.de\/thueringer-schiefergebirge-obere-saale\/wp-json\/wp\/v2\/tags?post=3622"}],"curies":[{"name":"wp","href":"https:\/\/api.w.org\/{rel}","templated":true}]}}