{"id":3656,"date":"2021-02-15T00:00:41","date_gmt":"2021-02-14T23:00:41","guid":{"rendered":"https:\/\/www.naturparkmagazin.de\/thueringer-schiefergebirge-obere-saale\/?p=3656"},"modified":"2021-02-15T11:15:55","modified_gmt":"2021-02-15T10:15:55","slug":"reptil-des-jahres-2021","status":"publish","type":"post","link":"https:\/\/www.naturparkmagazin.de\/thueringer-schiefergebirge-obere-saale\/reptil-des-jahres-2021\/","title":{"rendered":"Reptil des Jahres 2021"},"content":{"rendered":"<p><strong>Die Zauneidechse<\/strong>\n<em>(Lacerta agilis)<\/em><\/p>\n<p><a href=\"https:\/\/www.naturparkmagazin.de\/thueringer-schiefergebirge-obere-saale\/wp-content\/uploads\/sites\/13\/echse11.png\"><img decoding=\"async\" loading=\"lazy\" class=\"alignright size-thumbnail wp-image-3660\" src=\"https:\/\/www.naturparkmagazin.de\/thueringer-schiefergebirge-obere-saale\/wp-content\/uploads\/sites\/13\/echse11-300x200.png\" alt=\"Zauneidechse M\u00e4nnchen\/DGHT Brandenburg_Benny Trapp\" width=\"300\" height=\"200\" srcset=\"https:\/\/www.naturparkmagazin.de\/thueringer-schiefergebirge-obere-saale\/wp-content\/uploads\/sites\/13\/echse11-300x200.png 300w, https:\/\/www.naturparkmagazin.de\/thueringer-schiefergebirge-obere-saale\/wp-content\/uploads\/sites\/13\/echse11.png 500w, https:\/\/www.naturparkmagazin.de\/thueringer-schiefergebirge-obere-saale\/wp-content\/uploads\/sites\/13\/echse11-200x133.png 200w\" sizes=\"(max-width: 300px) 100vw, 300px\" \/><\/a>Wie der Name schon vermuten l\u00e4sst, ist die Zauneidechse ein Grenzg\u00e4nger: Sie mag naturnahe und trockene\u00a0Waldr\u00e4nder, Feldraine, Wegr\u00e4nder und Bahnd\u00e4mme. Man findet sie aber auch in Parkanlagen und Wildg\u00e4rten. Im Fr\u00fchling ist die Zeit gekommen, in der Zauneidechsen aktiv werden: Ab M\u00e4rz kehren sie langsam aus ihren\u00a0Winterverstecken an die Oberfl\u00e4che zur\u00fcck. Dann wird sich erstmal kr\u00e4ftig der Bauch vollgeschlagen. Auf den Tisch kommt, was erbeutet wird: Heuschrecken, K\u00e4fer und deren Larven, Schmetterlinge, Ameisen, Spinnen bis hin zu Regenw\u00fcrmer und Schnecken. Lieblingstrank sind frische Tau- und Regentropfen.<\/p>\n<div id=\"attachment_3658\" style=\"width: 310px\" class=\"wp-caption alignleft\"><a href=\"https:\/\/www.naturparkmagazin.de\/thueringer-schiefergebirge-obere-saale\/wp-content\/uploads\/sites\/13\/echse21.png\"><img aria-describedby=\"caption-attachment-3658\" decoding=\"async\" loading=\"lazy\" class=\"size-thumbnail wp-image-3658\" src=\"https:\/\/www.naturparkmagazin.de\/thueringer-schiefergebirge-obere-saale\/wp-content\/uploads\/sites\/13\/echse21-300x200.png\" alt=\"Zauneidechsenpaar\/DGHT_Andreas Meyer\" width=\"300\" height=\"200\" srcset=\"https:\/\/www.naturparkmagazin.de\/thueringer-schiefergebirge-obere-saale\/wp-content\/uploads\/sites\/13\/echse21-300x200.png 300w, https:\/\/www.naturparkmagazin.de\/thueringer-schiefergebirge-obere-saale\/wp-content\/uploads\/sites\/13\/echse21.png 500w, https:\/\/www.naturparkmagazin.de\/thueringer-schiefergebirge-obere-saale\/wp-content\/uploads\/sites\/13\/echse21-200x133.png 200w\" sizes=\"(max-width: 300px) 100vw, 300px\" \/><\/a><p id=\"caption-attachment-3658\" class=\"wp-caption-text\">Zauneidechsenpaar\/DGHT_Andreas Meyer<\/p><\/div>\n<p>Zauneidechsen sind echte Sonnenanbeter \u2013 mit den ersten Strahlen am Morgen w\u00e4rmen sie ihren K\u00f6rper auf, um auf entsprechende Betriebstemperatur zu kommen. Zu favorisierten Sonnenpl\u00e4tzen geh\u00f6ren Totholz, L\u00fccken in einer nicht zu hohen Grasschicht, Kies- und Holzhaufen oder gr\u00f6\u00dfere Steine. Wer im Naturpark Th\u00fcringer\nSchiefergebirge\/Obere Saale unterwegs ist, sollte an solchen Orten genauer hinschauen, mitunter ergibt sich eine wunderbare Gelegenheit f\u00fcr ein Foto vom scheuen Reptil. Wichtig ist der Zauneidechse, dass bei Bedrohung sofortiges Untertauchen m\u00f6glich ist. Bei akuter Gefahr kann sie einen Teil des Schwanzes abwerfen \u2013 der Feind ist vom zuckenden Anh\u00e4ngsel hoffentlich gen\u00fcgend abgelenkt. Die Schwanzspitze bildet sich sp\u00e4ter erneut aus, allerdings bleibt er dann k\u00fcrzer. Wird die Mittagssonne doch zu hei\u00df, sucht das Reptil Schattenpl\u00e4tze im Geb\u00fcsch auf oder verschwindet zur\u00fcck im gem\u00fctlichen Zauneidechsenhaus: in Erdl\u00f6chern, in Steinhaufen und Felsspalten, unter Rinden oder Reisighaufen.<\/p>\n<p>Sind die Fett- und Energiereserven ausreichend gef\u00fcllt und hat die erste H\u00e4utung den M\u00e4nnchen ein smaragdgr\u00fcnes Hochzeits-Outfit beschert, beginnt im April die kr\u00e4ftezehrende Paarungszeit. Und die hat es in sich! Zauneidechsendamen d\u00fcrfen jedenfalls nicht zimperlich sein, denn es kommt zum sogenannten Paarungsbiss: Das\nM\u00e4nnchen ergreift mit seinen Kiefern die Schwanzmitte des Weibchens, kr\u00fcmmt dabei seinen K\u00f6rper, so dass eine Paarung stattfinden kann. Zur Eiablage sucht die Zauneidechse sandige und besonnte Pl\u00e4tze auf. Das Weibchen gr\u00e4bt kleine L\u00f6cher und setzt darin weichschalige Eier ab. Je nach Umgebungstemperatur schl\u00fcpfen die Jungtiere nach sp\u00e4testens zwei Monaten. Ab Anfang August beginnt in Mitteleuropa bereits der R\u00fcckzug in die Winterquartiere.<\/p>\n<p>Obwohl Zauneidechsen nach Bundesnaturschutzgesetz streng gesch\u00fctzt sind, verschwindet die Art zunehmend mit unseren ausger\u00e4umten Landschaften. In der \u201eRote Liste\u201c wird sie als Vorwarnart gef\u00fchrt. Eine Vermeidung von Eingriffen in ihre Lebensr\u00e4ume kann helfen, dass sich die Populationen der Zauneidechse wieder erholen.<\/p>\n<p>Autor: Susen Reuter<\/p>\n<p>&nbsp;<\/p>\n","protected":false},"excerpt":{"rendered":"<p>Sie ist ein fotogener Grenzg\u00e4nger, lebt versteckt, ern\u00e4hrt sich von allerlei Getier und bezieht schon im Sommer ihr Winterquartier &#8211; die Zauneidechse.<\/p>\n","protected":false},"author":62,"featured_media":3659,"comment_status":"open","ping_status":"open","sticky":false,"template":"","format":"standard","meta":[],"categories":[7],"tags":[],"yoast_head":"<!-- This site is optimized with the Yoast SEO plugin v19.10 - https:\/\/yoast.com\/wordpress\/plugins\/seo\/ -->\n<title>Reptil des Jahres 2021 - Naturpark Th\u00fcringer Schiefergebirge\/Obere Saale<\/title>\n<meta name=\"description\" content=\"Sie ist ein fotogener Grenzg\u00e4nger, lebt versteckt, ern\u00e4hrt sich von allerlei Getier und bezieht schon im Sommer ihr Winterquartier - die Zauneidechse.\" \/>\n<meta name=\"robots\" content=\"index, follow, max-snippet:-1, max-image-preview:large, max-video-preview:-1\" \/>\n<link rel=\"canonical\" href=\"https:\/\/www.naturparkmagazin.de\/thueringer-schiefergebirge-obere-saale\/reptil-des-jahres-2021\/\" \/>\n<meta property=\"og:locale\" content=\"de_DE\" \/>\n<meta property=\"og:type\" content=\"article\" \/>\n<meta property=\"og:title\" content=\"Reptil des Jahres 2021 - Naturpark Th\u00fcringer Schiefergebirge\/Obere Saale\" \/>\n<meta property=\"og:description\" content=\"Sie ist ein fotogener Grenzg\u00e4nger, lebt versteckt, ern\u00e4hrt sich von allerlei Getier und bezieht schon im Sommer ihr Winterquartier - die Zauneidechse.\" \/>\n<meta property=\"og:url\" content=\"https:\/\/www.naturparkmagazin.de\/thueringer-schiefergebirge-obere-saale\/reptil-des-jahres-2021\/\" \/>\n<meta property=\"og:site_name\" content=\"Naturpark Th\u00fcringer Schiefergebirge\/Obere Saale\" \/>\n<meta property=\"article:published_time\" content=\"2021-02-14T23:00:41+00:00\" \/>\n<meta property=\"article:modified_time\" content=\"2021-02-15T10:15:55+00:00\" \/>\n<meta property=\"og:image\" content=\"https:\/\/www.naturparkmagazin.de\/thueringer-schiefergebirge-obere-saale\/wp-content\/uploads\/sites\/13\/echse01.png\" \/>\n\t<meta property=\"og:image:width\" content=\"200\" \/>\n\t<meta property=\"og:image:height\" content=\"200\" \/>\n\t<meta property=\"og:image:type\" content=\"image\/png\" \/>\n<meta name=\"author\" content=\"D\u00f6rthe Kirstein\" \/>\n<meta name=\"twitter:label1\" content=\"Verfasst von\" \/>\n\t<meta name=\"twitter:data1\" content=\"D\u00f6rthe Kirstein\" \/>\n\t<meta name=\"twitter:label2\" content=\"Gesch\u00e4tzte Lesezeit\" \/>\n\t<meta name=\"twitter:data2\" content=\"2\u00a0Minuten\" \/>\n<script type=\"application\/ld+json\" class=\"yoast-schema-graph\">{\"@context\":\"https:\/\/schema.org\",\"@graph\":[{\"@type\":\"WebPage\",\"@id\":\"https:\/\/www.naturparkmagazin.de\/thueringer-schiefergebirge-obere-saale\/reptil-des-jahres-2021\/\",\"url\":\"https:\/\/www.naturparkmagazin.de\/thueringer-schiefergebirge-obere-saale\/reptil-des-jahres-2021\/\",\"name\":\"Reptil des Jahres 2021 - Naturpark Th\u00fcringer Schiefergebirge\/Obere Saale\",\"isPartOf\":{\"@id\":\"https:\/\/www.naturparkmagazin.de\/thueringer-schiefergebirge-obere-saale\/#website\"},\"datePublished\":\"2021-02-14T23:00:41+00:00\",\"dateModified\":\"2021-02-15T10:15:55+00:00\",\"author\":{\"@id\":\"https:\/\/www.naturparkmagazin.de\/thueringer-schiefergebirge-obere-saale\/#\/schema\/person\/2144f2a5876d4b820ee5725f8224a275\"},\"description\":\"Sie ist ein fotogener Grenzg\u00e4nger, lebt versteckt, ern\u00e4hrt sich von allerlei Getier und bezieht schon im Sommer ihr Winterquartier - die Zauneidechse.\",\"breadcrumb\":{\"@id\":\"https:\/\/www.naturparkmagazin.de\/thueringer-schiefergebirge-obere-saale\/reptil-des-jahres-2021\/#breadcrumb\"},\"inLanguage\":\"de\",\"potentialAction\":[{\"@type\":\"ReadAction\",\"target\":[\"https:\/\/www.naturparkmagazin.de\/thueringer-schiefergebirge-obere-saale\/reptil-des-jahres-2021\/\"]}]},{\"@type\":\"BreadcrumbList\",\"@id\":\"https:\/\/www.naturparkmagazin.de\/thueringer-schiefergebirge-obere-saale\/reptil-des-jahres-2021\/#breadcrumb\",\"itemListElement\":[{\"@type\":\"ListItem\",\"position\":1,\"name\":\"Home\",\"item\":\"https:\/\/www.naturparkmagazin.de\/thueringer-schiefergebirge-obere-saale\/\"},{\"@type\":\"ListItem\",\"position\":2,\"name\":\"Reptil des Jahres 2021\"}]},{\"@type\":\"WebSite\",\"@id\":\"https:\/\/www.naturparkmagazin.de\/thueringer-schiefergebirge-obere-saale\/#website\",\"url\":\"https:\/\/www.naturparkmagazin.de\/thueringer-schiefergebirge-obere-saale\/\",\"name\":\"Naturpark Th\u00fcringer Schiefergebirge\/Obere Saale\",\"description\":\"\",\"potentialAction\":[{\"@type\":\"SearchAction\",\"target\":{\"@type\":\"EntryPoint\",\"urlTemplate\":\"https:\/\/www.naturparkmagazin.de\/thueringer-schiefergebirge-obere-saale\/?s={search_term_string}\"},\"query-input\":\"required name=search_term_string\"}],\"inLanguage\":\"de\"},{\"@type\":\"Person\",\"@id\":\"https:\/\/www.naturparkmagazin.de\/thueringer-schiefergebirge-obere-saale\/#\/schema\/person\/2144f2a5876d4b820ee5725f8224a275\",\"name\":\"D\u00f6rthe Kirstein\",\"url\":\"https:\/\/www.naturparkmagazin.de\/thueringer-schiefergebirge-obere-saale\/author\/frauhess\/\"}]}<\/script>\n<!-- \/ Yoast SEO plugin. -->","yoast_head_json":{"title":"Reptil des Jahres 2021 - Naturpark Th\u00fcringer Schiefergebirge\/Obere Saale","description":"Sie ist ein fotogener Grenzg\u00e4nger, lebt versteckt, ern\u00e4hrt sich von allerlei Getier und bezieht schon im Sommer ihr Winterquartier - die Zauneidechse.","robots":{"index":"index","follow":"follow","max-snippet":"max-snippet:-1","max-image-preview":"max-image-preview:large","max-video-preview":"max-video-preview:-1"},"canonical":"https:\/\/www.naturparkmagazin.de\/thueringer-schiefergebirge-obere-saale\/reptil-des-jahres-2021\/","og_locale":"de_DE","og_type":"article","og_title":"Reptil des Jahres 2021 - Naturpark Th\u00fcringer Schiefergebirge\/Obere Saale","og_description":"Sie ist ein fotogener Grenzg\u00e4nger, lebt versteckt, ern\u00e4hrt sich von allerlei Getier und bezieht schon im Sommer ihr Winterquartier - die Zauneidechse.","og_url":"https:\/\/www.naturparkmagazin.de\/thueringer-schiefergebirge-obere-saale\/reptil-des-jahres-2021\/","og_site_name":"Naturpark Th\u00fcringer Schiefergebirge\/Obere Saale","article_published_time":"2021-02-14T23:00:41+00:00","article_modified_time":"2021-02-15T10:15:55+00:00","og_image":[{"width":200,"height":200,"url":"https:\/\/www.naturparkmagazin.de\/thueringer-schiefergebirge-obere-saale\/wp-content\/uploads\/sites\/13\/echse01.png","type":"image\/png"}],"author":"D\u00f6rthe Kirstein","twitter_misc":{"Verfasst von":"D\u00f6rthe Kirstein","Gesch\u00e4tzte Lesezeit":"2\u00a0Minuten"},"schema":{"@context":"https:\/\/schema.org","@graph":[{"@type":"WebPage","@id":"https:\/\/www.naturparkmagazin.de\/thueringer-schiefergebirge-obere-saale\/reptil-des-jahres-2021\/","url":"https:\/\/www.naturparkmagazin.de\/thueringer-schiefergebirge-obere-saale\/reptil-des-jahres-2021\/","name":"Reptil des Jahres 2021 - Naturpark Th\u00fcringer Schiefergebirge\/Obere Saale","isPartOf":{"@id":"https:\/\/www.naturparkmagazin.de\/thueringer-schiefergebirge-obere-saale\/#website"},"datePublished":"2021-02-14T23:00:41+00:00","dateModified":"2021-02-15T10:15:55+00:00","author":{"@id":"https:\/\/www.naturparkmagazin.de\/thueringer-schiefergebirge-obere-saale\/#\/schema\/person\/2144f2a5876d4b820ee5725f8224a275"},"description":"Sie ist ein fotogener Grenzg\u00e4nger, lebt versteckt, ern\u00e4hrt sich von allerlei Getier und bezieht schon im Sommer ihr Winterquartier - die Zauneidechse.","breadcrumb":{"@id":"https:\/\/www.naturparkmagazin.de\/thueringer-schiefergebirge-obere-saale\/reptil-des-jahres-2021\/#breadcrumb"},"inLanguage":"de","potentialAction":[{"@type":"ReadAction","target":["https:\/\/www.naturparkmagazin.de\/thueringer-schiefergebirge-obere-saale\/reptil-des-jahres-2021\/"]}]},{"@type":"BreadcrumbList","@id":"https:\/\/www.naturparkmagazin.de\/thueringer-schiefergebirge-obere-saale\/reptil-des-jahres-2021\/#breadcrumb","itemListElement":[{"@type":"ListItem","position":1,"name":"Home","item":"https:\/\/www.naturparkmagazin.de\/thueringer-schiefergebirge-obere-saale\/"},{"@type":"ListItem","position":2,"name":"Reptil des Jahres 2021"}]},{"@type":"WebSite","@id":"https:\/\/www.naturparkmagazin.de\/thueringer-schiefergebirge-obere-saale\/#website","url":"https:\/\/www.naturparkmagazin.de\/thueringer-schiefergebirge-obere-saale\/","name":"Naturpark Th\u00fcringer Schiefergebirge\/Obere Saale","description":"","potentialAction":[{"@type":"SearchAction","target":{"@type":"EntryPoint","urlTemplate":"https:\/\/www.naturparkmagazin.de\/thueringer-schiefergebirge-obere-saale\/?s={search_term_string}"},"query-input":"required name=search_term_string"}],"inLanguage":"de"},{"@type":"Person","@id":"https:\/\/www.naturparkmagazin.de\/thueringer-schiefergebirge-obere-saale\/#\/schema\/person\/2144f2a5876d4b820ee5725f8224a275","name":"D\u00f6rthe Kirstein","url":"https:\/\/www.naturparkmagazin.de\/thueringer-schiefergebirge-obere-saale\/author\/frauhess\/"}]}},"_links":{"self":[{"href":"https:\/\/www.naturparkmagazin.de\/thueringer-schiefergebirge-obere-saale\/wp-json\/wp\/v2\/posts\/3656"}],"collection":[{"href":"https:\/\/www.naturparkmagazin.de\/thueringer-schiefergebirge-obere-saale\/wp-json\/wp\/v2\/posts"}],"about":[{"href":"https:\/\/www.naturparkmagazin.de\/thueringer-schiefergebirge-obere-saale\/wp-json\/wp\/v2\/types\/post"}],"author":[{"embeddable":true,"href":"https:\/\/www.naturparkmagazin.de\/thueringer-schiefergebirge-obere-saale\/wp-json\/wp\/v2\/users\/62"}],"replies":[{"embeddable":true,"href":"https:\/\/www.naturparkmagazin.de\/thueringer-schiefergebirge-obere-saale\/wp-json\/wp\/v2\/comments?post=3656"}],"version-history":[{"count":4,"href":"https:\/\/www.naturparkmagazin.de\/thueringer-schiefergebirge-obere-saale\/wp-json\/wp\/v2\/posts\/3656\/revisions"}],"predecessor-version":[{"id":3663,"href":"https:\/\/www.naturparkmagazin.de\/thueringer-schiefergebirge-obere-saale\/wp-json\/wp\/v2\/posts\/3656\/revisions\/3663"}],"wp:featuredmedia":[{"embeddable":true,"href":"https:\/\/www.naturparkmagazin.de\/thueringer-schiefergebirge-obere-saale\/wp-json\/wp\/v2\/media\/3659"}],"wp:attachment":[{"href":"https:\/\/www.naturparkmagazin.de\/thueringer-schiefergebirge-obere-saale\/wp-json\/wp\/v2\/media?parent=3656"}],"wp:term":[{"taxonomy":"category","embeddable":true,"href":"https:\/\/www.naturparkmagazin.de\/thueringer-schiefergebirge-obere-saale\/wp-json\/wp\/v2\/categories?post=3656"},{"taxonomy":"post_tag","embeddable":true,"href":"https:\/\/www.naturparkmagazin.de\/thueringer-schiefergebirge-obere-saale\/wp-json\/wp\/v2\/tags?post=3656"}],"curies":[{"name":"wp","href":"https:\/\/api.w.org\/{rel}","templated":true}]}}