{"id":3670,"date":"2021-03-15T00:00:55","date_gmt":"2021-03-14T23:00:55","guid":{"rendered":"https:\/\/www.naturparkmagazin.de\/thueringer-schiefergebirge-obere-saale\/?p=3670"},"modified":"2021-03-09T07:53:52","modified_gmt":"2021-03-09T06:53:52","slug":"wasserpflanze-des-jahres-2021","status":"publish","type":"post","link":"https:\/\/www.naturparkmagazin.de\/thueringer-schiefergebirge-obere-saale\/wasserpflanze-des-jahres-2021\/","title":{"rendered":"Wasserpflanze des Jahres 2021"},"content":{"rendered":"<p><strong>Der Wasserfeder<\/strong>\n<em>(Hottonia palustris)<\/em><\/p>\n<div id=\"attachment_3672\" style=\"width: 310px\" class=\"wp-caption alignright\"><a href=\"https:\/\/www.naturparkmagazin.de\/thueringer-schiefergebirge-obere-saale\/wp-content\/uploads\/sites\/13\/blume11.png\"><img aria-describedby=\"caption-attachment-3672\" decoding=\"async\" loading=\"lazy\" class=\"size-thumbnail wp-image-3672\" src=\"https:\/\/www.naturparkmagazin.de\/thueringer-schiefergebirge-obere-saale\/wp-content\/uploads\/sites\/13\/blume11-300x225.png\" alt=\"Wasserfeder mit Bl\u00fctenst\u00e4nden \/ Wikipedia Frank Liebig\" width=\"300\" height=\"225\" srcset=\"https:\/\/www.naturparkmagazin.de\/thueringer-schiefergebirge-obere-saale\/wp-content\/uploads\/sites\/13\/blume11-300x225.png 300w, https:\/\/www.naturparkmagazin.de\/thueringer-schiefergebirge-obere-saale\/wp-content\/uploads\/sites\/13\/blume11-420x315.png 420w, https:\/\/www.naturparkmagazin.de\/thueringer-schiefergebirge-obere-saale\/wp-content\/uploads\/sites\/13\/blume11-180x135.png 180w, https:\/\/www.naturparkmagazin.de\/thueringer-schiefergebirge-obere-saale\/wp-content\/uploads\/sites\/13\/blume11-95x71.png 95w, https:\/\/www.naturparkmagazin.de\/thueringer-schiefergebirge-obere-saale\/wp-content\/uploads\/sites\/13\/blume11.png 500w, https:\/\/www.naturparkmagazin.de\/thueringer-schiefergebirge-obere-saale\/wp-content\/uploads\/sites\/13\/blume11-200x150.png 200w\" sizes=\"(max-width: 300px) 100vw, 300px\" \/><\/a><p id=\"caption-attachment-3672\" class=\"wp-caption-text\">Wasserfeder mit Bl\u00fctenst\u00e4nden \/ Wikipedia Frank Liebig<\/p><\/div>\n<p>Die zur Familie der Primelgew\u00e4chse z\u00e4hlende Wasserfeder gedeiht in den gem\u00e4\u00dfigten Zonen Europas und Kleinasiens. Sie ist nicht nur eine bemerkenswerte Sch\u00f6nheit durch ihre filigranen, ver\u00e4stelten Blattfl\u00e4chen. Auch ihre anmutigen Bl\u00fctenst\u00e4nde mit wei\u00dfen bis rosafarbenen Bl\u00fctenkronen, die bis zu 30 Zentimeter aus dem Wasser ragen, sind eine wahre Augenweide f\u00fcr Spazierg\u00e4nger und Wanderer. Auf den Bl\u00fcten tummeln sich mit Vorliebe Schwebfliegen und andere kurzr\u00fcsselige Insekten, um sich am wohlschmeckenden Nektar zu laben. Im Naturpark Th\u00fcringer Schiefergebirge\/Obere Saale lohnt es sich, zur Bl\u00fctezeit von Mai bis Juli Ausschau nach dieser Pflanzensch\u00f6nheit zu halten \u2013 im Naturschutzgebiet und FFH-Gebiet \u201eDreba-Plothener Teiche\u201c hat man mitunter gute Chancen auf eine Begegnung mit der Wasserfeder.<\/p>\n<div id=\"attachment_3674\" style=\"width: 310px\" class=\"wp-caption alignleft\"><a href=\"https:\/\/www.naturparkmagazin.de\/thueringer-schiefergebirge-obere-saale\/wp-content\/uploads\/sites\/13\/blume3.png\"><img aria-describedby=\"caption-attachment-3674\" decoding=\"async\" loading=\"lazy\" class=\"size-thumbnail wp-image-3674\" src=\"https:\/\/www.naturparkmagazin.de\/thueringer-schiefergebirge-obere-saale\/wp-content\/uploads\/sites\/13\/blume3-300x225.png\" alt=\"Wasserfeder \/ VDST, Silke Oldorff\" width=\"300\" height=\"225\" srcset=\"https:\/\/www.naturparkmagazin.de\/thueringer-schiefergebirge-obere-saale\/wp-content\/uploads\/sites\/13\/blume3-300x225.png 300w, https:\/\/www.naturparkmagazin.de\/thueringer-schiefergebirge-obere-saale\/wp-content\/uploads\/sites\/13\/blume3-420x315.png 420w, https:\/\/www.naturparkmagazin.de\/thueringer-schiefergebirge-obere-saale\/wp-content\/uploads\/sites\/13\/blume3-180x135.png 180w, https:\/\/www.naturparkmagazin.de\/thueringer-schiefergebirge-obere-saale\/wp-content\/uploads\/sites\/13\/blume3-95x71.png 95w, https:\/\/www.naturparkmagazin.de\/thueringer-schiefergebirge-obere-saale\/wp-content\/uploads\/sites\/13\/blume3.png 500w, https:\/\/www.naturparkmagazin.de\/thueringer-schiefergebirge-obere-saale\/wp-content\/uploads\/sites\/13\/blume3-200x150.png 200w\" sizes=\"(max-width: 300px) 100vw, 300px\" \/><\/a><p id=\"caption-attachment-3674\" class=\"wp-caption-text\">Wasserfeder \/ VDST, Silke Oldorff<\/p><\/div>\n<p>Schwankungen des Wasserstandes machen der Wasserfeder kaum etwas aus. Im Gegenteil: Fallen Gew\u00e4sser trocken, bildet sie eine kurzerhand eine Landform aus \u2013 einen dichten dunkelgr\u00fcnen Rasen von rund 15 Millimetern H\u00f6he, der zur zus\u00e4tzlichen Nahrungsaufnahme dient. Unter Wasser dienen die Wurzeln lediglich als Haftorgane. Die Aufnahme von N\u00e4hrsalzen, Sauerstoff und Kohlendioxid erfolgt dann ausschlie\u00dflich \u00fcber die untergetauchten und verzweigten Blattfl\u00e4chen.<\/p>\n<div id=\"attachment_3673\" style=\"width: 310px\" class=\"wp-caption alignright\"><a href=\"https:\/\/www.naturparkmagazin.de\/thueringer-schiefergebirge-obere-saale\/wp-content\/uploads\/sites\/13\/blume21.png\"><img aria-describedby=\"caption-attachment-3673\" decoding=\"async\" loading=\"lazy\" class=\"size-thumbnail wp-image-3673\" src=\"https:\/\/www.naturparkmagazin.de\/thueringer-schiefergebirge-obere-saale\/wp-content\/uploads\/sites\/13\/blume21-300x225.png\" alt=\"Wasserfeder mit Bl\u00fcten \/ Wikipedia Marco Schmidt\" width=\"300\" height=\"225\" srcset=\"https:\/\/www.naturparkmagazin.de\/thueringer-schiefergebirge-obere-saale\/wp-content\/uploads\/sites\/13\/blume21-300x225.png 300w, https:\/\/www.naturparkmagazin.de\/thueringer-schiefergebirge-obere-saale\/wp-content\/uploads\/sites\/13\/blume21-420x315.png 420w, https:\/\/www.naturparkmagazin.de\/thueringer-schiefergebirge-obere-saale\/wp-content\/uploads\/sites\/13\/blume21-180x135.png 180w, https:\/\/www.naturparkmagazin.de\/thueringer-schiefergebirge-obere-saale\/wp-content\/uploads\/sites\/13\/blume21-95x71.png 95w, https:\/\/www.naturparkmagazin.de\/thueringer-schiefergebirge-obere-saale\/wp-content\/uploads\/sites\/13\/blume21.png 500w, https:\/\/www.naturparkmagazin.de\/thueringer-schiefergebirge-obere-saale\/wp-content\/uploads\/sites\/13\/blume21-200x150.png 200w\" sizes=\"(max-width: 300px) 100vw, 300px\" \/><\/a><p id=\"caption-attachment-3673\" class=\"wp-caption-text\">Wasserfeder mit Bl\u00fcten \/ Wikipedia Marco Schmidt<\/p><\/div>\n<p>Mit der Ernennung zur Wasserpflanze des Jahres 2021 m\u00f6chte man auf die starke Bedrohung der Wasserfeder aufmerksam machen. Ihre Lebensr\u00e4ume \u2013 m\u00e4\u00dfig n\u00e4hrstoffreiche Kleingew\u00e4sser, Teiche, Gr\u00e4ben und Bruchw\u00e4lder \u2013 sind zu hohen landwirtschaftlichen Stoffeintr\u00e4gen ausgesetzt. Hier braucht es dringend einen st\u00e4rkeren Schutz der Gew\u00e4sser, um das \u00dcberleben dieser grazilen Wasserpflanze zu sichern. In Th\u00fcringen z\u00e4hlt die Wasserfeder zu den gesetzlich besonders gesch\u00fctzten Farn- und Bl\u00fctenpflanzen. In Deutschland steht sie auf der Vorwarnliste und auf den Roten Listen einiger Bundesl\u00e4nder wird sie bereits als &#8222;gef\u00e4hrdet&#8220; (RL3) eingestuft.<\/p>\n<p>Autor: Susen Reuter<\/p>\n<p>&nbsp;<\/p>\n","protected":false},"excerpt":{"rendered":"<p>Dieses filigrane Primelgew\u00e4chs lebt im Wasser, h\u00e4lt sich mit den Wurzeln fest und nimmt daf\u00fcr aber die N\u00e4hrstoffe \u00fcber die Bl\u00e4tter auf &#8211; die Wasserfeder.<\/p>\n","protected":false},"author":62,"featured_media":3675,"comment_status":"open","ping_status":"open","sticky":false,"template":"","format":"standard","meta":[],"categories":[7],"tags":[],"yoast_head":"<!-- This site is optimized with the Yoast SEO plugin v19.10 - https:\/\/yoast.com\/wordpress\/plugins\/seo\/ -->\n<title>Wasserpflanze des Jahres 2021 - Naturpark Th\u00fcringer Schiefergebirge\/Obere Saale<\/title>\n<meta name=\"description\" content=\"Dieses filigrane Primelgew\u00e4chs lebt im Wasser, h\u00e4lt sich mit den Wurzeln fest und nimmt daf\u00fcr aber die N\u00e4hrstoffe \u00fcber die Bl\u00e4tter auf - die Wasserfeder.\" \/>\n<meta name=\"robots\" content=\"index, follow, max-snippet:-1, max-image-preview:large, max-video-preview:-1\" \/>\n<link rel=\"canonical\" href=\"https:\/\/www.naturparkmagazin.de\/thueringer-schiefergebirge-obere-saale\/wasserpflanze-des-jahres-2021\/\" \/>\n<meta property=\"og:locale\" content=\"de_DE\" \/>\n<meta property=\"og:type\" content=\"article\" \/>\n<meta property=\"og:title\" content=\"Wasserpflanze des Jahres 2021 - Naturpark Th\u00fcringer Schiefergebirge\/Obere Saale\" \/>\n<meta property=\"og:description\" content=\"Dieses filigrane Primelgew\u00e4chs lebt im Wasser, h\u00e4lt sich mit den Wurzeln fest und nimmt daf\u00fcr aber die N\u00e4hrstoffe \u00fcber die Bl\u00e4tter auf - die Wasserfeder.\" \/>\n<meta property=\"og:url\" content=\"https:\/\/www.naturparkmagazin.de\/thueringer-schiefergebirge-obere-saale\/wasserpflanze-des-jahres-2021\/\" \/>\n<meta property=\"og:site_name\" content=\"Naturpark Th\u00fcringer Schiefergebirge\/Obere Saale\" \/>\n<meta property=\"article:published_time\" content=\"2021-03-14T23:00:55+00:00\" \/>\n<meta property=\"article:modified_time\" content=\"2021-03-09T06:53:52+00:00\" \/>\n<meta property=\"og:image\" content=\"https:\/\/www.naturparkmagazin.de\/thueringer-schiefergebirge-obere-saale\/wp-content\/uploads\/sites\/13\/blume0.png\" \/>\n\t<meta property=\"og:image:width\" content=\"200\" \/>\n\t<meta property=\"og:image:height\" content=\"200\" \/>\n\t<meta property=\"og:image:type\" content=\"image\/png\" \/>\n<meta name=\"author\" content=\"D\u00f6rthe Kirstein\" \/>\n<meta name=\"twitter:label1\" content=\"Verfasst von\" \/>\n\t<meta name=\"twitter:data1\" content=\"D\u00f6rthe Kirstein\" \/>\n\t<meta name=\"twitter:label2\" content=\"Gesch\u00e4tzte Lesezeit\" \/>\n\t<meta name=\"twitter:data2\" content=\"2\u00a0Minuten\" \/>\n<script type=\"application\/ld+json\" class=\"yoast-schema-graph\">{\"@context\":\"https:\/\/schema.org\",\"@graph\":[{\"@type\":\"WebPage\",\"@id\":\"https:\/\/www.naturparkmagazin.de\/thueringer-schiefergebirge-obere-saale\/wasserpflanze-des-jahres-2021\/\",\"url\":\"https:\/\/www.naturparkmagazin.de\/thueringer-schiefergebirge-obere-saale\/wasserpflanze-des-jahres-2021\/\",\"name\":\"Wasserpflanze des Jahres 2021 - Naturpark Th\u00fcringer Schiefergebirge\/Obere Saale\",\"isPartOf\":{\"@id\":\"https:\/\/www.naturparkmagazin.de\/thueringer-schiefergebirge-obere-saale\/#website\"},\"datePublished\":\"2021-03-14T23:00:55+00:00\",\"dateModified\":\"2021-03-09T06:53:52+00:00\",\"author\":{\"@id\":\"https:\/\/www.naturparkmagazin.de\/thueringer-schiefergebirge-obere-saale\/#\/schema\/person\/2144f2a5876d4b820ee5725f8224a275\"},\"description\":\"Dieses filigrane Primelgew\u00e4chs lebt im Wasser, h\u00e4lt sich mit den Wurzeln fest und nimmt daf\u00fcr aber die N\u00e4hrstoffe \u00fcber die Bl\u00e4tter auf - die Wasserfeder.\",\"breadcrumb\":{\"@id\":\"https:\/\/www.naturparkmagazin.de\/thueringer-schiefergebirge-obere-saale\/wasserpflanze-des-jahres-2021\/#breadcrumb\"},\"inLanguage\":\"de\",\"potentialAction\":[{\"@type\":\"ReadAction\",\"target\":[\"https:\/\/www.naturparkmagazin.de\/thueringer-schiefergebirge-obere-saale\/wasserpflanze-des-jahres-2021\/\"]}]},{\"@type\":\"BreadcrumbList\",\"@id\":\"https:\/\/www.naturparkmagazin.de\/thueringer-schiefergebirge-obere-saale\/wasserpflanze-des-jahres-2021\/#breadcrumb\",\"itemListElement\":[{\"@type\":\"ListItem\",\"position\":1,\"name\":\"Home\",\"item\":\"https:\/\/www.naturparkmagazin.de\/thueringer-schiefergebirge-obere-saale\/\"},{\"@type\":\"ListItem\",\"position\":2,\"name\":\"Wasserpflanze des Jahres 2021\"}]},{\"@type\":\"WebSite\",\"@id\":\"https:\/\/www.naturparkmagazin.de\/thueringer-schiefergebirge-obere-saale\/#website\",\"url\":\"https:\/\/www.naturparkmagazin.de\/thueringer-schiefergebirge-obere-saale\/\",\"name\":\"Naturpark Th\u00fcringer Schiefergebirge\/Obere Saale\",\"description\":\"\",\"potentialAction\":[{\"@type\":\"SearchAction\",\"target\":{\"@type\":\"EntryPoint\",\"urlTemplate\":\"https:\/\/www.naturparkmagazin.de\/thueringer-schiefergebirge-obere-saale\/?s={search_term_string}\"},\"query-input\":\"required name=search_term_string\"}],\"inLanguage\":\"de\"},{\"@type\":\"Person\",\"@id\":\"https:\/\/www.naturparkmagazin.de\/thueringer-schiefergebirge-obere-saale\/#\/schema\/person\/2144f2a5876d4b820ee5725f8224a275\",\"name\":\"D\u00f6rthe Kirstein\",\"url\":\"https:\/\/www.naturparkmagazin.de\/thueringer-schiefergebirge-obere-saale\/author\/frauhess\/\"}]}<\/script>\n<!-- \/ Yoast SEO plugin. -->","yoast_head_json":{"title":"Wasserpflanze des Jahres 2021 - Naturpark Th\u00fcringer Schiefergebirge\/Obere Saale","description":"Dieses filigrane Primelgew\u00e4chs lebt im Wasser, h\u00e4lt sich mit den Wurzeln fest und nimmt daf\u00fcr aber die N\u00e4hrstoffe \u00fcber die Bl\u00e4tter auf - die Wasserfeder.","robots":{"index":"index","follow":"follow","max-snippet":"max-snippet:-1","max-image-preview":"max-image-preview:large","max-video-preview":"max-video-preview:-1"},"canonical":"https:\/\/www.naturparkmagazin.de\/thueringer-schiefergebirge-obere-saale\/wasserpflanze-des-jahres-2021\/","og_locale":"de_DE","og_type":"article","og_title":"Wasserpflanze des Jahres 2021 - Naturpark Th\u00fcringer Schiefergebirge\/Obere Saale","og_description":"Dieses filigrane Primelgew\u00e4chs lebt im Wasser, h\u00e4lt sich mit den Wurzeln fest und nimmt daf\u00fcr aber die N\u00e4hrstoffe \u00fcber die Bl\u00e4tter auf - die Wasserfeder.","og_url":"https:\/\/www.naturparkmagazin.de\/thueringer-schiefergebirge-obere-saale\/wasserpflanze-des-jahres-2021\/","og_site_name":"Naturpark Th\u00fcringer Schiefergebirge\/Obere Saale","article_published_time":"2021-03-14T23:00:55+00:00","article_modified_time":"2021-03-09T06:53:52+00:00","og_image":[{"width":200,"height":200,"url":"https:\/\/www.naturparkmagazin.de\/thueringer-schiefergebirge-obere-saale\/wp-content\/uploads\/sites\/13\/blume0.png","type":"image\/png"}],"author":"D\u00f6rthe Kirstein","twitter_misc":{"Verfasst von":"D\u00f6rthe Kirstein","Gesch\u00e4tzte Lesezeit":"2\u00a0Minuten"},"schema":{"@context":"https:\/\/schema.org","@graph":[{"@type":"WebPage","@id":"https:\/\/www.naturparkmagazin.de\/thueringer-schiefergebirge-obere-saale\/wasserpflanze-des-jahres-2021\/","url":"https:\/\/www.naturparkmagazin.de\/thueringer-schiefergebirge-obere-saale\/wasserpflanze-des-jahres-2021\/","name":"Wasserpflanze des Jahres 2021 - Naturpark Th\u00fcringer Schiefergebirge\/Obere Saale","isPartOf":{"@id":"https:\/\/www.naturparkmagazin.de\/thueringer-schiefergebirge-obere-saale\/#website"},"datePublished":"2021-03-14T23:00:55+00:00","dateModified":"2021-03-09T06:53:52+00:00","author":{"@id":"https:\/\/www.naturparkmagazin.de\/thueringer-schiefergebirge-obere-saale\/#\/schema\/person\/2144f2a5876d4b820ee5725f8224a275"},"description":"Dieses filigrane Primelgew\u00e4chs lebt im Wasser, h\u00e4lt sich mit den Wurzeln fest und nimmt daf\u00fcr aber die N\u00e4hrstoffe \u00fcber die Bl\u00e4tter auf - die Wasserfeder.","breadcrumb":{"@id":"https:\/\/www.naturparkmagazin.de\/thueringer-schiefergebirge-obere-saale\/wasserpflanze-des-jahres-2021\/#breadcrumb"},"inLanguage":"de","potentialAction":[{"@type":"ReadAction","target":["https:\/\/www.naturparkmagazin.de\/thueringer-schiefergebirge-obere-saale\/wasserpflanze-des-jahres-2021\/"]}]},{"@type":"BreadcrumbList","@id":"https:\/\/www.naturparkmagazin.de\/thueringer-schiefergebirge-obere-saale\/wasserpflanze-des-jahres-2021\/#breadcrumb","itemListElement":[{"@type":"ListItem","position":1,"name":"Home","item":"https:\/\/www.naturparkmagazin.de\/thueringer-schiefergebirge-obere-saale\/"},{"@type":"ListItem","position":2,"name":"Wasserpflanze des Jahres 2021"}]},{"@type":"WebSite","@id":"https:\/\/www.naturparkmagazin.de\/thueringer-schiefergebirge-obere-saale\/#website","url":"https:\/\/www.naturparkmagazin.de\/thueringer-schiefergebirge-obere-saale\/","name":"Naturpark Th\u00fcringer Schiefergebirge\/Obere Saale","description":"","potentialAction":[{"@type":"SearchAction","target":{"@type":"EntryPoint","urlTemplate":"https:\/\/www.naturparkmagazin.de\/thueringer-schiefergebirge-obere-saale\/?s={search_term_string}"},"query-input":"required name=search_term_string"}],"inLanguage":"de"},{"@type":"Person","@id":"https:\/\/www.naturparkmagazin.de\/thueringer-schiefergebirge-obere-saale\/#\/schema\/person\/2144f2a5876d4b820ee5725f8224a275","name":"D\u00f6rthe Kirstein","url":"https:\/\/www.naturparkmagazin.de\/thueringer-schiefergebirge-obere-saale\/author\/frauhess\/"}]}},"_links":{"self":[{"href":"https:\/\/www.naturparkmagazin.de\/thueringer-schiefergebirge-obere-saale\/wp-json\/wp\/v2\/posts\/3670"}],"collection":[{"href":"https:\/\/www.naturparkmagazin.de\/thueringer-schiefergebirge-obere-saale\/wp-json\/wp\/v2\/posts"}],"about":[{"href":"https:\/\/www.naturparkmagazin.de\/thueringer-schiefergebirge-obere-saale\/wp-json\/wp\/v2\/types\/post"}],"author":[{"embeddable":true,"href":"https:\/\/www.naturparkmagazin.de\/thueringer-schiefergebirge-obere-saale\/wp-json\/wp\/v2\/users\/62"}],"replies":[{"embeddable":true,"href":"https:\/\/www.naturparkmagazin.de\/thueringer-schiefergebirge-obere-saale\/wp-json\/wp\/v2\/comments?post=3670"}],"version-history":[{"count":3,"href":"https:\/\/www.naturparkmagazin.de\/thueringer-schiefergebirge-obere-saale\/wp-json\/wp\/v2\/posts\/3670\/revisions"}],"predecessor-version":[{"id":3677,"href":"https:\/\/www.naturparkmagazin.de\/thueringer-schiefergebirge-obere-saale\/wp-json\/wp\/v2\/posts\/3670\/revisions\/3677"}],"wp:featuredmedia":[{"embeddable":true,"href":"https:\/\/www.naturparkmagazin.de\/thueringer-schiefergebirge-obere-saale\/wp-json\/wp\/v2\/media\/3675"}],"wp:attachment":[{"href":"https:\/\/www.naturparkmagazin.de\/thueringer-schiefergebirge-obere-saale\/wp-json\/wp\/v2\/media?parent=3670"}],"wp:term":[{"taxonomy":"category","embeddable":true,"href":"https:\/\/www.naturparkmagazin.de\/thueringer-schiefergebirge-obere-saale\/wp-json\/wp\/v2\/categories?post=3670"},{"taxonomy":"post_tag","embeddable":true,"href":"https:\/\/www.naturparkmagazin.de\/thueringer-schiefergebirge-obere-saale\/wp-json\/wp\/v2\/tags?post=3670"}],"curies":[{"name":"wp","href":"https:\/\/api.w.org\/{rel}","templated":true}]}}