{"id":3847,"date":"2022-02-24T08:39:38","date_gmt":"2022-02-24T07:39:38","guid":{"rendered":"https:\/\/www.naturparkmagazin.de\/thueringer-schiefergebirge-obere-saale\/?p=3847"},"modified":"2022-02-24T08:39:38","modified_gmt":"2022-02-24T07:39:38","slug":"baum-des-jahres-2022","status":"publish","type":"post","link":"https:\/\/www.naturparkmagazin.de\/thueringer-schiefergebirge-obere-saale\/baum-des-jahres-2022\/","title":{"rendered":"Baum des Jahres 2022"},"content":{"rendered":"<h3>Die Rotbuche<\/h3>\n<p><em>(Fagus sylvatica)<\/em><\/p>\n<p>&nbsp;<\/p>\n<div id=\"attachment_3849\" style=\"width: 210px\" class=\"wp-caption alignright\"><a href=\"https:\/\/www.naturparkmagazin.de\/thueringer-schiefergebirge-obere-saale\/wp-content\/uploads\/sites\/13\/Foto-1_Rotbuche_Wikipedia_Lebrac.jpg\"><img aria-describedby=\"caption-attachment-3849\" decoding=\"async\" loading=\"lazy\" class=\"size-thumbnail wp-image-3849\" src=\"https:\/\/www.naturparkmagazin.de\/thueringer-schiefergebirge-obere-saale\/wp-content\/uploads\/sites\/13\/Foto-1_Rotbuche_Wikipedia_Lebrac-200x150.jpg\" alt=\"Rotbuchenwald \/\/ Wikipedia \/\/ Lebrac\" width=\"200\" height=\"150\" srcset=\"https:\/\/www.naturparkmagazin.de\/thueringer-schiefergebirge-obere-saale\/wp-content\/uploads\/sites\/13\/Foto-1_Rotbuche_Wikipedia_Lebrac-200x150.jpg 200w, https:\/\/www.naturparkmagazin.de\/thueringer-schiefergebirge-obere-saale\/wp-content\/uploads\/sites\/13\/Foto-1_Rotbuche_Wikipedia_Lebrac-300x225.jpg 300w, https:\/\/www.naturparkmagazin.de\/thueringer-schiefergebirge-obere-saale\/wp-content\/uploads\/sites\/13\/Foto-1_Rotbuche_Wikipedia_Lebrac-620x465.jpg 620w, https:\/\/www.naturparkmagazin.de\/thueringer-schiefergebirge-obere-saale\/wp-content\/uploads\/sites\/13\/Foto-1_Rotbuche_Wikipedia_Lebrac-940x705.jpg 940w, https:\/\/www.naturparkmagazin.de\/thueringer-schiefergebirge-obere-saale\/wp-content\/uploads\/sites\/13\/Foto-1_Rotbuche_Wikipedia_Lebrac-580x435.jpg 580w, https:\/\/www.naturparkmagazin.de\/thueringer-schiefergebirge-obere-saale\/wp-content\/uploads\/sites\/13\/Foto-1_Rotbuche_Wikipedia_Lebrac-420x315.jpg 420w, https:\/\/www.naturparkmagazin.de\/thueringer-schiefergebirge-obere-saale\/wp-content\/uploads\/sites\/13\/Foto-1_Rotbuche_Wikipedia_Lebrac-180x135.jpg 180w, https:\/\/www.naturparkmagazin.de\/thueringer-schiefergebirge-obere-saale\/wp-content\/uploads\/sites\/13\/Foto-1_Rotbuche_Wikipedia_Lebrac-95x71.jpg 95w, https:\/\/www.naturparkmagazin.de\/thueringer-schiefergebirge-obere-saale\/wp-content\/uploads\/sites\/13\/Foto-1_Rotbuche_Wikipedia_Lebrac-670x503.jpg 670w, https:\/\/www.naturparkmagazin.de\/thueringer-schiefergebirge-obere-saale\/wp-content\/uploads\/sites\/13\/Foto-1_Rotbuche_Wikipedia_Lebrac.jpg 1000w\" sizes=\"(max-width: 200px) 100vw, 200px\" \/><\/a><p id=\"caption-attachment-3849\" class=\"wp-caption-text\">Rotbuchenwald \/\/ Wikipedia \/\/ Lebrac<\/p><\/div>\n<p>Die Bl\u00e4tter leuchten in kr\u00e4ftigem Gr\u00fcn, die Borke schimmert in silbrigen Graut\u00f6nen \u2013 dennoch hat die Bezeichnung Rotbuche ihre Berechtigung: Sie verweist auf die leicht r\u00f6tlichen Nuancen des Holzes im Vergleich zur Hain- oder Wei\u00dfbuche. Wort Buche hat seinen Ursprung im indogermanischen Sprachraum und deutet auf die fr\u00fchere Verwendung des leicht spaltbaren Holzes als Schrifttafeln hin. Die alten Germanen warfen St\u00e4be aus Buchenholz und lasen daraus bestimmte Zeichen bzw. Runen, daraus leitet sich letztlich auch das Wort Buchstabe ab.<\/p>\n<p>&nbsp;<\/p>\n<div id=\"attachment_3848\" style=\"width: 210px\" class=\"wp-caption alignleft\"><a href=\"https:\/\/www.naturparkmagazin.de\/thueringer-schiefergebirge-obere-saale\/wp-content\/uploads\/sites\/13\/Foto-2_Rotbuche_Wikipedia_Nikanos.jpg\"><img aria-describedby=\"caption-attachment-3848\" decoding=\"async\" loading=\"lazy\" class=\"size-thumbnail wp-image-3848\" src=\"https:\/\/www.naturparkmagazin.de\/thueringer-schiefergebirge-obere-saale\/wp-content\/uploads\/sites\/13\/Foto-2_Rotbuche_Wikipedia_Nikanos-200x150.jpg\" alt=\"Rotbuchenlaub \/\/ Wikipedia \/\/ Nikanos\" width=\"200\" height=\"150\" srcset=\"https:\/\/www.naturparkmagazin.de\/thueringer-schiefergebirge-obere-saale\/wp-content\/uploads\/sites\/13\/Foto-2_Rotbuche_Wikipedia_Nikanos-200x150.jpg 200w, https:\/\/www.naturparkmagazin.de\/thueringer-schiefergebirge-obere-saale\/wp-content\/uploads\/sites\/13\/Foto-2_Rotbuche_Wikipedia_Nikanos-300x225.jpg 300w, https:\/\/www.naturparkmagazin.de\/thueringer-schiefergebirge-obere-saale\/wp-content\/uploads\/sites\/13\/Foto-2_Rotbuche_Wikipedia_Nikanos-620x465.jpg 620w, https:\/\/www.naturparkmagazin.de\/thueringer-schiefergebirge-obere-saale\/wp-content\/uploads\/sites\/13\/Foto-2_Rotbuche_Wikipedia_Nikanos-940x705.jpg 940w, https:\/\/www.naturparkmagazin.de\/thueringer-schiefergebirge-obere-saale\/wp-content\/uploads\/sites\/13\/Foto-2_Rotbuche_Wikipedia_Nikanos-580x435.jpg 580w, https:\/\/www.naturparkmagazin.de\/thueringer-schiefergebirge-obere-saale\/wp-content\/uploads\/sites\/13\/Foto-2_Rotbuche_Wikipedia_Nikanos-420x315.jpg 420w, https:\/\/www.naturparkmagazin.de\/thueringer-schiefergebirge-obere-saale\/wp-content\/uploads\/sites\/13\/Foto-2_Rotbuche_Wikipedia_Nikanos-180x135.jpg 180w, https:\/\/www.naturparkmagazin.de\/thueringer-schiefergebirge-obere-saale\/wp-content\/uploads\/sites\/13\/Foto-2_Rotbuche_Wikipedia_Nikanos-95x71.jpg 95w, https:\/\/www.naturparkmagazin.de\/thueringer-schiefergebirge-obere-saale\/wp-content\/uploads\/sites\/13\/Foto-2_Rotbuche_Wikipedia_Nikanos-670x503.jpg 670w\" sizes=\"(max-width: 200px) 100vw, 200px\" \/><\/a><p id=\"caption-attachment-3848\" class=\"wp-caption-text\">Rotbuchenlaub \/\/ Wikipedia \/\/ Nikanos<\/p><\/div>\n<p>Im April und Mai setzt die Bl\u00fcte der Rotbuche ein, ab September bildet der Baum die Nussfr\u00fcchte aus: Bucheckern, die bei Eichh\u00f6rnchen, Eichelh\u00e4hern, Wildschweinen, Rotwild und zahlreichen Kleins\u00e4ugern auf dem Speiseplan stehen und durch die \u00f6lhaltigen Samen eine willkommene, nahrhafte Winterdelikatesse sind. Was den Boden betrifft, so sind Rotbuchen nicht allzu anspruchsvoll \u2013 sie meiden jedoch staunasse oder zu trockene Standorte. Grunds\u00e4tzlich ist die Rotbuche eine typische Zeigerpflanze des atlantischen Klimas. Weite Teile Mitteleuropas waren einst von Laubmischw\u00e4ldern bedeckt, in denen die Rotbuche als Baumart vorherrschte. Doch mit Beginn des Mittelalters begannen die Menschen, sich dauerhaft an Orten niederzulassen und errichteten feste Siedlungen \u2013 das gro\u00dfr\u00e4umige Abholzen setzte ein. Nur rund ein Drittel der alten Laubmischw\u00e4lder \u00fcberlebten das Mittelalter. Selbst diesen Restbest\u00e4nden ging es in den nachfolgenden Jahrhunderten an den Kragen, weshalb ab Ende des 18. Jahrhunderts umfangreiche Aufforstungsprogramme stattfanden \u2013 allerdings mit schnellwachsenden Kiefern und Fichten und oft in Monokultur. Die Rotbuche ist die am st\u00e4rksten durch den Menschen zur\u00fcckgedr\u00e4ngte Baumart Deutschlands \u2013 mit einem hoffnungsgebenden Gegentrend: Seit etwa drei Jahrzehnten nimmt der Buchenbestand langsam wieder zu, und das ist gut so: \u201eDenn die Buche gilt als das \u201eWasserwerk\u201c des Waldes und w\u00e4re geeignet, die Gef\u00e4hrdung der W\u00e4lder durch die zunehmenden D\u00fcrreperioden zumindest abzumildern. W\u00e4hrend in den ganzj\u00e4hrig gr\u00fcnen Nadelholzbest\u00e4nden ein erheblicher Teil des Jahresniederschlags in den dicht benadelten Kronen h\u00e4ngen bleibt und wieder verdunstet, flie\u00dft bei der im Winter kahlen Buche ein Gro\u00dfteil des Niederschlags als Stammabfluss direkt in den Waldboden, so Dr. Rudolf Fenner.<\/p>\n<p>Da die EU ihre Verantwortung zum Schutz der Buchenw\u00e4lder erkannt hat, wurden in der europ\u00e4ischen FFH-Richtlinie mehrere Lebensraumtypen unter Schutz gestellt, die den Buchenwald enthalten. Auch im Naturpark Th\u00fcringer Schiefergebirge\/Obere Saale finden sich Buchenw\u00e4lder mit unterschiedlichen Ausbildungen: Hainsimsen-Buchenwald im Naturschutzgebiet Heinrichsstein und im Naturschutzgebiet Schwarzatal, Blaugras-Steilhang-Buchenwald im Naturschutzgebiet Greifenstein oder Waldmeister-Buchenwald im Naturschutzgebiet Ilmwand, um einige dieser wertvollen Standorte zu nennen.<\/p>\n","protected":false},"excerpt":{"rendered":"<p>Die Rotbuche (Fagus sylvatica) &nbsp; Die Bl\u00e4tter leuchten in kr\u00e4ftigem Gr\u00fcn, die Borke schimmert in silbrigen Graut\u00f6nen \u2013 dennoch hat die Bezeichnung Rotbuche ihre Berechtigung: Sie verweist auf die leicht r\u00f6tlichen Nuancen des Holzes im Vergleich zur Hain- oder Wei\u00dfbuche. Wort Buche hat seinen Ursprung im indogermanischen Sprachraum und deutet auf die fr\u00fchere Verwendung des<\/p>\n","protected":false},"author":62,"featured_media":3849,"comment_status":"open","ping_status":"open","sticky":false,"template":"","format":"standard","meta":[],"categories":[7],"tags":[],"yoast_head":"<!-- This site is optimized with the Yoast SEO plugin v19.10 - https:\/\/yoast.com\/wordpress\/plugins\/seo\/ -->\n<title>Baum des Jahres 2022 - Naturpark Th\u00fcringer Schiefergebirge\/Obere Saale<\/title>\n<meta name=\"description\" content=\"Die Bl\u00e4tter leuchten in kr\u00e4ftigem Gr\u00fcn, die Borke schimmert in silbrigen Graut\u00f6nen \u2013 dennoch hat die Bezeichnung Rotbuche ihre Berechtigung.\" \/>\n<meta name=\"robots\" content=\"index, follow, max-snippet:-1, max-image-preview:large, max-video-preview:-1\" \/>\n<link rel=\"canonical\" href=\"https:\/\/www.naturparkmagazin.de\/thueringer-schiefergebirge-obere-saale\/baum-des-jahres-2022\/\" \/>\n<meta property=\"og:locale\" content=\"de_DE\" \/>\n<meta property=\"og:type\" content=\"article\" \/>\n<meta property=\"og:title\" content=\"Baum des Jahres 2022 - Naturpark Th\u00fcringer Schiefergebirge\/Obere Saale\" \/>\n<meta property=\"og:description\" content=\"Die Bl\u00e4tter leuchten in kr\u00e4ftigem Gr\u00fcn, die Borke schimmert in silbrigen Graut\u00f6nen \u2013 dennoch hat die Bezeichnung Rotbuche ihre Berechtigung.\" \/>\n<meta property=\"og:url\" content=\"https:\/\/www.naturparkmagazin.de\/thueringer-schiefergebirge-obere-saale\/baum-des-jahres-2022\/\" \/>\n<meta property=\"og:site_name\" content=\"Naturpark Th\u00fcringer Schiefergebirge\/Obere Saale\" \/>\n<meta property=\"article:published_time\" content=\"2022-02-24T07:39:38+00:00\" \/>\n<meta property=\"og:image\" content=\"https:\/\/www.naturparkmagazin.de\/thueringer-schiefergebirge-obere-saale\/wp-content\/uploads\/sites\/13\/Foto-1_Rotbuche_Wikipedia_Lebrac.jpg\" \/>\n\t<meta property=\"og:image:width\" content=\"1000\" \/>\n\t<meta property=\"og:image:height\" content=\"750\" \/>\n\t<meta property=\"og:image:type\" content=\"image\/jpeg\" \/>\n<meta name=\"author\" content=\"D\u00f6rthe Kirstein\" \/>\n<meta name=\"twitter:label1\" content=\"Verfasst von\" \/>\n\t<meta name=\"twitter:data1\" content=\"D\u00f6rthe Kirstein\" \/>\n\t<meta name=\"twitter:label2\" content=\"Gesch\u00e4tzte Lesezeit\" \/>\n\t<meta name=\"twitter:data2\" content=\"2\u00a0Minuten\" \/>\n<script type=\"application\/ld+json\" class=\"yoast-schema-graph\">{\"@context\":\"https:\/\/schema.org\",\"@graph\":[{\"@type\":\"WebPage\",\"@id\":\"https:\/\/www.naturparkmagazin.de\/thueringer-schiefergebirge-obere-saale\/baum-des-jahres-2022\/\",\"url\":\"https:\/\/www.naturparkmagazin.de\/thueringer-schiefergebirge-obere-saale\/baum-des-jahres-2022\/\",\"name\":\"Baum des Jahres 2022 - Naturpark Th\u00fcringer Schiefergebirge\/Obere Saale\",\"isPartOf\":{\"@id\":\"https:\/\/www.naturparkmagazin.de\/thueringer-schiefergebirge-obere-saale\/#website\"},\"datePublished\":\"2022-02-24T07:39:38+00:00\",\"dateModified\":\"2022-02-24T07:39:38+00:00\",\"author\":{\"@id\":\"https:\/\/www.naturparkmagazin.de\/thueringer-schiefergebirge-obere-saale\/#\/schema\/person\/2144f2a5876d4b820ee5725f8224a275\"},\"description\":\"Die Bl\u00e4tter leuchten in kr\u00e4ftigem Gr\u00fcn, die Borke schimmert in silbrigen Graut\u00f6nen \u2013 dennoch hat die Bezeichnung Rotbuche ihre Berechtigung.\",\"breadcrumb\":{\"@id\":\"https:\/\/www.naturparkmagazin.de\/thueringer-schiefergebirge-obere-saale\/baum-des-jahres-2022\/#breadcrumb\"},\"inLanguage\":\"de\",\"potentialAction\":[{\"@type\":\"ReadAction\",\"target\":[\"https:\/\/www.naturparkmagazin.de\/thueringer-schiefergebirge-obere-saale\/baum-des-jahres-2022\/\"]}]},{\"@type\":\"BreadcrumbList\",\"@id\":\"https:\/\/www.naturparkmagazin.de\/thueringer-schiefergebirge-obere-saale\/baum-des-jahres-2022\/#breadcrumb\",\"itemListElement\":[{\"@type\":\"ListItem\",\"position\":1,\"name\":\"Home\",\"item\":\"https:\/\/www.naturparkmagazin.de\/thueringer-schiefergebirge-obere-saale\/\"},{\"@type\":\"ListItem\",\"position\":2,\"name\":\"Baum des Jahres 2022\"}]},{\"@type\":\"WebSite\",\"@id\":\"https:\/\/www.naturparkmagazin.de\/thueringer-schiefergebirge-obere-saale\/#website\",\"url\":\"https:\/\/www.naturparkmagazin.de\/thueringer-schiefergebirge-obere-saale\/\",\"name\":\"Naturpark Th\u00fcringer Schiefergebirge\/Obere Saale\",\"description\":\"\",\"potentialAction\":[{\"@type\":\"SearchAction\",\"target\":{\"@type\":\"EntryPoint\",\"urlTemplate\":\"https:\/\/www.naturparkmagazin.de\/thueringer-schiefergebirge-obere-saale\/?s={search_term_string}\"},\"query-input\":\"required name=search_term_string\"}],\"inLanguage\":\"de\"},{\"@type\":\"Person\",\"@id\":\"https:\/\/www.naturparkmagazin.de\/thueringer-schiefergebirge-obere-saale\/#\/schema\/person\/2144f2a5876d4b820ee5725f8224a275\",\"name\":\"D\u00f6rthe Kirstein\",\"url\":\"https:\/\/www.naturparkmagazin.de\/thueringer-schiefergebirge-obere-saale\/author\/frauhess\/\"}]}<\/script>\n<!-- \/ Yoast SEO plugin. -->","yoast_head_json":{"title":"Baum des Jahres 2022 - Naturpark Th\u00fcringer Schiefergebirge\/Obere Saale","description":"Die Bl\u00e4tter leuchten in kr\u00e4ftigem Gr\u00fcn, die Borke schimmert in silbrigen Graut\u00f6nen \u2013 dennoch hat die Bezeichnung Rotbuche ihre Berechtigung.","robots":{"index":"index","follow":"follow","max-snippet":"max-snippet:-1","max-image-preview":"max-image-preview:large","max-video-preview":"max-video-preview:-1"},"canonical":"https:\/\/www.naturparkmagazin.de\/thueringer-schiefergebirge-obere-saale\/baum-des-jahres-2022\/","og_locale":"de_DE","og_type":"article","og_title":"Baum des Jahres 2022 - Naturpark Th\u00fcringer Schiefergebirge\/Obere Saale","og_description":"Die Bl\u00e4tter leuchten in kr\u00e4ftigem Gr\u00fcn, die Borke schimmert in silbrigen Graut\u00f6nen \u2013 dennoch hat die Bezeichnung Rotbuche ihre Berechtigung.","og_url":"https:\/\/www.naturparkmagazin.de\/thueringer-schiefergebirge-obere-saale\/baum-des-jahres-2022\/","og_site_name":"Naturpark Th\u00fcringer Schiefergebirge\/Obere Saale","article_published_time":"2022-02-24T07:39:38+00:00","og_image":[{"width":1000,"height":750,"url":"https:\/\/www.naturparkmagazin.de\/thueringer-schiefergebirge-obere-saale\/wp-content\/uploads\/sites\/13\/Foto-1_Rotbuche_Wikipedia_Lebrac.jpg","type":"image\/jpeg"}],"author":"D\u00f6rthe Kirstein","twitter_misc":{"Verfasst von":"D\u00f6rthe Kirstein","Gesch\u00e4tzte Lesezeit":"2\u00a0Minuten"},"schema":{"@context":"https:\/\/schema.org","@graph":[{"@type":"WebPage","@id":"https:\/\/www.naturparkmagazin.de\/thueringer-schiefergebirge-obere-saale\/baum-des-jahres-2022\/","url":"https:\/\/www.naturparkmagazin.de\/thueringer-schiefergebirge-obere-saale\/baum-des-jahres-2022\/","name":"Baum des Jahres 2022 - Naturpark Th\u00fcringer Schiefergebirge\/Obere Saale","isPartOf":{"@id":"https:\/\/www.naturparkmagazin.de\/thueringer-schiefergebirge-obere-saale\/#website"},"datePublished":"2022-02-24T07:39:38+00:00","dateModified":"2022-02-24T07:39:38+00:00","author":{"@id":"https:\/\/www.naturparkmagazin.de\/thueringer-schiefergebirge-obere-saale\/#\/schema\/person\/2144f2a5876d4b820ee5725f8224a275"},"description":"Die Bl\u00e4tter leuchten in kr\u00e4ftigem Gr\u00fcn, die Borke schimmert in silbrigen Graut\u00f6nen \u2013 dennoch hat die Bezeichnung Rotbuche ihre Berechtigung.","breadcrumb":{"@id":"https:\/\/www.naturparkmagazin.de\/thueringer-schiefergebirge-obere-saale\/baum-des-jahres-2022\/#breadcrumb"},"inLanguage":"de","potentialAction":[{"@type":"ReadAction","target":["https:\/\/www.naturparkmagazin.de\/thueringer-schiefergebirge-obere-saale\/baum-des-jahres-2022\/"]}]},{"@type":"BreadcrumbList","@id":"https:\/\/www.naturparkmagazin.de\/thueringer-schiefergebirge-obere-saale\/baum-des-jahres-2022\/#breadcrumb","itemListElement":[{"@type":"ListItem","position":1,"name":"Home","item":"https:\/\/www.naturparkmagazin.de\/thueringer-schiefergebirge-obere-saale\/"},{"@type":"ListItem","position":2,"name":"Baum des Jahres 2022"}]},{"@type":"WebSite","@id":"https:\/\/www.naturparkmagazin.de\/thueringer-schiefergebirge-obere-saale\/#website","url":"https:\/\/www.naturparkmagazin.de\/thueringer-schiefergebirge-obere-saale\/","name":"Naturpark Th\u00fcringer Schiefergebirge\/Obere Saale","description":"","potentialAction":[{"@type":"SearchAction","target":{"@type":"EntryPoint","urlTemplate":"https:\/\/www.naturparkmagazin.de\/thueringer-schiefergebirge-obere-saale\/?s={search_term_string}"},"query-input":"required name=search_term_string"}],"inLanguage":"de"},{"@type":"Person","@id":"https:\/\/www.naturparkmagazin.de\/thueringer-schiefergebirge-obere-saale\/#\/schema\/person\/2144f2a5876d4b820ee5725f8224a275","name":"D\u00f6rthe Kirstein","url":"https:\/\/www.naturparkmagazin.de\/thueringer-schiefergebirge-obere-saale\/author\/frauhess\/"}]}},"_links":{"self":[{"href":"https:\/\/www.naturparkmagazin.de\/thueringer-schiefergebirge-obere-saale\/wp-json\/wp\/v2\/posts\/3847"}],"collection":[{"href":"https:\/\/www.naturparkmagazin.de\/thueringer-schiefergebirge-obere-saale\/wp-json\/wp\/v2\/posts"}],"about":[{"href":"https:\/\/www.naturparkmagazin.de\/thueringer-schiefergebirge-obere-saale\/wp-json\/wp\/v2\/types\/post"}],"author":[{"embeddable":true,"href":"https:\/\/www.naturparkmagazin.de\/thueringer-schiefergebirge-obere-saale\/wp-json\/wp\/v2\/users\/62"}],"replies":[{"embeddable":true,"href":"https:\/\/www.naturparkmagazin.de\/thueringer-schiefergebirge-obere-saale\/wp-json\/wp\/v2\/comments?post=3847"}],"version-history":[{"count":2,"href":"https:\/\/www.naturparkmagazin.de\/thueringer-schiefergebirge-obere-saale\/wp-json\/wp\/v2\/posts\/3847\/revisions"}],"predecessor-version":[{"id":3851,"href":"https:\/\/www.naturparkmagazin.de\/thueringer-schiefergebirge-obere-saale\/wp-json\/wp\/v2\/posts\/3847\/revisions\/3851"}],"wp:featuredmedia":[{"embeddable":true,"href":"https:\/\/www.naturparkmagazin.de\/thueringer-schiefergebirge-obere-saale\/wp-json\/wp\/v2\/media\/3849"}],"wp:attachment":[{"href":"https:\/\/www.naturparkmagazin.de\/thueringer-schiefergebirge-obere-saale\/wp-json\/wp\/v2\/media?parent=3847"}],"wp:term":[{"taxonomy":"category","embeddable":true,"href":"https:\/\/www.naturparkmagazin.de\/thueringer-schiefergebirge-obere-saale\/wp-json\/wp\/v2\/categories?post=3847"},{"taxonomy":"post_tag","embeddable":true,"href":"https:\/\/www.naturparkmagazin.de\/thueringer-schiefergebirge-obere-saale\/wp-json\/wp\/v2\/tags?post=3847"}],"curies":[{"name":"wp","href":"https:\/\/api.w.org\/{rel}","templated":true}]}}