{"id":3860,"date":"2022-03-23T12:51:06","date_gmt":"2022-03-23T11:51:06","guid":{"rendered":"https:\/\/www.naturparkmagazin.de\/thueringer-schiefergebirge-obere-saale\/?p=3860"},"modified":"2022-05-31T13:52:12","modified_gmt":"2022-05-31T11:52:12","slug":"vogel-des-jahres-2022","status":"publish","type":"post","link":"https:\/\/www.naturparkmagazin.de\/thueringer-schiefergebirge-obere-saale\/vogel-des-jahres-2022\/","title":{"rendered":"Vogel des Jahres 2022"},"content":{"rendered":"<p><strong>Der Wiedehopf\n<\/strong><\/p>\n<p><em>(Upupa epops)<\/em><\/p>\n<p>&nbsp;<\/p>\n<p><a href=\"https:\/\/www.naturparkmagazin.de\/thueringer-schiefergebirge-obere-saale\/wp-content\/uploads\/sites\/13\/Foto-1_Wiedehopf_Wikipedia_Shantanu-Kuveskar.jpg\"><img decoding=\"async\" loading=\"lazy\" class=\"alignright size-thumbnail wp-image-3862\" src=\"https:\/\/www.naturparkmagazin.de\/thueringer-schiefergebirge-obere-saale\/wp-content\/uploads\/sites\/13\/Foto-1_Wiedehopf_Wikipedia_Shantanu-Kuveskar-300x400.jpg\" alt=\"Wiedehopf Wikipedia Shantanu Kuveskar\" width=\"300\" height=\"400\" srcset=\"https:\/\/www.naturparkmagazin.de\/thueringer-schiefergebirge-obere-saale\/wp-content\/uploads\/sites\/13\/Foto-1_Wiedehopf_Wikipedia_Shantanu-Kuveskar-300x400.jpg 300w, https:\/\/www.naturparkmagazin.de\/thueringer-schiefergebirge-obere-saale\/wp-content\/uploads\/sites\/13\/Foto-1_Wiedehopf_Wikipedia_Shantanu-Kuveskar-620x827.jpg 620w, https:\/\/www.naturparkmagazin.de\/thueringer-schiefergebirge-obere-saale\/wp-content\/uploads\/sites\/13\/Foto-1_Wiedehopf_Wikipedia_Shantanu-Kuveskar-500x667.jpg 500w, https:\/\/www.naturparkmagazin.de\/thueringer-schiefergebirge-obere-saale\/wp-content\/uploads\/sites\/13\/Foto-1_Wiedehopf_Wikipedia_Shantanu-Kuveskar-420x560.jpg 420w, https:\/\/www.naturparkmagazin.de\/thueringer-schiefergebirge-obere-saale\/wp-content\/uploads\/sites\/13\/Foto-1_Wiedehopf_Wikipedia_Shantanu-Kuveskar-135x180.jpg 135w, https:\/\/www.naturparkmagazin.de\/thueringer-schiefergebirge-obere-saale\/wp-content\/uploads\/sites\/13\/Foto-1_Wiedehopf_Wikipedia_Shantanu-Kuveskar-53x71.jpg 53w, https:\/\/www.naturparkmagazin.de\/thueringer-schiefergebirge-obere-saale\/wp-content\/uploads\/sites\/13\/Foto-1_Wiedehopf_Wikipedia_Shantanu-Kuveskar-670x893.jpg 670w, https:\/\/www.naturparkmagazin.de\/thueringer-schiefergebirge-obere-saale\/wp-content\/uploads\/sites\/13\/Foto-1_Wiedehopf_Wikipedia_Shantanu-Kuveskar-200x267.jpg 200w, https:\/\/www.naturparkmagazin.de\/thueringer-schiefergebirge-obere-saale\/wp-content\/uploads\/sites\/13\/Foto-1_Wiedehopf_Wikipedia_Shantanu-Kuveskar.jpg 750w\" sizes=\"(max-width: 300px) 100vw, 300px\" \/><\/a>An Auff\u00e4lligkeiten ist dieser Vogel kaum zu \u00fcberbieten. W\u00e4hrend andere Vogelarten auf gute Tarnung bedacht sind und ihre Federkleider mit der Umgebung nahezu verschmelzen, scheint der Wiedehopf geradezu nach Aufmerksamkeit zu lechzen: Die schwarz-wei\u00df geb\u00e4nderten Fl\u00fcgel und das orangerote Gefieder k\u00f6nnten kontrastreicher kaum sein. Der Schnabel ist auff\u00e4llig lang und gebogen, dazu besitzt er eine aufrichtbare Federhaube samt schwarzen Punkten an den Enden. Markant ist auch der gaukelnde, schmetterlingsartige Flug, der in Wellen vollf\u00fchrt wird. Nicht minder spektakul\u00e4r zeigt sich der Wiedehopf zur Vogelhochzeit: Balzlaute werden mit aufgestellter Federhaube und gestr\u00e4ubtem Kehlgefieder vorgetragen. Anschlie\u00dfend versucht das M\u00e4nnchen dem Weibchen mit Futter\u00fcbergaben zu imponieren. Wittert er Erfolg, bietet er mit lautem Kr\u00e4chzen Bruth\u00f6hlen an. Schl\u00fcpft das Weibchen in eine solche H\u00f6hle, ist die monogame Saisonehe besiegelt.<\/p>\n<p>&nbsp;<\/p>\n<p><a href=\"https:\/\/www.naturparkmagazin.de\/thueringer-schiefergebirge-obere-saale\/wp-content\/uploads\/sites\/13\/Foto-2_Wiedehopf_Susen-Reuter.jpg\"><img decoding=\"async\" loading=\"lazy\" class=\"alignleft size-thumbnail wp-image-3863\" src=\"https:\/\/www.naturparkmagazin.de\/thueringer-schiefergebirge-obere-saale\/wp-content\/uploads\/sites\/13\/Foto-2_Wiedehopf_Susen-Reuter-300x200.jpg\" alt=\"Wiedehopf Susen Reuter\" width=\"300\" height=\"200\" srcset=\"https:\/\/www.naturparkmagazin.de\/thueringer-schiefergebirge-obere-saale\/wp-content\/uploads\/sites\/13\/Foto-2_Wiedehopf_Susen-Reuter-300x200.jpg 300w, https:\/\/www.naturparkmagazin.de\/thueringer-schiefergebirge-obere-saale\/wp-content\/uploads\/sites\/13\/Foto-2_Wiedehopf_Susen-Reuter-620x412.jpg 620w, https:\/\/www.naturparkmagazin.de\/thueringer-schiefergebirge-obere-saale\/wp-content\/uploads\/sites\/13\/Foto-2_Wiedehopf_Susen-Reuter-940x625.jpg 940w, https:\/\/www.naturparkmagazin.de\/thueringer-schiefergebirge-obere-saale\/wp-content\/uploads\/sites\/13\/Foto-2_Wiedehopf_Susen-Reuter-670x446.jpg 670w, https:\/\/www.naturparkmagazin.de\/thueringer-schiefergebirge-obere-saale\/wp-content\/uploads\/sites\/13\/Foto-2_Wiedehopf_Susen-Reuter-200x133.jpg 200w, https:\/\/www.naturparkmagazin.de\/thueringer-schiefergebirge-obere-saale\/wp-content\/uploads\/sites\/13\/Foto-2_Wiedehopf_Susen-Reuter.jpg 1600w\" sizes=\"(max-width: 300px) 100vw, 300px\" \/><\/a>Diesen imposanten Zugvogel in Th\u00fcringen anzutreffen ist nicht ausgeschlossen. Im Naturpark Th\u00fcringer Schiefergebirge\/Obere Saale sind beispielsweise Vorkommen aus dem Naturschutz- und Vogelschutzgebiet Dreba-Plothener Teiche bekannt. Gibt es heute th\u00fcringenweit nur noch verstreute Einzelvorkommen, so sah dies fr\u00fcher ganz anders aus: \u201eDa kam der bunte Vogel im Freistaat fl\u00e4chendeckend vor. Er fehlte lediglich in den h\u00f6heren Lagen wie im Th\u00fcringer Wald\u201c, so Klaus Lieder, ein Vogelexperte vom NABU Th\u00fcringen. Der R\u00fcckgang des Wiedehopfs hat unter anderem mit dem Wegfall an extensiv bewirtschafteten Wiesen und Weiden zu tun sowie mit Ruderalfl\u00e4chen, die verbuschen. Halboffene bis offene Landschaften, die insektenreich sind, gibt es kaum noch.<\/p>\n<p>&nbsp;<\/p>\n<p>Jetzt im M\u00e4rz und April kehrt der Wiedehopf aus seinen \u00dcberwinterungsgebieten zur\u00fcck in seine europ\u00e4ischen Brutpl\u00e4tze. Haupt\u00fcberwinterungsgebiete liegen im Savanneng\u00fcrtel s\u00fcdlich der Sahara. Wiedehopfe besiedeln zwar vielf\u00e4ltige Lebensr\u00e4ume, doch grunds\u00e4tzlich werden w\u00e4rmeexponierte, trockene und nicht zu dicht bewachsene Fl\u00e4chen bevorzugt, in denen es keinen Pestizideinsatz gibt. Hier labt er sich am reich gedeckten Tisch: Auf dem Speiseplan stehen Insekten aller Art \u2013 Feldgrillen, Engerlinge, K\u00e4fer, aber auch Spinnen, Asseln, Tausendf\u00fc\u00dfer oder Regenw\u00fcrmer. Diese pickt er vom Boden auf oder stochert mit seinem langgebogenen Schnabel im Erdreich. Nur in seltenen F\u00e4llen werden langsam fliegende Insekten auch im Flug erbeutet.<\/p>\n<p>&nbsp;<\/p>\n<p>In Deutschlands kommt der Wiedehopf nur in wenigen Regionen vor, zum Beispiel am Kaiserstuhl in Baden-W\u00fcrttemberg, in Rheinhessen, den Bergbaufolgelandschaften der Lausitz und vereinzelt in Th\u00fcringen. Der Wiedehopf gilt in Deutschland als gef\u00e4hrdet, da es aufgrund fehlender Lebensr\u00e4ume wenige Brutpaare gibt. Daf\u00fcr w\u00e4chst das Verbreitungsgebiet des w\u00e4rmeliebenden Vogels \u2013 ein eindeutiges Indiz f\u00fcr den Klimawandel.<\/p>\n<p>&nbsp;<\/p>\n<p>&nbsp;<\/p>\n","protected":false},"excerpt":{"rendered":"<p>Der Wiedehopf (Upupa epops) &nbsp; An Auff\u00e4lligkeiten ist dieser Vogel kaum zu \u00fcberbieten. W\u00e4hrend andere Vogelarten auf gute Tarnung bedacht sind und ihre Federkleider mit der Umgebung nahezu verschmelzen, scheint der Wiedehopf geradezu nach Aufmerksamkeit zu lechzen: Die schwarz-wei\u00df geb\u00e4nderten Fl\u00fcgel und das orangerote Gefieder k\u00f6nnten kontrastreicher kaum sein. Der Schnabel ist auff\u00e4llig lang und<\/p>\n","protected":false},"author":62,"featured_media":3862,"comment_status":"open","ping_status":"open","sticky":false,"template":"","format":"standard","meta":[],"categories":[7],"tags":[2758],"yoast_head":"<!-- This site is optimized with the Yoast SEO plugin v19.10 - https:\/\/yoast.com\/wordpress\/plugins\/seo\/ -->\n<title>Vogel des Jahres 2022 - Naturpark Th\u00fcringer Schiefergebirge\/Obere Saale<\/title>\n<meta name=\"robots\" content=\"index, follow, max-snippet:-1, max-image-preview:large, max-video-preview:-1\" \/>\n<link rel=\"canonical\" href=\"https:\/\/www.naturparkmagazin.de\/thueringer-schiefergebirge-obere-saale\/vogel-des-jahres-2022\/\" \/>\n<meta property=\"og:locale\" content=\"de_DE\" \/>\n<meta property=\"og:type\" content=\"article\" \/>\n<meta property=\"og:title\" content=\"Vogel des Jahres 2022 - Naturpark Th\u00fcringer Schiefergebirge\/Obere Saale\" \/>\n<meta property=\"og:description\" content=\"Der Wiedehopf (Upupa epops) &nbsp; An Auff\u00e4lligkeiten ist dieser Vogel kaum zu \u00fcberbieten. W\u00e4hrend andere Vogelarten auf gute Tarnung bedacht sind und ihre Federkleider mit der Umgebung nahezu verschmelzen, scheint der Wiedehopf geradezu nach Aufmerksamkeit zu lechzen: Die schwarz-wei\u00df geb\u00e4nderten Fl\u00fcgel und das orangerote Gefieder k\u00f6nnten kontrastreicher kaum sein. Der Schnabel ist auff\u00e4llig lang und\" \/>\n<meta property=\"og:url\" content=\"https:\/\/www.naturparkmagazin.de\/thueringer-schiefergebirge-obere-saale\/vogel-des-jahres-2022\/\" \/>\n<meta property=\"og:site_name\" content=\"Naturpark Th\u00fcringer Schiefergebirge\/Obere Saale\" \/>\n<meta property=\"article:published_time\" content=\"2022-03-23T11:51:06+00:00\" \/>\n<meta property=\"article:modified_time\" content=\"2022-05-31T11:52:12+00:00\" \/>\n<meta property=\"og:image\" content=\"https:\/\/www.naturparkmagazin.de\/thueringer-schiefergebirge-obere-saale\/wp-content\/uploads\/sites\/13\/Foto-1_Wiedehopf_Wikipedia_Shantanu-Kuveskar.jpg\" \/>\n\t<meta property=\"og:image:width\" content=\"750\" \/>\n\t<meta property=\"og:image:height\" content=\"1000\" \/>\n\t<meta property=\"og:image:type\" content=\"image\/jpeg\" \/>\n<meta name=\"author\" content=\"D\u00f6rthe Kirstein\" \/>\n<meta name=\"twitter:label1\" content=\"Verfasst von\" \/>\n\t<meta name=\"twitter:data1\" content=\"D\u00f6rthe Kirstein\" \/>\n\t<meta name=\"twitter:label2\" content=\"Gesch\u00e4tzte Lesezeit\" \/>\n\t<meta name=\"twitter:data2\" content=\"2\u00a0Minuten\" \/>\n<script type=\"application\/ld+json\" class=\"yoast-schema-graph\">{\"@context\":\"https:\/\/schema.org\",\"@graph\":[{\"@type\":\"WebPage\",\"@id\":\"https:\/\/www.naturparkmagazin.de\/thueringer-schiefergebirge-obere-saale\/vogel-des-jahres-2022\/\",\"url\":\"https:\/\/www.naturparkmagazin.de\/thueringer-schiefergebirge-obere-saale\/vogel-des-jahres-2022\/\",\"name\":\"Vogel des Jahres 2022 - Naturpark Th\u00fcringer Schiefergebirge\/Obere Saale\",\"isPartOf\":{\"@id\":\"https:\/\/www.naturparkmagazin.de\/thueringer-schiefergebirge-obere-saale\/#website\"},\"datePublished\":\"2022-03-23T11:51:06+00:00\",\"dateModified\":\"2022-05-31T11:52:12+00:00\",\"author\":{\"@id\":\"https:\/\/www.naturparkmagazin.de\/thueringer-schiefergebirge-obere-saale\/#\/schema\/person\/2144f2a5876d4b820ee5725f8224a275\"},\"breadcrumb\":{\"@id\":\"https:\/\/www.naturparkmagazin.de\/thueringer-schiefergebirge-obere-saale\/vogel-des-jahres-2022\/#breadcrumb\"},\"inLanguage\":\"de\",\"potentialAction\":[{\"@type\":\"ReadAction\",\"target\":[\"https:\/\/www.naturparkmagazin.de\/thueringer-schiefergebirge-obere-saale\/vogel-des-jahres-2022\/\"]}]},{\"@type\":\"BreadcrumbList\",\"@id\":\"https:\/\/www.naturparkmagazin.de\/thueringer-schiefergebirge-obere-saale\/vogel-des-jahres-2022\/#breadcrumb\",\"itemListElement\":[{\"@type\":\"ListItem\",\"position\":1,\"name\":\"Home\",\"item\":\"https:\/\/www.naturparkmagazin.de\/thueringer-schiefergebirge-obere-saale\/\"},{\"@type\":\"ListItem\",\"position\":2,\"name\":\"Vogel des Jahres 2022\"}]},{\"@type\":\"WebSite\",\"@id\":\"https:\/\/www.naturparkmagazin.de\/thueringer-schiefergebirge-obere-saale\/#website\",\"url\":\"https:\/\/www.naturparkmagazin.de\/thueringer-schiefergebirge-obere-saale\/\",\"name\":\"Naturpark Th\u00fcringer Schiefergebirge\/Obere Saale\",\"description\":\"\",\"potentialAction\":[{\"@type\":\"SearchAction\",\"target\":{\"@type\":\"EntryPoint\",\"urlTemplate\":\"https:\/\/www.naturparkmagazin.de\/thueringer-schiefergebirge-obere-saale\/?s={search_term_string}\"},\"query-input\":\"required name=search_term_string\"}],\"inLanguage\":\"de\"},{\"@type\":\"Person\",\"@id\":\"https:\/\/www.naturparkmagazin.de\/thueringer-schiefergebirge-obere-saale\/#\/schema\/person\/2144f2a5876d4b820ee5725f8224a275\",\"name\":\"D\u00f6rthe Kirstein\",\"url\":\"https:\/\/www.naturparkmagazin.de\/thueringer-schiefergebirge-obere-saale\/author\/frauhess\/\"}]}<\/script>\n<!-- \/ Yoast SEO plugin. -->","yoast_head_json":{"title":"Vogel des Jahres 2022 - Naturpark Th\u00fcringer Schiefergebirge\/Obere Saale","robots":{"index":"index","follow":"follow","max-snippet":"max-snippet:-1","max-image-preview":"max-image-preview:large","max-video-preview":"max-video-preview:-1"},"canonical":"https:\/\/www.naturparkmagazin.de\/thueringer-schiefergebirge-obere-saale\/vogel-des-jahres-2022\/","og_locale":"de_DE","og_type":"article","og_title":"Vogel des Jahres 2022 - Naturpark Th\u00fcringer Schiefergebirge\/Obere Saale","og_description":"Der Wiedehopf (Upupa epops) &nbsp; An Auff\u00e4lligkeiten ist dieser Vogel kaum zu \u00fcberbieten. W\u00e4hrend andere Vogelarten auf gute Tarnung bedacht sind und ihre Federkleider mit der Umgebung nahezu verschmelzen, scheint der Wiedehopf geradezu nach Aufmerksamkeit zu lechzen: Die schwarz-wei\u00df geb\u00e4nderten Fl\u00fcgel und das orangerote Gefieder k\u00f6nnten kontrastreicher kaum sein. Der Schnabel ist auff\u00e4llig lang und","og_url":"https:\/\/www.naturparkmagazin.de\/thueringer-schiefergebirge-obere-saale\/vogel-des-jahres-2022\/","og_site_name":"Naturpark Th\u00fcringer Schiefergebirge\/Obere Saale","article_published_time":"2022-03-23T11:51:06+00:00","article_modified_time":"2022-05-31T11:52:12+00:00","og_image":[{"width":750,"height":1000,"url":"https:\/\/www.naturparkmagazin.de\/thueringer-schiefergebirge-obere-saale\/wp-content\/uploads\/sites\/13\/Foto-1_Wiedehopf_Wikipedia_Shantanu-Kuveskar.jpg","type":"image\/jpeg"}],"author":"D\u00f6rthe Kirstein","twitter_misc":{"Verfasst von":"D\u00f6rthe Kirstein","Gesch\u00e4tzte Lesezeit":"2\u00a0Minuten"},"schema":{"@context":"https:\/\/schema.org","@graph":[{"@type":"WebPage","@id":"https:\/\/www.naturparkmagazin.de\/thueringer-schiefergebirge-obere-saale\/vogel-des-jahres-2022\/","url":"https:\/\/www.naturparkmagazin.de\/thueringer-schiefergebirge-obere-saale\/vogel-des-jahres-2022\/","name":"Vogel des Jahres 2022 - Naturpark Th\u00fcringer Schiefergebirge\/Obere Saale","isPartOf":{"@id":"https:\/\/www.naturparkmagazin.de\/thueringer-schiefergebirge-obere-saale\/#website"},"datePublished":"2022-03-23T11:51:06+00:00","dateModified":"2022-05-31T11:52:12+00:00","author":{"@id":"https:\/\/www.naturparkmagazin.de\/thueringer-schiefergebirge-obere-saale\/#\/schema\/person\/2144f2a5876d4b820ee5725f8224a275"},"breadcrumb":{"@id":"https:\/\/www.naturparkmagazin.de\/thueringer-schiefergebirge-obere-saale\/vogel-des-jahres-2022\/#breadcrumb"},"inLanguage":"de","potentialAction":[{"@type":"ReadAction","target":["https:\/\/www.naturparkmagazin.de\/thueringer-schiefergebirge-obere-saale\/vogel-des-jahres-2022\/"]}]},{"@type":"BreadcrumbList","@id":"https:\/\/www.naturparkmagazin.de\/thueringer-schiefergebirge-obere-saale\/vogel-des-jahres-2022\/#breadcrumb","itemListElement":[{"@type":"ListItem","position":1,"name":"Home","item":"https:\/\/www.naturparkmagazin.de\/thueringer-schiefergebirge-obere-saale\/"},{"@type":"ListItem","position":2,"name":"Vogel des Jahres 2022"}]},{"@type":"WebSite","@id":"https:\/\/www.naturparkmagazin.de\/thueringer-schiefergebirge-obere-saale\/#website","url":"https:\/\/www.naturparkmagazin.de\/thueringer-schiefergebirge-obere-saale\/","name":"Naturpark Th\u00fcringer Schiefergebirge\/Obere Saale","description":"","potentialAction":[{"@type":"SearchAction","target":{"@type":"EntryPoint","urlTemplate":"https:\/\/www.naturparkmagazin.de\/thueringer-schiefergebirge-obere-saale\/?s={search_term_string}"},"query-input":"required name=search_term_string"}],"inLanguage":"de"},{"@type":"Person","@id":"https:\/\/www.naturparkmagazin.de\/thueringer-schiefergebirge-obere-saale\/#\/schema\/person\/2144f2a5876d4b820ee5725f8224a275","name":"D\u00f6rthe Kirstein","url":"https:\/\/www.naturparkmagazin.de\/thueringer-schiefergebirge-obere-saale\/author\/frauhess\/"}]}},"_links":{"self":[{"href":"https:\/\/www.naturparkmagazin.de\/thueringer-schiefergebirge-obere-saale\/wp-json\/wp\/v2\/posts\/3860"}],"collection":[{"href":"https:\/\/www.naturparkmagazin.de\/thueringer-schiefergebirge-obere-saale\/wp-json\/wp\/v2\/posts"}],"about":[{"href":"https:\/\/www.naturparkmagazin.de\/thueringer-schiefergebirge-obere-saale\/wp-json\/wp\/v2\/types\/post"}],"author":[{"embeddable":true,"href":"https:\/\/www.naturparkmagazin.de\/thueringer-schiefergebirge-obere-saale\/wp-json\/wp\/v2\/users\/62"}],"replies":[{"embeddable":true,"href":"https:\/\/www.naturparkmagazin.de\/thueringer-schiefergebirge-obere-saale\/wp-json\/wp\/v2\/comments?post=3860"}],"version-history":[{"count":1,"href":"https:\/\/www.naturparkmagazin.de\/thueringer-schiefergebirge-obere-saale\/wp-json\/wp\/v2\/posts\/3860\/revisions"}],"predecessor-version":[{"id":3864,"href":"https:\/\/www.naturparkmagazin.de\/thueringer-schiefergebirge-obere-saale\/wp-json\/wp\/v2\/posts\/3860\/revisions\/3864"}],"wp:featuredmedia":[{"embeddable":true,"href":"https:\/\/www.naturparkmagazin.de\/thueringer-schiefergebirge-obere-saale\/wp-json\/wp\/v2\/media\/3862"}],"wp:attachment":[{"href":"https:\/\/www.naturparkmagazin.de\/thueringer-schiefergebirge-obere-saale\/wp-json\/wp\/v2\/media?parent=3860"}],"wp:term":[{"taxonomy":"category","embeddable":true,"href":"https:\/\/www.naturparkmagazin.de\/thueringer-schiefergebirge-obere-saale\/wp-json\/wp\/v2\/categories?post=3860"},{"taxonomy":"post_tag","embeddable":true,"href":"https:\/\/www.naturparkmagazin.de\/thueringer-schiefergebirge-obere-saale\/wp-json\/wp\/v2\/tags?post=3860"}],"curies":[{"name":"wp","href":"https:\/\/api.w.org\/{rel}","templated":true}]}}