{"id":3893,"date":"2022-06-16T10:14:43","date_gmt":"2022-06-16T08:14:43","guid":{"rendered":"https:\/\/www.naturparkmagazin.de\/thueringer-schiefergebirge-obere-saale\/?p=3893"},"modified":"2022-06-16T10:14:43","modified_gmt":"2022-06-16T08:14:43","slug":"schmetterling-des-jahres-2022","status":"publish","type":"post","link":"https:\/\/www.naturparkmagazin.de\/thueringer-schiefergebirge-obere-saale\/schmetterling-des-jahres-2022\/","title":{"rendered":"Schmetterling des Jahres 2022"},"content":{"rendered":"<p><strong>Der Kaisermantel \u2013 Schmetterling des Jahres 2022<\/strong><\/p>\n<p><em>(Argynnis paphia)<\/em><\/p>\n<p><em>\u00a0<\/em><\/p>\n<p>&nbsp;<\/p>\n<div id=\"attachment_3894\" style=\"width: 310px\" class=\"wp-caption alignleft\"><a href=\"https:\/\/www.naturparkmagazin.de\/thueringer-schiefergebirge-obere-saale\/wp-content\/uploads\/sites\/13\/Foto-1_Kaisermantel_Susen-Reuter-kl.jpg\"><img aria-describedby=\"caption-attachment-3894\" decoding=\"async\" loading=\"lazy\" class=\"size-thumbnail wp-image-3894\" src=\"https:\/\/www.naturparkmagazin.de\/thueringer-schiefergebirge-obere-saale\/wp-content\/uploads\/sites\/13\/Foto-1_Kaisermantel_Susen-Reuter-kl-300x200.jpg\" alt=\"Kaisermantel auf Distel \/\/ Susen Reuter\" width=\"300\" height=\"200\" srcset=\"https:\/\/www.naturparkmagazin.de\/thueringer-schiefergebirge-obere-saale\/wp-content\/uploads\/sites\/13\/Foto-1_Kaisermantel_Susen-Reuter-kl-300x200.jpg 300w, https:\/\/www.naturparkmagazin.de\/thueringer-schiefergebirge-obere-saale\/wp-content\/uploads\/sites\/13\/Foto-1_Kaisermantel_Susen-Reuter-kl-620x412.jpg 620w, https:\/\/www.naturparkmagazin.de\/thueringer-schiefergebirge-obere-saale\/wp-content\/uploads\/sites\/13\/Foto-1_Kaisermantel_Susen-Reuter-kl-940x625.jpg 940w, https:\/\/www.naturparkmagazin.de\/thueringer-schiefergebirge-obere-saale\/wp-content\/uploads\/sites\/13\/Foto-1_Kaisermantel_Susen-Reuter-kl-670x446.jpg 670w, https:\/\/www.naturparkmagazin.de\/thueringer-schiefergebirge-obere-saale\/wp-content\/uploads\/sites\/13\/Foto-1_Kaisermantel_Susen-Reuter-kl-200x133.jpg 200w, https:\/\/www.naturparkmagazin.de\/thueringer-schiefergebirge-obere-saale\/wp-content\/uploads\/sites\/13\/Foto-1_Kaisermantel_Susen-Reuter-kl.jpg 1600w\" sizes=\"(max-width: 300px) 100vw, 300px\" \/><\/a><p id=\"caption-attachment-3894\" class=\"wp-caption-text\">Kaisermantel auf Distel \/\/ Susen Reuter<\/p><\/div>\n<p>Er ist der gr\u00f6\u00dfte mitteleurop\u00e4ische Perlmuttfalter und macht seinem Namen alle Ehre: Taucht er am Waldrand oder einer Lichtung auf, ist er eine wahre Augenweide. Mit mehr als sechs Zentimetern Fl\u00fcgelspannweite und kr\u00e4ftigen Oranget\u00f6nen ist er un\u00fcbersehbar. Sein lateinischer Name \u201epaphia\u201c ist inspiriert von einem Beinamen der Liebesg\u00f6ttin Aphrodite. Im Naturpark Th\u00fcringer Schiefergebirge\/Obere Saale kann man den Kaisermantel von Juni bis Mitte September gut beobachten: Seine Lebensr\u00e4ume sind naturnahe lichte Mischw\u00e4lder, hier w\u00e4chst seine Raupenpflanze, das Veilchen. Ohne Veilchen g\u00e4be es kein Nachwuchs, denn die Raupen sind hochgradig spezialisiert und fressen ausschlie\u00dflich Bl\u00e4tter verschiedener Veilchenarten. Besitzer von Waldg\u00e4rten k\u00f6nnen den Kaisermantel mitunter auch in der eigenen gr\u00fcnen Oase bewundern. Als ausgewachsener Tagfalter labt er sich am Nektar von Flockenblumen, Brombeeren, Disteln, Skabiosen und Hochstauden.<\/p>\n<p>&nbsp;<\/p>\n<div id=\"attachment_3895\" style=\"width: 310px\" class=\"wp-caption alignright\"><a href=\"https:\/\/www.naturparkmagazin.de\/thueringer-schiefergebirge-obere-saale\/wp-content\/uploads\/sites\/13\/Foto-2_Kaisermantel_Susen-Reuter-kl.jpg\"><img aria-describedby=\"caption-attachment-3895\" decoding=\"async\" loading=\"lazy\" class=\"size-thumbnail wp-image-3895\" src=\"https:\/\/www.naturparkmagazin.de\/thueringer-schiefergebirge-obere-saale\/wp-content\/uploads\/sites\/13\/Foto-2_Kaisermantel_Susen-Reuter-kl-300x202.jpg\" alt=\"Kaisermantel auf Hochstaude (Greiskraut) \/\/ Susen Reuter\" width=\"300\" height=\"202\" srcset=\"https:\/\/www.naturparkmagazin.de\/thueringer-schiefergebirge-obere-saale\/wp-content\/uploads\/sites\/13\/Foto-2_Kaisermantel_Susen-Reuter-kl-300x202.jpg 300w, https:\/\/www.naturparkmagazin.de\/thueringer-schiefergebirge-obere-saale\/wp-content\/uploads\/sites\/13\/Foto-2_Kaisermantel_Susen-Reuter-kl-620x417.jpg 620w, https:\/\/www.naturparkmagazin.de\/thueringer-schiefergebirge-obere-saale\/wp-content\/uploads\/sites\/13\/Foto-2_Kaisermantel_Susen-Reuter-kl-940x632.jpg 940w, https:\/\/www.naturparkmagazin.de\/thueringer-schiefergebirge-obere-saale\/wp-content\/uploads\/sites\/13\/Foto-2_Kaisermantel_Susen-Reuter-kl-670x451.jpg 670w, https:\/\/www.naturparkmagazin.de\/thueringer-schiefergebirge-obere-saale\/wp-content\/uploads\/sites\/13\/Foto-2_Kaisermantel_Susen-Reuter-kl-200x135.jpg 200w, https:\/\/www.naturparkmagazin.de\/thueringer-schiefergebirge-obere-saale\/wp-content\/uploads\/sites\/13\/Foto-2_Kaisermantel_Susen-Reuter-kl.jpg 1600w\" sizes=\"(max-width: 300px) 100vw, 300px\" \/><\/a><p id=\"caption-attachment-3895\" class=\"wp-caption-text\">Kaisermantel auf Hochstaude (Greiskraut) \/\/ Susen Reuter<\/p><\/div>\n<p>Der Schmetterling des Jahres geh\u00f6rt zu den Perlmuttfaltern, was auf die perlmuttartig schimmernden Flecken auf der Unterseite der Fl\u00fcgel verweist. Bei den M\u00e4nnchen befinden sich auf der Oberseite der Fl\u00fcgel sogenannte Duftschuppen (in Form schwarzer Linien). Sie kommen dann zum Einsatz, wenn das M\u00e4nnchen auf Partnersuche geht: \u00dcber spezielle Dr\u00fcsen wird mittels der Duftschuppen ein Sekret abgegeben. Die M\u00e4nnchen vollf\u00fchren dabei einen imposanten Balzflug, um \u00fcber den abgegebenen Lockstoff das Weibchen zu bet\u00f6ren. Nach erfolgreicher Paarung legen die Weibchen ihre Eier auf Baumst\u00e4mme ab \u2013 nat\u00fcrlich ganz in der N\u00e4he von Veilchen, damit der Nachwuchs gut mit Futter versorgt ist.<\/p>\n<p>&nbsp;<\/p>\n<p>Aktuell gilt der Kaisermantel noch als ungef\u00e4hrdet, allerdings verschwinden seine Lebensr\u00e4ume zunehmend \u2013 vielerorts wurde bereits jetzt eine negative Tendenz der Populationen festgestellt. Experten gehen von einem langfristigen R\u00fcckgang dieser Falterart aus. Er wurde daher zum Schmetterling des Jahres 2022 gek\u00fcrt, um auf den Erhalt, den Schutz und die Schaffung gesunder Mischw\u00e4lder hinzuweisen.<\/p>\n","protected":false},"excerpt":{"rendered":"<p>Der Kaisermantel \u2013 Schmetterling des Jahres 2022 &#8211; Er ist der gr\u00f6\u00dfte mitteleurop\u00e4ische Perlmuttfalter und macht seinem Namen alle Ehre: Taucht er am Waldrand oder einer Lichtung auf, ist er eine wahre Augenweide. <\/p>\n","protected":false},"author":62,"featured_media":3894,"comment_status":"open","ping_status":"open","sticky":false,"template":"","format":"standard","meta":[],"categories":[7],"tags":[2758],"yoast_head":"<!-- This site is optimized with the Yoast SEO plugin v19.10 - https:\/\/yoast.com\/wordpress\/plugins\/seo\/ -->\n<title>Schmetterling des Jahres 2022 - Naturpark Th\u00fcringer Schiefergebirge\/Obere Saale<\/title>\n<meta name=\"robots\" content=\"index, follow, max-snippet:-1, max-image-preview:large, max-video-preview:-1\" \/>\n<link rel=\"canonical\" href=\"https:\/\/www.naturparkmagazin.de\/thueringer-schiefergebirge-obere-saale\/schmetterling-des-jahres-2022\/\" \/>\n<meta property=\"og:locale\" content=\"de_DE\" \/>\n<meta property=\"og:type\" content=\"article\" \/>\n<meta property=\"og:title\" content=\"Schmetterling des Jahres 2022 - Naturpark Th\u00fcringer Schiefergebirge\/Obere Saale\" \/>\n<meta property=\"og:description\" content=\"Der Kaisermantel \u2013 Schmetterling des Jahres 2022 - Er ist der gr\u00f6\u00dfte mitteleurop\u00e4ische Perlmuttfalter und macht seinem Namen alle Ehre: Taucht er am Waldrand oder einer Lichtung auf, ist er eine wahre Augenweide.\" \/>\n<meta property=\"og:url\" content=\"https:\/\/www.naturparkmagazin.de\/thueringer-schiefergebirge-obere-saale\/schmetterling-des-jahres-2022\/\" \/>\n<meta property=\"og:site_name\" content=\"Naturpark Th\u00fcringer Schiefergebirge\/Obere Saale\" \/>\n<meta property=\"article:published_time\" content=\"2022-06-16T08:14:43+00:00\" \/>\n<meta property=\"og:image\" content=\"https:\/\/www.naturparkmagazin.de\/thueringer-schiefergebirge-obere-saale\/wp-content\/uploads\/sites\/13\/Foto-1_Kaisermantel_Susen-Reuter-kl.jpg\" \/>\n\t<meta property=\"og:image:width\" content=\"1600\" \/>\n\t<meta property=\"og:image:height\" content=\"1064\" \/>\n\t<meta property=\"og:image:type\" content=\"image\/jpeg\" \/>\n<meta name=\"author\" content=\"D\u00f6rthe Kirstein\" \/>\n<meta name=\"twitter:label1\" content=\"Verfasst von\" \/>\n\t<meta name=\"twitter:data1\" content=\"D\u00f6rthe Kirstein\" \/>\n\t<meta name=\"twitter:label2\" content=\"Gesch\u00e4tzte Lesezeit\" \/>\n\t<meta name=\"twitter:data2\" content=\"2\u00a0Minuten\" \/>\n<script type=\"application\/ld+json\" class=\"yoast-schema-graph\">{\"@context\":\"https:\/\/schema.org\",\"@graph\":[{\"@type\":\"WebPage\",\"@id\":\"https:\/\/www.naturparkmagazin.de\/thueringer-schiefergebirge-obere-saale\/schmetterling-des-jahres-2022\/\",\"url\":\"https:\/\/www.naturparkmagazin.de\/thueringer-schiefergebirge-obere-saale\/schmetterling-des-jahres-2022\/\",\"name\":\"Schmetterling des Jahres 2022 - Naturpark Th\u00fcringer Schiefergebirge\/Obere Saale\",\"isPartOf\":{\"@id\":\"https:\/\/www.naturparkmagazin.de\/thueringer-schiefergebirge-obere-saale\/#website\"},\"datePublished\":\"2022-06-16T08:14:43+00:00\",\"dateModified\":\"2022-06-16T08:14:43+00:00\",\"author\":{\"@id\":\"https:\/\/www.naturparkmagazin.de\/thueringer-schiefergebirge-obere-saale\/#\/schema\/person\/2144f2a5876d4b820ee5725f8224a275\"},\"breadcrumb\":{\"@id\":\"https:\/\/www.naturparkmagazin.de\/thueringer-schiefergebirge-obere-saale\/schmetterling-des-jahres-2022\/#breadcrumb\"},\"inLanguage\":\"de\",\"potentialAction\":[{\"@type\":\"ReadAction\",\"target\":[\"https:\/\/www.naturparkmagazin.de\/thueringer-schiefergebirge-obere-saale\/schmetterling-des-jahres-2022\/\"]}]},{\"@type\":\"BreadcrumbList\",\"@id\":\"https:\/\/www.naturparkmagazin.de\/thueringer-schiefergebirge-obere-saale\/schmetterling-des-jahres-2022\/#breadcrumb\",\"itemListElement\":[{\"@type\":\"ListItem\",\"position\":1,\"name\":\"Home\",\"item\":\"https:\/\/www.naturparkmagazin.de\/thueringer-schiefergebirge-obere-saale\/\"},{\"@type\":\"ListItem\",\"position\":2,\"name\":\"Schmetterling des Jahres 2022\"}]},{\"@type\":\"WebSite\",\"@id\":\"https:\/\/www.naturparkmagazin.de\/thueringer-schiefergebirge-obere-saale\/#website\",\"url\":\"https:\/\/www.naturparkmagazin.de\/thueringer-schiefergebirge-obere-saale\/\",\"name\":\"Naturpark Th\u00fcringer Schiefergebirge\/Obere Saale\",\"description\":\"\",\"potentialAction\":[{\"@type\":\"SearchAction\",\"target\":{\"@type\":\"EntryPoint\",\"urlTemplate\":\"https:\/\/www.naturparkmagazin.de\/thueringer-schiefergebirge-obere-saale\/?s={search_term_string}\"},\"query-input\":\"required name=search_term_string\"}],\"inLanguage\":\"de\"},{\"@type\":\"Person\",\"@id\":\"https:\/\/www.naturparkmagazin.de\/thueringer-schiefergebirge-obere-saale\/#\/schema\/person\/2144f2a5876d4b820ee5725f8224a275\",\"name\":\"D\u00f6rthe Kirstein\",\"url\":\"https:\/\/www.naturparkmagazin.de\/thueringer-schiefergebirge-obere-saale\/author\/frauhess\/\"}]}<\/script>\n<!-- \/ Yoast SEO plugin. -->","yoast_head_json":{"title":"Schmetterling des Jahres 2022 - Naturpark Th\u00fcringer Schiefergebirge\/Obere Saale","robots":{"index":"index","follow":"follow","max-snippet":"max-snippet:-1","max-image-preview":"max-image-preview:large","max-video-preview":"max-video-preview:-1"},"canonical":"https:\/\/www.naturparkmagazin.de\/thueringer-schiefergebirge-obere-saale\/schmetterling-des-jahres-2022\/","og_locale":"de_DE","og_type":"article","og_title":"Schmetterling des Jahres 2022 - Naturpark Th\u00fcringer Schiefergebirge\/Obere Saale","og_description":"Der Kaisermantel \u2013 Schmetterling des Jahres 2022 - Er ist der gr\u00f6\u00dfte mitteleurop\u00e4ische Perlmuttfalter und macht seinem Namen alle Ehre: Taucht er am Waldrand oder einer Lichtung auf, ist er eine wahre Augenweide.","og_url":"https:\/\/www.naturparkmagazin.de\/thueringer-schiefergebirge-obere-saale\/schmetterling-des-jahres-2022\/","og_site_name":"Naturpark Th\u00fcringer Schiefergebirge\/Obere Saale","article_published_time":"2022-06-16T08:14:43+00:00","og_image":[{"width":1600,"height":1064,"url":"https:\/\/www.naturparkmagazin.de\/thueringer-schiefergebirge-obere-saale\/wp-content\/uploads\/sites\/13\/Foto-1_Kaisermantel_Susen-Reuter-kl.jpg","type":"image\/jpeg"}],"author":"D\u00f6rthe Kirstein","twitter_misc":{"Verfasst von":"D\u00f6rthe Kirstein","Gesch\u00e4tzte Lesezeit":"2\u00a0Minuten"},"schema":{"@context":"https:\/\/schema.org","@graph":[{"@type":"WebPage","@id":"https:\/\/www.naturparkmagazin.de\/thueringer-schiefergebirge-obere-saale\/schmetterling-des-jahres-2022\/","url":"https:\/\/www.naturparkmagazin.de\/thueringer-schiefergebirge-obere-saale\/schmetterling-des-jahres-2022\/","name":"Schmetterling des Jahres 2022 - Naturpark Th\u00fcringer Schiefergebirge\/Obere Saale","isPartOf":{"@id":"https:\/\/www.naturparkmagazin.de\/thueringer-schiefergebirge-obere-saale\/#website"},"datePublished":"2022-06-16T08:14:43+00:00","dateModified":"2022-06-16T08:14:43+00:00","author":{"@id":"https:\/\/www.naturparkmagazin.de\/thueringer-schiefergebirge-obere-saale\/#\/schema\/person\/2144f2a5876d4b820ee5725f8224a275"},"breadcrumb":{"@id":"https:\/\/www.naturparkmagazin.de\/thueringer-schiefergebirge-obere-saale\/schmetterling-des-jahres-2022\/#breadcrumb"},"inLanguage":"de","potentialAction":[{"@type":"ReadAction","target":["https:\/\/www.naturparkmagazin.de\/thueringer-schiefergebirge-obere-saale\/schmetterling-des-jahres-2022\/"]}]},{"@type":"BreadcrumbList","@id":"https:\/\/www.naturparkmagazin.de\/thueringer-schiefergebirge-obere-saale\/schmetterling-des-jahres-2022\/#breadcrumb","itemListElement":[{"@type":"ListItem","position":1,"name":"Home","item":"https:\/\/www.naturparkmagazin.de\/thueringer-schiefergebirge-obere-saale\/"},{"@type":"ListItem","position":2,"name":"Schmetterling des Jahres 2022"}]},{"@type":"WebSite","@id":"https:\/\/www.naturparkmagazin.de\/thueringer-schiefergebirge-obere-saale\/#website","url":"https:\/\/www.naturparkmagazin.de\/thueringer-schiefergebirge-obere-saale\/","name":"Naturpark Th\u00fcringer Schiefergebirge\/Obere Saale","description":"","potentialAction":[{"@type":"SearchAction","target":{"@type":"EntryPoint","urlTemplate":"https:\/\/www.naturparkmagazin.de\/thueringer-schiefergebirge-obere-saale\/?s={search_term_string}"},"query-input":"required name=search_term_string"}],"inLanguage":"de"},{"@type":"Person","@id":"https:\/\/www.naturparkmagazin.de\/thueringer-schiefergebirge-obere-saale\/#\/schema\/person\/2144f2a5876d4b820ee5725f8224a275","name":"D\u00f6rthe Kirstein","url":"https:\/\/www.naturparkmagazin.de\/thueringer-schiefergebirge-obere-saale\/author\/frauhess\/"}]}},"_links":{"self":[{"href":"https:\/\/www.naturparkmagazin.de\/thueringer-schiefergebirge-obere-saale\/wp-json\/wp\/v2\/posts\/3893"}],"collection":[{"href":"https:\/\/www.naturparkmagazin.de\/thueringer-schiefergebirge-obere-saale\/wp-json\/wp\/v2\/posts"}],"about":[{"href":"https:\/\/www.naturparkmagazin.de\/thueringer-schiefergebirge-obere-saale\/wp-json\/wp\/v2\/types\/post"}],"author":[{"embeddable":true,"href":"https:\/\/www.naturparkmagazin.de\/thueringer-schiefergebirge-obere-saale\/wp-json\/wp\/v2\/users\/62"}],"replies":[{"embeddable":true,"href":"https:\/\/www.naturparkmagazin.de\/thueringer-schiefergebirge-obere-saale\/wp-json\/wp\/v2\/comments?post=3893"}],"version-history":[{"count":2,"href":"https:\/\/www.naturparkmagazin.de\/thueringer-schiefergebirge-obere-saale\/wp-json\/wp\/v2\/posts\/3893\/revisions"}],"predecessor-version":[{"id":3935,"href":"https:\/\/www.naturparkmagazin.de\/thueringer-schiefergebirge-obere-saale\/wp-json\/wp\/v2\/posts\/3893\/revisions\/3935"}],"wp:featuredmedia":[{"embeddable":true,"href":"https:\/\/www.naturparkmagazin.de\/thueringer-schiefergebirge-obere-saale\/wp-json\/wp\/v2\/media\/3894"}],"wp:attachment":[{"href":"https:\/\/www.naturparkmagazin.de\/thueringer-schiefergebirge-obere-saale\/wp-json\/wp\/v2\/media?parent=3893"}],"wp:term":[{"taxonomy":"category","embeddable":true,"href":"https:\/\/www.naturparkmagazin.de\/thueringer-schiefergebirge-obere-saale\/wp-json\/wp\/v2\/categories?post=3893"},{"taxonomy":"post_tag","embeddable":true,"href":"https:\/\/www.naturparkmagazin.de\/thueringer-schiefergebirge-obere-saale\/wp-json\/wp\/v2\/tags?post=3893"}],"curies":[{"name":"wp","href":"https:\/\/api.w.org\/{rel}","templated":true}]}}