{"id":3942,"date":"2022-11-22T09:20:10","date_gmt":"2022-11-22T08:20:10","guid":{"rendered":"https:\/\/www.naturparkmagazin.de\/thueringer-schiefergebirge-obere-saale\/?p=3942"},"modified":"2022-11-22T09:24:16","modified_gmt":"2022-11-22T08:24:16","slug":"moos-des-jahres-2022","status":"publish","type":"post","link":"https:\/\/www.naturparkmagazin.de\/thueringer-schiefergebirge-obere-saale\/moos-des-jahres-2022\/","title":{"rendered":"Moos des Jahres 2022"},"content":{"rendered":"<p><strong>Das Sparrige Kleingabelzahnmoos \u2013 Moos des Jahres 2022<\/strong>\n<em>(Diobelonella palustris)<\/p>\n<p><\/em><\/p>\n<div id=\"attachment_3944\" style=\"width: 310px\" class=\"wp-caption alignleft\"><a href=\"https:\/\/www.naturparkmagazin.de\/thueringer-schiefergebirge-obere-saale\/wp-content\/uploads\/sites\/13\/Foto-1_Sparriges-Kleingabelzahnmoos_Wikipedia_Hermann-Schachner.jpg\"><img aria-describedby=\"caption-attachment-3944\" decoding=\"async\" loading=\"lazy\" class=\"size-thumbnail wp-image-3944\" src=\"https:\/\/www.naturparkmagazin.de\/thueringer-schiefergebirge-obere-saale\/wp-content\/uploads\/sites\/13\/Foto-1_Sparriges-Kleingabelzahnmoos_Wikipedia_Hermann-Schachner-300x200.jpg\" alt=\"Sparriges Kleingabelzahnmoos\" width=\"300\" height=\"200\" srcset=\"https:\/\/www.naturparkmagazin.de\/thueringer-schiefergebirge-obere-saale\/wp-content\/uploads\/sites\/13\/Foto-1_Sparriges-Kleingabelzahnmoos_Wikipedia_Hermann-Schachner-300x200.jpg 300w, https:\/\/www.naturparkmagazin.de\/thueringer-schiefergebirge-obere-saale\/wp-content\/uploads\/sites\/13\/Foto-1_Sparriges-Kleingabelzahnmoos_Wikipedia_Hermann-Schachner-620x414.jpg 620w, https:\/\/www.naturparkmagazin.de\/thueringer-schiefergebirge-obere-saale\/wp-content\/uploads\/sites\/13\/Foto-1_Sparriges-Kleingabelzahnmoos_Wikipedia_Hermann-Schachner-940x628.jpg 940w, https:\/\/www.naturparkmagazin.de\/thueringer-schiefergebirge-obere-saale\/wp-content\/uploads\/sites\/13\/Foto-1_Sparriges-Kleingabelzahnmoos_Wikipedia_Hermann-Schachner-670x447.jpg 670w, https:\/\/www.naturparkmagazin.de\/thueringer-schiefergebirge-obere-saale\/wp-content\/uploads\/sites\/13\/Foto-1_Sparriges-Kleingabelzahnmoos_Wikipedia_Hermann-Schachner-200x134.jpg 200w\" sizes=\"(max-width: 300px) 100vw, 300px\" \/><\/a><p id=\"caption-attachment-3944\" class=\"wp-caption-text\">Sparriges Kleingabelzahnmoos \/\/ Wikipedia \/\/ Hermann Schachner<\/p><\/div>\n<p>Ein Moos mit einem nahezu zungenbrecherischem Namen hat es zur Wahl als \u201eMoos des Jahres 2022\u201c\u00a0geschafft. Das Sparrige Kleingabelzahnmoos mag es k\u00fchl, es gedeiht vorrangig in h\u00f6heren Mittelgebirgen\u00a0\u2013 so auch an einigen Standorten im Naturpark Th\u00fcringer Schiefergebirge\/Obere Saale. Im norddeutschen\u00a0Tiefland oder auf kalkhaltigen B\u00f6den fehlt es.<\/p>\n<p>&nbsp;<\/p>\n<p>Das Moos bevorzugt einerseits ausreichend lichte\u00a0Standorte, andererseits braucht es n\u00e4hrstoffarme Quellflurbereiche. Es lohnt sich also, im Naturpark an\u00a0h\u00f6her gelegenen Bach- und Grabenr\u00e4ndern nach dem Moos Ausschau zu halten.<\/p>\n<div id=\"attachment_3945\" style=\"width: 310px\" class=\"wp-caption alignright\"><a href=\"https:\/\/www.naturparkmagazin.de\/thueringer-schiefergebirge-obere-saale\/wp-content\/uploads\/sites\/13\/Foto-2_Sparriges-Kleingabelzahnmoos_Wikipedia_Hermann-Schachner.jpg\"><img aria-describedby=\"caption-attachment-3945\" decoding=\"async\" loading=\"lazy\" class=\"size-thumbnail wp-image-3945\" src=\"https:\/\/www.naturparkmagazin.de\/thueringer-schiefergebirge-obere-saale\/wp-content\/uploads\/sites\/13\/Foto-2_Sparriges-Kleingabelzahnmoos_Wikipedia_Hermann-Schachner-300x200.jpg\" alt=\"Sparriges Kleingabelzahnmoos\" width=\"300\" height=\"200\" srcset=\"https:\/\/www.naturparkmagazin.de\/thueringer-schiefergebirge-obere-saale\/wp-content\/uploads\/sites\/13\/Foto-2_Sparriges-Kleingabelzahnmoos_Wikipedia_Hermann-Schachner-300x200.jpg 300w, https:\/\/www.naturparkmagazin.de\/thueringer-schiefergebirge-obere-saale\/wp-content\/uploads\/sites\/13\/Foto-2_Sparriges-Kleingabelzahnmoos_Wikipedia_Hermann-Schachner-620x414.jpg 620w, https:\/\/www.naturparkmagazin.de\/thueringer-schiefergebirge-obere-saale\/wp-content\/uploads\/sites\/13\/Foto-2_Sparriges-Kleingabelzahnmoos_Wikipedia_Hermann-Schachner-940x628.jpg 940w, https:\/\/www.naturparkmagazin.de\/thueringer-schiefergebirge-obere-saale\/wp-content\/uploads\/sites\/13\/Foto-2_Sparriges-Kleingabelzahnmoos_Wikipedia_Hermann-Schachner-670x447.jpg 670w, https:\/\/www.naturparkmagazin.de\/thueringer-schiefergebirge-obere-saale\/wp-content\/uploads\/sites\/13\/Foto-2_Sparriges-Kleingabelzahnmoos_Wikipedia_Hermann-Schachner-200x134.jpg 200w\" sizes=\"(max-width: 300px) 100vw, 300px\" \/><\/a><p id=\"caption-attachment-3945\" class=\"wp-caption-text\">Sparriges Kleingabelzahnmoos \/\/ Wikipedia \/\/ Hermann Schachner<\/p><\/div>\n<p>Wie kleine gr\u00fcne Sterne ragt das Sparrige Kleingabelzahnmoss aus dem Boden und bildet bis zu zehn\u00a0Zentimeter gro\u00dfe und weiche Rasen aus. Sein Name deutet auf die Form der Bl\u00e4tter hin, die sparrig\u00a0zur\u00fcckgekr\u00fcmmt erscheinen und spiralf\u00f6rmig am St\u00e4ngel angeordnet sind. Wenn das Moos Fr\u00fcchte\u00a0bildet, erscheinen diese in leicht geneigten Kapseln.\nZwar ist die Art ist \u00fcber die Nordhalbkugel verbreitet, die Best\u00e4nde in den Mittelgebirgen gehen\u00a0allerdings deutlich zur\u00fcck. Deutschlandweit ist das Sparrige Kleingabelzahnmoos mittlerweile als\u00a0\u201egef\u00e4hrdet\u201c eingestuft. Ursachen f\u00fcr die Gef\u00e4hrdung sind Entw\u00e4sserungen von Mooren und Quellen\u00a0sowie Verbuschung und Bewaldung von Wiesenmooren. \u201e(\u2026) Selbst in seinen Kerngebieten in den Alpen\u00a0und den h\u00f6heren Mittelgebirgen wird es immer seltener\u201c, erkl\u00e4rt Dr. Christian Printzen vom Senckenberg\u00a0Forschungsinstitut und Naturmuseum Frankfurt. Wahrscheinlich wird das Moos auch ein Verlierer des\u00a0Klimawandels werden, da auch die Quellen immer w\u00e4rmer werden und die Art gegen\u00fcber Trockenheit\u00a0sehr empfindlich reagiert.<\/p>\n<p><em>Fotonutzung unter Angabe des Fotografen:<\/em>\n<em>Foto 1 \u2013 Sparriges Kleingabelzahnmoos \/\/ Wikipedia \/\/ Hermann Schachner<\/em>\n<em>Foto 2 \u2013 Sparriges Kleingabelzahnmoos \/\/ Wikipedia \/\/ Hermann Schachner<\/em>\n<em>Foto 3 \u2013 Sparriges Kleingabelzahnmoos \/\/ M. L\u00fcth<\/em><\/p>\n","protected":false},"excerpt":{"rendered":"<p>Das Sparrige Kleingabelzahnmoos \u2013 Moos des Jahres 2022 (Diobelonella palustris) Ein Moos mit einem nahezu zungenbrecherischem Namen hat es zur Wahl als \u201eMoos des Jahres 2022\u201c\u00a0geschafft. Das Sparrige Kleingabelzahnmoos mag es k\u00fchl, es gedeiht vorrangig in h\u00f6heren Mittelgebirgen\u00a0\u2013 so auch an einigen Standorten im Naturpark Th\u00fcringer Schiefergebirge\/Obere Saale. Im norddeutschen\u00a0Tiefland oder auf kalkhaltigen B\u00f6den fehlt<\/p>\n","protected":false},"author":62,"featured_media":3943,"comment_status":"open","ping_status":"open","sticky":false,"template":"","format":"standard","meta":[],"categories":[7],"tags":[2758],"yoast_head":"<!-- This site is optimized with the Yoast SEO plugin v19.10 - https:\/\/yoast.com\/wordpress\/plugins\/seo\/ -->\n<title>Moos des Jahres 2022 - Naturpark Th\u00fcringer Schiefergebirge\/Obere Saale<\/title>\n<meta name=\"robots\" content=\"index, follow, max-snippet:-1, max-image-preview:large, max-video-preview:-1\" \/>\n<link rel=\"canonical\" href=\"https:\/\/www.naturparkmagazin.de\/thueringer-schiefergebirge-obere-saale\/moos-des-jahres-2022\/\" \/>\n<meta property=\"og:locale\" content=\"de_DE\" \/>\n<meta property=\"og:type\" content=\"article\" \/>\n<meta property=\"og:title\" content=\"Moos des Jahres 2022 - Naturpark Th\u00fcringer Schiefergebirge\/Obere Saale\" \/>\n<meta property=\"og:description\" content=\"Das Sparrige Kleingabelzahnmoos \u2013 Moos des Jahres 2022 (Diobelonella palustris) Ein Moos mit einem nahezu zungenbrecherischem Namen hat es zur Wahl als \u201eMoos des Jahres 2022\u201c\u00a0geschafft. Das Sparrige Kleingabelzahnmoos mag es k\u00fchl, es gedeiht vorrangig in h\u00f6heren Mittelgebirgen\u00a0\u2013 so auch an einigen Standorten im Naturpark Th\u00fcringer Schiefergebirge\/Obere Saale. Im norddeutschen\u00a0Tiefland oder auf kalkhaltigen B\u00f6den fehlt\" \/>\n<meta property=\"og:url\" content=\"https:\/\/www.naturparkmagazin.de\/thueringer-schiefergebirge-obere-saale\/moos-des-jahres-2022\/\" \/>\n<meta property=\"og:site_name\" content=\"Naturpark Th\u00fcringer Schiefergebirge\/Obere Saale\" \/>\n<meta property=\"article:published_time\" content=\"2022-11-22T08:20:10+00:00\" \/>\n<meta property=\"article:modified_time\" content=\"2022-11-22T08:24:16+00:00\" \/>\n<meta property=\"og:image\" content=\"https:\/\/www.naturparkmagazin.de\/thueringer-schiefergebirge-obere-saale\/wp-content\/uploads\/sites\/13\/Foto-3_Sparriges-Kleingabelzahnmoos_M-Lu\u0308th.jpg\" \/>\n\t<meta property=\"og:image:width\" content=\"2560\" \/>\n\t<meta property=\"og:image:height\" content=\"1440\" \/>\n\t<meta property=\"og:image:type\" content=\"image\/jpeg\" \/>\n<meta name=\"author\" content=\"D\u00f6rthe Kirstein\" \/>\n<meta name=\"twitter:label1\" content=\"Verfasst von\" \/>\n\t<meta name=\"twitter:data1\" content=\"D\u00f6rthe Kirstein\" \/>\n\t<meta name=\"twitter:label2\" content=\"Gesch\u00e4tzte Lesezeit\" \/>\n\t<meta name=\"twitter:data2\" content=\"2\u00a0Minuten\" \/>\n<script type=\"application\/ld+json\" class=\"yoast-schema-graph\">{\"@context\":\"https:\/\/schema.org\",\"@graph\":[{\"@type\":\"WebPage\",\"@id\":\"https:\/\/www.naturparkmagazin.de\/thueringer-schiefergebirge-obere-saale\/moos-des-jahres-2022\/\",\"url\":\"https:\/\/www.naturparkmagazin.de\/thueringer-schiefergebirge-obere-saale\/moos-des-jahres-2022\/\",\"name\":\"Moos des Jahres 2022 - Naturpark Th\u00fcringer Schiefergebirge\/Obere Saale\",\"isPartOf\":{\"@id\":\"https:\/\/www.naturparkmagazin.de\/thueringer-schiefergebirge-obere-saale\/#website\"},\"datePublished\":\"2022-11-22T08:20:10+00:00\",\"dateModified\":\"2022-11-22T08:24:16+00:00\",\"author\":{\"@id\":\"https:\/\/www.naturparkmagazin.de\/thueringer-schiefergebirge-obere-saale\/#\/schema\/person\/2144f2a5876d4b820ee5725f8224a275\"},\"breadcrumb\":{\"@id\":\"https:\/\/www.naturparkmagazin.de\/thueringer-schiefergebirge-obere-saale\/moos-des-jahres-2022\/#breadcrumb\"},\"inLanguage\":\"de\",\"potentialAction\":[{\"@type\":\"ReadAction\",\"target\":[\"https:\/\/www.naturparkmagazin.de\/thueringer-schiefergebirge-obere-saale\/moos-des-jahres-2022\/\"]}]},{\"@type\":\"BreadcrumbList\",\"@id\":\"https:\/\/www.naturparkmagazin.de\/thueringer-schiefergebirge-obere-saale\/moos-des-jahres-2022\/#breadcrumb\",\"itemListElement\":[{\"@type\":\"ListItem\",\"position\":1,\"name\":\"Home\",\"item\":\"https:\/\/www.naturparkmagazin.de\/thueringer-schiefergebirge-obere-saale\/\"},{\"@type\":\"ListItem\",\"position\":2,\"name\":\"Moos des Jahres 2022\"}]},{\"@type\":\"WebSite\",\"@id\":\"https:\/\/www.naturparkmagazin.de\/thueringer-schiefergebirge-obere-saale\/#website\",\"url\":\"https:\/\/www.naturparkmagazin.de\/thueringer-schiefergebirge-obere-saale\/\",\"name\":\"Naturpark Th\u00fcringer Schiefergebirge\/Obere Saale\",\"description\":\"\",\"potentialAction\":[{\"@type\":\"SearchAction\",\"target\":{\"@type\":\"EntryPoint\",\"urlTemplate\":\"https:\/\/www.naturparkmagazin.de\/thueringer-schiefergebirge-obere-saale\/?s={search_term_string}\"},\"query-input\":\"required name=search_term_string\"}],\"inLanguage\":\"de\"},{\"@type\":\"Person\",\"@id\":\"https:\/\/www.naturparkmagazin.de\/thueringer-schiefergebirge-obere-saale\/#\/schema\/person\/2144f2a5876d4b820ee5725f8224a275\",\"name\":\"D\u00f6rthe Kirstein\",\"url\":\"https:\/\/www.naturparkmagazin.de\/thueringer-schiefergebirge-obere-saale\/author\/frauhess\/\"}]}<\/script>\n<!-- \/ Yoast SEO plugin. -->","yoast_head_json":{"title":"Moos des Jahres 2022 - Naturpark Th\u00fcringer Schiefergebirge\/Obere Saale","robots":{"index":"index","follow":"follow","max-snippet":"max-snippet:-1","max-image-preview":"max-image-preview:large","max-video-preview":"max-video-preview:-1"},"canonical":"https:\/\/www.naturparkmagazin.de\/thueringer-schiefergebirge-obere-saale\/moos-des-jahres-2022\/","og_locale":"de_DE","og_type":"article","og_title":"Moos des Jahres 2022 - Naturpark Th\u00fcringer Schiefergebirge\/Obere Saale","og_description":"Das Sparrige Kleingabelzahnmoos \u2013 Moos des Jahres 2022 (Diobelonella palustris) Ein Moos mit einem nahezu zungenbrecherischem Namen hat es zur Wahl als \u201eMoos des Jahres 2022\u201c\u00a0geschafft. Das Sparrige Kleingabelzahnmoos mag es k\u00fchl, es gedeiht vorrangig in h\u00f6heren Mittelgebirgen\u00a0\u2013 so auch an einigen Standorten im Naturpark Th\u00fcringer Schiefergebirge\/Obere Saale. Im norddeutschen\u00a0Tiefland oder auf kalkhaltigen B\u00f6den fehlt","og_url":"https:\/\/www.naturparkmagazin.de\/thueringer-schiefergebirge-obere-saale\/moos-des-jahres-2022\/","og_site_name":"Naturpark Th\u00fcringer Schiefergebirge\/Obere Saale","article_published_time":"2022-11-22T08:20:10+00:00","article_modified_time":"2022-11-22T08:24:16+00:00","og_image":[{"width":2560,"height":1440,"url":"https:\/\/www.naturparkmagazin.de\/thueringer-schiefergebirge-obere-saale\/wp-content\/uploads\/sites\/13\/Foto-3_Sparriges-Kleingabelzahnmoos_M-Lu\u0308th.jpg","type":"image\/jpeg"}],"author":"D\u00f6rthe Kirstein","twitter_misc":{"Verfasst von":"D\u00f6rthe Kirstein","Gesch\u00e4tzte Lesezeit":"2\u00a0Minuten"},"schema":{"@context":"https:\/\/schema.org","@graph":[{"@type":"WebPage","@id":"https:\/\/www.naturparkmagazin.de\/thueringer-schiefergebirge-obere-saale\/moos-des-jahres-2022\/","url":"https:\/\/www.naturparkmagazin.de\/thueringer-schiefergebirge-obere-saale\/moos-des-jahres-2022\/","name":"Moos des Jahres 2022 - Naturpark Th\u00fcringer Schiefergebirge\/Obere Saale","isPartOf":{"@id":"https:\/\/www.naturparkmagazin.de\/thueringer-schiefergebirge-obere-saale\/#website"},"datePublished":"2022-11-22T08:20:10+00:00","dateModified":"2022-11-22T08:24:16+00:00","author":{"@id":"https:\/\/www.naturparkmagazin.de\/thueringer-schiefergebirge-obere-saale\/#\/schema\/person\/2144f2a5876d4b820ee5725f8224a275"},"breadcrumb":{"@id":"https:\/\/www.naturparkmagazin.de\/thueringer-schiefergebirge-obere-saale\/moos-des-jahres-2022\/#breadcrumb"},"inLanguage":"de","potentialAction":[{"@type":"ReadAction","target":["https:\/\/www.naturparkmagazin.de\/thueringer-schiefergebirge-obere-saale\/moos-des-jahres-2022\/"]}]},{"@type":"BreadcrumbList","@id":"https:\/\/www.naturparkmagazin.de\/thueringer-schiefergebirge-obere-saale\/moos-des-jahres-2022\/#breadcrumb","itemListElement":[{"@type":"ListItem","position":1,"name":"Home","item":"https:\/\/www.naturparkmagazin.de\/thueringer-schiefergebirge-obere-saale\/"},{"@type":"ListItem","position":2,"name":"Moos des Jahres 2022"}]},{"@type":"WebSite","@id":"https:\/\/www.naturparkmagazin.de\/thueringer-schiefergebirge-obere-saale\/#website","url":"https:\/\/www.naturparkmagazin.de\/thueringer-schiefergebirge-obere-saale\/","name":"Naturpark Th\u00fcringer Schiefergebirge\/Obere Saale","description":"","potentialAction":[{"@type":"SearchAction","target":{"@type":"EntryPoint","urlTemplate":"https:\/\/www.naturparkmagazin.de\/thueringer-schiefergebirge-obere-saale\/?s={search_term_string}"},"query-input":"required name=search_term_string"}],"inLanguage":"de"},{"@type":"Person","@id":"https:\/\/www.naturparkmagazin.de\/thueringer-schiefergebirge-obere-saale\/#\/schema\/person\/2144f2a5876d4b820ee5725f8224a275","name":"D\u00f6rthe Kirstein","url":"https:\/\/www.naturparkmagazin.de\/thueringer-schiefergebirge-obere-saale\/author\/frauhess\/"}]}},"_links":{"self":[{"href":"https:\/\/www.naturparkmagazin.de\/thueringer-schiefergebirge-obere-saale\/wp-json\/wp\/v2\/posts\/3942"}],"collection":[{"href":"https:\/\/www.naturparkmagazin.de\/thueringer-schiefergebirge-obere-saale\/wp-json\/wp\/v2\/posts"}],"about":[{"href":"https:\/\/www.naturparkmagazin.de\/thueringer-schiefergebirge-obere-saale\/wp-json\/wp\/v2\/types\/post"}],"author":[{"embeddable":true,"href":"https:\/\/www.naturparkmagazin.de\/thueringer-schiefergebirge-obere-saale\/wp-json\/wp\/v2\/users\/62"}],"replies":[{"embeddable":true,"href":"https:\/\/www.naturparkmagazin.de\/thueringer-schiefergebirge-obere-saale\/wp-json\/wp\/v2\/comments?post=3942"}],"version-history":[{"count":10,"href":"https:\/\/www.naturparkmagazin.de\/thueringer-schiefergebirge-obere-saale\/wp-json\/wp\/v2\/posts\/3942\/revisions"}],"predecessor-version":[{"id":3956,"href":"https:\/\/www.naturparkmagazin.de\/thueringer-schiefergebirge-obere-saale\/wp-json\/wp\/v2\/posts\/3942\/revisions\/3956"}],"wp:featuredmedia":[{"embeddable":true,"href":"https:\/\/www.naturparkmagazin.de\/thueringer-schiefergebirge-obere-saale\/wp-json\/wp\/v2\/media\/3943"}],"wp:attachment":[{"href":"https:\/\/www.naturparkmagazin.de\/thueringer-schiefergebirge-obere-saale\/wp-json\/wp\/v2\/media?parent=3942"}],"wp:term":[{"taxonomy":"category","embeddable":true,"href":"https:\/\/www.naturparkmagazin.de\/thueringer-schiefergebirge-obere-saale\/wp-json\/wp\/v2\/categories?post=3942"},{"taxonomy":"post_tag","embeddable":true,"href":"https:\/\/www.naturparkmagazin.de\/thueringer-schiefergebirge-obere-saale\/wp-json\/wp\/v2\/tags?post=3942"}],"curies":[{"name":"wp","href":"https:\/\/api.w.org\/{rel}","templated":true}]}}