{"id":411,"date":"2013-08-18T14:06:19","date_gmt":"2013-08-18T12:06:19","guid":{"rendered":"http:\/\/www.naturparkmagazin.de\/thueringer-schiefergebirge-obere-saale\/?p=411"},"modified":"2024-08-15T11:55:35","modified_gmt":"2024-08-15T09:55:35","slug":"drueberdrunter-tag-in-kamsdorf","status":"publish","type":"post","link":"https:\/\/www.naturparkmagazin.de\/thueringer-schiefergebirge-obere-saale\/drueberdrunter-tag-in-kamsdorf\/","title":{"rendered":"Dr\u00fcber- und Drunter-Tag in Kamsdorf"},"content":{"rendered":"<p><!-- [if gte mso 9]&gt;--><\/p>\n<p><!-- [if gte mso 9]&gt;--><\/p>\n<div id=\"attachment_413\" style=\"width: 650px\" class=\"wp-caption aligncenter\"><a href=\"https:\/\/www.naturparkmagazin.de\/thueringer-schiefergebirge-obere-saale\/wp-content\/uploads\/sites\/13\/Siderit-Pyrit.jpg\"><img aria-describedby=\"caption-attachment-413\" decoding=\"async\" loading=\"lazy\" class=\"size-full wp-image-413 \" title=\"Mineralienwelt unter Tage - Copyright: Alexander Stauch\" src=\"https:\/\/www.naturparkmagazin.de\/thueringer-schiefergebirge-obere-saale\/wp-content\/uploads\/sites\/13\/Siderit-Pyrit.jpg\" alt=\"Mineralienwelt unter Tage - Copyright: Alexander Stauch\" width=\"640\" height=\"500\" srcset=\"https:\/\/www.naturparkmagazin.de\/thueringer-schiefergebirge-obere-saale\/wp-content\/uploads\/sites\/13\/Siderit-Pyrit.jpg 640w, https:\/\/www.naturparkmagazin.de\/thueringer-schiefergebirge-obere-saale\/wp-content\/uploads\/sites\/13\/Siderit-Pyrit-300x234.jpg 300w, https:\/\/www.naturparkmagazin.de\/thueringer-schiefergebirge-obere-saale\/wp-content\/uploads\/sites\/13\/Siderit-Pyrit-620x484.jpg 620w, https:\/\/www.naturparkmagazin.de\/thueringer-schiefergebirge-obere-saale\/wp-content\/uploads\/sites\/13\/Siderit-Pyrit-200x156.jpg 200w\" sizes=\"(max-width: 640px) 100vw, 640px\" \/><\/a><p id=\"caption-attachment-413\" class=\"wp-caption-text\">Mineralienwelt unter Tage &#8211; Copyright: Alexander Stauch<\/p><\/div>\n<p>Am <strong>Samstag, den 14.9.2013<\/strong> laden die Gemeinden Kamsdorf und Unterwellenborn gemeinsam mit ihren zahlreichen Partnern wieder zum Dr\u00fcber&amp;Drunter-Tag ein!<\/p>\n<p class=\"MsoNormal\">Eingeweihte wissen schon, dass der DDT nicht der neue \u201eEhrentag des unaufger\u00e4umten Kinderzimmers\u201c ist, sondern sichten schon mal ihre \u201eEintrittskarten\u201c der letzten Jahre, um sich f\u00fcr eine passende Farbe der n\u00e4chsten zu entscheiden. Wenn Sie diesen Satz nicht verstanden haben, dann waren Sie noch nicht dabei! Als Eintrittskarte f\u00fcr alle Veranstaltungen an diesem Tag und f\u00fcr den kostenlosen Bustransport erhalten Sie eine Untertasse. Im Porzellanwerk K\u00f6nitz k\u00f6nnen Sie sich dann die passende Tasse ausw\u00e4hlen. Dieser kleine Gag und viele interessante Aktionen \u00fcber und unter Tage geh\u00f6ren zum Angebot der beiden Gemeinden und ihrer zahlreichen Partner aus Wirtschaft und Kultur im Naturpark. Es ist nicht nur f\u00fcr unsere Urlaubsg\u00e4ste, sondern auch f\u00fcr manchen Einwohner erstaunlich, was unsere Region auf engstem Raum alles \u00fcber und unter der Erdoberfl\u00e4che zu bieten hat: funkelnde Mineralien und geheimnisvoll dunkle G\u00e4nge, frische Spezialit\u00e4ten und s\u00fc\u00dfe Delikatessen, hohe Burgen und knifflige Spiele, graziles Porzellan und riesige Technik \u2013 per Bus- Shuttle alles stressfrei erlebbar! Und da vom Meisterb\u00e4cker bis zum Hotel \u201eAm Stauseeblick\u201c und von der Gasmaschinenzentrale \u00fcber das Besucherbergwerk bis zum K\u00f6nitzer Museum und Schloss alle wichtigen Partner dabei sind, ist es gleichzeitig eine kleine Leistungsschau der besonders aktiven und engagierten Unternehmen der Region. Absoluter Mittelpunkt des diesj\u00e4hrigen DDT ist aber das Gel\u00e4nde des Gro\u00dftagebaus Kamsdorf. Nicht nur, weil das Unternehmen in diesem Jahr auf ein halbes Jahrhundert Betriebsgeschichte blicken kann. Auf dem Gel\u00e4nde rings um den Verwaltungssitz findet man an diesem Tag Technik zum Anfassen und verschiedene Aktionen f\u00fcr Kinder. Vor allem aber waren die F\u00fchrungen durch den Tagebau per Kleinbus in den letzten Jahren immer sehr begehrt weil hochinteressant. Dort finden Sie auch die Antwort auf die Quizfrage: Welche Gesteinsarten werden im Gro\u00dftagebau derzeit abgebaut? Die richtigen Antworten darauf k\u00f6nnen Sie am Naturparkstand am Museum K\u00f6nitz gegen eine kleine Anerkennung eintauschen.<\/p>\n<p class=\"MsoNormal\">Wir freuen uns auf Ihren Besuch!<\/p>\n","protected":false},"excerpt":{"rendered":"<p>Am Samstag, den 14.9.2013 laden die Gemeinden Kamsdorf und Unterwellenborn gemeinsam mit ihren zahlreichen Partnern wieder zum Dr\u00fcber&amp;Drunter-Tag ein! Eingeweihte wissen schon, dass der DDT nicht der neue \u201eEhrentag des unaufger\u00e4umten Kinderzimmers\u201c ist, sondern sichten schon mal ihre \u201eEintrittskarten\u201c der letzten Jahre, um sich f\u00fcr eine passende Farbe der n\u00e4chsten zu entscheiden. Wenn Sie diesen<\/p>\n","protected":false},"author":30,"featured_media":413,"comment_status":"open","ping_status":"open","sticky":false,"template":"","format":"standard","meta":[],"categories":[11],"tags":[],"yoast_head":"<!-- This site is optimized with the Yoast SEO plugin v19.10 - https:\/\/yoast.com\/wordpress\/plugins\/seo\/ -->\n<title>Dr\u00fcber- und Drunter-Tag in Kamsdorf - Naturpark Th\u00fcringer Schiefergebirge\/Obere Saale<\/title>\n<meta name=\"robots\" content=\"index, follow, max-snippet:-1, max-image-preview:large, max-video-preview:-1\" \/>\n<link rel=\"canonical\" href=\"https:\/\/www.naturparkmagazin.de\/thueringer-schiefergebirge-obere-saale\/drueberdrunter-tag-in-kamsdorf\/\" \/>\n<meta property=\"og:locale\" content=\"de_DE\" \/>\n<meta property=\"og:type\" content=\"article\" \/>\n<meta property=\"og:title\" content=\"Dr\u00fcber- und Drunter-Tag in Kamsdorf - Naturpark Th\u00fcringer Schiefergebirge\/Obere Saale\" \/>\n<meta property=\"og:description\" content=\"Am Samstag, den 14.9.2013 laden die Gemeinden Kamsdorf und Unterwellenborn gemeinsam mit ihren zahlreichen Partnern wieder zum Dr\u00fcber&amp;Drunter-Tag ein! Eingeweihte wissen schon, dass der DDT nicht der neue \u201eEhrentag des unaufger\u00e4umten Kinderzimmers\u201c ist, sondern sichten schon mal ihre \u201eEintrittskarten\u201c der letzten Jahre, um sich f\u00fcr eine passende Farbe der n\u00e4chsten zu entscheiden. Wenn Sie diesen\" \/>\n<meta property=\"og:url\" content=\"https:\/\/www.naturparkmagazin.de\/thueringer-schiefergebirge-obere-saale\/drueberdrunter-tag-in-kamsdorf\/\" \/>\n<meta property=\"og:site_name\" content=\"Naturpark Th\u00fcringer Schiefergebirge\/Obere Saale\" \/>\n<meta property=\"article:published_time\" content=\"2013-08-18T12:06:19+00:00\" \/>\n<meta property=\"article:modified_time\" content=\"2024-08-15T09:55:35+00:00\" \/>\n<meta property=\"og:image\" content=\"https:\/\/www.naturparkmagazin.de\/thueringer-schiefergebirge-obere-saale\/wp-content\/uploads\/sites\/13\/Siderit-Pyrit.jpg\" \/>\n\t<meta property=\"og:image:width\" content=\"640\" \/>\n\t<meta property=\"og:image:height\" content=\"500\" \/>\n\t<meta property=\"og:image:type\" content=\"image\/jpeg\" \/>\n<meta name=\"author\" content=\"beategraumann\" \/>\n<meta name=\"twitter:label1\" content=\"Verfasst von\" \/>\n\t<meta name=\"twitter:data1\" content=\"beategraumann\" \/>\n\t<meta name=\"twitter:label2\" content=\"Gesch\u00e4tzte Lesezeit\" \/>\n\t<meta name=\"twitter:data2\" content=\"3\u00a0Minuten\" \/>\n<script type=\"application\/ld+json\" class=\"yoast-schema-graph\">{\"@context\":\"https:\/\/schema.org\",\"@graph\":[{\"@type\":\"WebPage\",\"@id\":\"https:\/\/www.naturparkmagazin.de\/thueringer-schiefergebirge-obere-saale\/drueberdrunter-tag-in-kamsdorf\/\",\"url\":\"https:\/\/www.naturparkmagazin.de\/thueringer-schiefergebirge-obere-saale\/drueberdrunter-tag-in-kamsdorf\/\",\"name\":\"Dr\u00fcber- und Drunter-Tag in Kamsdorf - Naturpark Th\u00fcringer Schiefergebirge\/Obere Saale\",\"isPartOf\":{\"@id\":\"https:\/\/www.naturparkmagazin.de\/thueringer-schiefergebirge-obere-saale\/#website\"},\"datePublished\":\"2013-08-18T12:06:19+00:00\",\"dateModified\":\"2024-08-15T09:55:35+00:00\",\"author\":{\"@id\":\"https:\/\/www.naturparkmagazin.de\/thueringer-schiefergebirge-obere-saale\/#\/schema\/person\/9d2988ec047274b29ed24aa0cb0a9b74\"},\"breadcrumb\":{\"@id\":\"https:\/\/www.naturparkmagazin.de\/thueringer-schiefergebirge-obere-saale\/drueberdrunter-tag-in-kamsdorf\/#breadcrumb\"},\"inLanguage\":\"de\",\"potentialAction\":[{\"@type\":\"ReadAction\",\"target\":[\"https:\/\/www.naturparkmagazin.de\/thueringer-schiefergebirge-obere-saale\/drueberdrunter-tag-in-kamsdorf\/\"]}]},{\"@type\":\"BreadcrumbList\",\"@id\":\"https:\/\/www.naturparkmagazin.de\/thueringer-schiefergebirge-obere-saale\/drueberdrunter-tag-in-kamsdorf\/#breadcrumb\",\"itemListElement\":[{\"@type\":\"ListItem\",\"position\":1,\"name\":\"Home\",\"item\":\"https:\/\/www.naturparkmagazin.de\/thueringer-schiefergebirge-obere-saale\/\"},{\"@type\":\"ListItem\",\"position\":2,\"name\":\"Dr\u00fcber- und Drunter-Tag in Kamsdorf\"}]},{\"@type\":\"WebSite\",\"@id\":\"https:\/\/www.naturparkmagazin.de\/thueringer-schiefergebirge-obere-saale\/#website\",\"url\":\"https:\/\/www.naturparkmagazin.de\/thueringer-schiefergebirge-obere-saale\/\",\"name\":\"Naturpark Th\u00fcringer Schiefergebirge\/Obere Saale\",\"description\":\"\",\"potentialAction\":[{\"@type\":\"SearchAction\",\"target\":{\"@type\":\"EntryPoint\",\"urlTemplate\":\"https:\/\/www.naturparkmagazin.de\/thueringer-schiefergebirge-obere-saale\/?s={search_term_string}\"},\"query-input\":\"required name=search_term_string\"}],\"inLanguage\":\"de\"},{\"@type\":\"Person\",\"@id\":\"https:\/\/www.naturparkmagazin.de\/thueringer-schiefergebirge-obere-saale\/#\/schema\/person\/9d2988ec047274b29ed24aa0cb0a9b74\",\"name\":\"beategraumann\",\"description\":\"Sachbearbeiterin in der Naturparkverwaltung Sachgebiete \u00d6ffentlichkeitsarbeit, Tourismus, Umweltbildung\",\"sameAs\":[\"http:\/\/www.thueringer-schiefergebirge-obere-saale.de\"],\"url\":\"https:\/\/www.naturparkmagazin.de\/thueringer-schiefergebirge-obere-saale\/author\/beategraumann\/\"}]}<\/script>\n<!-- \/ Yoast SEO plugin. -->","yoast_head_json":{"title":"Dr\u00fcber- und Drunter-Tag in Kamsdorf - Naturpark Th\u00fcringer Schiefergebirge\/Obere Saale","robots":{"index":"index","follow":"follow","max-snippet":"max-snippet:-1","max-image-preview":"max-image-preview:large","max-video-preview":"max-video-preview:-1"},"canonical":"https:\/\/www.naturparkmagazin.de\/thueringer-schiefergebirge-obere-saale\/drueberdrunter-tag-in-kamsdorf\/","og_locale":"de_DE","og_type":"article","og_title":"Dr\u00fcber- und Drunter-Tag in Kamsdorf - Naturpark Th\u00fcringer Schiefergebirge\/Obere Saale","og_description":"Am Samstag, den 14.9.2013 laden die Gemeinden Kamsdorf und Unterwellenborn gemeinsam mit ihren zahlreichen Partnern wieder zum Dr\u00fcber&amp;Drunter-Tag ein! Eingeweihte wissen schon, dass der DDT nicht der neue \u201eEhrentag des unaufger\u00e4umten Kinderzimmers\u201c ist, sondern sichten schon mal ihre \u201eEintrittskarten\u201c der letzten Jahre, um sich f\u00fcr eine passende Farbe der n\u00e4chsten zu entscheiden. Wenn Sie diesen","og_url":"https:\/\/www.naturparkmagazin.de\/thueringer-schiefergebirge-obere-saale\/drueberdrunter-tag-in-kamsdorf\/","og_site_name":"Naturpark Th\u00fcringer Schiefergebirge\/Obere Saale","article_published_time":"2013-08-18T12:06:19+00:00","article_modified_time":"2024-08-15T09:55:35+00:00","og_image":[{"width":640,"height":500,"url":"https:\/\/www.naturparkmagazin.de\/thueringer-schiefergebirge-obere-saale\/wp-content\/uploads\/sites\/13\/Siderit-Pyrit.jpg","type":"image\/jpeg"}],"author":"beategraumann","twitter_misc":{"Verfasst von":"beategraumann","Gesch\u00e4tzte Lesezeit":"3\u00a0Minuten"},"schema":{"@context":"https:\/\/schema.org","@graph":[{"@type":"WebPage","@id":"https:\/\/www.naturparkmagazin.de\/thueringer-schiefergebirge-obere-saale\/drueberdrunter-tag-in-kamsdorf\/","url":"https:\/\/www.naturparkmagazin.de\/thueringer-schiefergebirge-obere-saale\/drueberdrunter-tag-in-kamsdorf\/","name":"Dr\u00fcber- und Drunter-Tag in Kamsdorf - Naturpark Th\u00fcringer Schiefergebirge\/Obere Saale","isPartOf":{"@id":"https:\/\/www.naturparkmagazin.de\/thueringer-schiefergebirge-obere-saale\/#website"},"datePublished":"2013-08-18T12:06:19+00:00","dateModified":"2024-08-15T09:55:35+00:00","author":{"@id":"https:\/\/www.naturparkmagazin.de\/thueringer-schiefergebirge-obere-saale\/#\/schema\/person\/9d2988ec047274b29ed24aa0cb0a9b74"},"breadcrumb":{"@id":"https:\/\/www.naturparkmagazin.de\/thueringer-schiefergebirge-obere-saale\/drueberdrunter-tag-in-kamsdorf\/#breadcrumb"},"inLanguage":"de","potentialAction":[{"@type":"ReadAction","target":["https:\/\/www.naturparkmagazin.de\/thueringer-schiefergebirge-obere-saale\/drueberdrunter-tag-in-kamsdorf\/"]}]},{"@type":"BreadcrumbList","@id":"https:\/\/www.naturparkmagazin.de\/thueringer-schiefergebirge-obere-saale\/drueberdrunter-tag-in-kamsdorf\/#breadcrumb","itemListElement":[{"@type":"ListItem","position":1,"name":"Home","item":"https:\/\/www.naturparkmagazin.de\/thueringer-schiefergebirge-obere-saale\/"},{"@type":"ListItem","position":2,"name":"Dr\u00fcber- und Drunter-Tag in Kamsdorf"}]},{"@type":"WebSite","@id":"https:\/\/www.naturparkmagazin.de\/thueringer-schiefergebirge-obere-saale\/#website","url":"https:\/\/www.naturparkmagazin.de\/thueringer-schiefergebirge-obere-saale\/","name":"Naturpark Th\u00fcringer Schiefergebirge\/Obere Saale","description":"","potentialAction":[{"@type":"SearchAction","target":{"@type":"EntryPoint","urlTemplate":"https:\/\/www.naturparkmagazin.de\/thueringer-schiefergebirge-obere-saale\/?s={search_term_string}"},"query-input":"required name=search_term_string"}],"inLanguage":"de"},{"@type":"Person","@id":"https:\/\/www.naturparkmagazin.de\/thueringer-schiefergebirge-obere-saale\/#\/schema\/person\/9d2988ec047274b29ed24aa0cb0a9b74","name":"beategraumann","description":"Sachbearbeiterin in der Naturparkverwaltung Sachgebiete \u00d6ffentlichkeitsarbeit, Tourismus, Umweltbildung","sameAs":["http:\/\/www.thueringer-schiefergebirge-obere-saale.de"],"url":"https:\/\/www.naturparkmagazin.de\/thueringer-schiefergebirge-obere-saale\/author\/beategraumann\/"}]}},"_links":{"self":[{"href":"https:\/\/www.naturparkmagazin.de\/thueringer-schiefergebirge-obere-saale\/wp-json\/wp\/v2\/posts\/411"}],"collection":[{"href":"https:\/\/www.naturparkmagazin.de\/thueringer-schiefergebirge-obere-saale\/wp-json\/wp\/v2\/posts"}],"about":[{"href":"https:\/\/www.naturparkmagazin.de\/thueringer-schiefergebirge-obere-saale\/wp-json\/wp\/v2\/types\/post"}],"author":[{"embeddable":true,"href":"https:\/\/www.naturparkmagazin.de\/thueringer-schiefergebirge-obere-saale\/wp-json\/wp\/v2\/users\/30"}],"replies":[{"embeddable":true,"href":"https:\/\/www.naturparkmagazin.de\/thueringer-schiefergebirge-obere-saale\/wp-json\/wp\/v2\/comments?post=411"}],"version-history":[{"count":8,"href":"https:\/\/www.naturparkmagazin.de\/thueringer-schiefergebirge-obere-saale\/wp-json\/wp\/v2\/posts\/411\/revisions"}],"predecessor-version":[{"id":4620,"href":"https:\/\/www.naturparkmagazin.de\/thueringer-schiefergebirge-obere-saale\/wp-json\/wp\/v2\/posts\/411\/revisions\/4620"}],"wp:featuredmedia":[{"embeddable":true,"href":"https:\/\/www.naturparkmagazin.de\/thueringer-schiefergebirge-obere-saale\/wp-json\/wp\/v2\/media\/413"}],"wp:attachment":[{"href":"https:\/\/www.naturparkmagazin.de\/thueringer-schiefergebirge-obere-saale\/wp-json\/wp\/v2\/media?parent=411"}],"wp:term":[{"taxonomy":"category","embeddable":true,"href":"https:\/\/www.naturparkmagazin.de\/thueringer-schiefergebirge-obere-saale\/wp-json\/wp\/v2\/categories?post=411"},{"taxonomy":"post_tag","embeddable":true,"href":"https:\/\/www.naturparkmagazin.de\/thueringer-schiefergebirge-obere-saale\/wp-json\/wp\/v2\/tags?post=411"}],"curies":[{"name":"wp","href":"https:\/\/api.w.org\/{rel}","templated":true}]}}