{"id":573,"date":"2013-11-27T08:00:22","date_gmt":"2013-11-27T06:00:22","guid":{"rendered":"http:\/\/www.naturparkmagazin.de\/thueringer-schiefergebirge-obere-saale\/?p=573"},"modified":"2013-11-29T11:05:22","modified_gmt":"2013-11-29T09:05:22","slug":"ausflugstipp-fuer-den-zweiten-weihnachtsfeiertag","status":"publish","type":"post","link":"https:\/\/www.naturparkmagazin.de\/thueringer-schiefergebirge-obere-saale\/ausflugstipp-fuer-den-zweiten-weihnachtsfeiertag\/","title":{"rendered":"Ausflugstipp f\u00fcr den zweiten Weihnachtsfeiertag"},"content":{"rendered":"<p><b>Winterwanderung ins H\u00f6llental<\/b><\/p>\n<div id=\"attachment_574\" style=\"width: 258px\" class=\"wp-caption alignleft\"><a href=\"https:\/\/www.naturparkmagazin.de\/thueringer-schiefergebirge-obere-saale\/wp-content\/uploads\/sites\/13\/Winter_Ruhe1_BA-BeateGraumann.jpg\"><img aria-describedby=\"caption-attachment-574\" decoding=\"async\" loading=\"lazy\" class=\" wp-image-574   \" title=\"Der Winter legt wei\u00dfe dicke Schneedecken \u00fcber Tisch und B\u00e4nke_BA Beate Graumann\" alt=\"Der Winter legt wei\u00dfe dicke Schneedecken \u00fcber Tisch und B\u00e4nke \" src=\"https:\/\/www.naturparkmagazin.de\/thueringer-schiefergebirge-obere-saale\/wp-content\/uploads\/sites\/13\/Winter_Ruhe1_BA-BeateGraumann-620x465.jpg\" width=\"248\" height=\"187\" srcset=\"https:\/\/www.naturparkmagazin.de\/thueringer-schiefergebirge-obere-saale\/wp-content\/uploads\/sites\/13\/Winter_Ruhe1_BA-BeateGraumann-620x465.jpg 620w, https:\/\/www.naturparkmagazin.de\/thueringer-schiefergebirge-obere-saale\/wp-content\/uploads\/sites\/13\/Winter_Ruhe1_BA-BeateGraumann-300x225.jpg 300w, https:\/\/www.naturparkmagazin.de\/thueringer-schiefergebirge-obere-saale\/wp-content\/uploads\/sites\/13\/Winter_Ruhe1_BA-BeateGraumann-580x435.jpg 580w, https:\/\/www.naturparkmagazin.de\/thueringer-schiefergebirge-obere-saale\/wp-content\/uploads\/sites\/13\/Winter_Ruhe1_BA-BeateGraumann-420x315.jpg 420w, https:\/\/www.naturparkmagazin.de\/thueringer-schiefergebirge-obere-saale\/wp-content\/uploads\/sites\/13\/Winter_Ruhe1_BA-BeateGraumann-180x135.jpg 180w, https:\/\/www.naturparkmagazin.de\/thueringer-schiefergebirge-obere-saale\/wp-content\/uploads\/sites\/13\/Winter_Ruhe1_BA-BeateGraumann-95x71.jpg 95w, https:\/\/www.naturparkmagazin.de\/thueringer-schiefergebirge-obere-saale\/wp-content\/uploads\/sites\/13\/Winter_Ruhe1_BA-BeateGraumann-200x150.jpg 200w, https:\/\/www.naturparkmagazin.de\/thueringer-schiefergebirge-obere-saale\/wp-content\/uploads\/sites\/13\/Winter_Ruhe1_BA-BeateGraumann.jpg 640w\" sizes=\"(max-width: 248px) 100vw, 248px\" \/><\/a><p id=\"caption-attachment-574\" class=\"wp-caption-text\">Der Winter legt wei\u00dfe dicke Schneedecken \u00fcber Tisch und B\u00e4nke<\/p><\/div>\n<p><b>\u00a0<\/b>Am 26.12.13 erwartet Sie Naturf\u00fchrerin Alexandra Triebel zu einer winterlichen Wanderung durch das idyllisch gelegene H\u00f6llental in der Umgebung von Blankenstein.<\/p>\n<p>Treffpunkt ist um 12.30 Uhr an der Median-Klinik in Bad Lobenstein oder<\/p>\n<p>um 13.00 Uhr am Bahnhof in Blankenstein<\/p>\n<p>Die Wanderung bietet Interessantes und Sagenhaftes f\u00fcr j\u00fcngere und \u00e4ltere Jahrg\u00e4nge gleicherma\u00dfen, wenn Sie mit der ausgebildeten Naturf\u00fchrerin durch das winterlich-sch\u00f6ne H\u00f6llental spazieren, das Th\u00fcringen und Franken im S\u00fcden des Naturparks verbindet. Die Natur ist in den Winterschlaf getreten und \u00fcbt auf uns eine ganz eigene Faszination aus: Klare kalte Luft l\u00e4sst uns durchatmen und das Auge erholt sich beim Anblick der weiten wei\u00dfen Schneefl\u00e4chen und des ruhigen dunklen Waldes. Das leise Pl\u00e4tschern des Baches unter dem Eis und vielleicht schon wundersame Eisgebilde am Ufer lassen unsere Fantasie fliegen. Ein wunderbares Umfeld f\u00fcr Sagen und Wintergeschichten.<\/p>\n<p>Genie\u00dfen Sie die Ruhe, die der winterliche Wald ausstrahlt und lassen Sie sich unterhalten von den Erz\u00e4hlungen, mit denen Sie unsere Naturf\u00fchrerin\u00a0 \u00fcberraschen wird. Ein kleine gesellige Rast mit warmen Getr\u00e4nken erw\u00e4rmt das Gem\u00fct und die kalten F\u00fc\u00dfe.<\/p>\n<p>Informationen bei Alexandra Triebel (Tel. 036643\/599556 o. 0176\/54527294 ) oder per mail unter: <a href=\"mailto:naturfuehrer@freenet.de\">naturfuehrer@freenet.de<\/a>, \u00a0Anmeldung zur Wanderung ist erforderlich.<\/p>\n<p>Unkostenbeitrag: 4,- \u20ac\/Pers., Kinder kostenlos<\/p>\n<p>Wir w\u00fcnschen gute Unterhaltung beim Wandern<\/p>\n<p>Ihr Naturpark-Team<\/p>\n","protected":false},"excerpt":{"rendered":"<p>Winterwanderung ins H\u00f6llental \u00a0Am 26.12.13 erwartet Sie Naturf\u00fchrerin Alexandra Triebel zu einer winterlichen Wanderung durch das idyllisch gelegene H\u00f6llental in der Umgebung von Blankenstein. Treffpunkt ist um 12.30 Uhr an der Median-Klinik in Bad Lobenstein oder um 13.00 Uhr am Bahnhof in Blankenstein Die Wanderung bietet Interessantes und Sagenhaftes f\u00fcr j\u00fcngere und \u00e4ltere Jahrg\u00e4nge gleicherma\u00dfen,<\/p>\n","protected":false},"author":30,"featured_media":582,"comment_status":"open","ping_status":"open","sticky":false,"template":"","format":"standard","meta":[],"categories":[11],"tags":[],"yoast_head":"<!-- This site is optimized with the Yoast SEO plugin v19.10 - https:\/\/yoast.com\/wordpress\/plugins\/seo\/ -->\n<title>Ausflugstipp f\u00fcr den zweiten Weihnachtsfeiertag - Naturpark Th\u00fcringer Schiefergebirge\/Obere Saale<\/title>\n<meta name=\"robots\" content=\"index, follow, max-snippet:-1, max-image-preview:large, max-video-preview:-1\" \/>\n<link rel=\"canonical\" href=\"https:\/\/www.naturparkmagazin.de\/thueringer-schiefergebirge-obere-saale\/ausflugstipp-fuer-den-zweiten-weihnachtsfeiertag\/\" \/>\n<meta property=\"og:locale\" content=\"de_DE\" \/>\n<meta property=\"og:type\" content=\"article\" \/>\n<meta property=\"og:title\" content=\"Ausflugstipp f\u00fcr den zweiten Weihnachtsfeiertag - Naturpark Th\u00fcringer Schiefergebirge\/Obere Saale\" \/>\n<meta property=\"og:description\" content=\"Winterwanderung ins H\u00f6llental \u00a0Am 26.12.13 erwartet Sie Naturf\u00fchrerin Alexandra Triebel zu einer winterlichen Wanderung durch das idyllisch gelegene H\u00f6llental in der Umgebung von Blankenstein. Treffpunkt ist um 12.30 Uhr an der Median-Klinik in Bad Lobenstein oder um 13.00 Uhr am Bahnhof in Blankenstein Die Wanderung bietet Interessantes und Sagenhaftes f\u00fcr j\u00fcngere und \u00e4ltere Jahrg\u00e4nge gleicherma\u00dfen,\" \/>\n<meta property=\"og:url\" content=\"https:\/\/www.naturparkmagazin.de\/thueringer-schiefergebirge-obere-saale\/ausflugstipp-fuer-den-zweiten-weihnachtsfeiertag\/\" \/>\n<meta property=\"og:site_name\" content=\"Naturpark Th\u00fcringer Schiefergebirge\/Obere Saale\" \/>\n<meta property=\"article:published_time\" content=\"2013-11-27T06:00:22+00:00\" \/>\n<meta property=\"article:modified_time\" content=\"2013-11-29T09:05:22+00:00\" \/>\n<meta property=\"og:image\" content=\"https:\/\/www.naturparkmagazin.de\/thueringer-schiefergebirge-obere-saale\/wp-content\/uploads\/sites\/13\/Winterbach1_BA-Beate-Graumann.jpg\" \/>\n\t<meta property=\"og:image:width\" content=\"640\" \/>\n\t<meta property=\"og:image:height\" content=\"480\" \/>\n\t<meta property=\"og:image:type\" content=\"image\/jpeg\" \/>\n<meta name=\"author\" content=\"beategraumann\" \/>\n<meta name=\"twitter:label1\" content=\"Verfasst von\" \/>\n\t<meta name=\"twitter:data1\" content=\"beategraumann\" \/>\n\t<meta name=\"twitter:label2\" content=\"Gesch\u00e4tzte Lesezeit\" \/>\n\t<meta name=\"twitter:data2\" content=\"1\u00a0Minute\" \/>\n<script type=\"application\/ld+json\" class=\"yoast-schema-graph\">{\"@context\":\"https:\/\/schema.org\",\"@graph\":[{\"@type\":\"WebPage\",\"@id\":\"https:\/\/www.naturparkmagazin.de\/thueringer-schiefergebirge-obere-saale\/ausflugstipp-fuer-den-zweiten-weihnachtsfeiertag\/\",\"url\":\"https:\/\/www.naturparkmagazin.de\/thueringer-schiefergebirge-obere-saale\/ausflugstipp-fuer-den-zweiten-weihnachtsfeiertag\/\",\"name\":\"Ausflugstipp f\u00fcr den zweiten Weihnachtsfeiertag - Naturpark Th\u00fcringer Schiefergebirge\/Obere Saale\",\"isPartOf\":{\"@id\":\"https:\/\/www.naturparkmagazin.de\/thueringer-schiefergebirge-obere-saale\/#website\"},\"datePublished\":\"2013-11-27T06:00:22+00:00\",\"dateModified\":\"2013-11-29T09:05:22+00:00\",\"author\":{\"@id\":\"https:\/\/www.naturparkmagazin.de\/thueringer-schiefergebirge-obere-saale\/#\/schema\/person\/9d2988ec047274b29ed24aa0cb0a9b74\"},\"breadcrumb\":{\"@id\":\"https:\/\/www.naturparkmagazin.de\/thueringer-schiefergebirge-obere-saale\/ausflugstipp-fuer-den-zweiten-weihnachtsfeiertag\/#breadcrumb\"},\"inLanguage\":\"de\",\"potentialAction\":[{\"@type\":\"ReadAction\",\"target\":[\"https:\/\/www.naturparkmagazin.de\/thueringer-schiefergebirge-obere-saale\/ausflugstipp-fuer-den-zweiten-weihnachtsfeiertag\/\"]}]},{\"@type\":\"BreadcrumbList\",\"@id\":\"https:\/\/www.naturparkmagazin.de\/thueringer-schiefergebirge-obere-saale\/ausflugstipp-fuer-den-zweiten-weihnachtsfeiertag\/#breadcrumb\",\"itemListElement\":[{\"@type\":\"ListItem\",\"position\":1,\"name\":\"Home\",\"item\":\"https:\/\/www.naturparkmagazin.de\/thueringer-schiefergebirge-obere-saale\/\"},{\"@type\":\"ListItem\",\"position\":2,\"name\":\"Ausflugstipp f\u00fcr den zweiten Weihnachtsfeiertag\"}]},{\"@type\":\"WebSite\",\"@id\":\"https:\/\/www.naturparkmagazin.de\/thueringer-schiefergebirge-obere-saale\/#website\",\"url\":\"https:\/\/www.naturparkmagazin.de\/thueringer-schiefergebirge-obere-saale\/\",\"name\":\"Naturpark Th\u00fcringer Schiefergebirge\/Obere Saale\",\"description\":\"\",\"potentialAction\":[{\"@type\":\"SearchAction\",\"target\":{\"@type\":\"EntryPoint\",\"urlTemplate\":\"https:\/\/www.naturparkmagazin.de\/thueringer-schiefergebirge-obere-saale\/?s={search_term_string}\"},\"query-input\":\"required name=search_term_string\"}],\"inLanguage\":\"de\"},{\"@type\":\"Person\",\"@id\":\"https:\/\/www.naturparkmagazin.de\/thueringer-schiefergebirge-obere-saale\/#\/schema\/person\/9d2988ec047274b29ed24aa0cb0a9b74\",\"name\":\"beategraumann\",\"description\":\"Sachbearbeiterin in der Naturparkverwaltung Sachgebiete \u00d6ffentlichkeitsarbeit, Tourismus, Umweltbildung\",\"sameAs\":[\"http:\/\/www.thueringer-schiefergebirge-obere-saale.de\"],\"url\":\"https:\/\/www.naturparkmagazin.de\/thueringer-schiefergebirge-obere-saale\/author\/beategraumann\/\"}]}<\/script>\n<!-- \/ Yoast SEO plugin. -->","yoast_head_json":{"title":"Ausflugstipp f\u00fcr den zweiten Weihnachtsfeiertag - Naturpark Th\u00fcringer Schiefergebirge\/Obere Saale","robots":{"index":"index","follow":"follow","max-snippet":"max-snippet:-1","max-image-preview":"max-image-preview:large","max-video-preview":"max-video-preview:-1"},"canonical":"https:\/\/www.naturparkmagazin.de\/thueringer-schiefergebirge-obere-saale\/ausflugstipp-fuer-den-zweiten-weihnachtsfeiertag\/","og_locale":"de_DE","og_type":"article","og_title":"Ausflugstipp f\u00fcr den zweiten Weihnachtsfeiertag - Naturpark Th\u00fcringer Schiefergebirge\/Obere Saale","og_description":"Winterwanderung ins H\u00f6llental \u00a0Am 26.12.13 erwartet Sie Naturf\u00fchrerin Alexandra Triebel zu einer winterlichen Wanderung durch das idyllisch gelegene H\u00f6llental in der Umgebung von Blankenstein. Treffpunkt ist um 12.30 Uhr an der Median-Klinik in Bad Lobenstein oder um 13.00 Uhr am Bahnhof in Blankenstein Die Wanderung bietet Interessantes und Sagenhaftes f\u00fcr j\u00fcngere und \u00e4ltere Jahrg\u00e4nge gleicherma\u00dfen,","og_url":"https:\/\/www.naturparkmagazin.de\/thueringer-schiefergebirge-obere-saale\/ausflugstipp-fuer-den-zweiten-weihnachtsfeiertag\/","og_site_name":"Naturpark Th\u00fcringer Schiefergebirge\/Obere Saale","article_published_time":"2013-11-27T06:00:22+00:00","article_modified_time":"2013-11-29T09:05:22+00:00","og_image":[{"width":640,"height":480,"url":"https:\/\/www.naturparkmagazin.de\/thueringer-schiefergebirge-obere-saale\/wp-content\/uploads\/sites\/13\/Winterbach1_BA-Beate-Graumann.jpg","type":"image\/jpeg"}],"author":"beategraumann","twitter_misc":{"Verfasst von":"beategraumann","Gesch\u00e4tzte Lesezeit":"1\u00a0Minute"},"schema":{"@context":"https:\/\/schema.org","@graph":[{"@type":"WebPage","@id":"https:\/\/www.naturparkmagazin.de\/thueringer-schiefergebirge-obere-saale\/ausflugstipp-fuer-den-zweiten-weihnachtsfeiertag\/","url":"https:\/\/www.naturparkmagazin.de\/thueringer-schiefergebirge-obere-saale\/ausflugstipp-fuer-den-zweiten-weihnachtsfeiertag\/","name":"Ausflugstipp f\u00fcr den zweiten Weihnachtsfeiertag - Naturpark Th\u00fcringer Schiefergebirge\/Obere Saale","isPartOf":{"@id":"https:\/\/www.naturparkmagazin.de\/thueringer-schiefergebirge-obere-saale\/#website"},"datePublished":"2013-11-27T06:00:22+00:00","dateModified":"2013-11-29T09:05:22+00:00","author":{"@id":"https:\/\/www.naturparkmagazin.de\/thueringer-schiefergebirge-obere-saale\/#\/schema\/person\/9d2988ec047274b29ed24aa0cb0a9b74"},"breadcrumb":{"@id":"https:\/\/www.naturparkmagazin.de\/thueringer-schiefergebirge-obere-saale\/ausflugstipp-fuer-den-zweiten-weihnachtsfeiertag\/#breadcrumb"},"inLanguage":"de","potentialAction":[{"@type":"ReadAction","target":["https:\/\/www.naturparkmagazin.de\/thueringer-schiefergebirge-obere-saale\/ausflugstipp-fuer-den-zweiten-weihnachtsfeiertag\/"]}]},{"@type":"BreadcrumbList","@id":"https:\/\/www.naturparkmagazin.de\/thueringer-schiefergebirge-obere-saale\/ausflugstipp-fuer-den-zweiten-weihnachtsfeiertag\/#breadcrumb","itemListElement":[{"@type":"ListItem","position":1,"name":"Home","item":"https:\/\/www.naturparkmagazin.de\/thueringer-schiefergebirge-obere-saale\/"},{"@type":"ListItem","position":2,"name":"Ausflugstipp f\u00fcr den zweiten Weihnachtsfeiertag"}]},{"@type":"WebSite","@id":"https:\/\/www.naturparkmagazin.de\/thueringer-schiefergebirge-obere-saale\/#website","url":"https:\/\/www.naturparkmagazin.de\/thueringer-schiefergebirge-obere-saale\/","name":"Naturpark Th\u00fcringer Schiefergebirge\/Obere Saale","description":"","potentialAction":[{"@type":"SearchAction","target":{"@type":"EntryPoint","urlTemplate":"https:\/\/www.naturparkmagazin.de\/thueringer-schiefergebirge-obere-saale\/?s={search_term_string}"},"query-input":"required name=search_term_string"}],"inLanguage":"de"},{"@type":"Person","@id":"https:\/\/www.naturparkmagazin.de\/thueringer-schiefergebirge-obere-saale\/#\/schema\/person\/9d2988ec047274b29ed24aa0cb0a9b74","name":"beategraumann","description":"Sachbearbeiterin in der Naturparkverwaltung Sachgebiete \u00d6ffentlichkeitsarbeit, Tourismus, Umweltbildung","sameAs":["http:\/\/www.thueringer-schiefergebirge-obere-saale.de"],"url":"https:\/\/www.naturparkmagazin.de\/thueringer-schiefergebirge-obere-saale\/author\/beategraumann\/"}]}},"_links":{"self":[{"href":"https:\/\/www.naturparkmagazin.de\/thueringer-schiefergebirge-obere-saale\/wp-json\/wp\/v2\/posts\/573"}],"collection":[{"href":"https:\/\/www.naturparkmagazin.de\/thueringer-schiefergebirge-obere-saale\/wp-json\/wp\/v2\/posts"}],"about":[{"href":"https:\/\/www.naturparkmagazin.de\/thueringer-schiefergebirge-obere-saale\/wp-json\/wp\/v2\/types\/post"}],"author":[{"embeddable":true,"href":"https:\/\/www.naturparkmagazin.de\/thueringer-schiefergebirge-obere-saale\/wp-json\/wp\/v2\/users\/30"}],"replies":[{"embeddable":true,"href":"https:\/\/www.naturparkmagazin.de\/thueringer-schiefergebirge-obere-saale\/wp-json\/wp\/v2\/comments?post=573"}],"version-history":[{"count":8,"href":"https:\/\/www.naturparkmagazin.de\/thueringer-schiefergebirge-obere-saale\/wp-json\/wp\/v2\/posts\/573\/revisions"}],"predecessor-version":[{"id":620,"href":"https:\/\/www.naturparkmagazin.de\/thueringer-schiefergebirge-obere-saale\/wp-json\/wp\/v2\/posts\/573\/revisions\/620"}],"wp:featuredmedia":[{"embeddable":true,"href":"https:\/\/www.naturparkmagazin.de\/thueringer-schiefergebirge-obere-saale\/wp-json\/wp\/v2\/media\/582"}],"wp:attachment":[{"href":"https:\/\/www.naturparkmagazin.de\/thueringer-schiefergebirge-obere-saale\/wp-json\/wp\/v2\/media?parent=573"}],"wp:term":[{"taxonomy":"category","embeddable":true,"href":"https:\/\/www.naturparkmagazin.de\/thueringer-schiefergebirge-obere-saale\/wp-json\/wp\/v2\/categories?post=573"},{"taxonomy":"post_tag","embeddable":true,"href":"https:\/\/www.naturparkmagazin.de\/thueringer-schiefergebirge-obere-saale\/wp-json\/wp\/v2\/tags?post=573"}],"curies":[{"name":"wp","href":"https:\/\/api.w.org\/{rel}","templated":true}]}}