{"id":709,"date":"2014-02-19T11:33:34","date_gmt":"2014-02-19T09:33:34","guid":{"rendered":"http:\/\/www.naturparkmagazin.de\/thueringer-schiefergebirge-obere-saale\/?p=709"},"modified":"2014-02-26T14:34:34","modified_gmt":"2014-02-26T13:34:34","slug":"der-gruenspecht","status":"publish","type":"post","link":"https:\/\/www.naturparkmagazin.de\/thueringer-schiefergebirge-obere-saale\/der-gruenspecht\/","title":{"rendered":"Vogel des Jahres 2014 &#8211; Der Gr\u00fcnspecht"},"content":{"rendered":"<div id=\"attachment_711\" style=\"width: 471px\" class=\"wp-caption aligncenter\"><a href=\"https:\/\/www.naturparkmagazin.de\/thueringer-schiefergebirge-obere-saale\/wp-content\/uploads\/sites\/13\/Gr\u00fcnspecht_Hans-J\u00f6rg-Hellwig.jpg\"><img aria-describedby=\"caption-attachment-711\" decoding=\"async\" loading=\"lazy\" class=\"size-full wp-image-711 \" title=\"Gr\u00fcnspechth\u00f6hlen werden auch gerne von Meisen, Staren, Kleibern und Gartenrotschw\u00e4nzen zur Brut genutzt. BA Hans-J\u00f6rg Hellwig\/Wikipedia\" alt=\"Gr\u00fcnspechth\u00f6hlen werden auch gerne von Meisen, Staren, Kleibern und Gartenrotschw\u00e4nzen zur Brut genutzt. BA Hans-J\u00f6rg Hellwig\/Wikipedia\" src=\"https:\/\/www.naturparkmagazin.de\/thueringer-schiefergebirge-obere-saale\/wp-content\/uploads\/sites\/13\/Gr\u00fcnspecht_Hans-J\u00f6rg-Hellwig.jpg\" width=\"461\" height=\"669\" srcset=\"https:\/\/www.naturparkmagazin.de\/thueringer-schiefergebirge-obere-saale\/wp-content\/uploads\/sites\/13\/Gr\u00fcnspecht_Hans-J\u00f6rg-Hellwig.jpg 461w, https:\/\/www.naturparkmagazin.de\/thueringer-schiefergebirge-obere-saale\/wp-content\/uploads\/sites\/13\/Gr\u00fcnspecht_Hans-J\u00f6rg-Hellwig-300x435.jpg 300w, https:\/\/www.naturparkmagazin.de\/thueringer-schiefergebirge-obere-saale\/wp-content\/uploads\/sites\/13\/Gr\u00fcnspecht_Hans-J\u00f6rg-Hellwig-200x290.jpg 200w\" sizes=\"(max-width: 461px) 100vw, 461px\" \/><\/a><p id=\"caption-attachment-711\" class=\"wp-caption-text\">Gr\u00fcnspechth\u00f6hlen werden auch gerne von Meisen, Staren, Kleibern und Gartenrotschw\u00e4nzen zur Brut genutzt. BA Hans-J\u00f6rg Hellwig\/Wikipedia<\/p><\/div>\n<p>Der Gr\u00fcnspecht macht seinem Namen alle Ehre: Das Federkleides des fast in ganz Europa heimischen Vogels leuchtet in kr\u00e4ftigem Oliv- bis Hellgr\u00fcn. Markant sind au\u00dferdem der rote Oberkopf sowie ein dunkler Streifen, der vom Schnabel bis hinter das Auge verl\u00e4uft. Gr\u00fcnspechte sind gut h\u00f6rbar: Ihre Balz und Revierrufe \u00e4hneln einem schallendem Gel\u00e4chter. Halboffene Waldlandschaften und Feldgeh\u00f6lze, Streuobstwiesen und Parkanlagen werden bevorzugt von Gr\u00fcnspechten bewohnt. Hier mei\u00dfelt er mit seinem spitzen und kr\u00e4ftigen Schnabel Bruth\u00f6hlen in die Baumst\u00e4mme. Delikatesse und Lieblingsspeise des Gr\u00fcnspechts sind Ameisen, die er auf den Wiesenfl\u00e4chen der Obstg\u00e4rten sucht. Besonders hilfreich erweist sich hierbei seine klebrige Zunge \u2013 \u00a0bis zu zehn Zentimeter kann er sie bei der Nahrungssuche vorstrecken. Ab Mitte M\u00e4rz beginnt der gemeinsame H\u00f6hlenbau des Gr\u00fcnspechtp\u00e4rchens: Es ist ein Ritual, das M\u00e4nnchen und Weibchen aneinander bindet. Gr\u00fcnspechte br\u00fcten nur einmal im Jahr. Die sechs bis sieben Eier im Gelege werden von beiden Eltern abwechselnd bebr\u00fctet. Von den Gr\u00fcnspechth\u00f6hlen profitieren auch andere Vogelarten wie Stare, Kleiber und Gartenrotschw\u00e4nze. Eine Erhaltung bzw. Neupflanzung von Streuobstwiesen hilft dem farbenpr\u00e4chtigen Jahresvogel, seinen Bestand weiter zu stabilisieren. Derzeit leben in Deutschland etwa sechs bis sieben Prozent des Weltbestandes dieser Vogelart. Die weitere Entwicklung h\u00e4ngt nicht nur vom Winterklima ab, sondern vor allem vom Umgang des Menschen mit dem Lebensraum des Gr\u00fcnspechts.<\/p>\n<p>Text:\u00a0 Susen Reuter<\/p>\n","protected":false},"excerpt":{"rendered":"<p>Der Gr\u00fcnspecht macht seinem Namen alle Ehre: Das Federkleides des fast in ganz Europa heimischen Vogels leuchtet in kr\u00e4ftigem Oliv- bis Hellgr\u00fcn. Markant sind au\u00dferdem der rote Oberkopf sowie ein dunkler Streifen, der vom Schnabel bis hinter das Auge verl\u00e4uft. <\/p>\n","protected":false},"author":30,"featured_media":755,"comment_status":"open","ping_status":"open","sticky":false,"template":"","format":"standard","meta":[],"categories":[7],"tags":[],"yoast_head":"<!-- This site is optimized with the Yoast SEO plugin v19.10 - https:\/\/yoast.com\/wordpress\/plugins\/seo\/ -->\n<title>Vogel des Jahres 2014 - Der Gr\u00fcnspecht - Naturpark Th\u00fcringer Schiefergebirge\/Obere Saale<\/title>\n<meta name=\"robots\" content=\"index, follow, max-snippet:-1, max-image-preview:large, max-video-preview:-1\" \/>\n<link rel=\"canonical\" href=\"https:\/\/www.naturparkmagazin.de\/thueringer-schiefergebirge-obere-saale\/der-gruenspecht\/\" \/>\n<meta property=\"og:locale\" content=\"de_DE\" \/>\n<meta property=\"og:type\" content=\"article\" \/>\n<meta property=\"og:title\" content=\"Vogel des Jahres 2014 - Der Gr\u00fcnspecht - Naturpark Th\u00fcringer Schiefergebirge\/Obere Saale\" \/>\n<meta property=\"og:description\" content=\"Der Gr\u00fcnspecht macht seinem Namen alle Ehre: Das Federkleides des fast in ganz Europa heimischen Vogels leuchtet in kr\u00e4ftigem Oliv- bis Hellgr\u00fcn. Markant sind au\u00dferdem der rote Oberkopf sowie ein dunkler Streifen, der vom Schnabel bis hinter das Auge verl\u00e4uft.\" \/>\n<meta property=\"og:url\" content=\"https:\/\/www.naturparkmagazin.de\/thueringer-schiefergebirge-obere-saale\/der-gruenspecht\/\" \/>\n<meta property=\"og:site_name\" content=\"Naturpark Th\u00fcringer Schiefergebirge\/Obere Saale\" \/>\n<meta property=\"article:published_time\" content=\"2014-02-19T09:33:34+00:00\" \/>\n<meta property=\"article:modified_time\" content=\"2014-02-26T13:34:34+00:00\" \/>\n<meta property=\"og:image\" content=\"https:\/\/www.naturparkmagazin.de\/thueringer-schiefergebirge-obere-saale\/wp-content\/uploads\/sites\/13\/gr\u00fcnspecht_beitragsbild.jpg\" \/>\n\t<meta property=\"og:image:width\" content=\"180\" \/>\n\t<meta property=\"og:image:height\" content=\"135\" \/>\n\t<meta property=\"og:image:type\" content=\"image\/jpeg\" \/>\n<meta name=\"author\" content=\"beategraumann\" \/>\n<meta name=\"twitter:label1\" content=\"Verfasst von\" \/>\n\t<meta name=\"twitter:data1\" content=\"beategraumann\" \/>\n\t<meta name=\"twitter:label2\" content=\"Gesch\u00e4tzte Lesezeit\" \/>\n\t<meta name=\"twitter:data2\" content=\"1\u00a0Minute\" \/>\n<script type=\"application\/ld+json\" class=\"yoast-schema-graph\">{\"@context\":\"https:\/\/schema.org\",\"@graph\":[{\"@type\":\"WebPage\",\"@id\":\"https:\/\/www.naturparkmagazin.de\/thueringer-schiefergebirge-obere-saale\/der-gruenspecht\/\",\"url\":\"https:\/\/www.naturparkmagazin.de\/thueringer-schiefergebirge-obere-saale\/der-gruenspecht\/\",\"name\":\"Vogel des Jahres 2014 - Der Gr\u00fcnspecht - Naturpark Th\u00fcringer Schiefergebirge\/Obere Saale\",\"isPartOf\":{\"@id\":\"https:\/\/www.naturparkmagazin.de\/thueringer-schiefergebirge-obere-saale\/#website\"},\"datePublished\":\"2014-02-19T09:33:34+00:00\",\"dateModified\":\"2014-02-26T13:34:34+00:00\",\"author\":{\"@id\":\"https:\/\/www.naturparkmagazin.de\/thueringer-schiefergebirge-obere-saale\/#\/schema\/person\/9d2988ec047274b29ed24aa0cb0a9b74\"},\"breadcrumb\":{\"@id\":\"https:\/\/www.naturparkmagazin.de\/thueringer-schiefergebirge-obere-saale\/der-gruenspecht\/#breadcrumb\"},\"inLanguage\":\"de\",\"potentialAction\":[{\"@type\":\"ReadAction\",\"target\":[\"https:\/\/www.naturparkmagazin.de\/thueringer-schiefergebirge-obere-saale\/der-gruenspecht\/\"]}]},{\"@type\":\"BreadcrumbList\",\"@id\":\"https:\/\/www.naturparkmagazin.de\/thueringer-schiefergebirge-obere-saale\/der-gruenspecht\/#breadcrumb\",\"itemListElement\":[{\"@type\":\"ListItem\",\"position\":1,\"name\":\"Home\",\"item\":\"https:\/\/www.naturparkmagazin.de\/thueringer-schiefergebirge-obere-saale\/\"},{\"@type\":\"ListItem\",\"position\":2,\"name\":\"Vogel des Jahres 2014 &#8211; Der Gr\u00fcnspecht\"}]},{\"@type\":\"WebSite\",\"@id\":\"https:\/\/www.naturparkmagazin.de\/thueringer-schiefergebirge-obere-saale\/#website\",\"url\":\"https:\/\/www.naturparkmagazin.de\/thueringer-schiefergebirge-obere-saale\/\",\"name\":\"Naturpark Th\u00fcringer Schiefergebirge\/Obere Saale\",\"description\":\"\",\"potentialAction\":[{\"@type\":\"SearchAction\",\"target\":{\"@type\":\"EntryPoint\",\"urlTemplate\":\"https:\/\/www.naturparkmagazin.de\/thueringer-schiefergebirge-obere-saale\/?s={search_term_string}\"},\"query-input\":\"required name=search_term_string\"}],\"inLanguage\":\"de\"},{\"@type\":\"Person\",\"@id\":\"https:\/\/www.naturparkmagazin.de\/thueringer-schiefergebirge-obere-saale\/#\/schema\/person\/9d2988ec047274b29ed24aa0cb0a9b74\",\"name\":\"beategraumann\",\"description\":\"Sachbearbeiterin in der Naturparkverwaltung Sachgebiete \u00d6ffentlichkeitsarbeit, Tourismus, Umweltbildung\",\"sameAs\":[\"http:\/\/www.thueringer-schiefergebirge-obere-saale.de\"],\"url\":\"https:\/\/www.naturparkmagazin.de\/thueringer-schiefergebirge-obere-saale\/author\/beategraumann\/\"}]}<\/script>\n<!-- \/ Yoast SEO plugin. -->","yoast_head_json":{"title":"Vogel des Jahres 2014 - Der Gr\u00fcnspecht - Naturpark Th\u00fcringer Schiefergebirge\/Obere Saale","robots":{"index":"index","follow":"follow","max-snippet":"max-snippet:-1","max-image-preview":"max-image-preview:large","max-video-preview":"max-video-preview:-1"},"canonical":"https:\/\/www.naturparkmagazin.de\/thueringer-schiefergebirge-obere-saale\/der-gruenspecht\/","og_locale":"de_DE","og_type":"article","og_title":"Vogel des Jahres 2014 - Der Gr\u00fcnspecht - Naturpark Th\u00fcringer Schiefergebirge\/Obere Saale","og_description":"Der Gr\u00fcnspecht macht seinem Namen alle Ehre: Das Federkleides des fast in ganz Europa heimischen Vogels leuchtet in kr\u00e4ftigem Oliv- bis Hellgr\u00fcn. Markant sind au\u00dferdem der rote Oberkopf sowie ein dunkler Streifen, der vom Schnabel bis hinter das Auge verl\u00e4uft.","og_url":"https:\/\/www.naturparkmagazin.de\/thueringer-schiefergebirge-obere-saale\/der-gruenspecht\/","og_site_name":"Naturpark Th\u00fcringer Schiefergebirge\/Obere Saale","article_published_time":"2014-02-19T09:33:34+00:00","article_modified_time":"2014-02-26T13:34:34+00:00","og_image":[{"width":180,"height":135,"url":"https:\/\/www.naturparkmagazin.de\/thueringer-schiefergebirge-obere-saale\/wp-content\/uploads\/sites\/13\/gr\u00fcnspecht_beitragsbild.jpg","type":"image\/jpeg"}],"author":"beategraumann","twitter_misc":{"Verfasst von":"beategraumann","Gesch\u00e4tzte Lesezeit":"1\u00a0Minute"},"schema":{"@context":"https:\/\/schema.org","@graph":[{"@type":"WebPage","@id":"https:\/\/www.naturparkmagazin.de\/thueringer-schiefergebirge-obere-saale\/der-gruenspecht\/","url":"https:\/\/www.naturparkmagazin.de\/thueringer-schiefergebirge-obere-saale\/der-gruenspecht\/","name":"Vogel des Jahres 2014 - Der Gr\u00fcnspecht - Naturpark Th\u00fcringer Schiefergebirge\/Obere Saale","isPartOf":{"@id":"https:\/\/www.naturparkmagazin.de\/thueringer-schiefergebirge-obere-saale\/#website"},"datePublished":"2014-02-19T09:33:34+00:00","dateModified":"2014-02-26T13:34:34+00:00","author":{"@id":"https:\/\/www.naturparkmagazin.de\/thueringer-schiefergebirge-obere-saale\/#\/schema\/person\/9d2988ec047274b29ed24aa0cb0a9b74"},"breadcrumb":{"@id":"https:\/\/www.naturparkmagazin.de\/thueringer-schiefergebirge-obere-saale\/der-gruenspecht\/#breadcrumb"},"inLanguage":"de","potentialAction":[{"@type":"ReadAction","target":["https:\/\/www.naturparkmagazin.de\/thueringer-schiefergebirge-obere-saale\/der-gruenspecht\/"]}]},{"@type":"BreadcrumbList","@id":"https:\/\/www.naturparkmagazin.de\/thueringer-schiefergebirge-obere-saale\/der-gruenspecht\/#breadcrumb","itemListElement":[{"@type":"ListItem","position":1,"name":"Home","item":"https:\/\/www.naturparkmagazin.de\/thueringer-schiefergebirge-obere-saale\/"},{"@type":"ListItem","position":2,"name":"Vogel des Jahres 2014 &#8211; Der Gr\u00fcnspecht"}]},{"@type":"WebSite","@id":"https:\/\/www.naturparkmagazin.de\/thueringer-schiefergebirge-obere-saale\/#website","url":"https:\/\/www.naturparkmagazin.de\/thueringer-schiefergebirge-obere-saale\/","name":"Naturpark Th\u00fcringer Schiefergebirge\/Obere Saale","description":"","potentialAction":[{"@type":"SearchAction","target":{"@type":"EntryPoint","urlTemplate":"https:\/\/www.naturparkmagazin.de\/thueringer-schiefergebirge-obere-saale\/?s={search_term_string}"},"query-input":"required name=search_term_string"}],"inLanguage":"de"},{"@type":"Person","@id":"https:\/\/www.naturparkmagazin.de\/thueringer-schiefergebirge-obere-saale\/#\/schema\/person\/9d2988ec047274b29ed24aa0cb0a9b74","name":"beategraumann","description":"Sachbearbeiterin in der Naturparkverwaltung Sachgebiete \u00d6ffentlichkeitsarbeit, Tourismus, Umweltbildung","sameAs":["http:\/\/www.thueringer-schiefergebirge-obere-saale.de"],"url":"https:\/\/www.naturparkmagazin.de\/thueringer-schiefergebirge-obere-saale\/author\/beategraumann\/"}]}},"_links":{"self":[{"href":"https:\/\/www.naturparkmagazin.de\/thueringer-schiefergebirge-obere-saale\/wp-json\/wp\/v2\/posts\/709"}],"collection":[{"href":"https:\/\/www.naturparkmagazin.de\/thueringer-schiefergebirge-obere-saale\/wp-json\/wp\/v2\/posts"}],"about":[{"href":"https:\/\/www.naturparkmagazin.de\/thueringer-schiefergebirge-obere-saale\/wp-json\/wp\/v2\/types\/post"}],"author":[{"embeddable":true,"href":"https:\/\/www.naturparkmagazin.de\/thueringer-schiefergebirge-obere-saale\/wp-json\/wp\/v2\/users\/30"}],"replies":[{"embeddable":true,"href":"https:\/\/www.naturparkmagazin.de\/thueringer-schiefergebirge-obere-saale\/wp-json\/wp\/v2\/comments?post=709"}],"version-history":[{"count":5,"href":"https:\/\/www.naturparkmagazin.de\/thueringer-schiefergebirge-obere-saale\/wp-json\/wp\/v2\/posts\/709\/revisions"}],"predecessor-version":[{"id":754,"href":"https:\/\/www.naturparkmagazin.de\/thueringer-schiefergebirge-obere-saale\/wp-json\/wp\/v2\/posts\/709\/revisions\/754"}],"wp:featuredmedia":[{"embeddable":true,"href":"https:\/\/www.naturparkmagazin.de\/thueringer-schiefergebirge-obere-saale\/wp-json\/wp\/v2\/media\/755"}],"wp:attachment":[{"href":"https:\/\/www.naturparkmagazin.de\/thueringer-schiefergebirge-obere-saale\/wp-json\/wp\/v2\/media?parent=709"}],"wp:term":[{"taxonomy":"category","embeddable":true,"href":"https:\/\/www.naturparkmagazin.de\/thueringer-schiefergebirge-obere-saale\/wp-json\/wp\/v2\/categories?post=709"},{"taxonomy":"post_tag","embeddable":true,"href":"https:\/\/www.naturparkmagazin.de\/thueringer-schiefergebirge-obere-saale\/wp-json\/wp\/v2\/tags?post=709"}],"curies":[{"name":"wp","href":"https:\/\/api.w.org\/{rel}","templated":true}]}}