{"id":760,"date":"2014-03-19T08:00:40","date_gmt":"2014-03-19T07:00:40","guid":{"rendered":"http:\/\/www.naturparkmagazin.de\/thueringer-schiefergebirge-obere-saale\/?p=760"},"modified":"2014-03-25T12:44:46","modified_gmt":"2014-03-25T11:44:46","slug":"baum-des-jahres-2014-die-traubeneiche","status":"publish","type":"post","link":"https:\/\/www.naturparkmagazin.de\/thueringer-schiefergebirge-obere-saale\/baum-des-jahres-2014-die-traubeneiche\/","title":{"rendered":"Baum des Jahres 2014 &#8211; Die Traubeneiche"},"content":{"rendered":"<p><b>Die Traubeneiche<\/b><\/p>\n<p><i>Quercus petraea<\/i><\/p>\n<p>Die Traubeneiche wird auch als Wintereiche bezeichnet. Grund daf\u00fcr ist, dass die Traubeneiche ihre Bl\u00e4tter erst im Fr\u00fchjahr abwirft. W\u00e4hrend der Herbst- und Wintermonate bleiben die Bl\u00e4tter am Baum. Sie kann sehr hoch wachsen und zwischen 30 bis 40 H\u00f6henmeter erreichen. Traubeneichen k\u00f6nnen zudem mehrere hundert Jahre alt werden \u2013 durch die kr\u00e4ftige Pfahlwurzel ist der Baum relativ sturmfest. Die Traubeneiche ist der Stieleiche zum Verwechseln \u00e4hnlich, es gibt jedoch gute Merkmale zur Unterscheidung: Der Stamm der Traubeneiche ist meist auffallend gerade, die Borke nicht so tiefrissig, die Bl\u00e4tter deutlich gestielt (ein bis drei Zentimeter lang). Die Eicheln sitzen eher geh\u00e4uft, also in Trauben an den Fruchtbechern \u2013 diese Tatsache ist auch Grund f\u00fcr den Namen dieser Eichenart.<\/p>\n<p>F\u00fcr viele Tiere sind Eicheln eine feste Nahrungsgrundlage. Eichelh\u00e4her und Eichh\u00f6rnchen sind unter anderem daf\u00fcr verantwortlich, dass sich der Baum gut verbreitet: Sie legen im Herbst Nahrungsvorr\u00e4te an, verstecken die Baumfr\u00fcchte und vergraben sie in der Erde \u2013 aber nicht alle Eicheln werden wiedergefunden. So beginnen sie im Fr\u00fchjahr zu keimen und neues Leben entsteht.<\/p>\n<p>F\u00fcr den Menschen ist die Traubeneiche in mehrfacher Hinsicht ein wichtiger Baum: Das Holz der ist zum einen sehr hart, best\u00e4ndig und l\u00e4sst sich vielseitig verwenden: als Bauholz im Innenausbau, f\u00fcr Masten und Pf\u00e4hle im Wasserbau, als M\u00f6belholz oder zum Fass- und K\u00fcbelbau. \u00dcberdies ist die Eichenrinde \u00e4u\u00dferst gerbstoffreich. Seit Jahrhunderten wird sie in der Naturheilkunde als blutungsstillendes und infektionshemmendes Mittel genutzt.<\/p>\n<p>Text: Susen Reuter<\/p>\n","protected":false},"excerpt":{"rendered":"<p>Die Traubeneiche wird auch als Wintereiche bezeichnet. Grund daf\u00fcr ist, dass die Traubeneiche ihre Bl\u00e4tter erst im Fr\u00fchjahr abwirft. W\u00e4hrend der Herbst- und Wintermonate bleiben die Bl\u00e4tter am Baum.<\/p>\n","protected":false},"author":30,"featured_media":761,"comment_status":"open","ping_status":"open","sticky":false,"template":"","format":"standard","meta":[],"categories":[7],"tags":[],"yoast_head":"<!-- This site is optimized with the Yoast SEO plugin v19.10 - https:\/\/yoast.com\/wordpress\/plugins\/seo\/ -->\n<title>Baum des Jahres 2014 - Die Traubeneiche - Naturpark Th\u00fcringer Schiefergebirge\/Obere Saale<\/title>\n<meta name=\"robots\" content=\"index, follow, max-snippet:-1, max-image-preview:large, max-video-preview:-1\" \/>\n<link rel=\"canonical\" href=\"https:\/\/www.naturparkmagazin.de\/thueringer-schiefergebirge-obere-saale\/baum-des-jahres-2014-die-traubeneiche\/\" \/>\n<meta property=\"og:locale\" content=\"de_DE\" \/>\n<meta property=\"og:type\" content=\"article\" \/>\n<meta property=\"og:title\" content=\"Baum des Jahres 2014 - Die Traubeneiche - Naturpark Th\u00fcringer Schiefergebirge\/Obere Saale\" \/>\n<meta property=\"og:description\" content=\"Die Traubeneiche wird auch als Wintereiche bezeichnet. Grund daf\u00fcr ist, dass die Traubeneiche ihre Bl\u00e4tter erst im Fr\u00fchjahr abwirft. W\u00e4hrend der Herbst- und Wintermonate bleiben die Bl\u00e4tter am Baum.\" \/>\n<meta property=\"og:url\" content=\"https:\/\/www.naturparkmagazin.de\/thueringer-schiefergebirge-obere-saale\/baum-des-jahres-2014-die-traubeneiche\/\" \/>\n<meta property=\"og:site_name\" content=\"Naturpark Th\u00fcringer Schiefergebirge\/Obere Saale\" \/>\n<meta property=\"article:published_time\" content=\"2014-03-19T07:00:40+00:00\" \/>\n<meta property=\"article:modified_time\" content=\"2014-03-25T11:44:46+00:00\" \/>\n<meta property=\"og:image\" content=\"https:\/\/www.naturparkmagazin.de\/thueringer-schiefergebirge-obere-saale\/wp-content\/uploads\/sites\/13\/Traubeneiche1_BA-Nicanos-Wikipedia.jpg\" \/>\n\t<meta property=\"og:image:width\" content=\"640\" \/>\n\t<meta property=\"og:image:height\" content=\"480\" \/>\n\t<meta property=\"og:image:type\" content=\"image\/jpeg\" \/>\n<meta name=\"author\" content=\"beategraumann\" \/>\n<meta name=\"twitter:label1\" content=\"Verfasst von\" \/>\n\t<meta name=\"twitter:data1\" content=\"beategraumann\" \/>\n\t<meta name=\"twitter:label2\" content=\"Gesch\u00e4tzte Lesezeit\" \/>\n\t<meta name=\"twitter:data2\" content=\"1\u00a0Minute\" \/>\n<script type=\"application\/ld+json\" class=\"yoast-schema-graph\">{\"@context\":\"https:\/\/schema.org\",\"@graph\":[{\"@type\":\"WebPage\",\"@id\":\"https:\/\/www.naturparkmagazin.de\/thueringer-schiefergebirge-obere-saale\/baum-des-jahres-2014-die-traubeneiche\/\",\"url\":\"https:\/\/www.naturparkmagazin.de\/thueringer-schiefergebirge-obere-saale\/baum-des-jahres-2014-die-traubeneiche\/\",\"name\":\"Baum des Jahres 2014 - Die Traubeneiche - Naturpark Th\u00fcringer Schiefergebirge\/Obere Saale\",\"isPartOf\":{\"@id\":\"https:\/\/www.naturparkmagazin.de\/thueringer-schiefergebirge-obere-saale\/#website\"},\"datePublished\":\"2014-03-19T07:00:40+00:00\",\"dateModified\":\"2014-03-25T11:44:46+00:00\",\"author\":{\"@id\":\"https:\/\/www.naturparkmagazin.de\/thueringer-schiefergebirge-obere-saale\/#\/schema\/person\/9d2988ec047274b29ed24aa0cb0a9b74\"},\"breadcrumb\":{\"@id\":\"https:\/\/www.naturparkmagazin.de\/thueringer-schiefergebirge-obere-saale\/baum-des-jahres-2014-die-traubeneiche\/#breadcrumb\"},\"inLanguage\":\"de\",\"potentialAction\":[{\"@type\":\"ReadAction\",\"target\":[\"https:\/\/www.naturparkmagazin.de\/thueringer-schiefergebirge-obere-saale\/baum-des-jahres-2014-die-traubeneiche\/\"]}]},{\"@type\":\"BreadcrumbList\",\"@id\":\"https:\/\/www.naturparkmagazin.de\/thueringer-schiefergebirge-obere-saale\/baum-des-jahres-2014-die-traubeneiche\/#breadcrumb\",\"itemListElement\":[{\"@type\":\"ListItem\",\"position\":1,\"name\":\"Home\",\"item\":\"https:\/\/www.naturparkmagazin.de\/thueringer-schiefergebirge-obere-saale\/\"},{\"@type\":\"ListItem\",\"position\":2,\"name\":\"Baum des Jahres 2014 &#8211; Die Traubeneiche\"}]},{\"@type\":\"WebSite\",\"@id\":\"https:\/\/www.naturparkmagazin.de\/thueringer-schiefergebirge-obere-saale\/#website\",\"url\":\"https:\/\/www.naturparkmagazin.de\/thueringer-schiefergebirge-obere-saale\/\",\"name\":\"Naturpark Th\u00fcringer Schiefergebirge\/Obere Saale\",\"description\":\"\",\"potentialAction\":[{\"@type\":\"SearchAction\",\"target\":{\"@type\":\"EntryPoint\",\"urlTemplate\":\"https:\/\/www.naturparkmagazin.de\/thueringer-schiefergebirge-obere-saale\/?s={search_term_string}\"},\"query-input\":\"required name=search_term_string\"}],\"inLanguage\":\"de\"},{\"@type\":\"Person\",\"@id\":\"https:\/\/www.naturparkmagazin.de\/thueringer-schiefergebirge-obere-saale\/#\/schema\/person\/9d2988ec047274b29ed24aa0cb0a9b74\",\"name\":\"beategraumann\",\"description\":\"Sachbearbeiterin in der Naturparkverwaltung Sachgebiete \u00d6ffentlichkeitsarbeit, Tourismus, Umweltbildung\",\"sameAs\":[\"http:\/\/www.thueringer-schiefergebirge-obere-saale.de\"],\"url\":\"https:\/\/www.naturparkmagazin.de\/thueringer-schiefergebirge-obere-saale\/author\/beategraumann\/\"}]}<\/script>\n<!-- \/ Yoast SEO plugin. -->","yoast_head_json":{"title":"Baum des Jahres 2014 - Die Traubeneiche - Naturpark Th\u00fcringer Schiefergebirge\/Obere Saale","robots":{"index":"index","follow":"follow","max-snippet":"max-snippet:-1","max-image-preview":"max-image-preview:large","max-video-preview":"max-video-preview:-1"},"canonical":"https:\/\/www.naturparkmagazin.de\/thueringer-schiefergebirge-obere-saale\/baum-des-jahres-2014-die-traubeneiche\/","og_locale":"de_DE","og_type":"article","og_title":"Baum des Jahres 2014 - Die Traubeneiche - Naturpark Th\u00fcringer Schiefergebirge\/Obere Saale","og_description":"Die Traubeneiche wird auch als Wintereiche bezeichnet. Grund daf\u00fcr ist, dass die Traubeneiche ihre Bl\u00e4tter erst im Fr\u00fchjahr abwirft. W\u00e4hrend der Herbst- und Wintermonate bleiben die Bl\u00e4tter am Baum.","og_url":"https:\/\/www.naturparkmagazin.de\/thueringer-schiefergebirge-obere-saale\/baum-des-jahres-2014-die-traubeneiche\/","og_site_name":"Naturpark Th\u00fcringer Schiefergebirge\/Obere Saale","article_published_time":"2014-03-19T07:00:40+00:00","article_modified_time":"2014-03-25T11:44:46+00:00","og_image":[{"width":640,"height":480,"url":"https:\/\/www.naturparkmagazin.de\/thueringer-schiefergebirge-obere-saale\/wp-content\/uploads\/sites\/13\/Traubeneiche1_BA-Nicanos-Wikipedia.jpg","type":"image\/jpeg"}],"author":"beategraumann","twitter_misc":{"Verfasst von":"beategraumann","Gesch\u00e4tzte Lesezeit":"1\u00a0Minute"},"schema":{"@context":"https:\/\/schema.org","@graph":[{"@type":"WebPage","@id":"https:\/\/www.naturparkmagazin.de\/thueringer-schiefergebirge-obere-saale\/baum-des-jahres-2014-die-traubeneiche\/","url":"https:\/\/www.naturparkmagazin.de\/thueringer-schiefergebirge-obere-saale\/baum-des-jahres-2014-die-traubeneiche\/","name":"Baum des Jahres 2014 - Die Traubeneiche - Naturpark Th\u00fcringer Schiefergebirge\/Obere Saale","isPartOf":{"@id":"https:\/\/www.naturparkmagazin.de\/thueringer-schiefergebirge-obere-saale\/#website"},"datePublished":"2014-03-19T07:00:40+00:00","dateModified":"2014-03-25T11:44:46+00:00","author":{"@id":"https:\/\/www.naturparkmagazin.de\/thueringer-schiefergebirge-obere-saale\/#\/schema\/person\/9d2988ec047274b29ed24aa0cb0a9b74"},"breadcrumb":{"@id":"https:\/\/www.naturparkmagazin.de\/thueringer-schiefergebirge-obere-saale\/baum-des-jahres-2014-die-traubeneiche\/#breadcrumb"},"inLanguage":"de","potentialAction":[{"@type":"ReadAction","target":["https:\/\/www.naturparkmagazin.de\/thueringer-schiefergebirge-obere-saale\/baum-des-jahres-2014-die-traubeneiche\/"]}]},{"@type":"BreadcrumbList","@id":"https:\/\/www.naturparkmagazin.de\/thueringer-schiefergebirge-obere-saale\/baum-des-jahres-2014-die-traubeneiche\/#breadcrumb","itemListElement":[{"@type":"ListItem","position":1,"name":"Home","item":"https:\/\/www.naturparkmagazin.de\/thueringer-schiefergebirge-obere-saale\/"},{"@type":"ListItem","position":2,"name":"Baum des Jahres 2014 &#8211; Die Traubeneiche"}]},{"@type":"WebSite","@id":"https:\/\/www.naturparkmagazin.de\/thueringer-schiefergebirge-obere-saale\/#website","url":"https:\/\/www.naturparkmagazin.de\/thueringer-schiefergebirge-obere-saale\/","name":"Naturpark Th\u00fcringer Schiefergebirge\/Obere Saale","description":"","potentialAction":[{"@type":"SearchAction","target":{"@type":"EntryPoint","urlTemplate":"https:\/\/www.naturparkmagazin.de\/thueringer-schiefergebirge-obere-saale\/?s={search_term_string}"},"query-input":"required name=search_term_string"}],"inLanguage":"de"},{"@type":"Person","@id":"https:\/\/www.naturparkmagazin.de\/thueringer-schiefergebirge-obere-saale\/#\/schema\/person\/9d2988ec047274b29ed24aa0cb0a9b74","name":"beategraumann","description":"Sachbearbeiterin in der Naturparkverwaltung Sachgebiete \u00d6ffentlichkeitsarbeit, Tourismus, Umweltbildung","sameAs":["http:\/\/www.thueringer-schiefergebirge-obere-saale.de"],"url":"https:\/\/www.naturparkmagazin.de\/thueringer-schiefergebirge-obere-saale\/author\/beategraumann\/"}]}},"_links":{"self":[{"href":"https:\/\/www.naturparkmagazin.de\/thueringer-schiefergebirge-obere-saale\/wp-json\/wp\/v2\/posts\/760"}],"collection":[{"href":"https:\/\/www.naturparkmagazin.de\/thueringer-schiefergebirge-obere-saale\/wp-json\/wp\/v2\/posts"}],"about":[{"href":"https:\/\/www.naturparkmagazin.de\/thueringer-schiefergebirge-obere-saale\/wp-json\/wp\/v2\/types\/post"}],"author":[{"embeddable":true,"href":"https:\/\/www.naturparkmagazin.de\/thueringer-schiefergebirge-obere-saale\/wp-json\/wp\/v2\/users\/30"}],"replies":[{"embeddable":true,"href":"https:\/\/www.naturparkmagazin.de\/thueringer-schiefergebirge-obere-saale\/wp-json\/wp\/v2\/comments?post=760"}],"version-history":[{"count":4,"href":"https:\/\/www.naturparkmagazin.de\/thueringer-schiefergebirge-obere-saale\/wp-json\/wp\/v2\/posts\/760\/revisions"}],"predecessor-version":[{"id":789,"href":"https:\/\/www.naturparkmagazin.de\/thueringer-schiefergebirge-obere-saale\/wp-json\/wp\/v2\/posts\/760\/revisions\/789"}],"wp:featuredmedia":[{"embeddable":true,"href":"https:\/\/www.naturparkmagazin.de\/thueringer-schiefergebirge-obere-saale\/wp-json\/wp\/v2\/media\/761"}],"wp:attachment":[{"href":"https:\/\/www.naturparkmagazin.de\/thueringer-schiefergebirge-obere-saale\/wp-json\/wp\/v2\/media?parent=760"}],"wp:term":[{"taxonomy":"category","embeddable":true,"href":"https:\/\/www.naturparkmagazin.de\/thueringer-schiefergebirge-obere-saale\/wp-json\/wp\/v2\/categories?post=760"},{"taxonomy":"post_tag","embeddable":true,"href":"https:\/\/www.naturparkmagazin.de\/thueringer-schiefergebirge-obere-saale\/wp-json\/wp\/v2\/tags?post=760"}],"curies":[{"name":"wp","href":"https:\/\/api.w.org\/{rel}","templated":true}]}}