{"id":829,"date":"2014-05-20T08:00:27","date_gmt":"2014-05-20T06:00:27","guid":{"rendered":"http:\/\/www.naturparkmagazin.de\/thueringer-schiefergebirge-obere-saale\/?p=829"},"modified":"2014-05-26T10:29:49","modified_gmt":"2014-05-26T08:29:49","slug":"fledermaus-abend-im-naturpark","status":"publish","type":"post","link":"https:\/\/www.naturparkmagazin.de\/thueringer-schiefergebirge-obere-saale\/fledermaus-abend-im-naturpark\/","title":{"rendered":"Fledermaus-Abend im Naturpark"},"content":{"rendered":"<p><span style=\"font-size: medium\"><span style=\"color: #000000\"><span style=\"font-family: Calibri\">Die biologische Vielfalt auch f\u00fcr unsere Kinder und Kindeskinder zu bewahren, ist uns allen ein wichtiges Anliegen. In Th\u00fcringen kommen \u00fcber zwei Drittel aller Tier- und Pflanzenarten Deutschlands vor. Viele dieser Arten sind aber auch bei uns in ihrer Existenz bedroht und bed\u00fcrfen unseres Schutzes. <\/span><\/span><\/span><\/p>\n<p><span style=\"font-size: medium\"><span style=\"color: #000000\"><span style=\"font-family: Calibri\">Hierzu geh\u00f6ren auch die Flederm\u00e4use. \u00dcber die Artenvielfalt und ihren Schutz zu informieren und entsprechende Bildungsma\u00dfnahmen zu entwickeln und durchzuf\u00fchren, ist ein wichtiges Ziel, das Th\u00fcringen in seiner Biodiversit\u00e4tsstrategie formuliert hat. Mit Unterst\u00fctzung der Stiftung Fledermaus wurde ein neues Bildungsangebot entwickelt, das genau diesen Intentionen dient. <\/span><\/span><\/span><\/p>\n<p><span style=\"font-size: medium\"><span style=\"color: #000000\"><span style=\"font-family: Calibri\">Wir laden Sie daher sehr herzlich in den Naturpark Th\u00fcringer Schiefergebirge\/Obere Saale ein und freuen uns, wenn Sie bei dieser\u00a0 besonderen Premiere am 05. Juni 2014 um 19.30 Uhr im Stadtpark an der Sormitz in Wurzbach, Saale-Orla-Kreis, dabei sind.\u00a0\u00a0 <\/span><\/span><\/span><\/p>\n<p><strong><span style=\"font-size: medium\"><span style=\"color: #000000\"><span style=\"font-family: Calibri\">Programm <\/span><\/span><\/span><\/strong><\/p>\n<p><span style=\"font-size: medium\"><span style=\"color: #000000\"><span style=\"font-family: Calibri\">19:30 Uhr\u00a0\u00a0Er\u00f6ffnung und Auftakt Herr Jan Sch\u00fcbel &#8211; B\u00fcrgermeister der Stadt Wurzbach, Frau Christine Kober &#8211; Leiterin des Naturparks Th\u00fcringer Schiefergebirge\/Obere Saale\u00a0und die Naturpark-Schule Karl Oertel in Lehesten \u00a0\u00a0\u00a0\u00a0\u00a0\u00a0\u00a0\u00a0\u00a0 <\/span><\/span><\/span><\/p>\n<p><span style=\"font-size: medium\"><span style=\"color: #000000\"><span style=\"font-family: Calibri\">20:00 Uhr\u00a0\u00a0Gru\u00dfwort\u00a0Herr J\u00fcrgen Reinholz &#8211; Minister f\u00fcr Landwirtschaft, Forsten, Umwelt und Naturschutz in Th\u00fcringen\u00a0\u00a0\u00a0\u00a0 \u00a0\u00a0\u00a0\u00a0\u00a0\u00a0\u00a0\u00a0\u00a0\u00a0\u00a0\u00a0\u00a0\u00a0\u00a0\u00a0\u00a0\u00a0\u00a0\u00a0\u00a0\u00a0\u00a0\u00a0\u00a0\u00a0\u00a0\u00a0\u00a0\u00a0 <\/span><\/span><\/span><\/p>\n<p><span style=\"font-family: Calibri\"><span style=\"font-size: medium\"><span style=\"color: #000000\">20:15 Uhr\u00a0\u201eZehn kleine Flederm\u00e4use\u201c und vieles mehr,\u00a0Naturpark-Schule Karl Oertel in Lehesten<\/span><\/span><\/span><\/p>\n<p><span style=\"font-size: medium\"><span style=\"color: #000000\"><span style=\"font-family: Calibri\">20:30 Uhr\u00a0Pr\u00e4sentation des neuen Bildungsangebotes durch Frau Christine Kober<\/span><\/span><\/span><\/p>\n<p><span style=\"font-size: medium\"><span style=\"color: #000000\"><span style=\"font-family: Calibri\">20:45 Uhr\u00a0Start zur 1. Wanderung\u00a0 anl\u00e4sslich des bundesweiten Wandertages zur Erhaltung der biologischen Vielfalt<\/span><\/span><\/span><\/p>\n<p><span style=\"font-size: medium\"><span style=\"color: #000000\"><span style=\"font-family: Calibri\">Gleichzeitig erwartet Sie ein\u00a0buntes Programm im Stadtpark an der Sormitz zum Thema biologische Vielfalt.<\/span><\/span><\/span><\/p>\n<p>Es laden Sie dazu herzlich ein<\/p>\n<p>Ihr\u00a0Naturpark-Team<\/p>\n<p>&nbsp;<\/p>\n<p>&nbsp;<\/p>\n<p>&nbsp;<\/p>\n<p>&nbsp;<\/p>\n<p>&nbsp;<\/p>\n","protected":false},"excerpt":{"rendered":"<p>Die biologische Vielfalt auch f\u00fcr unsere Kinder und Kindeskinder zu bewahren, ist uns allen ein wichtiges Anliegen. In Th\u00fcringen kommen \u00fcber zwei Drittel aller Tier- und Pflanzenarten Deutschlands vor. Viele dieser Arten sind aber auch bei uns in ihrer Existenz bedroht und bed\u00fcrfen unseres Schutzes. Hierzu geh\u00f6ren auch die Flederm\u00e4use. \u00dcber die Artenvielfalt und ihren<\/p>\n","protected":false},"author":30,"featured_media":831,"comment_status":"open","ping_status":"open","sticky":false,"template":"","format":"standard","meta":[],"categories":[7],"tags":[],"yoast_head":"<!-- This site is optimized with the Yoast SEO plugin v19.10 - https:\/\/yoast.com\/wordpress\/plugins\/seo\/ -->\n<title>Fledermaus-Abend im Naturpark  - Naturpark Th\u00fcringer Schiefergebirge\/Obere Saale<\/title>\n<meta name=\"robots\" content=\"index, follow, max-snippet:-1, max-image-preview:large, max-video-preview:-1\" \/>\n<link rel=\"canonical\" href=\"https:\/\/www.naturparkmagazin.de\/thueringer-schiefergebirge-obere-saale\/fledermaus-abend-im-naturpark\/\" \/>\n<meta property=\"og:locale\" content=\"de_DE\" \/>\n<meta property=\"og:type\" content=\"article\" \/>\n<meta property=\"og:title\" content=\"Fledermaus-Abend im Naturpark  - Naturpark Th\u00fcringer Schiefergebirge\/Obere Saale\" \/>\n<meta property=\"og:description\" content=\"Die biologische Vielfalt auch f\u00fcr unsere Kinder und Kindeskinder zu bewahren, ist uns allen ein wichtiges Anliegen. In Th\u00fcringen kommen \u00fcber zwei Drittel aller Tier- und Pflanzenarten Deutschlands vor. Viele dieser Arten sind aber auch bei uns in ihrer Existenz bedroht und bed\u00fcrfen unseres Schutzes. Hierzu geh\u00f6ren auch die Flederm\u00e4use. \u00dcber die Artenvielfalt und ihren\" \/>\n<meta property=\"og:url\" content=\"https:\/\/www.naturparkmagazin.de\/thueringer-schiefergebirge-obere-saale\/fledermaus-abend-im-naturpark\/\" \/>\n<meta property=\"og:site_name\" content=\"Naturpark Th\u00fcringer Schiefergebirge\/Obere Saale\" \/>\n<meta property=\"article:published_time\" content=\"2014-05-20T06:00:27+00:00\" \/>\n<meta property=\"article:modified_time\" content=\"2014-05-26T08:29:49+00:00\" \/>\n<meta property=\"og:image\" content=\"https:\/\/www.naturparkmagazin.de\/thueringer-schiefergebirge-obere-saale\/wp-content\/uploads\/sites\/13\/lgohr.jpg\" \/>\n\t<meta property=\"og:image:width\" content=\"1192\" \/>\n\t<meta property=\"og:image:height\" content=\"887\" \/>\n\t<meta property=\"og:image:type\" content=\"image\/jpeg\" \/>\n<meta name=\"author\" content=\"beategraumann\" \/>\n<meta name=\"twitter:label1\" content=\"Verfasst von\" \/>\n\t<meta name=\"twitter:data1\" content=\"beategraumann\" \/>\n\t<meta name=\"twitter:label2\" content=\"Gesch\u00e4tzte Lesezeit\" \/>\n\t<meta name=\"twitter:data2\" content=\"1\u00a0Minute\" \/>\n<script type=\"application\/ld+json\" class=\"yoast-schema-graph\">{\"@context\":\"https:\/\/schema.org\",\"@graph\":[{\"@type\":\"WebPage\",\"@id\":\"https:\/\/www.naturparkmagazin.de\/thueringer-schiefergebirge-obere-saale\/fledermaus-abend-im-naturpark\/\",\"url\":\"https:\/\/www.naturparkmagazin.de\/thueringer-schiefergebirge-obere-saale\/fledermaus-abend-im-naturpark\/\",\"name\":\"Fledermaus-Abend im Naturpark - Naturpark Th\u00fcringer Schiefergebirge\/Obere Saale\",\"isPartOf\":{\"@id\":\"https:\/\/www.naturparkmagazin.de\/thueringer-schiefergebirge-obere-saale\/#website\"},\"datePublished\":\"2014-05-20T06:00:27+00:00\",\"dateModified\":\"2014-05-26T08:29:49+00:00\",\"author\":{\"@id\":\"https:\/\/www.naturparkmagazin.de\/thueringer-schiefergebirge-obere-saale\/#\/schema\/person\/9d2988ec047274b29ed24aa0cb0a9b74\"},\"breadcrumb\":{\"@id\":\"https:\/\/www.naturparkmagazin.de\/thueringer-schiefergebirge-obere-saale\/fledermaus-abend-im-naturpark\/#breadcrumb\"},\"inLanguage\":\"de\",\"potentialAction\":[{\"@type\":\"ReadAction\",\"target\":[\"https:\/\/www.naturparkmagazin.de\/thueringer-schiefergebirge-obere-saale\/fledermaus-abend-im-naturpark\/\"]}]},{\"@type\":\"BreadcrumbList\",\"@id\":\"https:\/\/www.naturparkmagazin.de\/thueringer-schiefergebirge-obere-saale\/fledermaus-abend-im-naturpark\/#breadcrumb\",\"itemListElement\":[{\"@type\":\"ListItem\",\"position\":1,\"name\":\"Home\",\"item\":\"https:\/\/www.naturparkmagazin.de\/thueringer-schiefergebirge-obere-saale\/\"},{\"@type\":\"ListItem\",\"position\":2,\"name\":\"Fledermaus-Abend im Naturpark\"}]},{\"@type\":\"WebSite\",\"@id\":\"https:\/\/www.naturparkmagazin.de\/thueringer-schiefergebirge-obere-saale\/#website\",\"url\":\"https:\/\/www.naturparkmagazin.de\/thueringer-schiefergebirge-obere-saale\/\",\"name\":\"Naturpark Th\u00fcringer Schiefergebirge\/Obere Saale\",\"description\":\"\",\"potentialAction\":[{\"@type\":\"SearchAction\",\"target\":{\"@type\":\"EntryPoint\",\"urlTemplate\":\"https:\/\/www.naturparkmagazin.de\/thueringer-schiefergebirge-obere-saale\/?s={search_term_string}\"},\"query-input\":\"required name=search_term_string\"}],\"inLanguage\":\"de\"},{\"@type\":\"Person\",\"@id\":\"https:\/\/www.naturparkmagazin.de\/thueringer-schiefergebirge-obere-saale\/#\/schema\/person\/9d2988ec047274b29ed24aa0cb0a9b74\",\"name\":\"beategraumann\",\"description\":\"Sachbearbeiterin in der Naturparkverwaltung Sachgebiete \u00d6ffentlichkeitsarbeit, Tourismus, Umweltbildung\",\"sameAs\":[\"http:\/\/www.thueringer-schiefergebirge-obere-saale.de\"],\"url\":\"https:\/\/www.naturparkmagazin.de\/thueringer-schiefergebirge-obere-saale\/author\/beategraumann\/\"}]}<\/script>\n<!-- \/ Yoast SEO plugin. -->","yoast_head_json":{"title":"Fledermaus-Abend im Naturpark  - Naturpark Th\u00fcringer Schiefergebirge\/Obere Saale","robots":{"index":"index","follow":"follow","max-snippet":"max-snippet:-1","max-image-preview":"max-image-preview:large","max-video-preview":"max-video-preview:-1"},"canonical":"https:\/\/www.naturparkmagazin.de\/thueringer-schiefergebirge-obere-saale\/fledermaus-abend-im-naturpark\/","og_locale":"de_DE","og_type":"article","og_title":"Fledermaus-Abend im Naturpark  - Naturpark Th\u00fcringer Schiefergebirge\/Obere Saale","og_description":"Die biologische Vielfalt auch f\u00fcr unsere Kinder und Kindeskinder zu bewahren, ist uns allen ein wichtiges Anliegen. In Th\u00fcringen kommen \u00fcber zwei Drittel aller Tier- und Pflanzenarten Deutschlands vor. Viele dieser Arten sind aber auch bei uns in ihrer Existenz bedroht und bed\u00fcrfen unseres Schutzes. Hierzu geh\u00f6ren auch die Flederm\u00e4use. \u00dcber die Artenvielfalt und ihren","og_url":"https:\/\/www.naturparkmagazin.de\/thueringer-schiefergebirge-obere-saale\/fledermaus-abend-im-naturpark\/","og_site_name":"Naturpark Th\u00fcringer Schiefergebirge\/Obere Saale","article_published_time":"2014-05-20T06:00:27+00:00","article_modified_time":"2014-05-26T08:29:49+00:00","og_image":[{"width":1192,"height":887,"url":"https:\/\/www.naturparkmagazin.de\/thueringer-schiefergebirge-obere-saale\/wp-content\/uploads\/sites\/13\/lgohr.jpg","type":"image\/jpeg"}],"author":"beategraumann","twitter_misc":{"Verfasst von":"beategraumann","Gesch\u00e4tzte Lesezeit":"1\u00a0Minute"},"schema":{"@context":"https:\/\/schema.org","@graph":[{"@type":"WebPage","@id":"https:\/\/www.naturparkmagazin.de\/thueringer-schiefergebirge-obere-saale\/fledermaus-abend-im-naturpark\/","url":"https:\/\/www.naturparkmagazin.de\/thueringer-schiefergebirge-obere-saale\/fledermaus-abend-im-naturpark\/","name":"Fledermaus-Abend im Naturpark - Naturpark Th\u00fcringer Schiefergebirge\/Obere Saale","isPartOf":{"@id":"https:\/\/www.naturparkmagazin.de\/thueringer-schiefergebirge-obere-saale\/#website"},"datePublished":"2014-05-20T06:00:27+00:00","dateModified":"2014-05-26T08:29:49+00:00","author":{"@id":"https:\/\/www.naturparkmagazin.de\/thueringer-schiefergebirge-obere-saale\/#\/schema\/person\/9d2988ec047274b29ed24aa0cb0a9b74"},"breadcrumb":{"@id":"https:\/\/www.naturparkmagazin.de\/thueringer-schiefergebirge-obere-saale\/fledermaus-abend-im-naturpark\/#breadcrumb"},"inLanguage":"de","potentialAction":[{"@type":"ReadAction","target":["https:\/\/www.naturparkmagazin.de\/thueringer-schiefergebirge-obere-saale\/fledermaus-abend-im-naturpark\/"]}]},{"@type":"BreadcrumbList","@id":"https:\/\/www.naturparkmagazin.de\/thueringer-schiefergebirge-obere-saale\/fledermaus-abend-im-naturpark\/#breadcrumb","itemListElement":[{"@type":"ListItem","position":1,"name":"Home","item":"https:\/\/www.naturparkmagazin.de\/thueringer-schiefergebirge-obere-saale\/"},{"@type":"ListItem","position":2,"name":"Fledermaus-Abend im Naturpark"}]},{"@type":"WebSite","@id":"https:\/\/www.naturparkmagazin.de\/thueringer-schiefergebirge-obere-saale\/#website","url":"https:\/\/www.naturparkmagazin.de\/thueringer-schiefergebirge-obere-saale\/","name":"Naturpark Th\u00fcringer Schiefergebirge\/Obere Saale","description":"","potentialAction":[{"@type":"SearchAction","target":{"@type":"EntryPoint","urlTemplate":"https:\/\/www.naturparkmagazin.de\/thueringer-schiefergebirge-obere-saale\/?s={search_term_string}"},"query-input":"required name=search_term_string"}],"inLanguage":"de"},{"@type":"Person","@id":"https:\/\/www.naturparkmagazin.de\/thueringer-schiefergebirge-obere-saale\/#\/schema\/person\/9d2988ec047274b29ed24aa0cb0a9b74","name":"beategraumann","description":"Sachbearbeiterin in der Naturparkverwaltung Sachgebiete \u00d6ffentlichkeitsarbeit, Tourismus, Umweltbildung","sameAs":["http:\/\/www.thueringer-schiefergebirge-obere-saale.de"],"url":"https:\/\/www.naturparkmagazin.de\/thueringer-schiefergebirge-obere-saale\/author\/beategraumann\/"}]}},"_links":{"self":[{"href":"https:\/\/www.naturparkmagazin.de\/thueringer-schiefergebirge-obere-saale\/wp-json\/wp\/v2\/posts\/829"}],"collection":[{"href":"https:\/\/www.naturparkmagazin.de\/thueringer-schiefergebirge-obere-saale\/wp-json\/wp\/v2\/posts"}],"about":[{"href":"https:\/\/www.naturparkmagazin.de\/thueringer-schiefergebirge-obere-saale\/wp-json\/wp\/v2\/types\/post"}],"author":[{"embeddable":true,"href":"https:\/\/www.naturparkmagazin.de\/thueringer-schiefergebirge-obere-saale\/wp-json\/wp\/v2\/users\/30"}],"replies":[{"embeddable":true,"href":"https:\/\/www.naturparkmagazin.de\/thueringer-schiefergebirge-obere-saale\/wp-json\/wp\/v2\/comments?post=829"}],"version-history":[{"count":8,"href":"https:\/\/www.naturparkmagazin.de\/thueringer-schiefergebirge-obere-saale\/wp-json\/wp\/v2\/posts\/829\/revisions"}],"predecessor-version":[{"id":856,"href":"https:\/\/www.naturparkmagazin.de\/thueringer-schiefergebirge-obere-saale\/wp-json\/wp\/v2\/posts\/829\/revisions\/856"}],"wp:featuredmedia":[{"embeddable":true,"href":"https:\/\/www.naturparkmagazin.de\/thueringer-schiefergebirge-obere-saale\/wp-json\/wp\/v2\/media\/831"}],"wp:attachment":[{"href":"https:\/\/www.naturparkmagazin.de\/thueringer-schiefergebirge-obere-saale\/wp-json\/wp\/v2\/media?parent=829"}],"wp:term":[{"taxonomy":"category","embeddable":true,"href":"https:\/\/www.naturparkmagazin.de\/thueringer-schiefergebirge-obere-saale\/wp-json\/wp\/v2\/categories?post=829"},{"taxonomy":"post_tag","embeddable":true,"href":"https:\/\/www.naturparkmagazin.de\/thueringer-schiefergebirge-obere-saale\/wp-json\/wp\/v2\/tags?post=829"}],"curies":[{"name":"wp","href":"https:\/\/api.w.org\/{rel}","templated":true}]}}