{"id":885,"date":"2014-06-18T08:00:59","date_gmt":"2014-06-18T06:00:59","guid":{"rendered":"http:\/\/www.naturparkmagazin.de\/thueringer-schiefergebirge-obere-saale\/?p=885"},"modified":"2014-06-24T12:00:53","modified_gmt":"2014-06-24T10:00:53","slug":"im-rueckblick-fledermaus-abend-in-wurzbach","status":"publish","type":"post","link":"https:\/\/www.naturparkmagazin.de\/thueringer-schiefergebirge-obere-saale\/im-rueckblick-fledermaus-abend-in-wurzbach\/","title":{"rendered":"Im R\u00fcckblick &#8211; Fledermaus-Abend in Wurzbach"},"content":{"rendered":"<div id=\"attachment_887\" style=\"width: 382px\" class=\"wp-caption alignleft\"><a href=\"https:\/\/www.naturparkmagazin.de\/thueringer-schiefergebirge-obere-saale\/wp-content\/uploads\/sites\/13\/Fledermausrucksac-5.6.14-Grit-Lemnitzer.jpg\"><img aria-describedby=\"caption-attachment-887\" decoding=\"async\" loading=\"lazy\" class=\" wp-image-887\" title=\"Fledermausrucksack\" alt=\"Vorstellung Fledermausrucksack\" src=\"https:\/\/www.naturparkmagazin.de\/thueringer-schiefergebirge-obere-saale\/wp-content\/uploads\/sites\/13\/Fledermausrucksac-5.6.14-Grit-Lemnitzer-620x348.jpg\" width=\"372\" height=\"209\" \/><\/a><p id=\"caption-attachment-887\" class=\"wp-caption-text\">Christine Kober (rechts) und Falk Neubeck bei der Vorstellung des neuen Fledermaus-Rucksackes_BA Grit Lemnitzer<\/p><\/div>\n<p><span style=\"font-family: Calibri\"><span style=\"font-size: medium\"><span style=\"color: #000000\">Dank der guten Unterst\u00fctzung durch das ortsans\u00e4ssige Apart-Hotel \u201eAm Rennsteig\u201c und der Stiftung Fledermaus sowie der Stadt Wurzbach mit dem Bauhof und der Freiwilligen Feuerwehr und nicht zuletzt mit den jungen Leuten von \u201eQ3\u201c aus Bad Lobenstein, die f\u00fcr guten Klang sorgten, gelang ein abwechslungsreiches Abendprogramm zum Thema Flederm\u00e4use. Kleine \u201eFlederm\u00e4use\u201c von der\u00a0 Grundschule Lehesten tanzten und boten unter der Leitung von Cornelia Seifert und anderen Lehrerinnen ein kleines Showprogramm, das Bewunderung bei allen G\u00e4sten hervorrief. <\/span><\/span><\/span><\/p>\n<p><span style=\"font-family: Calibri\"><span style=\"font-size: medium\"><span style=\"color: #000000\">Es folgte ein Gru\u00dfwort des Ministers J\u00fcrgen Reinholz, das von Britta Kr\u00e4mer aus dem Referat Schutzgebiete des TMLFUN \u00fcberbracht wurde.\u00a0 Der H\u00f6hepunkt des Abends nahte mit der Vorstellung des \u201eFledermaus-Entdecker-Rucksacks\u201c, den die Leiterin der Naturparkverwaltung, Christine Kober, zusammen mit Falk Neubeck vom Apart-Hotel auspackte. Im Anschluss daran, als es zu d\u00e4mmern begann, wurde der Rucksack, in dem sich Inventar zum H\u00f6ren, Sehen und Bestimmen der Flederm\u00e4use befindet, von anwesenden G\u00e4sten, Kindern und Wurzbacher B\u00fcrgern zu einer n\u00e4chtlichen Wanderungen getestet.<\/span><\/span><\/span><\/p>\n<p><span style=\"font-size: medium\"><span style=\"color: #000000\"><span style=\"font-family: Calibri\">Der Rucksack wurde \u00fcbergeben an das Apart-Hotel in Wurzbach, wo ihn sich G\u00e4ste, aber auch Einwohner und Wanderer, Familien oder sonstige Interessierte ausleihen k\u00f6nnen, um in der Nacht die heimlichen J\u00e4ger aufzusp\u00fcren und zu beobachten. <\/span><\/span><\/span><\/p>\n","protected":false},"excerpt":{"rendered":"<p>Ein abwechslungsreiches Abendprogramm zum Thema &#8222;Flederm\u00e4use&#8220;.<\/p>\n","protected":false},"author":30,"featured_media":888,"comment_status":"open","ping_status":"open","sticky":false,"template":"","format":"standard","meta":[],"categories":[7],"tags":[],"yoast_head":"<!-- This site is optimized with the Yoast SEO plugin v19.10 - https:\/\/yoast.com\/wordpress\/plugins\/seo\/ -->\n<title>Im R\u00fcckblick - Fledermaus-Abend in Wurzbach - Naturpark Th\u00fcringer Schiefergebirge\/Obere Saale<\/title>\n<meta name=\"robots\" content=\"index, follow, max-snippet:-1, max-image-preview:large, max-video-preview:-1\" \/>\n<link rel=\"canonical\" href=\"https:\/\/www.naturparkmagazin.de\/thueringer-schiefergebirge-obere-saale\/im-rueckblick-fledermaus-abend-in-wurzbach\/\" \/>\n<meta property=\"og:locale\" content=\"de_DE\" \/>\n<meta property=\"og:type\" content=\"article\" \/>\n<meta property=\"og:title\" content=\"Im R\u00fcckblick - Fledermaus-Abend in Wurzbach - Naturpark Th\u00fcringer Schiefergebirge\/Obere Saale\" \/>\n<meta property=\"og:description\" content=\"Ein abwechslungsreiches Abendprogramm zum Thema &quot;Flederm\u00e4use&quot;.\" \/>\n<meta property=\"og:url\" content=\"https:\/\/www.naturparkmagazin.de\/thueringer-schiefergebirge-obere-saale\/im-rueckblick-fledermaus-abend-in-wurzbach\/\" \/>\n<meta property=\"og:site_name\" content=\"Naturpark Th\u00fcringer Schiefergebirge\/Obere Saale\" \/>\n<meta property=\"article:published_time\" content=\"2014-06-18T06:00:59+00:00\" \/>\n<meta property=\"article:modified_time\" content=\"2014-06-24T10:00:53+00:00\" \/>\n<meta property=\"og:image\" content=\"https:\/\/www.naturparkmagazin.de\/thueringer-schiefergebirge-obere-saale\/wp-content\/uploads\/sites\/13\/Fledermausrucksack-5.6.14-Grit-Lemnitzer.jpg\" \/>\n\t<meta property=\"og:image:width\" content=\"640\" \/>\n\t<meta property=\"og:image:height\" content=\"360\" \/>\n\t<meta property=\"og:image:type\" content=\"image\/jpeg\" \/>\n<meta name=\"author\" content=\"beategraumann\" \/>\n<meta name=\"twitter:label1\" content=\"Verfasst von\" \/>\n\t<meta name=\"twitter:data1\" content=\"beategraumann\" \/>\n\t<meta name=\"twitter:label2\" content=\"Gesch\u00e4tzte Lesezeit\" \/>\n\t<meta name=\"twitter:data2\" content=\"1\u00a0Minute\" \/>\n<script type=\"application\/ld+json\" class=\"yoast-schema-graph\">{\"@context\":\"https:\/\/schema.org\",\"@graph\":[{\"@type\":\"WebPage\",\"@id\":\"https:\/\/www.naturparkmagazin.de\/thueringer-schiefergebirge-obere-saale\/im-rueckblick-fledermaus-abend-in-wurzbach\/\",\"url\":\"https:\/\/www.naturparkmagazin.de\/thueringer-schiefergebirge-obere-saale\/im-rueckblick-fledermaus-abend-in-wurzbach\/\",\"name\":\"Im R\u00fcckblick - Fledermaus-Abend in Wurzbach - Naturpark Th\u00fcringer Schiefergebirge\/Obere Saale\",\"isPartOf\":{\"@id\":\"https:\/\/www.naturparkmagazin.de\/thueringer-schiefergebirge-obere-saale\/#website\"},\"datePublished\":\"2014-06-18T06:00:59+00:00\",\"dateModified\":\"2014-06-24T10:00:53+00:00\",\"author\":{\"@id\":\"https:\/\/www.naturparkmagazin.de\/thueringer-schiefergebirge-obere-saale\/#\/schema\/person\/9d2988ec047274b29ed24aa0cb0a9b74\"},\"breadcrumb\":{\"@id\":\"https:\/\/www.naturparkmagazin.de\/thueringer-schiefergebirge-obere-saale\/im-rueckblick-fledermaus-abend-in-wurzbach\/#breadcrumb\"},\"inLanguage\":\"de\",\"potentialAction\":[{\"@type\":\"ReadAction\",\"target\":[\"https:\/\/www.naturparkmagazin.de\/thueringer-schiefergebirge-obere-saale\/im-rueckblick-fledermaus-abend-in-wurzbach\/\"]}]},{\"@type\":\"BreadcrumbList\",\"@id\":\"https:\/\/www.naturparkmagazin.de\/thueringer-schiefergebirge-obere-saale\/im-rueckblick-fledermaus-abend-in-wurzbach\/#breadcrumb\",\"itemListElement\":[{\"@type\":\"ListItem\",\"position\":1,\"name\":\"Home\",\"item\":\"https:\/\/www.naturparkmagazin.de\/thueringer-schiefergebirge-obere-saale\/\"},{\"@type\":\"ListItem\",\"position\":2,\"name\":\"Im R\u00fcckblick &#8211; Fledermaus-Abend in Wurzbach\"}]},{\"@type\":\"WebSite\",\"@id\":\"https:\/\/www.naturparkmagazin.de\/thueringer-schiefergebirge-obere-saale\/#website\",\"url\":\"https:\/\/www.naturparkmagazin.de\/thueringer-schiefergebirge-obere-saale\/\",\"name\":\"Naturpark Th\u00fcringer Schiefergebirge\/Obere Saale\",\"description\":\"\",\"potentialAction\":[{\"@type\":\"SearchAction\",\"target\":{\"@type\":\"EntryPoint\",\"urlTemplate\":\"https:\/\/www.naturparkmagazin.de\/thueringer-schiefergebirge-obere-saale\/?s={search_term_string}\"},\"query-input\":\"required name=search_term_string\"}],\"inLanguage\":\"de\"},{\"@type\":\"Person\",\"@id\":\"https:\/\/www.naturparkmagazin.de\/thueringer-schiefergebirge-obere-saale\/#\/schema\/person\/9d2988ec047274b29ed24aa0cb0a9b74\",\"name\":\"beategraumann\",\"description\":\"Sachbearbeiterin in der Naturparkverwaltung Sachgebiete \u00d6ffentlichkeitsarbeit, Tourismus, Umweltbildung\",\"sameAs\":[\"http:\/\/www.thueringer-schiefergebirge-obere-saale.de\"],\"url\":\"https:\/\/www.naturparkmagazin.de\/thueringer-schiefergebirge-obere-saale\/author\/beategraumann\/\"}]}<\/script>\n<!-- \/ Yoast SEO plugin. -->","yoast_head_json":{"title":"Im R\u00fcckblick - Fledermaus-Abend in Wurzbach - Naturpark Th\u00fcringer Schiefergebirge\/Obere Saale","robots":{"index":"index","follow":"follow","max-snippet":"max-snippet:-1","max-image-preview":"max-image-preview:large","max-video-preview":"max-video-preview:-1"},"canonical":"https:\/\/www.naturparkmagazin.de\/thueringer-schiefergebirge-obere-saale\/im-rueckblick-fledermaus-abend-in-wurzbach\/","og_locale":"de_DE","og_type":"article","og_title":"Im R\u00fcckblick - Fledermaus-Abend in Wurzbach - Naturpark Th\u00fcringer Schiefergebirge\/Obere Saale","og_description":"Ein abwechslungsreiches Abendprogramm zum Thema \"Flederm\u00e4use\".","og_url":"https:\/\/www.naturparkmagazin.de\/thueringer-schiefergebirge-obere-saale\/im-rueckblick-fledermaus-abend-in-wurzbach\/","og_site_name":"Naturpark Th\u00fcringer Schiefergebirge\/Obere Saale","article_published_time":"2014-06-18T06:00:59+00:00","article_modified_time":"2014-06-24T10:00:53+00:00","og_image":[{"width":640,"height":360,"url":"https:\/\/www.naturparkmagazin.de\/thueringer-schiefergebirge-obere-saale\/wp-content\/uploads\/sites\/13\/Fledermausrucksack-5.6.14-Grit-Lemnitzer.jpg","type":"image\/jpeg"}],"author":"beategraumann","twitter_misc":{"Verfasst von":"beategraumann","Gesch\u00e4tzte Lesezeit":"1\u00a0Minute"},"schema":{"@context":"https:\/\/schema.org","@graph":[{"@type":"WebPage","@id":"https:\/\/www.naturparkmagazin.de\/thueringer-schiefergebirge-obere-saale\/im-rueckblick-fledermaus-abend-in-wurzbach\/","url":"https:\/\/www.naturparkmagazin.de\/thueringer-schiefergebirge-obere-saale\/im-rueckblick-fledermaus-abend-in-wurzbach\/","name":"Im R\u00fcckblick - Fledermaus-Abend in Wurzbach - Naturpark Th\u00fcringer Schiefergebirge\/Obere Saale","isPartOf":{"@id":"https:\/\/www.naturparkmagazin.de\/thueringer-schiefergebirge-obere-saale\/#website"},"datePublished":"2014-06-18T06:00:59+00:00","dateModified":"2014-06-24T10:00:53+00:00","author":{"@id":"https:\/\/www.naturparkmagazin.de\/thueringer-schiefergebirge-obere-saale\/#\/schema\/person\/9d2988ec047274b29ed24aa0cb0a9b74"},"breadcrumb":{"@id":"https:\/\/www.naturparkmagazin.de\/thueringer-schiefergebirge-obere-saale\/im-rueckblick-fledermaus-abend-in-wurzbach\/#breadcrumb"},"inLanguage":"de","potentialAction":[{"@type":"ReadAction","target":["https:\/\/www.naturparkmagazin.de\/thueringer-schiefergebirge-obere-saale\/im-rueckblick-fledermaus-abend-in-wurzbach\/"]}]},{"@type":"BreadcrumbList","@id":"https:\/\/www.naturparkmagazin.de\/thueringer-schiefergebirge-obere-saale\/im-rueckblick-fledermaus-abend-in-wurzbach\/#breadcrumb","itemListElement":[{"@type":"ListItem","position":1,"name":"Home","item":"https:\/\/www.naturparkmagazin.de\/thueringer-schiefergebirge-obere-saale\/"},{"@type":"ListItem","position":2,"name":"Im R\u00fcckblick &#8211; Fledermaus-Abend in Wurzbach"}]},{"@type":"WebSite","@id":"https:\/\/www.naturparkmagazin.de\/thueringer-schiefergebirge-obere-saale\/#website","url":"https:\/\/www.naturparkmagazin.de\/thueringer-schiefergebirge-obere-saale\/","name":"Naturpark Th\u00fcringer Schiefergebirge\/Obere Saale","description":"","potentialAction":[{"@type":"SearchAction","target":{"@type":"EntryPoint","urlTemplate":"https:\/\/www.naturparkmagazin.de\/thueringer-schiefergebirge-obere-saale\/?s={search_term_string}"},"query-input":"required name=search_term_string"}],"inLanguage":"de"},{"@type":"Person","@id":"https:\/\/www.naturparkmagazin.de\/thueringer-schiefergebirge-obere-saale\/#\/schema\/person\/9d2988ec047274b29ed24aa0cb0a9b74","name":"beategraumann","description":"Sachbearbeiterin in der Naturparkverwaltung Sachgebiete \u00d6ffentlichkeitsarbeit, Tourismus, Umweltbildung","sameAs":["http:\/\/www.thueringer-schiefergebirge-obere-saale.de"],"url":"https:\/\/www.naturparkmagazin.de\/thueringer-schiefergebirge-obere-saale\/author\/beategraumann\/"}]}},"_links":{"self":[{"href":"https:\/\/www.naturparkmagazin.de\/thueringer-schiefergebirge-obere-saale\/wp-json\/wp\/v2\/posts\/885"}],"collection":[{"href":"https:\/\/www.naturparkmagazin.de\/thueringer-schiefergebirge-obere-saale\/wp-json\/wp\/v2\/posts"}],"about":[{"href":"https:\/\/www.naturparkmagazin.de\/thueringer-schiefergebirge-obere-saale\/wp-json\/wp\/v2\/types\/post"}],"author":[{"embeddable":true,"href":"https:\/\/www.naturparkmagazin.de\/thueringer-schiefergebirge-obere-saale\/wp-json\/wp\/v2\/users\/30"}],"replies":[{"embeddable":true,"href":"https:\/\/www.naturparkmagazin.de\/thueringer-schiefergebirge-obere-saale\/wp-json\/wp\/v2\/comments?post=885"}],"version-history":[{"count":5,"href":"https:\/\/www.naturparkmagazin.de\/thueringer-schiefergebirge-obere-saale\/wp-json\/wp\/v2\/posts\/885\/revisions"}],"predecessor-version":[{"id":925,"href":"https:\/\/www.naturparkmagazin.de\/thueringer-schiefergebirge-obere-saale\/wp-json\/wp\/v2\/posts\/885\/revisions\/925"}],"wp:featuredmedia":[{"embeddable":true,"href":"https:\/\/www.naturparkmagazin.de\/thueringer-schiefergebirge-obere-saale\/wp-json\/wp\/v2\/media\/888"}],"wp:attachment":[{"href":"https:\/\/www.naturparkmagazin.de\/thueringer-schiefergebirge-obere-saale\/wp-json\/wp\/v2\/media?parent=885"}],"wp:term":[{"taxonomy":"category","embeddable":true,"href":"https:\/\/www.naturparkmagazin.de\/thueringer-schiefergebirge-obere-saale\/wp-json\/wp\/v2\/categories?post=885"},{"taxonomy":"post_tag","embeddable":true,"href":"https:\/\/www.naturparkmagazin.de\/thueringer-schiefergebirge-obere-saale\/wp-json\/wp\/v2\/tags?post=885"}],"curies":[{"name":"wp","href":"https:\/\/api.w.org\/{rel}","templated":true}]}}