{"id":900,"date":"2014-06-18T08:00:17","date_gmt":"2014-06-18T06:00:17","guid":{"rendered":"http:\/\/www.naturparkmagazin.de\/thueringer-schiefergebirge-obere-saale\/?p=900"},"modified":"2014-06-24T12:03:57","modified_gmt":"2014-06-24T10:03:57","slug":"natur-des-jahres-2014-schmetterling-des-jahres","status":"publish","type":"post","link":"https:\/\/www.naturparkmagazin.de\/thueringer-schiefergebirge-obere-saale\/natur-des-jahres-2014-schmetterling-des-jahres\/","title":{"rendered":"Natur 2014 &#8211; Schmetterling des Jahres"},"content":{"rendered":"<div id=\"attachment_903\" style=\"width: 630px\" class=\"wp-caption aligncenter\"><a href=\"https:\/\/www.naturparkmagazin.de\/thueringer-schiefergebirge-obere-saale\/wp-content\/uploads\/sites\/13\/Wolfsmilchschw\u00e4rmer-Raupe_by_luise_pixelio.de_.jpg\"><img aria-describedby=\"caption-attachment-903\" decoding=\"async\" loading=\"lazy\" class=\"size-medium wp-image-903 \" alt=\"Die farbenreiche Raupe des Wolfsmilchschw\u00e4rmers an einem Wolfsmilchchgew\u00e4chs-by_luise_pixelio.de \" src=\"https:\/\/www.naturparkmagazin.de\/thueringer-schiefergebirge-obere-saale\/wp-content\/uploads\/sites\/13\/Wolfsmilchschw\u00e4rmer-Raupe_by_luise_pixelio.de_-620x350.jpg\" width=\"620\" height=\"350\" \/><\/a><p id=\"caption-attachment-903\" class=\"wp-caption-text\">Die farbenreiche Raupe des Wolfsmilchschw\u00e4rmers an einem Wolfsmilchchgew\u00e4chs-by_luise_pixelio.de<\/p><\/div>\n<p><b><span style=\"color: #000000\"><span style=\"font-family: Arial\">Der Wolfsmilchschw\u00e4rmer<\/span><\/span><\/b><\/p>\n<p><b><span style=\"color: #000000;font-family: Arial\">\u00a0<\/span><\/b><i><span style=\"color: #000000\"><span style=\"font-family: Arial\">Hyles euphorbiae<\/span><\/span><\/i><\/p>\n<p><i><span style=\"color: #000000;font-family: Arial\">\u00a0<\/span><\/i><span style=\"color: #000000\"><span style=\"font-family: Arial\">Er geh\u00f6rt zu den gr\u00f6\u00dferen Schmetterlingen hierzulande und misst schon mal eine Fl\u00fcgelspannweite von bis zu acht Zentimetern! Der Wolfsmilchschw\u00e4rmer mag es warm und trocken. Oft findet man ihn an sonnigen H\u00e4ngen, Feld- und Wegr\u00e4ndern. \u2013 Hier w\u00e4chst seine Lieblingspflanze, zu der er eine innige Beziehung hegt: die Zypressen-Wolfsmilch. Die farbenfrohen Raupen leben an den Bl\u00e4ttern der Pflanze und ern\u00e4hren sich von ihrem milchigen Saft. F\u00fcr die meisten Tiere ist diese Pflanze t\u00f6dlich giftig! Nicht aber f\u00fcr den Wolfsmilchschw\u00e4rmer, denn die Raupe wird selbst zum Giftcocktail und warnt ihre Feinde durch auff\u00e4llige Signalfarben. <\/span><\/span><\/p>\n<p><span style=\"color: #000000\"><span style=\"font-family: Arial\">Der Wolfsmilchschw\u00e4rmer fliegt in einer Generation von Mitte Mai bis Juli. Je nachdem, wie w\u00e4rme- und sonnenbeg\u00fcnstigt das Jahr ist, bildet sich unter Umst\u00e4nden eine zweite Generation heraus, die bis in den Sp\u00e4tsommer hinein auftreten kann. Tags\u00fcber nimmt der Wolfsmilchschw\u00e4rmer gern auf Steinen Platz, oder er sitzt auf Pflanzen in Bodenn\u00e4he. F\u00fchlt er sich gest\u00f6rt, kommen seine auff\u00e4llig rot und schwarz-wei\u00df gef\u00e4rbten Hinterfl\u00fcgel zum Vorschein \u2013 sie sollen signalisieren: Achtung, Gefahr! Sobald die D\u00e4mmerung hereinbricht, geht der Falter auf Futtersuche und fliegt wie ein Kolibri von Bl\u00fcte zu Bl\u00fcte, um mit seinem langen Saugr\u00fcssel den s\u00fc\u00dfen Nektar zu verspeisen. <\/span><\/span><\/p>\n<p><span style=\"color: #000000;font-family: Arial\">\u00a0<\/span><span style=\"color: #000000\"><span style=\"font-family: Arial\">Leider gilt der Schmetterling mittlerweile in ganz Deutschland als gef\u00e4hrdete Art und ist in einigen Landesteilen sogar ausgestorben. Als Hauptursache gilt der massive Einsatz von Pestiziden sowie von chemischen D\u00fcngemitteln der Landwirtschaft. Die Zypressen-Wolfsmilch verschwindet durch diese enormen Beeintr\u00e4chtigungen zunehmend \u2013 und mit ihnen auch der Wolfsmilchschw\u00e4rmer. <\/span><\/span><\/p>\n<p>Text: Susen Reuter<\/p>\n","protected":false},"excerpt":{"rendered":"<p>Der Wolfsmilchschw\u00e4rmer Hyles euphorbiae &#8211; er geh\u00f6rt zu den gr\u00f6\u00dferen Schmetterlingen hierzulande und misst schon mal eine Fl\u00fcgelspannweite von bis zu acht Zentimetern!<\/p>\n","protected":false},"author":30,"featured_media":921,"comment_status":"open","ping_status":"open","sticky":false,"template":"","format":"standard","meta":[],"categories":[7],"tags":[],"yoast_head":"<!-- This site is optimized with the Yoast SEO plugin v19.10 - https:\/\/yoast.com\/wordpress\/plugins\/seo\/ -->\n<title>Natur 2014 - Schmetterling des Jahres - Naturpark Th\u00fcringer Schiefergebirge\/Obere Saale<\/title>\n<meta name=\"robots\" content=\"index, follow, max-snippet:-1, max-image-preview:large, max-video-preview:-1\" \/>\n<link rel=\"canonical\" href=\"https:\/\/www.naturparkmagazin.de\/thueringer-schiefergebirge-obere-saale\/natur-des-jahres-2014-schmetterling-des-jahres\/\" \/>\n<meta property=\"og:locale\" content=\"de_DE\" \/>\n<meta property=\"og:type\" content=\"article\" \/>\n<meta property=\"og:title\" content=\"Natur 2014 - Schmetterling des Jahres - Naturpark Th\u00fcringer Schiefergebirge\/Obere Saale\" \/>\n<meta property=\"og:description\" content=\"Der Wolfsmilchschw\u00e4rmer Hyles euphorbiae - er geh\u00f6rt zu den gr\u00f6\u00dferen Schmetterlingen hierzulande und misst schon mal eine Fl\u00fcgelspannweite von bis zu acht Zentimetern!\" \/>\n<meta property=\"og:url\" content=\"https:\/\/www.naturparkmagazin.de\/thueringer-schiefergebirge-obere-saale\/natur-des-jahres-2014-schmetterling-des-jahres\/\" \/>\n<meta property=\"og:site_name\" content=\"Naturpark Th\u00fcringer Schiefergebirge\/Obere Saale\" \/>\n<meta property=\"article:published_time\" content=\"2014-06-18T06:00:17+00:00\" \/>\n<meta property=\"article:modified_time\" content=\"2014-06-24T10:03:57+00:00\" \/>\n<meta property=\"og:image\" content=\"https:\/\/www.naturparkmagazin.de\/thueringer-schiefergebirge-obere-saale\/wp-content\/uploads\/sites\/13\/Raupe-Beitrag1.png\" \/>\n\t<meta property=\"og:image:width\" content=\"500\" \/>\n\t<meta property=\"og:image:height\" content=\"299\" \/>\n\t<meta property=\"og:image:type\" content=\"image\/png\" \/>\n<meta name=\"author\" content=\"beategraumann\" \/>\n<meta name=\"twitter:label1\" content=\"Verfasst von\" \/>\n\t<meta name=\"twitter:data1\" content=\"beategraumann\" \/>\n\t<meta name=\"twitter:label2\" content=\"Gesch\u00e4tzte Lesezeit\" \/>\n\t<meta name=\"twitter:data2\" content=\"2\u00a0Minuten\" \/>\n<script type=\"application\/ld+json\" class=\"yoast-schema-graph\">{\"@context\":\"https:\/\/schema.org\",\"@graph\":[{\"@type\":\"WebPage\",\"@id\":\"https:\/\/www.naturparkmagazin.de\/thueringer-schiefergebirge-obere-saale\/natur-des-jahres-2014-schmetterling-des-jahres\/\",\"url\":\"https:\/\/www.naturparkmagazin.de\/thueringer-schiefergebirge-obere-saale\/natur-des-jahres-2014-schmetterling-des-jahres\/\",\"name\":\"Natur 2014 - Schmetterling des Jahres - Naturpark Th\u00fcringer Schiefergebirge\/Obere Saale\",\"isPartOf\":{\"@id\":\"https:\/\/www.naturparkmagazin.de\/thueringer-schiefergebirge-obere-saale\/#website\"},\"datePublished\":\"2014-06-18T06:00:17+00:00\",\"dateModified\":\"2014-06-24T10:03:57+00:00\",\"author\":{\"@id\":\"https:\/\/www.naturparkmagazin.de\/thueringer-schiefergebirge-obere-saale\/#\/schema\/person\/9d2988ec047274b29ed24aa0cb0a9b74\"},\"breadcrumb\":{\"@id\":\"https:\/\/www.naturparkmagazin.de\/thueringer-schiefergebirge-obere-saale\/natur-des-jahres-2014-schmetterling-des-jahres\/#breadcrumb\"},\"inLanguage\":\"de\",\"potentialAction\":[{\"@type\":\"ReadAction\",\"target\":[\"https:\/\/www.naturparkmagazin.de\/thueringer-schiefergebirge-obere-saale\/natur-des-jahres-2014-schmetterling-des-jahres\/\"]}]},{\"@type\":\"BreadcrumbList\",\"@id\":\"https:\/\/www.naturparkmagazin.de\/thueringer-schiefergebirge-obere-saale\/natur-des-jahres-2014-schmetterling-des-jahres\/#breadcrumb\",\"itemListElement\":[{\"@type\":\"ListItem\",\"position\":1,\"name\":\"Home\",\"item\":\"https:\/\/www.naturparkmagazin.de\/thueringer-schiefergebirge-obere-saale\/\"},{\"@type\":\"ListItem\",\"position\":2,\"name\":\"Natur 2014 &#8211; Schmetterling des Jahres\"}]},{\"@type\":\"WebSite\",\"@id\":\"https:\/\/www.naturparkmagazin.de\/thueringer-schiefergebirge-obere-saale\/#website\",\"url\":\"https:\/\/www.naturparkmagazin.de\/thueringer-schiefergebirge-obere-saale\/\",\"name\":\"Naturpark Th\u00fcringer Schiefergebirge\/Obere Saale\",\"description\":\"\",\"potentialAction\":[{\"@type\":\"SearchAction\",\"target\":{\"@type\":\"EntryPoint\",\"urlTemplate\":\"https:\/\/www.naturparkmagazin.de\/thueringer-schiefergebirge-obere-saale\/?s={search_term_string}\"},\"query-input\":\"required name=search_term_string\"}],\"inLanguage\":\"de\"},{\"@type\":\"Person\",\"@id\":\"https:\/\/www.naturparkmagazin.de\/thueringer-schiefergebirge-obere-saale\/#\/schema\/person\/9d2988ec047274b29ed24aa0cb0a9b74\",\"name\":\"beategraumann\",\"description\":\"Sachbearbeiterin in der Naturparkverwaltung Sachgebiete \u00d6ffentlichkeitsarbeit, Tourismus, Umweltbildung\",\"sameAs\":[\"http:\/\/www.thueringer-schiefergebirge-obere-saale.de\"],\"url\":\"https:\/\/www.naturparkmagazin.de\/thueringer-schiefergebirge-obere-saale\/author\/beategraumann\/\"}]}<\/script>\n<!-- \/ Yoast SEO plugin. -->","yoast_head_json":{"title":"Natur 2014 - Schmetterling des Jahres - Naturpark Th\u00fcringer Schiefergebirge\/Obere Saale","robots":{"index":"index","follow":"follow","max-snippet":"max-snippet:-1","max-image-preview":"max-image-preview:large","max-video-preview":"max-video-preview:-1"},"canonical":"https:\/\/www.naturparkmagazin.de\/thueringer-schiefergebirge-obere-saale\/natur-des-jahres-2014-schmetterling-des-jahres\/","og_locale":"de_DE","og_type":"article","og_title":"Natur 2014 - Schmetterling des Jahres - Naturpark Th\u00fcringer Schiefergebirge\/Obere Saale","og_description":"Der Wolfsmilchschw\u00e4rmer Hyles euphorbiae - er geh\u00f6rt zu den gr\u00f6\u00dferen Schmetterlingen hierzulande und misst schon mal eine Fl\u00fcgelspannweite von bis zu acht Zentimetern!","og_url":"https:\/\/www.naturparkmagazin.de\/thueringer-schiefergebirge-obere-saale\/natur-des-jahres-2014-schmetterling-des-jahres\/","og_site_name":"Naturpark Th\u00fcringer Schiefergebirge\/Obere Saale","article_published_time":"2014-06-18T06:00:17+00:00","article_modified_time":"2014-06-24T10:03:57+00:00","og_image":[{"width":500,"height":299,"url":"https:\/\/www.naturparkmagazin.de\/thueringer-schiefergebirge-obere-saale\/wp-content\/uploads\/sites\/13\/Raupe-Beitrag1.png","type":"image\/png"}],"author":"beategraumann","twitter_misc":{"Verfasst von":"beategraumann","Gesch\u00e4tzte Lesezeit":"2\u00a0Minuten"},"schema":{"@context":"https:\/\/schema.org","@graph":[{"@type":"WebPage","@id":"https:\/\/www.naturparkmagazin.de\/thueringer-schiefergebirge-obere-saale\/natur-des-jahres-2014-schmetterling-des-jahres\/","url":"https:\/\/www.naturparkmagazin.de\/thueringer-schiefergebirge-obere-saale\/natur-des-jahres-2014-schmetterling-des-jahres\/","name":"Natur 2014 - Schmetterling des Jahres - Naturpark Th\u00fcringer Schiefergebirge\/Obere Saale","isPartOf":{"@id":"https:\/\/www.naturparkmagazin.de\/thueringer-schiefergebirge-obere-saale\/#website"},"datePublished":"2014-06-18T06:00:17+00:00","dateModified":"2014-06-24T10:03:57+00:00","author":{"@id":"https:\/\/www.naturparkmagazin.de\/thueringer-schiefergebirge-obere-saale\/#\/schema\/person\/9d2988ec047274b29ed24aa0cb0a9b74"},"breadcrumb":{"@id":"https:\/\/www.naturparkmagazin.de\/thueringer-schiefergebirge-obere-saale\/natur-des-jahres-2014-schmetterling-des-jahres\/#breadcrumb"},"inLanguage":"de","potentialAction":[{"@type":"ReadAction","target":["https:\/\/www.naturparkmagazin.de\/thueringer-schiefergebirge-obere-saale\/natur-des-jahres-2014-schmetterling-des-jahres\/"]}]},{"@type":"BreadcrumbList","@id":"https:\/\/www.naturparkmagazin.de\/thueringer-schiefergebirge-obere-saale\/natur-des-jahres-2014-schmetterling-des-jahres\/#breadcrumb","itemListElement":[{"@type":"ListItem","position":1,"name":"Home","item":"https:\/\/www.naturparkmagazin.de\/thueringer-schiefergebirge-obere-saale\/"},{"@type":"ListItem","position":2,"name":"Natur 2014 &#8211; Schmetterling des Jahres"}]},{"@type":"WebSite","@id":"https:\/\/www.naturparkmagazin.de\/thueringer-schiefergebirge-obere-saale\/#website","url":"https:\/\/www.naturparkmagazin.de\/thueringer-schiefergebirge-obere-saale\/","name":"Naturpark Th\u00fcringer Schiefergebirge\/Obere Saale","description":"","potentialAction":[{"@type":"SearchAction","target":{"@type":"EntryPoint","urlTemplate":"https:\/\/www.naturparkmagazin.de\/thueringer-schiefergebirge-obere-saale\/?s={search_term_string}"},"query-input":"required name=search_term_string"}],"inLanguage":"de"},{"@type":"Person","@id":"https:\/\/www.naturparkmagazin.de\/thueringer-schiefergebirge-obere-saale\/#\/schema\/person\/9d2988ec047274b29ed24aa0cb0a9b74","name":"beategraumann","description":"Sachbearbeiterin in der Naturparkverwaltung Sachgebiete \u00d6ffentlichkeitsarbeit, Tourismus, Umweltbildung","sameAs":["http:\/\/www.thueringer-schiefergebirge-obere-saale.de"],"url":"https:\/\/www.naturparkmagazin.de\/thueringer-schiefergebirge-obere-saale\/author\/beategraumann\/"}]}},"_links":{"self":[{"href":"https:\/\/www.naturparkmagazin.de\/thueringer-schiefergebirge-obere-saale\/wp-json\/wp\/v2\/posts\/900"}],"collection":[{"href":"https:\/\/www.naturparkmagazin.de\/thueringer-schiefergebirge-obere-saale\/wp-json\/wp\/v2\/posts"}],"about":[{"href":"https:\/\/www.naturparkmagazin.de\/thueringer-schiefergebirge-obere-saale\/wp-json\/wp\/v2\/types\/post"}],"author":[{"embeddable":true,"href":"https:\/\/www.naturparkmagazin.de\/thueringer-schiefergebirge-obere-saale\/wp-json\/wp\/v2\/users\/30"}],"replies":[{"embeddable":true,"href":"https:\/\/www.naturparkmagazin.de\/thueringer-schiefergebirge-obere-saale\/wp-json\/wp\/v2\/comments?post=900"}],"version-history":[{"count":7,"href":"https:\/\/www.naturparkmagazin.de\/thueringer-schiefergebirge-obere-saale\/wp-json\/wp\/v2\/posts\/900\/revisions"}],"predecessor-version":[{"id":927,"href":"https:\/\/www.naturparkmagazin.de\/thueringer-schiefergebirge-obere-saale\/wp-json\/wp\/v2\/posts\/900\/revisions\/927"}],"wp:featuredmedia":[{"embeddable":true,"href":"https:\/\/www.naturparkmagazin.de\/thueringer-schiefergebirge-obere-saale\/wp-json\/wp\/v2\/media\/921"}],"wp:attachment":[{"href":"https:\/\/www.naturparkmagazin.de\/thueringer-schiefergebirge-obere-saale\/wp-json\/wp\/v2\/media?parent=900"}],"wp:term":[{"taxonomy":"category","embeddable":true,"href":"https:\/\/www.naturparkmagazin.de\/thueringer-schiefergebirge-obere-saale\/wp-json\/wp\/v2\/categories?post=900"},{"taxonomy":"post_tag","embeddable":true,"href":"https:\/\/www.naturparkmagazin.de\/thueringer-schiefergebirge-obere-saale\/wp-json\/wp\/v2\/tags?post=900"}],"curies":[{"name":"wp","href":"https:\/\/api.w.org\/{rel}","templated":true}]}}