{"id":958,"date":"2014-07-23T08:00:34","date_gmt":"2014-07-23T06:00:34","guid":{"rendered":"http:\/\/www.naturparkmagazin.de\/thueringer-schiefergebirge-obere-saale\/?p=958"},"modified":"2014-07-29T14:06:09","modified_gmt":"2014-07-29T12:06:09","slug":"einladung-zum-sommercamp-fuer-die-vielfalt","status":"publish","type":"post","link":"https:\/\/www.naturparkmagazin.de\/thueringer-schiefergebirge-obere-saale\/einladung-zum-sommercamp-fuer-die-vielfalt\/","title":{"rendered":"Einladung zum Sommercamp f\u00fcr die Vielfalt"},"content":{"rendered":"<p><span style=\"font-size: medium\"><span style=\"color: #000000\"><b><span style=\"text-decoration: underline\">In der letzten Th\u00fcringer Sommerferienwoche noch einmal so richtig aktiv sein in der Natur?<\/span><\/b> <\/span><\/span><\/p>\n<p><span style=\"font-size: medium\"><span style=\"color: #000000\">Die Stiftung Naturschutz Th\u00fcringen l\u00e4dt Sie herzlich ins sch\u00f6ne Th\u00fcringer Schiefergebirge (Saale-Orla Kreis) ein, zu einem Sommercamp der besonderen Art rund um das Gr\u00fcne Band und die Pflege von wertvollen Lebensr\u00e4umen. <\/span><\/span><\/p>\n<p><span style=\"font-size: medium\"><span style=\"color: #000000\">Die Bereiche der ehemaligen innerdeutschen Grenze gleichen heute einer Perlenkette der Natur und sind gleichzeitig ein lebendiges Denkmal der innerdeutschen und europ\u00e4ischen Geschichte. Die dort vorhandene Vielfalt an wertvollen Offenland-Lebensr\u00e4umen und Arten wollen wir zusammen entdecken und erhalten. F\u00fcr die dringend notwendige Mahd und Ber\u00e4umung der Fl\u00e4chen brauchen wir jede helfende Hand! Ob jung oder alt oder mit der ganzen Familie, jeder kann mit anpacken und die Natur entdecken. Sensenlehrer Gunther R\u00f6del vermittelt uns dazu die Kunst des Sensens und <\/span><\/span><span style=\"color: #000000;font-size: medium\">Dengelns. So pflegen und genie\u00dfen wir von <b>24.-29. August<\/b> gemeinschaftlich die artenreichen Bergwiesen in den Seitent\u00e4lern des Gr\u00fcnen Bandes zwischen Rodacherbrunn und Titschendorf sowie die Heidefl\u00e4chen im Gr\u00fcnen Band! \u00dcbernachtung ist in einer Pension oder im eigenen Zelt in Rodacherbrunn m\u00f6glich. Verpflegung wird vor Ort organisiert und gestellt. Die Teilnahme (auch tageweise m\u00f6glich) ist kostenfrei. Wir freuen uns allerdings \u00fcber Spenden. <b>Informationen<\/b> <b>&amp;<\/b> <b>Anmeldung bitte bis 13. August 2014<\/b> <b>bei Stella Schmigalle<\/b> unter 0361\/3789293 oder an <\/span><a href=\"mailto:gruenes-band-aktiv@stiftung-naturschutz-thueringen.de\"><span style=\"font-size: medium\">gruenes-band-aktiv@stiftung-naturschutz-thueringen.de<\/span><\/a><\/p>\n<p><span style=\"color: #000000;font-size: medium\">sowie auf <\/span><a href=\"http:\/\/www.stiftung-naturschutz-thueringen.de\/\"><span style=\"font-size: medium\">www.stiftung-naturschutz-thueringen.de<\/span><\/a><span style=\"font-family: Calibri\"><span style=\"font-size: medium\"><span style=\"color: #000000\">.<\/span><\/span><\/span><\/p>\n<p><span style=\"font-size: medium\"><span style=\"color: #000000\">Das Sommercamp ist Teil des Projektes \u201eGr\u00fcnes Band Aktiv \u2013 Aktiver Einsatz f\u00fcr die Biodiversit\u00e4t \u2013 Freiwillige Landschaftspflege im Gr\u00fcnen Band\u201c. Das Projekt wird \u00fcber die F\u00f6rderinitiative L\u00e4ndliche Entwicklung in Th\u00fcringen durch das Programm \u201eEntwicklung von Natur und Landschaft\u201c gef\u00f6rdert. Die F\u00f6rdermittel werden von der Oberen Naturschutzbeh\u00f6rde im Landesverwaltungsamt ausgereicht. Es wird in enger Zusammenarbeit mit der \u201eNaturparkverwaltung Th\u00fcringer Schiefergebirge\/Obere Saale\u201c und dem \u201eLandschaftspflegeverband Ostth\u00fcringer Schiefergebirge\/Obere Saale\u201c umgesetzt.<\/span><\/span><\/p>\n<p><span style=\"color: #000000;font-size: medium\">\u00a0<\/span><span style=\"font-size: medium\"><span style=\"color: #000000\">Innerhalb des Projektes organisieren wir u.a. auch Eins\u00e4tze f\u00fcr Firmen \u2013 als aktives Gemeinschaftserlebnis und teambildende Abwechslung an der frischen Luft. <\/span><\/span><\/p>\n<p><span style=\"font-size: medium\"><span style=\"color: #000000\">Ein Mehrwert f\u00fcr Sie und f\u00fcr die Vielfalt der Natur!<\/span><\/span><\/p>\n<p>Stella Schmigalle<\/p>\n<p>&nbsp;<\/p>\n<p>&nbsp;<\/p>\n<p>&nbsp;<\/p>\n<p>&nbsp;<\/p>\n<p>&nbsp;<\/p>\n<p><span style=\"font-family: Calibri;font-size: medium\">\u00a0<\/span><\/p>\n<p>&nbsp;<\/p>\n","protected":false},"excerpt":{"rendered":"<p>Die Stiftung Naturschutz Th\u00fcringen l\u00e4dt Sie herzlich ins sch\u00f6ne Th\u00fcringer Schiefergebirge (Saale-Orla Kreis) ein, zu einem Sommercamp der besonderen Art rund um das Gr\u00fcne Band und die Pflege von wertvollen Lebensr\u00e4umen. <\/p>\n","protected":false},"author":30,"featured_media":962,"comment_status":"open","ping_status":"open","sticky":false,"template":"","format":"standard","meta":[],"categories":[11],"tags":[],"yoast_head":"<!-- This site is optimized with the Yoast SEO plugin v19.10 - https:\/\/yoast.com\/wordpress\/plugins\/seo\/ -->\n<title>Einladung zum Sommercamp f\u00fcr die Vielfalt - Naturpark Th\u00fcringer Schiefergebirge\/Obere Saale<\/title>\n<meta name=\"robots\" content=\"index, follow, max-snippet:-1, max-image-preview:large, max-video-preview:-1\" \/>\n<link rel=\"canonical\" href=\"https:\/\/www.naturparkmagazin.de\/thueringer-schiefergebirge-obere-saale\/einladung-zum-sommercamp-fuer-die-vielfalt\/\" \/>\n<meta property=\"og:locale\" content=\"de_DE\" \/>\n<meta property=\"og:type\" content=\"article\" \/>\n<meta property=\"og:title\" content=\"Einladung zum Sommercamp f\u00fcr die Vielfalt - Naturpark Th\u00fcringer Schiefergebirge\/Obere Saale\" \/>\n<meta property=\"og:description\" content=\"Die Stiftung Naturschutz Th\u00fcringen l\u00e4dt Sie herzlich ins sch\u00f6ne Th\u00fcringer Schiefergebirge (Saale-Orla Kreis) ein, zu einem Sommercamp der besonderen Art rund um das Gr\u00fcne Band und die Pflege von wertvollen Lebensr\u00e4umen.\" \/>\n<meta property=\"og:url\" content=\"https:\/\/www.naturparkmagazin.de\/thueringer-schiefergebirge-obere-saale\/einladung-zum-sommercamp-fuer-die-vielfalt\/\" \/>\n<meta property=\"og:site_name\" content=\"Naturpark Th\u00fcringer Schiefergebirge\/Obere Saale\" \/>\n<meta property=\"article:published_time\" content=\"2014-07-23T06:00:34+00:00\" \/>\n<meta property=\"article:modified_time\" content=\"2014-07-29T12:06:09+00:00\" \/>\n<meta property=\"og:image\" content=\"https:\/\/www.naturparkmagazin.de\/thueringer-schiefergebirge-obere-saale\/wp-content\/uploads\/sites\/13\/Grastransportklein_Franziska-Gr\u00f6tzsch.jpg\" \/>\n\t<meta property=\"og:image:width\" content=\"640\" \/>\n\t<meta property=\"og:image:height\" content=\"480\" \/>\n\t<meta property=\"og:image:type\" content=\"image\/jpeg\" \/>\n<meta name=\"author\" content=\"beategraumann\" \/>\n<meta name=\"twitter:label1\" content=\"Verfasst von\" \/>\n\t<meta name=\"twitter:data1\" content=\"beategraumann\" \/>\n\t<meta name=\"twitter:label2\" content=\"Gesch\u00e4tzte Lesezeit\" \/>\n\t<meta name=\"twitter:data2\" content=\"2\u00a0Minuten\" \/>\n<script type=\"application\/ld+json\" class=\"yoast-schema-graph\">{\"@context\":\"https:\/\/schema.org\",\"@graph\":[{\"@type\":\"WebPage\",\"@id\":\"https:\/\/www.naturparkmagazin.de\/thueringer-schiefergebirge-obere-saale\/einladung-zum-sommercamp-fuer-die-vielfalt\/\",\"url\":\"https:\/\/www.naturparkmagazin.de\/thueringer-schiefergebirge-obere-saale\/einladung-zum-sommercamp-fuer-die-vielfalt\/\",\"name\":\"Einladung zum Sommercamp f\u00fcr die Vielfalt - Naturpark Th\u00fcringer Schiefergebirge\/Obere Saale\",\"isPartOf\":{\"@id\":\"https:\/\/www.naturparkmagazin.de\/thueringer-schiefergebirge-obere-saale\/#website\"},\"datePublished\":\"2014-07-23T06:00:34+00:00\",\"dateModified\":\"2014-07-29T12:06:09+00:00\",\"author\":{\"@id\":\"https:\/\/www.naturparkmagazin.de\/thueringer-schiefergebirge-obere-saale\/#\/schema\/person\/9d2988ec047274b29ed24aa0cb0a9b74\"},\"breadcrumb\":{\"@id\":\"https:\/\/www.naturparkmagazin.de\/thueringer-schiefergebirge-obere-saale\/einladung-zum-sommercamp-fuer-die-vielfalt\/#breadcrumb\"},\"inLanguage\":\"de\",\"potentialAction\":[{\"@type\":\"ReadAction\",\"target\":[\"https:\/\/www.naturparkmagazin.de\/thueringer-schiefergebirge-obere-saale\/einladung-zum-sommercamp-fuer-die-vielfalt\/\"]}]},{\"@type\":\"BreadcrumbList\",\"@id\":\"https:\/\/www.naturparkmagazin.de\/thueringer-schiefergebirge-obere-saale\/einladung-zum-sommercamp-fuer-die-vielfalt\/#breadcrumb\",\"itemListElement\":[{\"@type\":\"ListItem\",\"position\":1,\"name\":\"Home\",\"item\":\"https:\/\/www.naturparkmagazin.de\/thueringer-schiefergebirge-obere-saale\/\"},{\"@type\":\"ListItem\",\"position\":2,\"name\":\"Einladung zum Sommercamp f\u00fcr die Vielfalt\"}]},{\"@type\":\"WebSite\",\"@id\":\"https:\/\/www.naturparkmagazin.de\/thueringer-schiefergebirge-obere-saale\/#website\",\"url\":\"https:\/\/www.naturparkmagazin.de\/thueringer-schiefergebirge-obere-saale\/\",\"name\":\"Naturpark Th\u00fcringer Schiefergebirge\/Obere Saale\",\"description\":\"\",\"potentialAction\":[{\"@type\":\"SearchAction\",\"target\":{\"@type\":\"EntryPoint\",\"urlTemplate\":\"https:\/\/www.naturparkmagazin.de\/thueringer-schiefergebirge-obere-saale\/?s={search_term_string}\"},\"query-input\":\"required name=search_term_string\"}],\"inLanguage\":\"de\"},{\"@type\":\"Person\",\"@id\":\"https:\/\/www.naturparkmagazin.de\/thueringer-schiefergebirge-obere-saale\/#\/schema\/person\/9d2988ec047274b29ed24aa0cb0a9b74\",\"name\":\"beategraumann\",\"description\":\"Sachbearbeiterin in der Naturparkverwaltung Sachgebiete \u00d6ffentlichkeitsarbeit, Tourismus, Umweltbildung\",\"sameAs\":[\"http:\/\/www.thueringer-schiefergebirge-obere-saale.de\"],\"url\":\"https:\/\/www.naturparkmagazin.de\/thueringer-schiefergebirge-obere-saale\/author\/beategraumann\/\"}]}<\/script>\n<!-- \/ Yoast SEO plugin. -->","yoast_head_json":{"title":"Einladung zum Sommercamp f\u00fcr die Vielfalt - Naturpark Th\u00fcringer Schiefergebirge\/Obere Saale","robots":{"index":"index","follow":"follow","max-snippet":"max-snippet:-1","max-image-preview":"max-image-preview:large","max-video-preview":"max-video-preview:-1"},"canonical":"https:\/\/www.naturparkmagazin.de\/thueringer-schiefergebirge-obere-saale\/einladung-zum-sommercamp-fuer-die-vielfalt\/","og_locale":"de_DE","og_type":"article","og_title":"Einladung zum Sommercamp f\u00fcr die Vielfalt - Naturpark Th\u00fcringer Schiefergebirge\/Obere Saale","og_description":"Die Stiftung Naturschutz Th\u00fcringen l\u00e4dt Sie herzlich ins sch\u00f6ne Th\u00fcringer Schiefergebirge (Saale-Orla Kreis) ein, zu einem Sommercamp der besonderen Art rund um das Gr\u00fcne Band und die Pflege von wertvollen Lebensr\u00e4umen.","og_url":"https:\/\/www.naturparkmagazin.de\/thueringer-schiefergebirge-obere-saale\/einladung-zum-sommercamp-fuer-die-vielfalt\/","og_site_name":"Naturpark Th\u00fcringer Schiefergebirge\/Obere Saale","article_published_time":"2014-07-23T06:00:34+00:00","article_modified_time":"2014-07-29T12:06:09+00:00","og_image":[{"width":640,"height":480,"url":"https:\/\/www.naturparkmagazin.de\/thueringer-schiefergebirge-obere-saale\/wp-content\/uploads\/sites\/13\/Grastransportklein_Franziska-Gr\u00f6tzsch.jpg","type":"image\/jpeg"}],"author":"beategraumann","twitter_misc":{"Verfasst von":"beategraumann","Gesch\u00e4tzte Lesezeit":"2\u00a0Minuten"},"schema":{"@context":"https:\/\/schema.org","@graph":[{"@type":"WebPage","@id":"https:\/\/www.naturparkmagazin.de\/thueringer-schiefergebirge-obere-saale\/einladung-zum-sommercamp-fuer-die-vielfalt\/","url":"https:\/\/www.naturparkmagazin.de\/thueringer-schiefergebirge-obere-saale\/einladung-zum-sommercamp-fuer-die-vielfalt\/","name":"Einladung zum Sommercamp f\u00fcr die Vielfalt - Naturpark Th\u00fcringer Schiefergebirge\/Obere Saale","isPartOf":{"@id":"https:\/\/www.naturparkmagazin.de\/thueringer-schiefergebirge-obere-saale\/#website"},"datePublished":"2014-07-23T06:00:34+00:00","dateModified":"2014-07-29T12:06:09+00:00","author":{"@id":"https:\/\/www.naturparkmagazin.de\/thueringer-schiefergebirge-obere-saale\/#\/schema\/person\/9d2988ec047274b29ed24aa0cb0a9b74"},"breadcrumb":{"@id":"https:\/\/www.naturparkmagazin.de\/thueringer-schiefergebirge-obere-saale\/einladung-zum-sommercamp-fuer-die-vielfalt\/#breadcrumb"},"inLanguage":"de","potentialAction":[{"@type":"ReadAction","target":["https:\/\/www.naturparkmagazin.de\/thueringer-schiefergebirge-obere-saale\/einladung-zum-sommercamp-fuer-die-vielfalt\/"]}]},{"@type":"BreadcrumbList","@id":"https:\/\/www.naturparkmagazin.de\/thueringer-schiefergebirge-obere-saale\/einladung-zum-sommercamp-fuer-die-vielfalt\/#breadcrumb","itemListElement":[{"@type":"ListItem","position":1,"name":"Home","item":"https:\/\/www.naturparkmagazin.de\/thueringer-schiefergebirge-obere-saale\/"},{"@type":"ListItem","position":2,"name":"Einladung zum Sommercamp f\u00fcr die Vielfalt"}]},{"@type":"WebSite","@id":"https:\/\/www.naturparkmagazin.de\/thueringer-schiefergebirge-obere-saale\/#website","url":"https:\/\/www.naturparkmagazin.de\/thueringer-schiefergebirge-obere-saale\/","name":"Naturpark Th\u00fcringer Schiefergebirge\/Obere Saale","description":"","potentialAction":[{"@type":"SearchAction","target":{"@type":"EntryPoint","urlTemplate":"https:\/\/www.naturparkmagazin.de\/thueringer-schiefergebirge-obere-saale\/?s={search_term_string}"},"query-input":"required name=search_term_string"}],"inLanguage":"de"},{"@type":"Person","@id":"https:\/\/www.naturparkmagazin.de\/thueringer-schiefergebirge-obere-saale\/#\/schema\/person\/9d2988ec047274b29ed24aa0cb0a9b74","name":"beategraumann","description":"Sachbearbeiterin in der Naturparkverwaltung Sachgebiete \u00d6ffentlichkeitsarbeit, Tourismus, Umweltbildung","sameAs":["http:\/\/www.thueringer-schiefergebirge-obere-saale.de"],"url":"https:\/\/www.naturparkmagazin.de\/thueringer-schiefergebirge-obere-saale\/author\/beategraumann\/"}]}},"_links":{"self":[{"href":"https:\/\/www.naturparkmagazin.de\/thueringer-schiefergebirge-obere-saale\/wp-json\/wp\/v2\/posts\/958"}],"collection":[{"href":"https:\/\/www.naturparkmagazin.de\/thueringer-schiefergebirge-obere-saale\/wp-json\/wp\/v2\/posts"}],"about":[{"href":"https:\/\/www.naturparkmagazin.de\/thueringer-schiefergebirge-obere-saale\/wp-json\/wp\/v2\/types\/post"}],"author":[{"embeddable":true,"href":"https:\/\/www.naturparkmagazin.de\/thueringer-schiefergebirge-obere-saale\/wp-json\/wp\/v2\/users\/30"}],"replies":[{"embeddable":true,"href":"https:\/\/www.naturparkmagazin.de\/thueringer-schiefergebirge-obere-saale\/wp-json\/wp\/v2\/comments?post=958"}],"version-history":[{"count":4,"href":"https:\/\/www.naturparkmagazin.de\/thueringer-schiefergebirge-obere-saale\/wp-json\/wp\/v2\/posts\/958\/revisions"}],"predecessor-version":[{"id":990,"href":"https:\/\/www.naturparkmagazin.de\/thueringer-schiefergebirge-obere-saale\/wp-json\/wp\/v2\/posts\/958\/revisions\/990"}],"wp:featuredmedia":[{"embeddable":true,"href":"https:\/\/www.naturparkmagazin.de\/thueringer-schiefergebirge-obere-saale\/wp-json\/wp\/v2\/media\/962"}],"wp:attachment":[{"href":"https:\/\/www.naturparkmagazin.de\/thueringer-schiefergebirge-obere-saale\/wp-json\/wp\/v2\/media?parent=958"}],"wp:term":[{"taxonomy":"category","embeddable":true,"href":"https:\/\/www.naturparkmagazin.de\/thueringer-schiefergebirge-obere-saale\/wp-json\/wp\/v2\/categories?post=958"},{"taxonomy":"post_tag","embeddable":true,"href":"https:\/\/www.naturparkmagazin.de\/thueringer-schiefergebirge-obere-saale\/wp-json\/wp\/v2\/tags?post=958"}],"curies":[{"name":"wp","href":"https:\/\/api.w.org\/{rel}","templated":true}]}}