{"id":992,"date":"2014-08-20T08:00:32","date_gmt":"2014-08-20T06:00:32","guid":{"rendered":"http:\/\/www.naturparkmagazin.de\/thueringer-schiefergebirge-obere-saale\/?p=992"},"modified":"2014-08-25T12:58:51","modified_gmt":"2014-08-25T10:58:51","slug":"geschichten-aus-unserem-naturpark","status":"publish","type":"post","link":"https:\/\/www.naturparkmagazin.de\/thueringer-schiefergebirge-obere-saale\/geschichten-aus-unserem-naturpark\/","title":{"rendered":"Geschichten aus unserem Naturpark"},"content":{"rendered":"<p><strong>Neues aus der Vogelwelt<\/strong><\/p>\n<p>Ja, wir sind ganz neu \u2013 Jahrgang 2014, f\u00fcnf junge, kr\u00e4ftige Falken, Ende Mai geschl\u00fcpft. Unsere Eltern hatten sich ein abgelegtes Elsternest auf einer Fichte im Garten der Familie H. als Aufzuchtort f\u00fcr ihren Nachwuchs ausgesucht. F\u00fcnf br\u00e4unlich gefleckte Eier hatte unsere Frau Mama auszubr\u00fcten und nach 28 Tagen erblickten wir das Licht der Welt, um uns zun\u00e4chst mit k\u00f6stlichem Muskelfleisch von M\u00e4usen f\u00fcttern zu lassen. Nach zwei Wochen wurden wir nicht mehr gehudert und wir konnten neugierig die Gegend betrachten. Direkt gegen\u00fcber auf dem Balkon sa\u00df oft ein freundliches Paar und hat uns mit einem doppelten Rohr be\u00e4ugt. Ich glaube, die haben sich \u00fcber uns gefreut.<\/p>\n<p>Wir werden auch immer agiler, h\u00fcpfen und klettern von Ast zu Ast, dabei verwenden wir die Fl\u00fcgel, um das Gleichgewicht zu halten. Ist einer der Altv\u00f6gel im Anflug, wird schon mit Krakeelen und Fl\u00fcgelwedeln begonnen, wenn die Alten f\u00fcr uns noch gar nicht sichtbar sind. Ich muss schon sagen, dass immer ganz gezielt und gerecht gef\u00fcttert wird, wir lieben Kleinen sitzen ja mittlerweile ganz sch\u00f6n verteilt in den \u00c4sten aber jeder bekommt etwas ab.<\/p>\n<p>Gestern und heute gab es gro\u00dfes Kampfgeschrei in der Luft. Ein Fischreiher hatte sich in die Hoheitsgebiete unserer Falkenfamilie begeben und wurde sofort heftigst attackiert. Der Angegriffene stimmte ein lautes Wehgeschrei an, dass selbst die Leute im Wohngebiet interessiert zum Himmel schauten. Der Reiher war froh, dass er ungeschoren davonkam.<\/p>\n<p>Am selben Tag haben wir unsere ersten Flugversuche unternommen. Unsere H\u00b4s haben uns aufmerksam dabei beobachtet. Als Gr\u00f6\u00dfter von uns flog ich gleich bis zur Birke nebenan, die \u00c4ste waren etwas wacklig, mit Fl\u00fcgelschlagen habe ich aber das Gleichgewicht wiedergefunden. Nummer zwei flog bis zur n\u00e4chsten Fichte und Nummer drei ins Niemandsland. Alle drei wollten wir aber nicht riskieren, nicht mehr gef\u00fcttert zu werden, also wieder zur\u00fcck zur Stammfichte, war ganz sch\u00f6n schwierig. Aber f\u00fcr\u00b4s erste Mal schon recht gut. Montag fr\u00fch ging es schon etwas weiter. Einer flog bis zur gro\u00dfen Pappel bei der Post, der n\u00e4chste hinterher. Ein anderer sicherte sich den Ausguck auf dem hohen Baum neben der Villa, gleich kamen die Elstern und machten Theater. Ein anderer von uns hat es im sch\u00f6nen Garten versucht. Erst auf dem Blumenbottich, ganz bequem aber wenig zu sehen. H`s Hollywoodschaukel. Na ja, noch nicht mal die Folie hatten sie heruntergenommen. Dann lieber weiter in die N\u00e4he des Komposthaufens, dort war ein geeigneter Baumstumpf.<\/p>\n<p>Wir F\u00fcnflinge sind immer seltener zu Hause. T\u00e4glich sind jetzt Rund- und Erkundungsfl\u00fcge angesagt. Nur bei Benjamin Falke, dem offensichtlich J\u00fcngsten, sind wir nicht sicher, ob er nicht st\u00e4ndig noch zu Hause ist. Gef\u00fcttert wird nach wie vor derjenige, der gerade anwesend ist.<\/p>\n<div id=\"attachment_994\" style=\"width: 382px\" class=\"wp-caption alignleft\"><a href=\"https:\/\/www.naturparkmagazin.de\/thueringer-schiefergebirge-obere-saale\/wp-content\/uploads\/sites\/13\/Elstern-als-St\u00f6renfriede-auf-der-heimischen-Fichte-BA-Jochen-Hiebel.jpg\"><img aria-describedby=\"caption-attachment-994\" decoding=\"async\" loading=\"lazy\" class=\" wp-image-994 \" alt=\"Elstern als St\u00f6renfriede auf der heimischen Fichte, BA Jochen Hiebel\" src=\"https:\/\/www.naturparkmagazin.de\/thueringer-schiefergebirge-obere-saale\/wp-content\/uploads\/sites\/13\/Elstern-als-St\u00f6renfriede-auf-der-heimischen-Fichte-BA-Jochen-Hiebel-620x413.jpg\" width=\"372\" height=\"248\" \/><\/a><p id=\"caption-attachment-994\" class=\"wp-caption-text\">Elstern als St\u00f6renfriede auf der heimischen Fichte, BA Jochen Hiebel<\/p><\/div>\n<p>Wir Falken werden massiv von einer Schar Elstern regelrecht gejagt. Nicht zwei oder drei st\u00fcrzen sich auf einen Jungfalken sondern sechs oder sieben. Ohne beiderseitige Schnabelhiebe geht es dabei nicht ab. Wehe, wenn unsere Eltern erscheinen, dann setzt es was bei den Elstern. Wir sind gespannt, was wir noch alles erleben werden.<\/p>\n<p>Jochen Hiebel<\/p>\n<p>Naturf\u00fchrer im Naturpark Th\u00fcringer Schiefergebirge\/Obere Saale<\/p>\n<p>&nbsp;<\/p>\n","protected":false},"excerpt":{"rendered":"<p>F\u00fcnf junge, kr\u00e4ftige Falken sind Ende Mai 2014 im Naturpark in einem abgelegten Elsternest auf einer Fichte im Garten der Familie H.geschl\u00fcpft.<\/p>\n","protected":false},"author":30,"featured_media":995,"comment_status":"open","ping_status":"open","sticky":false,"template":"","format":"standard","meta":[],"categories":[7],"tags":[],"yoast_head":"<!-- This site is optimized with the Yoast SEO plugin v19.10 - https:\/\/yoast.com\/wordpress\/plugins\/seo\/ -->\n<title>Geschichten aus unserem Naturpark  - Naturpark Th\u00fcringer Schiefergebirge\/Obere Saale<\/title>\n<meta name=\"robots\" content=\"index, follow, max-snippet:-1, max-image-preview:large, max-video-preview:-1\" \/>\n<link rel=\"canonical\" href=\"https:\/\/www.naturparkmagazin.de\/thueringer-schiefergebirge-obere-saale\/geschichten-aus-unserem-naturpark\/\" \/>\n<meta property=\"og:locale\" content=\"de_DE\" \/>\n<meta property=\"og:type\" content=\"article\" \/>\n<meta property=\"og:title\" content=\"Geschichten aus unserem Naturpark  - Naturpark Th\u00fcringer Schiefergebirge\/Obere Saale\" \/>\n<meta property=\"og:description\" content=\"F\u00fcnf junge, kr\u00e4ftige Falken sind Ende Mai 2014 im Naturpark in einem abgelegten Elsternest auf einer Fichte im Garten der Familie H.geschl\u00fcpft.\" \/>\n<meta property=\"og:url\" content=\"https:\/\/www.naturparkmagazin.de\/thueringer-schiefergebirge-obere-saale\/geschichten-aus-unserem-naturpark\/\" \/>\n<meta property=\"og:site_name\" content=\"Naturpark Th\u00fcringer Schiefergebirge\/Obere Saale\" \/>\n<meta property=\"article:published_time\" content=\"2014-08-20T06:00:32+00:00\" \/>\n<meta property=\"article:modified_time\" content=\"2014-08-25T10:58:51+00:00\" \/>\n<meta property=\"og:image\" content=\"https:\/\/www.naturparkmagazin.de\/thueringer-schiefergebirge-obere-saale\/wp-content\/uploads\/sites\/13\/Falke-im-Garten-auf-Baumstumpf-BA-Jochen-Hiebel.jpg\" \/>\n\t<meta property=\"og:image:width\" content=\"640\" \/>\n\t<meta property=\"og:image:height\" content=\"427\" \/>\n\t<meta property=\"og:image:type\" content=\"image\/jpeg\" \/>\n<meta name=\"author\" content=\"beategraumann\" \/>\n<meta name=\"twitter:label1\" content=\"Verfasst von\" \/>\n\t<meta name=\"twitter:data1\" content=\"beategraumann\" \/>\n\t<meta name=\"twitter:label2\" content=\"Gesch\u00e4tzte Lesezeit\" \/>\n\t<meta name=\"twitter:data2\" content=\"3\u00a0Minuten\" \/>\n<script type=\"application\/ld+json\" class=\"yoast-schema-graph\">{\"@context\":\"https:\/\/schema.org\",\"@graph\":[{\"@type\":\"WebPage\",\"@id\":\"https:\/\/www.naturparkmagazin.de\/thueringer-schiefergebirge-obere-saale\/geschichten-aus-unserem-naturpark\/\",\"url\":\"https:\/\/www.naturparkmagazin.de\/thueringer-schiefergebirge-obere-saale\/geschichten-aus-unserem-naturpark\/\",\"name\":\"Geschichten aus unserem Naturpark - Naturpark Th\u00fcringer Schiefergebirge\/Obere Saale\",\"isPartOf\":{\"@id\":\"https:\/\/www.naturparkmagazin.de\/thueringer-schiefergebirge-obere-saale\/#website\"},\"datePublished\":\"2014-08-20T06:00:32+00:00\",\"dateModified\":\"2014-08-25T10:58:51+00:00\",\"author\":{\"@id\":\"https:\/\/www.naturparkmagazin.de\/thueringer-schiefergebirge-obere-saale\/#\/schema\/person\/9d2988ec047274b29ed24aa0cb0a9b74\"},\"breadcrumb\":{\"@id\":\"https:\/\/www.naturparkmagazin.de\/thueringer-schiefergebirge-obere-saale\/geschichten-aus-unserem-naturpark\/#breadcrumb\"},\"inLanguage\":\"de\",\"potentialAction\":[{\"@type\":\"ReadAction\",\"target\":[\"https:\/\/www.naturparkmagazin.de\/thueringer-schiefergebirge-obere-saale\/geschichten-aus-unserem-naturpark\/\"]}]},{\"@type\":\"BreadcrumbList\",\"@id\":\"https:\/\/www.naturparkmagazin.de\/thueringer-schiefergebirge-obere-saale\/geschichten-aus-unserem-naturpark\/#breadcrumb\",\"itemListElement\":[{\"@type\":\"ListItem\",\"position\":1,\"name\":\"Home\",\"item\":\"https:\/\/www.naturparkmagazin.de\/thueringer-schiefergebirge-obere-saale\/\"},{\"@type\":\"ListItem\",\"position\":2,\"name\":\"Geschichten aus unserem Naturpark\"}]},{\"@type\":\"WebSite\",\"@id\":\"https:\/\/www.naturparkmagazin.de\/thueringer-schiefergebirge-obere-saale\/#website\",\"url\":\"https:\/\/www.naturparkmagazin.de\/thueringer-schiefergebirge-obere-saale\/\",\"name\":\"Naturpark Th\u00fcringer Schiefergebirge\/Obere Saale\",\"description\":\"\",\"potentialAction\":[{\"@type\":\"SearchAction\",\"target\":{\"@type\":\"EntryPoint\",\"urlTemplate\":\"https:\/\/www.naturparkmagazin.de\/thueringer-schiefergebirge-obere-saale\/?s={search_term_string}\"},\"query-input\":\"required name=search_term_string\"}],\"inLanguage\":\"de\"},{\"@type\":\"Person\",\"@id\":\"https:\/\/www.naturparkmagazin.de\/thueringer-schiefergebirge-obere-saale\/#\/schema\/person\/9d2988ec047274b29ed24aa0cb0a9b74\",\"name\":\"beategraumann\",\"description\":\"Sachbearbeiterin in der Naturparkverwaltung Sachgebiete \u00d6ffentlichkeitsarbeit, Tourismus, Umweltbildung\",\"sameAs\":[\"http:\/\/www.thueringer-schiefergebirge-obere-saale.de\"],\"url\":\"https:\/\/www.naturparkmagazin.de\/thueringer-schiefergebirge-obere-saale\/author\/beategraumann\/\"}]}<\/script>\n<!-- \/ Yoast SEO plugin. -->","yoast_head_json":{"title":"Geschichten aus unserem Naturpark  - Naturpark Th\u00fcringer Schiefergebirge\/Obere Saale","robots":{"index":"index","follow":"follow","max-snippet":"max-snippet:-1","max-image-preview":"max-image-preview:large","max-video-preview":"max-video-preview:-1"},"canonical":"https:\/\/www.naturparkmagazin.de\/thueringer-schiefergebirge-obere-saale\/geschichten-aus-unserem-naturpark\/","og_locale":"de_DE","og_type":"article","og_title":"Geschichten aus unserem Naturpark  - Naturpark Th\u00fcringer Schiefergebirge\/Obere Saale","og_description":"F\u00fcnf junge, kr\u00e4ftige Falken sind Ende Mai 2014 im Naturpark in einem abgelegten Elsternest auf einer Fichte im Garten der Familie H.geschl\u00fcpft.","og_url":"https:\/\/www.naturparkmagazin.de\/thueringer-schiefergebirge-obere-saale\/geschichten-aus-unserem-naturpark\/","og_site_name":"Naturpark Th\u00fcringer Schiefergebirge\/Obere Saale","article_published_time":"2014-08-20T06:00:32+00:00","article_modified_time":"2014-08-25T10:58:51+00:00","og_image":[{"width":640,"height":427,"url":"https:\/\/www.naturparkmagazin.de\/thueringer-schiefergebirge-obere-saale\/wp-content\/uploads\/sites\/13\/Falke-im-Garten-auf-Baumstumpf-BA-Jochen-Hiebel.jpg","type":"image\/jpeg"}],"author":"beategraumann","twitter_misc":{"Verfasst von":"beategraumann","Gesch\u00e4tzte Lesezeit":"3\u00a0Minuten"},"schema":{"@context":"https:\/\/schema.org","@graph":[{"@type":"WebPage","@id":"https:\/\/www.naturparkmagazin.de\/thueringer-schiefergebirge-obere-saale\/geschichten-aus-unserem-naturpark\/","url":"https:\/\/www.naturparkmagazin.de\/thueringer-schiefergebirge-obere-saale\/geschichten-aus-unserem-naturpark\/","name":"Geschichten aus unserem Naturpark - Naturpark Th\u00fcringer Schiefergebirge\/Obere Saale","isPartOf":{"@id":"https:\/\/www.naturparkmagazin.de\/thueringer-schiefergebirge-obere-saale\/#website"},"datePublished":"2014-08-20T06:00:32+00:00","dateModified":"2014-08-25T10:58:51+00:00","author":{"@id":"https:\/\/www.naturparkmagazin.de\/thueringer-schiefergebirge-obere-saale\/#\/schema\/person\/9d2988ec047274b29ed24aa0cb0a9b74"},"breadcrumb":{"@id":"https:\/\/www.naturparkmagazin.de\/thueringer-schiefergebirge-obere-saale\/geschichten-aus-unserem-naturpark\/#breadcrumb"},"inLanguage":"de","potentialAction":[{"@type":"ReadAction","target":["https:\/\/www.naturparkmagazin.de\/thueringer-schiefergebirge-obere-saale\/geschichten-aus-unserem-naturpark\/"]}]},{"@type":"BreadcrumbList","@id":"https:\/\/www.naturparkmagazin.de\/thueringer-schiefergebirge-obere-saale\/geschichten-aus-unserem-naturpark\/#breadcrumb","itemListElement":[{"@type":"ListItem","position":1,"name":"Home","item":"https:\/\/www.naturparkmagazin.de\/thueringer-schiefergebirge-obere-saale\/"},{"@type":"ListItem","position":2,"name":"Geschichten aus unserem Naturpark"}]},{"@type":"WebSite","@id":"https:\/\/www.naturparkmagazin.de\/thueringer-schiefergebirge-obere-saale\/#website","url":"https:\/\/www.naturparkmagazin.de\/thueringer-schiefergebirge-obere-saale\/","name":"Naturpark Th\u00fcringer Schiefergebirge\/Obere Saale","description":"","potentialAction":[{"@type":"SearchAction","target":{"@type":"EntryPoint","urlTemplate":"https:\/\/www.naturparkmagazin.de\/thueringer-schiefergebirge-obere-saale\/?s={search_term_string}"},"query-input":"required name=search_term_string"}],"inLanguage":"de"},{"@type":"Person","@id":"https:\/\/www.naturparkmagazin.de\/thueringer-schiefergebirge-obere-saale\/#\/schema\/person\/9d2988ec047274b29ed24aa0cb0a9b74","name":"beategraumann","description":"Sachbearbeiterin in der Naturparkverwaltung Sachgebiete \u00d6ffentlichkeitsarbeit, Tourismus, Umweltbildung","sameAs":["http:\/\/www.thueringer-schiefergebirge-obere-saale.de"],"url":"https:\/\/www.naturparkmagazin.de\/thueringer-schiefergebirge-obere-saale\/author\/beategraumann\/"}]}},"_links":{"self":[{"href":"https:\/\/www.naturparkmagazin.de\/thueringer-schiefergebirge-obere-saale\/wp-json\/wp\/v2\/posts\/992"}],"collection":[{"href":"https:\/\/www.naturparkmagazin.de\/thueringer-schiefergebirge-obere-saale\/wp-json\/wp\/v2\/posts"}],"about":[{"href":"https:\/\/www.naturparkmagazin.de\/thueringer-schiefergebirge-obere-saale\/wp-json\/wp\/v2\/types\/post"}],"author":[{"embeddable":true,"href":"https:\/\/www.naturparkmagazin.de\/thueringer-schiefergebirge-obere-saale\/wp-json\/wp\/v2\/users\/30"}],"replies":[{"embeddable":true,"href":"https:\/\/www.naturparkmagazin.de\/thueringer-schiefergebirge-obere-saale\/wp-json\/wp\/v2\/comments?post=992"}],"version-history":[{"count":8,"href":"https:\/\/www.naturparkmagazin.de\/thueringer-schiefergebirge-obere-saale\/wp-json\/wp\/v2\/posts\/992\/revisions"}],"predecessor-version":[{"id":1070,"href":"https:\/\/www.naturparkmagazin.de\/thueringer-schiefergebirge-obere-saale\/wp-json\/wp\/v2\/posts\/992\/revisions\/1070"}],"wp:featuredmedia":[{"embeddable":true,"href":"https:\/\/www.naturparkmagazin.de\/thueringer-schiefergebirge-obere-saale\/wp-json\/wp\/v2\/media\/995"}],"wp:attachment":[{"href":"https:\/\/www.naturparkmagazin.de\/thueringer-schiefergebirge-obere-saale\/wp-json\/wp\/v2\/media?parent=992"}],"wp:term":[{"taxonomy":"category","embeddable":true,"href":"https:\/\/www.naturparkmagazin.de\/thueringer-schiefergebirge-obere-saale\/wp-json\/wp\/v2\/categories?post=992"},{"taxonomy":"post_tag","embeddable":true,"href":"https:\/\/www.naturparkmagazin.de\/thueringer-schiefergebirge-obere-saale\/wp-json\/wp\/v2\/tags?post=992"}],"curies":[{"name":"wp","href":"https:\/\/api.w.org\/{rel}","templated":true}]}}